{"id":64203,"date":"2020-03-10T16:45:58","date_gmt":"2020-03-10T20:45:58","guid":{"rendered":"https:\/\/www.ludwig-van.com\/montreal\/?p=64203"},"modified":"2020-03-12T17:14:50","modified_gmt":"2020-03-12T21:14:50","slug":"nouvelle-un-concert-annule-a-montreal-en-raison-du-coronavirus","status":"publish","type":"post","link":"https:\/\/www.ludwig-van.com\/montreal\/2020\/03\/10\/nouvelle-un-concert-annule-a-montreal-en-raison-du-coronavirus\/","title":{"rendered":"NOUVELLE | Un concert annul\u00e9 \u00e0 Montr\u00e9al en raison du coronavirus"},"content":{"rendered":"<figure id=\"attachment_64207\" aria-describedby=\"caption-attachment-64207\" style=\"width: 1200px\" class=\"wp-caption aligncenter\"><img decoding=\"async\" loading=\"lazy\" class=\"wp-image-64207 size-full\" src=\"https:\/\/www.ludwig-van.com\/montreal\/wp-content\/uploads\/sites\/3\/2020\/03\/Bourgie-nouvelle-cover.jpg\" alt=\"\" width=\"1200\" height=\"628\" \/><figcaption id=\"caption-attachment-64207\" class=\"wp-caption-text\">Un concert annul\u00e9 \u00e0 Montr\u00e9al en raison du coronavirus. (Photo: salle Bourgie, Bernard Foug\u00e8re)<\/figcaption><\/figure>\n<p>Deux musiciens fran\u00e7ais qui devaient venir donner un concert \u00e0 Montr\u00e9al dans le cadre du Festival Beethoven d&rsquo;Arte Musica \u00e0 la salle Bourgie ont annul\u00e9 leur visite en raison des mesures de s\u00e9curit\u00e9 li\u00e9es au coronavirus.<\/p>\n<p>Le violoniste <strong>David Grimal<\/strong> et la violoncelliste <strong>Anne Gastinel<\/strong> sont \u00ab\u00a0confin\u00e9s \u00e0 Paris\u00a0\u00bb, en raison de ces mesures de s\u00e9curit\u00e9, selon le communiqu\u00e9 \u00e9mis aux m\u00e9dias. En France, 33 d\u00e9c\u00e8s ont \u00e9t\u00e9 rapport\u00e9s en lien avec le virus et de nombreuses mesures de s\u00e9curit\u00e9 ont \u00e9t\u00e9 \u00e9tablies, dont l&rsquo;annulation d&rsquo;\u00e9v\u00e9nements, incluant des concerts. Dans le monde, on d\u00e9nombre maintenant 4200 d\u00e9c\u00e8s.<\/p>\n<h2>Les concerts du Festival Beethoven<\/h2>\n<p>Le concert du samedi 14 mars de cette s\u00e9rie est donc annul\u00e9 et les d\u00e9tenteurs de billets pourront soit \u00eatre rembours\u00e9s, soit \u00e9changer leur billet pour l&rsquo;un des deux autres concerts (vendredi 13 mars ou dimanche 15 mars) ou m\u00eame pour les deux s&rsquo;ils le d\u00e9sirent.<\/p>\n<p>En effet, les deux autres concerts de la m\u00eame s\u00e9rie ont toujours lieu, car <strong>David Grimal<\/strong> et <strong>Anne Gastinel<\/strong> seront remplac\u00e9s par les musiciens du <strong>Trio Strauss McNabney Haimovitz<\/strong>, qui ont accept\u00e9 de remplacer au pied lev\u00e9 leurs coll\u00e8gues fran\u00e7ais pour maintenir les programmes du vendredi 13 et du dimanche 15 mars. Une oeuvre qui devait \u00eatre jou\u00e9e samedi a m\u00eame \u00e9t\u00e9 ajout\u00e9e au programme de dimanche.<\/p>\n<p>Voici donc le nouveau programme du Festival, auquel prend part le pianiste <strong>Philippe Cassard<\/strong>.<\/p>\n<p><strong>Vendredi 13 mars 18h30:<\/strong><\/p>\n<p>Trio \u00e0 cordes no 5 en do mineur, op. 9 no 3<br \/>\nQuatuor avec piano, en mi b\u00e9mol majeur, op. 16b<br \/>\nTrio avec piano no 5 en r\u00e9 majeur, op 71 no 1 \u00ab Des Esprits \u00bb<\/p>\n<p><strong>Concert du samedi 14 mars: ANNUL\u00c9.\u00a0<\/strong><\/p>\n<p><strong>Dimanche 15 mars, 14 h 30:\u00a0<\/strong><\/p>\n<p>Trio \u00e0 cordes op 9 no 2 en r\u00e9 majeur, op. 9 no 2 ( oeuvre initialement pr\u00e9sent\u00e9e le samedi 14 mars )<br \/>\nTrio \u00e0 cordes no 3 en sol majeur, op. 9 no 1<br \/>\nTrio avec piano \u00ab\u00a0L&rsquo;Archiduc\u00a0\u00bb<\/p>\n<h2>LIRE AUSSI:<\/h2>\n<p>&nbsp;<\/p>\n<blockquote class=\"wp-embedded-content\" data-secret=\"bVtEO54gxN\"><p><a href=\"https:\/\/www.ludwig-van.com\/montreal\/2020\/03\/12\/nouvelle-losm-annule-onze-concerts-raison-coronavirus\/\">NOUVELLE | Concerts annul\u00e9s: l&rsquo;OSM annule onze concerts en raison du coronavirus &#8211; et ils ne sont pas les seuls!<\/a><\/p><\/blockquote>\n<p><iframe title=\"\u00ab\u00a0NOUVELLE | Concerts annul\u00e9s: l&rsquo;OSM annule onze concerts en raison du coronavirus &#8211; et ils ne sont pas les seuls!\u00a0\u00bb &#8212; Ludwig Van Montreal\" class=\"wp-embedded-content\" sandbox=\"allow-scripts\" security=\"restricted\" style=\"position: absolute; clip: rect(1px, 1px, 1px, 1px);\" src=\"https:\/\/www.ludwig-van.com\/montreal\/2020\/03\/12\/nouvelle-losm-annule-onze-concerts-raison-coronavirus\/embed\/#?secret=bVtEO54gxN\" data-secret=\"bVtEO54gxN\" width=\"600\" height=\"338\" frameborder=\"0\" marginwidth=\"0\" marginheight=\"0\" scrolling=\"no\"><\/iframe><\/p>\n<p>&nbsp;<\/p>\n<p>&nbsp;<\/p>\n<p>&nbsp;<\/p>\n<p>&nbsp;<\/p>\n<p>&nbsp;<\/p>\n<p>&nbsp;<\/p>\n<p>&nbsp;<\/p>\n<p>&nbsp;<\/p>\n","protected":false},"excerpt":{"rendered":"<p>Deux musiciens fran\u00e7ais qui devaient venir donner un concert \u00e0 Montr\u00e9al dans le cadre du Festival Beethoven d&rsquo;Arte Musica \u00e0 la salle Bourgie ont annul\u00e9 leur visite en raison des mesures de s\u00e9curit\u00e9 li\u00e9es au coronavirus. <\/p>\n","protected":false},"author":51,"featured_media":0,"comment_status":"open","ping_status":"open","sticky":false,"template":"","format":"standard","meta":{"om_disable_all_campaigns":false,"jetpack_post_was_ever_published":false},"categories":[37357,10956,10992],"tags":[4135,11138,38445,38444],"yst_prominent_words":[30399,38439,38442,38441,32778,38437,38436,33999,38438,10057,38431,20568,9956,20846,38408,13620,38440,21946,24233,38443],"acf":[],"jetpack_featured_media_url":"","jetpack_sharing_enabled":true,"jetpack_shortlink":"https:\/\/wp.me\/p9bdYt-gHx","amp_enabled":true,"_links":{"self":[{"href":"https:\/\/www.ludwig-van.com\/montreal\/wp-json\/wp\/v2\/posts\/64203"}],"collection":[{"href":"https:\/\/www.ludwig-van.com\/montreal\/wp-json\/wp\/v2\/posts"}],"about":[{"href":"https:\/\/www.ludwig-van.com\/montreal\/wp-json\/wp\/v2\/types\/post"}],"author":[{"embeddable":true,"href":"https:\/\/www.ludwig-van.com\/montreal\/wp-json\/wp\/v2\/users\/51"}],"replies":[{"embeddable":true,"href":"https:\/\/www.ludwig-van.com\/montreal\/wp-json\/wp\/v2\/comments?post=64203"}],"version-history":[{"count":4,"href":"https:\/\/www.ludwig-van.com\/montreal\/wp-json\/wp\/v2\/posts\/64203\/revisions"}],"predecessor-version":[{"id":64238,"href":"https:\/\/www.ludwig-van.com\/montreal\/wp-json\/wp\/v2\/posts\/64203\/revisions\/64238"}],"wp:attachment":[{"href":"https:\/\/www.ludwig-van.com\/montreal\/wp-json\/wp\/v2\/media?parent=64203"}],"wp:term":[{"taxonomy":"category","embeddable":true,"href":"https:\/\/www.ludwig-van.com\/montreal\/wp-json\/wp\/v2\/categories?post=64203"},{"taxonomy":"post_tag","embeddable":true,"href":"https:\/\/www.ludwig-van.com\/montreal\/wp-json\/wp\/v2\/tags?post=64203"},{"taxonomy":"yst_prominent_words","embeddable":true,"href":"https:\/\/www.ludwig-van.com\/montreal\/wp-json\/wp\/v2\/yst_prominent_words?post=64203"}],"curies":[{"name":"wp","href":"https:\/\/api.w.org\/{rel}","templated":true}]}}