{"id":64189,"date":"2020-03-09T13:59:55","date_gmt":"2020-03-09T17:59:55","guid":{"rendered":"https:\/\/www.ludwig-van.com\/montreal\/?p=64189"},"modified":"2020-03-10T16:55:15","modified_gmt":"2020-03-10T20:55:15","slug":"choix-de-la-redaction-10-concerts-fantastiques-pour-voyager-a-peu-de-frais-cette-semaine-au-quebec","status":"publish","type":"post","link":"https:\/\/www.ludwig-van.com\/montreal\/2020\/03\/09\/choix-de-la-redaction-10-concerts-fantastiques-pour-voyager-a-peu-de-frais-cette-semaine-au-quebec\/","title":{"rendered":"CHOIX DE LA R\u00c9DACTION | 10 concerts fantastiques pour voyager \u00e0 peu de frais cette semaine au Qu\u00e9bec"},"content":{"rendered":"<p style=\"text-align: center;\"><img decoding=\"async\" loading=\"lazy\" class=\"aligncenter size-full wp-image-64193\" src=\"https:\/\/www.ludwig-van.com\/montreal\/wp-content\/uploads\/sites\/3\/2020\/03\/Choix-9-mars-cover.jpg\" alt=\"\" width=\"1199\" height=\"628\" srcset=\"https:\/\/www.ludwig-van.com\/montreal\/wp-content\/uploads\/sites\/3\/2020\/03\/Choix-9-mars-cover.jpg 1199w, https:\/\/www.ludwig-van.com\/montreal\/wp-content\/uploads\/sites\/3\/2020\/03\/Choix-9-mars-cover-300x157.jpg 300w, https:\/\/www.ludwig-van.com\/montreal\/wp-content\/uploads\/sites\/3\/2020\/03\/Choix-9-mars-cover-1024x536.jpg 1024w, https:\/\/www.ludwig-van.com\/montreal\/wp-content\/uploads\/sites\/3\/2020\/03\/Choix-9-mars-cover-768x402.jpg 768w\" sizes=\"(max-width: 1199px) 100vw, 1199px\" \/><\/p>\n<p>Cette semaine, orchestres et musiciens nous font voyager en Su\u00e8de, en Espagne, en Am\u00e9rique et dans le temps, avec une foule de concerts tous plus int\u00e9ressants les uns que les autres. <strong>Voici nos Choix de la r\u00e9daction du 9 au 15 mars.\u00a0<\/strong><\/p>\n<p>&nbsp;<\/p>\n<figure id=\"attachment_62900\" aria-describedby=\"caption-attachment-62900\" style=\"width: 1200px\" class=\"wp-caption aligncenter\"><img decoding=\"async\" loading=\"lazy\" class=\"size-full wp-image-62900\" src=\"https:\/\/www.ludwig-van.com\/montreal\/wp-content\/uploads\/sites\/3\/2019\/11\/redim_La-Nef_OCarolans-Welcome-to-Sweden.jpg\" alt=\"La Nef O Carolan's Welcome to Sweden , nyckelharpa\" width=\"1200\" height=\"1200\" srcset=\"https:\/\/www.ludwig-van.com\/montreal\/wp-content\/uploads\/sites\/3\/2019\/11\/redim_La-Nef_OCarolans-Welcome-to-Sweden.jpg 1200w, https:\/\/www.ludwig-van.com\/montreal\/wp-content\/uploads\/sites\/3\/2019\/11\/redim_La-Nef_OCarolans-Welcome-to-Sweden-150x150.jpg 150w, https:\/\/www.ludwig-van.com\/montreal\/wp-content\/uploads\/sites\/3\/2019\/11\/redim_La-Nef_OCarolans-Welcome-to-Sweden-300x300.jpg 300w, https:\/\/www.ludwig-van.com\/montreal\/wp-content\/uploads\/sites\/3\/2019\/11\/redim_La-Nef_OCarolans-Welcome-to-Sweden-768x768.jpg 768w, https:\/\/www.ludwig-van.com\/montreal\/wp-content\/uploads\/sites\/3\/2019\/11\/redim_La-Nef_OCarolans-Welcome-to-Sweden-1024x1024.jpg 1024w\" sizes=\"(max-width: 1200px) 100vw, 1200px\" \/><figcaption id=\"caption-attachment-62900\" class=\"wp-caption-text\">La Nef O Carolan&rsquo;s Welcome to Sweden<\/figcaption><\/figure>\n<h2>Musique su\u00e9doise avec La Nef<\/h2>\n<p>La Compagnie <strong>La Nef<\/strong> pr\u00e9sente le concert <em>O&rsquo;Carolans Welcome to Sweden<\/em>, qui mettra en lumi\u00e8re la nyckelharpa, instrument traditionnel su\u00e9dois, et les similitudes entre les musiques traditionnelles irlandaise et su\u00e9doise, et la musique baroque. Avec des arrangements originaux de compositions de Turlough O\u2019Carolan (1670-1738) et de musiques traditionnelles su\u00e9doises, sous la direction d&rsquo;Alex Kehler. <strong>Mardi 10 mars, 19 h 30, salle Bourgie.<\/strong> <a href=\"https:\/\/www.ludwig-van.com\/montreal\/event\/nef-ocarolans-welcome-to-sweden\/\" target=\"_blank\" rel=\"noopener noreferrer\">D\u00c9TAILS<\/a><\/p>\n<p>&nbsp;<\/p>\n<figure id=\"attachment_56984\" aria-describedby=\"caption-attachment-56984\" style=\"width: 1024px\" class=\"wp-caption aligncenter\"><img decoding=\"async\" loading=\"lazy\" class=\"size-full wp-image-56984\" src=\"https:\/\/www.ludwig-van.com\/montreal\/wp-content\/uploads\/sites\/3\/2018\/04\/EnriqueMazzola@MartinSigmund2018-10-03-1.jpg\" alt=\"Enrique Mazzola\" width=\"1024\" height=\"731\" srcset=\"https:\/\/www.ludwig-van.com\/montreal\/wp-content\/uploads\/sites\/3\/2018\/04\/EnriqueMazzola@MartinSigmund2018-10-03-1.jpg 1024w, https:\/\/www.ludwig-van.com\/montreal\/wp-content\/uploads\/sites\/3\/2018\/04\/EnriqueMazzola@MartinSigmund2018-10-03-1-300x214.jpg 300w, https:\/\/www.ludwig-van.com\/montreal\/wp-content\/uploads\/sites\/3\/2018\/04\/EnriqueMazzola@MartinSigmund2018-10-03-1-768x548.jpg 768w\" sizes=\"(max-width: 1024px) 100vw, 1024px\" \/><figcaption id=\"caption-attachment-56984\" class=\"wp-caption-text\">Enrique Mazzola (Photo : Martin Sigmund)<\/figcaption><\/figure>\n<h2>Grieg et Beethoven \u00e0 l&rsquo;OSQ<\/h2>\n<p>Dirig\u00e9 par <strong>Enrique Mazziola<\/strong>, l&rsquo;Orchestre symphonique de Qu\u00e9bec joue la Symphonie no 3 \u00ab\u00a0Eroica\u00a0\u00bb de Beethoven, et le Concerto pour piano de Grieg. Soliste invit\u00e9e: <strong>Alexandra Dariescu<\/strong>. <strong>Le mardi 11 mars, 20 h, et le mercredi 12 mars, 10 h 30, Grand Th\u00e9\u00e2tre de Qu\u00e9bec. <\/strong><a href=\"https:\/\/www.ludwig-van.com\/montreal\/event\/osq-leroica-concerto-piano-de-grieg\/\" target=\"_blank\" rel=\"noopener noreferrer\">D\u00c9TAILS<\/a><\/p>\n<p>&nbsp;<\/p>\n<p>&nbsp;<\/p>\n<figure id=\"attachment_49236\" aria-describedby=\"caption-attachment-49236\" style=\"width: 1024px\" class=\"wp-caption aligncenter\"><img decoding=\"async\" loading=\"lazy\" class=\"size-full wp-image-49236\" src=\"https:\/\/www.ludwig-van.com\/montreal\/wp-content\/uploads\/sites\/3\/2017\/10\/Cre\u0301ditphoto_Ve\u0301ronique_St-Amand_Julien-Proulx-Portrait-OSD-2017-HR-23.jpg\" alt=\"Julien Proulx\" width=\"1024\" height=\"341\" srcset=\"https:\/\/www.ludwig-van.com\/montreal\/wp-content\/uploads\/sites\/3\/2017\/10\/Cre\u0301ditphoto_Ve\u0301ronique_St-Amand_Julien-Proulx-Portrait-OSD-2017-HR-23.jpg 1024w, https:\/\/www.ludwig-van.com\/montreal\/wp-content\/uploads\/sites\/3\/2017\/10\/Cre\u0301ditphoto_Ve\u0301ronique_St-Amand_Julien-Proulx-Portrait-OSD-2017-HR-23-300x100.jpg 300w, https:\/\/www.ludwig-van.com\/montreal\/wp-content\/uploads\/sites\/3\/2017\/10\/Cre\u0301ditphoto_Ve\u0301ronique_St-Amand_Julien-Proulx-Portrait-OSD-2017-HR-23-768x256.jpg 768w\" sizes=\"(max-width: 1024px) 100vw, 1024px\" \/><figcaption id=\"caption-attachment-49236\" class=\"wp-caption-text\">Julien Proulx. (Cr\u00e9dit : V\u00e9ronique St-Amand.)<\/figcaption><\/figure>\n<h2>Visions d&rsquo;Am\u00e9rique \u00e0 Drummondville<\/h2>\n<p>L&rsquo;Orchestre symphonique de Drummondville nous propose cette semaine le concert \u00ab\u00a0Visions d&rsquo;Am\u00e9rique\u00a0\u00bb qui permettra d&rsquo;entendre des oeuvres de compositeurs d&rsquo;Am\u00e9rique du Nord, dont Les sept p\u00e9ch\u00e9s capitaux, de Kurt Weill, et un Th\u00e8me et Variations, de Korngold. Sous la direction de Julien Proulx, avec Quartom et Andrea Ludwig. <strong>Le mercredi 12 mars, 19 h 30, Maison des arts Desjardins.<\/strong> <a href=\"https:\/\/www.ludwig-van.com\/montreal\/event\/osd-visions-damerique\/\" target=\"_blank\" rel=\"noopener noreferrer\">D\u00c9TAILS<\/a><\/p>\n<p>&nbsp;<\/p>\n<p>&nbsp;<\/p>\n<figure id=\"attachment_59668\" aria-describedby=\"caption-attachment-59668\" style=\"width: 1024px\" class=\"wp-caption aligncenter\"><img decoding=\"async\" loading=\"lazy\" class=\"size-full wp-image-59668\" src=\"https:\/\/www.ludwig-van.com\/montreal\/wp-content\/uploads\/sites\/3\/2017\/12\/Christian-Blackshaw\u00a9Si-Barber.jpg\" alt=\"Christian Blackshaw\" width=\"1024\" height=\"681\" srcset=\"https:\/\/www.ludwig-van.com\/montreal\/wp-content\/uploads\/sites\/3\/2017\/12\/Christian-Blackshaw\u00a9Si-Barber.jpg 1024w, https:\/\/www.ludwig-van.com\/montreal\/wp-content\/uploads\/sites\/3\/2017\/12\/Christian-Blackshaw\u00a9Si-Barber-300x200.jpg 300w, https:\/\/www.ludwig-van.com\/montreal\/wp-content\/uploads\/sites\/3\/2017\/12\/Christian-Blackshaw\u00a9Si-Barber-768x511.jpg 768w\" sizes=\"(max-width: 1024px) 100vw, 1024px\" \/><figcaption id=\"caption-attachment-59668\" class=\"wp-caption-text\">Christian Blackshaw sera en r\u00e9cital \u00e0 la salle Bourgie cette semaine. (Photo: Si Barber)<\/figcaption><\/figure>\n<h2>Christian Blackshaw joue Mozart<\/h2>\n<p>Le pianiste britannique <strong>Christian Blackshaw<\/strong> revient \u00e0 la salle Bourgie poursuivre son int\u00e9grale des sonates de Mozart, en deux r\u00e9citals. <strong>Le mercredi 11 mars, et le jeudi 12 mars, 19 h 30, salle Bourgie. <\/strong><a href=\"https:\/\/www.mbam.qc.ca\/achats-en-ligne\/concerts\/christian-blackshaw-joue-mozart-concert-iv\/8695\/\" target=\"_blank\" rel=\"noopener noreferrer\">D\u00c9TAILS<\/a><\/p>\n<p>&nbsp;<\/p>\n<figure id=\"attachment_63510\" aria-describedby=\"caption-attachment-63510\" style=\"width: 1200px\" class=\"wp-caption aligncenter\"><img decoding=\"async\" loading=\"lazy\" class=\"size-full wp-image-63510\" src=\"https:\/\/www.ludwig-van.com\/montreal\/wp-content\/uploads\/sites\/3\/2020\/01\/Serenite-sonore-3.jpg\" alt=\"\" width=\"1200\" height=\"799\" srcset=\"https:\/\/www.ludwig-van.com\/montreal\/wp-content\/uploads\/sites\/3\/2020\/01\/Serenite-sonore-3.jpg 1200w, https:\/\/www.ludwig-van.com\/montreal\/wp-content\/uploads\/sites\/3\/2020\/01\/Serenite-sonore-3-300x200.jpg 300w, https:\/\/www.ludwig-van.com\/montreal\/wp-content\/uploads\/sites\/3\/2020\/01\/Serenite-sonore-3-1024x682.jpg 1024w, https:\/\/www.ludwig-van.com\/montreal\/wp-content\/uploads\/sites\/3\/2020\/01\/Serenite-sonore-3-768x511.jpg 768w\" sizes=\"(max-width: 1200px) 100vw, 1200px\" \/><figcaption id=\"caption-attachment-63510\" class=\"wp-caption-text\">Les concerts en hamacs de S\u00e9r\u00e9nit\u00e9 sonore.<\/figcaption><\/figure>\n<h2>Bach en hamacs<\/h2>\n<p>La violoncelliste <strong>Elinor Frey<\/strong> est l&rsquo;invit\u00e9e de S\u00e9r\u00e9nit\u00e9 Sonore, cette semaine, pour le concert Bach en hamac. \u00c9couter des Suites de Bach dans la qui\u00e9tude d&rsquo;un hamac, que demander de plus? <strong>Vendredi 13 et samedi 14 mars, 19 h 30, aux lofts de S\u00e9r\u00e9nit\u00e9 Sonore, rue Masson<\/strong>. <a href=\"https:\/\/www.ludwig-van.com\/montreal\/event\/serenite-sonore-bach-hamacs\/\" target=\"_blank\" rel=\"noopener noreferrer\">D\u00c9TAILS<\/a><\/p>\n<p>&nbsp;<\/p>\n<figure id=\"attachment_50322\" aria-describedby=\"caption-attachment-50322\" style=\"width: 1024px\" class=\"wp-caption aligncenter\"><img decoding=\"async\" loading=\"lazy\" class=\"size-full wp-image-50322\" src=\"https:\/\/www.ludwig-van.com\/montreal\/wp-content\/uploads\/sites\/3\/2017\/12\/Philippe-Cassard-6-photo-Jean-Baptiste-Millot-full.jpg\" alt=\"Philippe Cassard (Cr\u00e9dit: Jean-Baptiste Millot)\" width=\"1024\" height=\"683\" srcset=\"https:\/\/www.ludwig-van.com\/montreal\/wp-content\/uploads\/sites\/3\/2017\/12\/Philippe-Cassard-6-photo-Jean-Baptiste-Millot-full.jpg 1024w, https:\/\/www.ludwig-van.com\/montreal\/wp-content\/uploads\/sites\/3\/2017\/12\/Philippe-Cassard-6-photo-Jean-Baptiste-Millot-full-300x200.jpg 300w, https:\/\/www.ludwig-van.com\/montreal\/wp-content\/uploads\/sites\/3\/2017\/12\/Philippe-Cassard-6-photo-Jean-Baptiste-Millot-full-768x512.jpg 768w\" sizes=\"(max-width: 1024px) 100vw, 1024px\" \/><figcaption id=\"caption-attachment-50322\" class=\"wp-caption-text\">Philippe Cassard (Cr\u00e9dit: Jean-Baptiste Millot)<\/figcaption><\/figure>\n<h2>Festival Beethoven: musique de chambre<\/h2>\n<p>Le Festival Beethoven de la salle Bourgie se poursuit cette semaine avec d&rsquo;excellents musiciens de France et du Canada en formation de trios ou de quintettes : David Grimal, (violon), Anne Gastinel, (violoncelle) et Philippe Cassard, (piano); ainsi que Axel Strauss, (violon), Douglas McNabney, (alto) et Matt Haimovitz, violoncelle. <strong>Le vendredi 13 mars \u00e0 18 h 30 et le dimanche 15 \u00e0 14 h 30 <span style=\"color: #ff0000;\">MISE \u00c0 JOUR: VEUILLEZ NOTER QUE LE CONCERT DU 14 MARS <a href=\"https:\/\/www.ludwig-van.com\/montreal\/2020\/03\/10\/nouvelle-un-concert-annule-a-montreal-en-raison-du-coronavirus\/\" target=\"_blank\" rel=\"noopener noreferrer\">EST ANNUL\u00c9<\/a>.<\/span><\/strong> <a href=\"https:\/\/www.mbam.qc.ca\/concerts-arte-musica\/\" target=\"_blank\" rel=\"noopener noreferrer\">D\u00c9TAILS<\/a><\/p>\n<p>&nbsp;<\/p>\n<p style=\"text-align: center;\"><img decoding=\"async\" loading=\"lazy\" class=\"aligncenter size-full wp-image-62019\" src=\"https:\/\/www.ludwig-van.com\/montreal\/wp-content\/uploads\/sites\/3\/2019\/10\/JardinsdEspagne-1024-web.jpg\" alt=\"\" width=\"1024\" height=\"585\" srcset=\"https:\/\/www.ludwig-van.com\/montreal\/wp-content\/uploads\/sites\/3\/2019\/10\/JardinsdEspagne-1024-web.jpg 1024w, https:\/\/www.ludwig-van.com\/montreal\/wp-content\/uploads\/sites\/3\/2019\/10\/JardinsdEspagne-1024-web-300x171.jpg 300w, https:\/\/www.ludwig-van.com\/montreal\/wp-content\/uploads\/sites\/3\/2019\/10\/JardinsdEspagne-1024-web-768x439.jpg 768w\" sizes=\"(max-width: 1024px) 100vw, 1024px\" \/><\/p>\n<h2>L&rsquo;Espagne&#8230;\u00e0 Trois-Rivi\u00e8res<\/h2>\n<p>On se transporte en Espagne avec l&rsquo;<strong>Orchestre symphonique de Trois-Rivi\u00e8res<\/strong> et des pi\u00e8ces de Manuel de Falla et Joaquin Rodrigo, entre autres. Le Concerto d&rsquo;Aranjuez sera interpr\u00e9t\u00e9 par <strong>Michel Beauchamp<\/strong> \u00e0 la guitare, sous la direction de <strong>Jean-Claude Picard<\/strong>. <strong>St\u00e9phane T\u00e9treault<\/strong> (violoncelle) et <strong>Val\u00e9rie Milot<\/strong> (harpe) seront \u00e9galement du concert. <strong>Le samedi 14 mars, 20 h, salle Antonio-Thompson.<\/strong> <a href=\"https:\/\/www.ludwig-van.com\/montreal\/event\/ostr-jardins-despagne\/\" target=\"_blank\" rel=\"noopener noreferrer\">D\u00c9TAILS\u00a0<\/a><\/p>\n<p>&nbsp;<\/p>\n<p>&nbsp;<\/p>\n<figure id=\"attachment_62100\" aria-describedby=\"caption-attachment-62100\" style=\"width: 1200px\" class=\"wp-caption aligncenter\"><img decoding=\"async\" loading=\"lazy\" class=\"size-full wp-image-62100\" src=\"https:\/\/www.ludwig-van.com\/montreal\/wp-content\/uploads\/sites\/3\/2018\/06\/redim_SMAM_5miserereenquatretemps_FR.jpg\" alt=\"\" width=\"1200\" height=\"1343\" srcset=\"https:\/\/www.ludwig-van.com\/montreal\/wp-content\/uploads\/sites\/3\/2018\/06\/redim_SMAM_5miserereenquatretemps_FR.jpg 1200w, https:\/\/www.ludwig-van.com\/montreal\/wp-content\/uploads\/sites\/3\/2018\/06\/redim_SMAM_5miserereenquatretemps_FR-268x300.jpg 268w, https:\/\/www.ludwig-van.com\/montreal\/wp-content\/uploads\/sites\/3\/2018\/06\/redim_SMAM_5miserereenquatretemps_FR-768x860.jpg 768w, https:\/\/www.ludwig-van.com\/montreal\/wp-content\/uploads\/sites\/3\/2018\/06\/redim_SMAM_5miserereenquatretemps_FR-915x1024.jpg 915w\" sizes=\"(max-width: 1200px) 100vw, 1200px\" \/><figcaption id=\"caption-attachment-62100\" class=\"wp-caption-text\">SMAM Miserere en quatre temps<\/figcaption><\/figure>\n<h2>Miserere en quatre temps au SMAM<\/h2>\n<p>Le Studio de musique ancienne de Montr\u00e9al, pour sa part, nous emm\u00e8ne plut\u00f4t dans un voyage dans le temps \u00e0 travers la musique de la Renaissance pour son concert Miserere en quatre temps, o\u00f9 l&rsquo;on entendra, \u00e9videmment, le c\u00e9l\u00e8bre <em>Miserere<\/em> d&rsquo;Allegri, mais aussi ceux de ses contemporains. <strong>Samedi 14 mars, 19 h 30, et dimanche 15 mars, 15 h, \u00c9glise St-Pierre Ap\u00f4tre. <\/strong><a href=\"https:\/\/www.ludwig-van.com\/montreal\/event\/smam-miserere-quatre-temps\/2020-03-15\/\" target=\"_blank\" rel=\"noopener noreferrer\">D\u00c9TAILS<\/a><\/p>\n<p>&nbsp;<\/p>\n<p>&nbsp;<\/p>\n<p style=\"text-align: center;\"><img decoding=\"async\" loading=\"lazy\" class=\"aligncenter size-full wp-image-59673\" src=\"https:\/\/www.ludwig-van.com\/montreal\/wp-content\/uploads\/sites\/3\/2017\/12\/Pavel-Haas-Boris-Giltburg\u00a9Marco-Borgreve-Sacha-Gusov2.jpg\" alt=\"Pavel Haas Quartet et Boris Giltburg\" width=\"1024\" height=\"574\" srcset=\"https:\/\/www.ludwig-van.com\/montreal\/wp-content\/uploads\/sites\/3\/2017\/12\/Pavel-Haas-Boris-Giltburg\u00a9Marco-Borgreve-Sacha-Gusov2.jpg 1024w, https:\/\/www.ludwig-van.com\/montreal\/wp-content\/uploads\/sites\/3\/2017\/12\/Pavel-Haas-Boris-Giltburg\u00a9Marco-Borgreve-Sacha-Gusov2-300x168.jpg 300w, https:\/\/www.ludwig-van.com\/montreal\/wp-content\/uploads\/sites\/3\/2017\/12\/Pavel-Haas-Boris-Giltburg\u00a9Marco-Borgreve-Sacha-Gusov2-768x431.jpg 768w\" sizes=\"(max-width: 1024px) 100vw, 1024px\" \/><\/p>\n<h2>Quatuor Pavel Hass et Boris Giltburg au Club musical de Qu\u00e9bec et au LMMC<\/h2>\n<p>Bonne nouvelle: il reste encore quelques billets pour le r\u00e9cital du remarquable <strong>Quatuor Pavel Hass<\/strong> avec le pianiste russo-isra\u00e9lien <strong>Boris Giltburg<\/strong>, grand gagnant du Concours Reine \u00c9lisabeth de 2013, Chostakovitch et Dvo\u0159\u00e1k sont au programme de deux r\u00e9citals: au Club musical \u00e0 Qu\u00e9bec, et au LMMC \u00e0 Montr\u00e9al. <strong>Samedi 14 mars, 15 h, Palais Montcalm.<\/strong> <a href=\"https:\/\/www.ludwig-van.com\/montreal\/event\/club-musical-de-quebec-quatuor-pavel-haas-boris-giltburg\/\" target=\"_blank\" rel=\"noopener noreferrer\">D\u00c9TAILS<\/a> et dimanche 15 mars, 15 h 30, salle Pollack. <a href=\"https:\/\/www.ludwig-van.com\/montreal\/event\/lmmc-pavel-haas-quartet\/\" target=\"_blank\" rel=\"noopener noreferrer\">D\u00c9TAILS<\/a><\/p>\n<p>&nbsp;<\/p>\n<figure id=\"attachment_50177\" aria-describedby=\"caption-attachment-50177\" style=\"width: 1024px\" class=\"wp-caption aligncenter\"><img decoding=\"async\" loading=\"lazy\" class=\"size-full wp-image-50177\" src=\"https:\/\/www.ludwig-van.com\/montreal\/wp-content\/uploads\/sites\/3\/2017\/12\/Susanna_Malkki_\u252c\u00aeSimon\u00d4\u00c7\u00f4Fowler-web.jpg\" alt=\"La chef Susanna M\u00e4lkki dirigera l'OSM \u00e0 Lanaudi\u00e8re. (Cr\u00e9dit: Simon Fowler)\" width=\"1024\" height=\"683\" srcset=\"https:\/\/www.ludwig-van.com\/montreal\/wp-content\/uploads\/sites\/3\/2017\/12\/Susanna_Malkki_\u252c\u00aeSimon\u00d4\u00c7\u00f4Fowler-web.jpg 1024w, https:\/\/www.ludwig-van.com\/montreal\/wp-content\/uploads\/sites\/3\/2017\/12\/Susanna_Malkki_\u252c\u00aeSimon\u00d4\u00c7\u00f4Fowler-web-300x200.jpg 300w, https:\/\/www.ludwig-van.com\/montreal\/wp-content\/uploads\/sites\/3\/2017\/12\/Susanna_Malkki_\u252c\u00aeSimon\u00d4\u00c7\u00f4Fowler-web-768x512.jpg 768w\" sizes=\"(max-width: 1024px) 100vw, 1024px\" \/><figcaption id=\"caption-attachment-50177\" class=\"wp-caption-text\">La chef Susanna M\u00e4lkki dirigera l&rsquo;OSM \u00e0 la Maison symphonique cette semaine. (Cr\u00e9dit: Simon Fowler)<\/figcaption><\/figure>\n<h2>Susanna M\u00e4lkki dirige l&rsquo;OSM<\/h2>\n<p><strong>Susanna M\u00e4lkki<\/strong> dirige l&rsquo;<strong>Orchestre symphonique de Montr\u00e9al<\/strong> dans la Symphonie no 2 de Brahms. Un superbe programme compl\u00e9t\u00e9 par le Concerto pour violon no 1 de Chostakovitch avec <strong>Leonidas Kavakos.<\/strong>\u00a0<strong>Samedi 14 mars, 20 h, et dimanche 15 mars, 14 h, Maison symphonique.<\/strong> <a href=\"https:\/\/www.osm.ca\/fr\/concerts\/kavakos-et-bringuier-un-duo-dexception\/\" target=\"_blank\" rel=\"noopener noreferrer\">D\u00c9TAILS\u00a0<\/a><\/p>\n<p>&nbsp;<\/p>\n<h2>LIRE AUSSI:<\/h2>\n<p>&nbsp;<\/p>\n<blockquote class=\"wp-embedded-content\" data-secret=\"YLVuqMz6kq\"><p><a href=\"https:\/\/www.ludwig-van.com\/montreal\/2020\/03\/06\/invitation-soiree-ludwig-van-prise-2-venez-voir-porgy-and-bess-quartier-latin\/\">INVITATION | Une soir\u00e9e avec Ludwig Van, prise 2: venez voir Porgy and Bess avec nous au Quartier Latin!<\/a><\/p><\/blockquote>\n<p><iframe title=\"\u00ab\u00a0INVITATION | Une soir\u00e9e avec Ludwig Van, prise 2: venez voir Porgy and Bess avec nous au Quartier Latin!\u00a0\u00bb &#8212; Ludwig Van Montreal\" class=\"wp-embedded-content\" sandbox=\"allow-scripts\" security=\"restricted\" style=\"position: absolute; clip: rect(1px, 1px, 1px, 1px);\" src=\"https:\/\/www.ludwig-van.com\/montreal\/2020\/03\/06\/invitation-soiree-ludwig-van-prise-2-venez-voir-porgy-and-bess-quartier-latin\/embed\/#?secret=YLVuqMz6kq\" data-secret=\"YLVuqMz6kq\" width=\"600\" height=\"338\" frameborder=\"0\" marginwidth=\"0\" marginheight=\"0\" scrolling=\"no\"><\/iframe><\/p>\n<p>&nbsp;<\/p>\n<p>&nbsp;<\/p>\n","protected":false},"excerpt":{"rendered":"<p>Cette semaine, orchestres et musiciens nous font voyager en Su\u00e8de, en Espagne, en Am\u00e9rique et dans le temps, avec une foule de concerts tous plus int\u00e9ressants les uns que les autres. Voici nos Choix de la r\u00e9daction du 9 au 15 mars. <\/p>\n","protected":false},"author":51,"featured_media":64193,"comment_status":"open","ping_status":"open","sticky":false,"template":"","format":"standard","meta":{"om_disable_all_campaigns":false,"jetpack_post_was_ever_published":false},"categories":[37357,10994],"tags":[],"yst_prominent_words":[38405,38404,38415,38413,38411,9863,13120,13117,38416,38417,9877,13119,18274,18272,19229,38408,38414,38412,38410,38409],"acf":[],"jetpack_featured_media_url":"https:\/\/www.ludwig-van.com\/montreal\/wp-content\/uploads\/sites\/3\/2020\/03\/Choix-9-mars-cover.jpg","jetpack_sharing_enabled":true,"jetpack_shortlink":"https:\/\/wp.me\/p9bdYt-gHj","amp_enabled":true,"_links":{"self":[{"href":"https:\/\/www.ludwig-van.com\/montreal\/wp-json\/wp\/v2\/posts\/64189"}],"collection":[{"href":"https:\/\/www.ludwig-van.com\/montreal\/wp-json\/wp\/v2\/posts"}],"about":[{"href":"https:\/\/www.ludwig-van.com\/montreal\/wp-json\/wp\/v2\/types\/post"}],"author":[{"embeddable":true,"href":"https:\/\/www.ludwig-van.com\/montreal\/wp-json\/wp\/v2\/users\/51"}],"replies":[{"embeddable":true,"href":"https:\/\/www.ludwig-van.com\/montreal\/wp-json\/wp\/v2\/comments?post=64189"}],"version-history":[{"count":7,"href":"https:\/\/www.ludwig-van.com\/montreal\/wp-json\/wp\/v2\/posts\/64189\/revisions"}],"predecessor-version":[{"id":64209,"href":"https:\/\/www.ludwig-van.com\/montreal\/wp-json\/wp\/v2\/posts\/64189\/revisions\/64209"}],"wp:featuredmedia":[{"embeddable":true,"href":"https:\/\/www.ludwig-van.com\/montreal\/wp-json\/wp\/v2\/media\/64193"}],"wp:attachment":[{"href":"https:\/\/www.ludwig-van.com\/montreal\/wp-json\/wp\/v2\/media?parent=64189"}],"wp:term":[{"taxonomy":"category","embeddable":true,"href":"https:\/\/www.ludwig-van.com\/montreal\/wp-json\/wp\/v2\/categories?post=64189"},{"taxonomy":"post_tag","embeddable":true,"href":"https:\/\/www.ludwig-van.com\/montreal\/wp-json\/wp\/v2\/tags?post=64189"},{"taxonomy":"yst_prominent_words","embeddable":true,"href":"https:\/\/www.ludwig-van.com\/montreal\/wp-json\/wp\/v2\/yst_prominent_words?post=64189"}],"curies":[{"name":"wp","href":"https:\/\/api.w.org\/{rel}","templated":true}]}}