{"id":64167,"date":"2020-03-06T10:43:31","date_gmt":"2020-03-06T15:43:31","guid":{"rendered":"https:\/\/www.ludwig-van.com\/montreal\/?p=64167"},"modified":"2020-03-06T10:43:31","modified_gmt":"2020-03-06T15:43:31","slug":"invitation-soiree-ludwig-van-prise-2-venez-voir-porgy-and-bess-quartier-latin","status":"publish","type":"post","link":"https:\/\/www.ludwig-van.com\/montreal\/2020\/03\/06\/invitation-soiree-ludwig-van-prise-2-venez-voir-porgy-and-bess-quartier-latin\/","title":{"rendered":"INVITATION | Une soir\u00e9e avec Ludwig Van, prise 2: venez voir Porgy and Bess avec nous au Quartier Latin!"},"content":{"rendered":"<p style=\"text-align: center;\"><img decoding=\"async\" loading=\"lazy\" class=\"aligncenter size-full wp-image-64168\" src=\"https:\/\/www.ludwig-van.com\/montreal\/wp-content\/uploads\/sites\/3\/2020\/03\/LV-event-Porgy-and-Bess-MONTREAL-1200px.jpg\" alt=\"\" width=\"1200\" height=\"600\" srcset=\"https:\/\/www.ludwig-van.com\/montreal\/wp-content\/uploads\/sites\/3\/2020\/03\/LV-event-Porgy-and-Bess-MONTREAL-1200px.jpg 1200w, https:\/\/www.ludwig-van.com\/montreal\/wp-content\/uploads\/sites\/3\/2020\/03\/LV-event-Porgy-and-Bess-MONTREAL-1200px-300x150.jpg 300w, https:\/\/www.ludwig-van.com\/montreal\/wp-content\/uploads\/sites\/3\/2020\/03\/LV-event-Porgy-and-Bess-MONTREAL-1200px-1024x512.jpg 1024w, https:\/\/www.ludwig-van.com\/montreal\/wp-content\/uploads\/sites\/3\/2020\/03\/LV-event-Porgy-and-Bess-MONTREAL-1200px-768x384.jpg 768w\" sizes=\"(max-width: 1200px) 100vw, 1200px\" \/><\/p>\n<p>&nbsp;<\/p>\n<p>Une invitation \u00e0 vous joindre \u00e0 nous pour une projection exclusive de l\u2019op\u00e9ra du Met <strong><em>Porgy &amp; Bess<\/em><\/strong><\/p>\n<p>Le mois dernier, nous avons organis\u00e9 notre premi\u00e8re Soir\u00e9e avec Ludwig Van, \u00e0 Montr\u00e9al et \u00e0 Toronto.<\/p>\n<p>Votre r\u00e9action a \u00e9t\u00e9 fantastique, et nos salles ont \u00e9t\u00e9 remplies en deux jours. Montr\u00e9al aime l\u2019op\u00e9ra, mais on le savait d\u00e9j\u00e0, n\u2019est-ce pas?<\/p>\n<p>Au d\u00e9part, nous avions pr\u00e9vu cet \u00e9v\u00e9nement en remerciement aux quelque 100 000 personnes qui, chaque mois, lisent nos nouvelles, nos dossiers et nos critiques pour se tenir au courant des \u00e9v\u00e9nements importants.<\/p>\n<p>La nouvelle, aujourd\u2019hui, est que nous allons le faire encore!<\/p>\n<p>La prochaine Soir\u00e9e avec Ludwig Van aura lieu \u00e0 Montr\u00e9al et \u00e0 Toronto le samedi, 28 mars, \u00e0 17 h. C\u2019est une occasion pour vous de voir un op\u00e9ra gratuitement avec des amis qui aiment la musique classique autant que vous.<\/p>\n<p>Apr\u00e8s la projection, joignez-vous \u00e0 nous pour une collation au salon Cineplex.<\/p>\n<p>Voici pourquoi vous devriez venir :<\/p>\n<p>1-Vous assisterez \u00e0 une rediffusion exclusive de la production 2020 de <em>Porgy and Bess<\/em> du Metropolitan Opera avec des amis qui aiment l\u2019op\u00e9ra autant que vous. C\u2019est une nouvelle production du Met mise en sc\u00e8ne par l\u2019excellent <strong>James Robinson<\/strong>, qui fait ses d\u00e9but \u00e0 la compagnie. Vous entendrez une distribution fantastique incluant Donovan Singletary (le p\u00eacheur Jake), Golda Schultz (son \u00e9pouse Clara), Latonia Moore (la veuve Serena), Frederick Ballentine (le vendeur de drogue Sportin\u2019 Life), Alfred Walker (le brutal Crown) et Denyce Graves (Maria).<\/p>\n<p>2-C\u2019est gratuit (vous ne payez que votre popcorn)<\/p>\n<p>3- C\u2019est une occasion de rencontrer des amateurs d&rsquo;op\u00e9ra comme vous<\/p>\n<p>Et comme si ce n\u2019\u00e9tait pas assez\u2026quelques collaborateurs de cette publication seront l\u00e0 pour vous serrer la pince!<\/p>\n<p>Tickets are free, but limited, so don\u2019t miss out.<\/p>\n<p>Les billets sont gratuits, mais en nombre limit\u00e9, alors ne ratez pas votre chance!<\/p>\n<p>RSVP d\u00e8s maintenant.<\/p>\n<p><a href=\"https:\/\/www.eventbrite.ca\/e\/billets-projection-exclusive-le-met-live-en-hd-porgy-and-bess-98610437473\" target=\"_blank\" rel=\"noopener noreferrer\">R\u00c9SERVER UN BILLET<\/a><\/p>\n<p style=\"text-align: center;\">\n","protected":false},"excerpt":{"rendered":"<p>Une Soir\u00e9e avec Ludwig Van &#8211; prise deux: une invitation \u00e0 vous joindre \u00e0 nous pour une projection exclusive de l\u2019op\u00e9ra du Met Porgy &#038; Bess le 28 mars 2020. <\/p>\n","protected":false},"author":1,"featured_media":64168,"comment_status":"open","ping_status":"open","sticky":false,"template":"","format":"standard","meta":{"om_disable_all_campaigns":false,"jetpack_post_was_ever_published":false},"categories":[37357,10956,10992],"tags":[],"yst_prominent_words":[34226,20525,38342,9842,38327,38340,25619,10538,9810,9788,7694,38326,25889,38341,20660,11685,37372,37371,6741,9809],"acf":[],"jetpack_featured_media_url":"https:\/\/www.ludwig-van.com\/montreal\/wp-content\/uploads\/sites\/3\/2020\/03\/LV-event-Porgy-and-Bess-MONTREAL-1200px.jpg","jetpack_sharing_enabled":true,"jetpack_shortlink":"https:\/\/wp.me\/p9bdYt-gGX","amp_enabled":true,"_links":{"self":[{"href":"https:\/\/www.ludwig-van.com\/montreal\/wp-json\/wp\/v2\/posts\/64167"}],"collection":[{"href":"https:\/\/www.ludwig-van.com\/montreal\/wp-json\/wp\/v2\/posts"}],"about":[{"href":"https:\/\/www.ludwig-van.com\/montreal\/wp-json\/wp\/v2\/types\/post"}],"author":[{"embeddable":true,"href":"https:\/\/www.ludwig-van.com\/montreal\/wp-json\/wp\/v2\/users\/1"}],"replies":[{"embeddable":true,"href":"https:\/\/www.ludwig-van.com\/montreal\/wp-json\/wp\/v2\/comments?post=64167"}],"version-history":[{"count":2,"href":"https:\/\/www.ludwig-van.com\/montreal\/wp-json\/wp\/v2\/posts\/64167\/revisions"}],"predecessor-version":[{"id":64170,"href":"https:\/\/www.ludwig-van.com\/montreal\/wp-json\/wp\/v2\/posts\/64167\/revisions\/64170"}],"wp:featuredmedia":[{"embeddable":true,"href":"https:\/\/www.ludwig-van.com\/montreal\/wp-json\/wp\/v2\/media\/64168"}],"wp:attachment":[{"href":"https:\/\/www.ludwig-van.com\/montreal\/wp-json\/wp\/v2\/media?parent=64167"}],"wp:term":[{"taxonomy":"category","embeddable":true,"href":"https:\/\/www.ludwig-van.com\/montreal\/wp-json\/wp\/v2\/categories?post=64167"},{"taxonomy":"post_tag","embeddable":true,"href":"https:\/\/www.ludwig-van.com\/montreal\/wp-json\/wp\/v2\/tags?post=64167"},{"taxonomy":"yst_prominent_words","embeddable":true,"href":"https:\/\/www.ludwig-van.com\/montreal\/wp-json\/wp\/v2\/yst_prominent_words?post=64167"}],"curies":[{"name":"wp","href":"https:\/\/api.w.org\/{rel}","templated":true}]}}