{"id":64131,"date":"2020-03-02T14:59:10","date_gmt":"2020-03-02T19:59:10","guid":{"rendered":"https:\/\/www.ludwig-van.com\/montreal\/?p=64131"},"modified":"2020-03-02T15:35:21","modified_gmt":"2020-03-02T20:35:21","slug":"choix-de-redaction-10-concerts-classiques-a-decouvrir-2-8-mars","status":"publish","type":"post","link":"https:\/\/www.ludwig-van.com\/montreal\/2020\/03\/02\/choix-de-redaction-10-concerts-classiques-a-decouvrir-2-8-mars\/","title":{"rendered":"CHOIX DE LA R\u00c9DACTION | 10 concerts classiques \u00e0 d\u00e9couvrir du 2 au 8 mars"},"content":{"rendered":"<h2 style=\"text-align: center;\"><img decoding=\"async\" loading=\"lazy\" class=\"aligncenter size-full wp-image-64135\" src=\"https:\/\/www.ludwig-van.com\/montreal\/wp-content\/uploads\/sites\/3\/2020\/03\/Choix-r\u00e9daction-cover-2-mars.jpg\" alt=\"\" width=\"1199\" height=\"628\" srcset=\"https:\/\/www.ludwig-van.com\/montreal\/wp-content\/uploads\/sites\/3\/2020\/03\/Choix-r\u00e9daction-cover-2-mars.jpg 1199w, https:\/\/www.ludwig-van.com\/montreal\/wp-content\/uploads\/sites\/3\/2020\/03\/Choix-r\u00e9daction-cover-2-mars-300x157.jpg 300w, https:\/\/www.ludwig-van.com\/montreal\/wp-content\/uploads\/sites\/3\/2020\/03\/Choix-r\u00e9daction-cover-2-mars-1024x536.jpg 1024w, https:\/\/www.ludwig-van.com\/montreal\/wp-content\/uploads\/sites\/3\/2020\/03\/Choix-r\u00e9daction-cover-2-mars-768x402.jpg 768w\" sizes=\"(max-width: 1199px) 100vw, 1199px\" \/><\/h2>\n<p>Une semaine de g\u00e9ants se pr\u00e9pare en musique classique avec des chefs d&rsquo;orchestre dirigeant des oeuvres \u00e9piques: Gergiev et la Neuvi\u00e8me de Bruckner, Lavigueur et <em>Petrouchka<\/em>, Lacombe et <em>Carmina Burana<\/em>. Une semaine substantielle! <strong>Voici nos Choix de la r\u00e9daction, du 2 au 8 mars.\u00a0<\/strong><\/p>\n<h2>Valery Gergiev dirige l&rsquo;OSM<\/h2>\n<p>La r\u00e9putation du chef russe n&rsquo;est plus \u00e0 faire. On s&rsquo;attend \u00e0 tout un impact \u00e0 la barre de l&rsquo;OSM dans l&rsquo;\u00e9norme Symphonie no 9 de Bruckner. \u00c0 ce programme d\u00e9j\u00e0 ambitieux s&rsquo;ajoute le Concerto pour violon no 2 de Mendelssohn, pilier du r\u00e9pertoire, avec Krist\u00f3f Bar\u00e1ti, qui fera ses d\u00e9buts \u00e0 l&rsquo;OSM. <strong>Le mercredi 4 et le jeudi 5 mars, 20 h, Maison symphonique.<\/strong> <a href=\"https:\/\/www.osm.ca\/fr\/concerts\/la-symphonie-no-9-de-bruckner-selon-valery-gergiev\/\" target=\"_blank\" rel=\"noopener noreferrer\">D\u00c9TAILS<\/a><\/p>\n<p>&nbsp;<\/p>\n<p style=\"text-align: center;\"><img decoding=\"async\" loading=\"lazy\" class=\"aligncenter size-full wp-image-54274\" src=\"https:\/\/www.ludwig-van.com\/montreal\/wp-content\/uploads\/sites\/3\/2018\/05\/Louis-Philippe-Marsolais-cre\u0301dit-photo@-Annie-E\u0301thier.jpg\" alt=\"Louis-Philippe Marsolais\" width=\"1024\" height=\"1536\" srcset=\"https:\/\/www.ludwig-van.com\/montreal\/wp-content\/uploads\/sites\/3\/2018\/05\/Louis-Philippe-Marsolais-cre\u0301dit-photo@-Annie-E\u0301thier.jpg 1024w, https:\/\/www.ludwig-van.com\/montreal\/wp-content\/uploads\/sites\/3\/2018\/05\/Louis-Philippe-Marsolais-cre\u0301dit-photo@-Annie-E\u0301thier-200x300.jpg 200w, https:\/\/www.ludwig-van.com\/montreal\/wp-content\/uploads\/sites\/3\/2018\/05\/Louis-Philippe-Marsolais-cre\u0301dit-photo@-Annie-E\u0301thier-768x1152.jpg 768w, https:\/\/www.ludwig-van.com\/montreal\/wp-content\/uploads\/sites\/3\/2018\/05\/Louis-Philippe-Marsolais-cre\u0301dit-photo@-Annie-E\u0301thier-683x1024.jpg 683w\" sizes=\"(max-width: 1024px) 100vw, 1024px\" \/><\/p>\n<h2>I Musici: le souffle de la nature<\/h2>\n<p><strong>Louis-Philippe Marsolais<\/strong>, r\u00e9put\u00e9 pour sa sonorit\u00e9 magnifique au cor, est l&rsquo;invit\u00e9 d&rsquo;<strong>I Musici de Montr\u00e9al<\/strong> avec son coll\u00e8gue tout aussi virtuose, <strong>Louis-Pierre Bergeron<\/strong>. Ils interpr\u00e9teront le Concerto pour deux cors de Ries. On entendra aussi des extraits des <em>Bor\u00e9ades<\/em>, de Rameau, le Sextuor en mi b\u00e9mol majeur de Beethoven, et <em>In the Land of Pidge<\/em>, de Macpherson, le tout sous la direction de Jean-Marie Zeitouni. Il s&rsquo;agit de la formule I Concertini, des concerts d&rsquo;une heure pr\u00e9sent\u00e9s sans entracte. <strong>Jeudi 5 mars, \u00e0 11 h et \u00e0 18 h, salle Bourgie. <\/strong><a href=\"https:\/\/imusici.com\/communiques-presse\/le-souffle-de-la-nature-louis-phillipe-marsolais-louis-pierre-bergeron\/\" target=\"_blank\" rel=\"noopener noreferrer\">D\u00c9TAILS<\/a><\/p>\n<p>&nbsp;<\/p>\n<figure id=\"attachment_60963\" aria-describedby=\"caption-attachment-60963\" style=\"width: 1024px\" class=\"wp-caption aligncenter\"><img decoding=\"async\" loading=\"lazy\" class=\"size-full wp-image-60963\" src=\"https:\/\/www.ludwig-van.com\/montreal\/wp-content\/uploads\/sites\/3\/2017\/09\/7-nov-et-5-dec_Elinor_Frey_cre\u0301dit_E\u0301lisabeth_Delage.jpg\" alt=\"Elinor Frey\" width=\"1024\" height=\"731\" srcset=\"https:\/\/www.ludwig-van.com\/montreal\/wp-content\/uploads\/sites\/3\/2017\/09\/7-nov-et-5-dec_Elinor_Frey_cre\u0301dit_E\u0301lisabeth_Delage.jpg 1024w, https:\/\/www.ludwig-van.com\/montreal\/wp-content\/uploads\/sites\/3\/2017\/09\/7-nov-et-5-dec_Elinor_Frey_cre\u0301dit_E\u0301lisabeth_Delage-300x214.jpg 300w, https:\/\/www.ludwig-van.com\/montreal\/wp-content\/uploads\/sites\/3\/2017\/09\/7-nov-et-5-dec_Elinor_Frey_cre\u0301dit_E\u0301lisabeth_Delage-768x548.jpg 768w\" sizes=\"(max-width: 1024px) 100vw, 1024px\" \/><figcaption id=\"caption-attachment-60963\" class=\"wp-caption-text\">Elinor Frey (Photo : Elizabeth Delage)<\/figcaption><\/figure>\n<h2>Elinor Frey joue Beethoven<\/h2>\n<p>La talentueuse <strong>Elinor Frey<\/strong> pr\u00e9sente un r\u00e9cital Beethoven \u00e0 la Chapelle historique du Bon-Pasteur en compagnie de Brigitte Poulin au pianoforte. <strong>Jeudi 5 mars, 19 h 30, Chapelle historique du Bon-Pasteur.<\/strong> <a href=\"https:\/\/www.accesculture.com\/activite\/EN_PASSANT_PAR_BEETHOVEN\" target=\"_blank\" rel=\"noopener noreferrer\">D\u00c9TAILS<\/a><\/p>\n<h2>Violoncelle mon amour<\/h2>\n<p>Dans le cadre de sa s\u00e9rie Les Chambristes, l&rsquo;<strong>Orchestre symphonique de Laval<\/strong> pr\u00e9sente \u00ab\u00a0Violoncelle mon amour\u00a0\u00bb, avec quatre violoncellistes: <strong>Jeanne de Chantal Marcil, Carla Antoun, Laurence Leclerc, et Franc\u0327ois Toutant<\/strong>. Au programme, des \u0153uvres et arrangements vari\u00e9s de Bach, Vopelius, Piazzola, Tchaikovsky et Brahms. <strong>Le samedi 7 mars, 15 h, \u00e9glise Saint-Maurice-de-Duvernay.<\/strong> <a href=\"https:\/\/www.osl.qc.ca\/fr\/concerts\/violoncelle-mon-amour\" target=\"_blank\" rel=\"noopener noreferrer\">D\u00c9TAILS<\/a><\/p>\n<p>&nbsp;<\/p>\n<figure id=\"attachment_58087\" aria-describedby=\"caption-attachment-58087\" style=\"width: 1024px\" class=\"wp-caption aligncenter\"><img decoding=\"async\" loading=\"lazy\" class=\"size-full wp-image-58087\" src=\"https:\/\/www.ludwig-van.com\/montreal\/wp-content\/uploads\/sites\/3\/2018\/12\/Jacques-Lacombe-cr-Steve-J-Sherman.jpg\" alt=\"Jacques Lacombe dirigera War Requiem, de Britten, \u00e0 la Maison symphonique. (Photo: Steve J. Sherman)\" width=\"1024\" height=\"682\" srcset=\"https:\/\/www.ludwig-van.com\/montreal\/wp-content\/uploads\/sites\/3\/2018\/12\/Jacques-Lacombe-cr-Steve-J-Sherman.jpg 1024w, https:\/\/www.ludwig-van.com\/montreal\/wp-content\/uploads\/sites\/3\/2018\/12\/Jacques-Lacombe-cr-Steve-J-Sherman-300x200.jpg 300w, https:\/\/www.ludwig-van.com\/montreal\/wp-content\/uploads\/sites\/3\/2018\/12\/Jacques-Lacombe-cr-Steve-J-Sherman-768x512.jpg 768w\" sizes=\"(max-width: 1024px) 100vw, 1024px\" \/><figcaption id=\"caption-attachment-58087\" class=\"wp-caption-text\">Jacques Lacombe. (Photo : Steve J. Sherman)<\/figcaption><\/figure>\n<h2>Carmina Burana<\/h2>\n<p>Oeuvre originale, unique et passionnante: <em><strong>Carmina Burana<\/strong> <\/em>est d&rsquo;une richesse extraordinaire. On pourra l&rsquo;entendre avec l\u2019Orchestre symphonique du Conservatoire, l\u2019Orchestre de chambre I Musici de Montr\u00e9al ainsi que les choeurs du Conservatoire, de l\u2019\u00e9cole secondaire Joseph-Fran\u00e7ois-Perrault, Les Voix parall\u00e8les de l\u2019\u00c9cole de musique Vincent-d\u2019Indy et le Choeur des enfants de Montr\u00e9al, sous la direction de l&rsquo;excellent Jacques Lacombe. Et comme si cela ne suffisait pas, <strong><em>Le Sacre du printemps<\/em> <\/strong>de Stravinsky est aussi au programme! <strong>Le samedi 7 mars, 19 h 30, Maison symphonique.<\/strong> <a href=\"https:\/\/www.ludwig-van.com\/montreal\/event\/conservatoire-de-musique-de-montreal-jacques-lacombe-dirige-carmina-burana\/\" target=\"_blank\" rel=\"noopener noreferrer\">D\u00c9TAILS<\/a><\/p>\n<p>&nbsp;<\/p>\n<p style=\"text-align: center;\"><img decoding=\"async\" loading=\"lazy\" class=\"aligncenter size-full wp-image-62827\" src=\"https:\/\/www.ludwig-van.com\/montreal\/wp-content\/uploads\/sites\/3\/2019\/11\/Stravinsky-OSJM-dim.png\" alt=\"\" width=\"666\" height=\"1018\" srcset=\"https:\/\/www.ludwig-van.com\/montreal\/wp-content\/uploads\/sites\/3\/2019\/11\/Stravinsky-OSJM-dim.png 666w, https:\/\/www.ludwig-van.com\/montreal\/wp-content\/uploads\/sites\/3\/2019\/11\/Stravinsky-OSJM-dim-196x300.png 196w\" sizes=\"(max-width: 666px) 100vw, 666px\" \/><\/p>\n<p>&nbsp;<\/p>\n<h2>Petrouchka<\/h2>\n<p>Tandis que leurs coll\u00e8gues du Conservatoire joueront <em>Le Sacre<\/em>, les musiciens de <strong>l&rsquo;Orchestre symphoniques des jeunes de Montr\u00e9al<\/strong>, de leur c\u00f4t\u00e9, s&rsquo;attaqueront au tout aussi g\u00e9nial <em>Petrouchka<\/em> pour leur concert \u00ab\u00a0<a href=\"https:\/\/www.ludwig-van.com\/montreal\/event\/osjm-beethoven-stravinsky-chopin\/\" target=\"_blank\" rel=\"noopener noreferrer\">Beethoven, Stravinsky, Chopin<\/a>\u00a0\u00bb sous la direction de <strong>Louis Lavigueur<\/strong>. Les oeuvres au programme des deux autres compositeurs sont l&rsquo;Ouverture L\u00e9onore 3, de Beethoven, et le Concerto pour piano no 2, de Chopin, avec <strong>Samuel Blanchette-Gagnon<\/strong>, laur\u00e9at du Prix d&rsquo;Europe 2019. <strong>Samedi 7 mars, 19 h 30, salle Claude-Champagne<\/strong>. <a href=\"https:\/\/www.osjm.org\/\" target=\"_blank\" rel=\"noopener noreferrer\">D\u00c9TAILS<\/a><\/p>\n<p>&nbsp;<\/p>\n<figure id=\"attachment_55135\" aria-describedby=\"caption-attachment-55135\" style=\"width: 1024px\" class=\"wp-caption aligncenter\"><img decoding=\"async\" loading=\"lazy\" class=\"size-full wp-image-55135\" src=\"https:\/\/www.ludwig-van.com\/montreal\/wp-content\/uploads\/sites\/3\/2018\/06\/Stephane_Tetreault_credit_Luc_Robitaille_4-full.jpg\" alt=\"\" width=\"1024\" height=\"769\" srcset=\"https:\/\/www.ludwig-van.com\/montreal\/wp-content\/uploads\/sites\/3\/2018\/06\/Stephane_Tetreault_credit_Luc_Robitaille_4-full.jpg 1024w, https:\/\/www.ludwig-van.com\/montreal\/wp-content\/uploads\/sites\/3\/2018\/06\/Stephane_Tetreault_credit_Luc_Robitaille_4-full-300x225.jpg 300w, https:\/\/www.ludwig-van.com\/montreal\/wp-content\/uploads\/sites\/3\/2018\/06\/Stephane_Tetreault_credit_Luc_Robitaille_4-full-768x577.jpg 768w\" sizes=\"(max-width: 1024px) 100vw, 1024px\" \/><figcaption id=\"caption-attachment-55135\" class=\"wp-caption-text\">St\u00e9phane T\u00e9treault. (Photo: Luc Robitaille)<\/figcaption><\/figure>\n<h2>St\u00e9phane T\u00e9treault \u00e0 la Maison de la musique<\/h2>\n<p>La Maison de la musique de Sorel-Tracy re\u00e7oit <strong>St\u00e9phane T\u00e9treault<\/strong> accompagn\u00e9 de<strong> Marie-\u00c8ve Scarfone<\/strong> au piano. Au programme, la Sonate pour violoncelle et piano de Fr\u00e9d\u00e9ric Chopin. <strong>Dimanche 8 mars, 14 h, Maison de la musique de Sorel-Tracy.<\/strong> <a href=\"https:\/\/www.eventbrite.ca\/e\/billets-chopin-opus-65-stephane-tetreault-violoncelle-marie-eve-scarfone-pinao-65265523939\" target=\"_blank\" rel=\"noopener noreferrer\">D\u00c9TAILS<\/a><\/p>\n<p>&nbsp;<\/p>\n<p style=\"text-align: center;\"><img decoding=\"async\" loading=\"lazy\" class=\"aligncenter size-full wp-image-59649\" src=\"https:\/\/www.ludwig-van.com\/montreal\/wp-content\/uploads\/sites\/3\/2017\/09\/OCM2019-tout-ce-jazz.jpg\" alt=\"OCM Tout ce jazz\" width=\"1024\" height=\"730\" srcset=\"https:\/\/www.ludwig-van.com\/montreal\/wp-content\/uploads\/sites\/3\/2017\/09\/OCM2019-tout-ce-jazz.jpg 1024w, https:\/\/www.ludwig-van.com\/montreal\/wp-content\/uploads\/sites\/3\/2017\/09\/OCM2019-tout-ce-jazz-300x214.jpg 300w, https:\/\/www.ludwig-van.com\/montreal\/wp-content\/uploads\/sites\/3\/2017\/09\/OCM2019-tout-ce-jazz-768x548.jpg 768w\" sizes=\"(max-width: 1024px) 100vw, 1024px\" \/><\/p>\n<h2>L&rsquo;Orchestre classique fait du jazz<\/h2>\n<p>L&rsquo;<strong>Orchestre classique de Montr\u00e9al<\/strong> pr\u00e9sente son concert \u00ab\u00a0Tout ce jazz\u00a0\u00bb avec la soprano <strong>Sharon Azrieli, Matt Herskowitz<\/strong> au piano et <strong>Andr\u00e9 Moisan<\/strong> \u00e0 la clarinette. Des pi\u00e8ces de Gershwin, Legrand, Shearing, Weill, Sondheim, Bernstein et Herskowitz sont au programme, de m\u00eame que l&rsquo;Ouverture sur des th\u00e8mes juifs, de Prokofiev, et Un jour d&rsquo;une vie presque ordinaire, d&rsquo;Airat Ichmouratov. <strong>Dimanche 8 mars, 15 h, salle Oscar-Peterson.<\/strong> <a href=\"https:\/\/orchestre.ca\/event\/tout-ce-jazz\/?lang=fr\" target=\"_blank\" rel=\"noopener noreferrer\">D\u00c9TAILS<\/a><\/p>\n<p>&nbsp;<\/p>\n<figure id=\"attachment_63881\" aria-describedby=\"caption-attachment-63881\" style=\"width: 1200px\" class=\"wp-caption aligncenter\"><img decoding=\"async\" loading=\"lazy\" class=\"size-full wp-image-63881\" src=\"https:\/\/www.ludwig-van.com\/montreal\/wp-content\/uploads\/sites\/3\/2020\/01\/1-Bertrand-Chamayou-Marco-Borggreve-046-1.jpg\" alt=\"Bertrand Chamayou (Photo : Marco Borggreve)\" width=\"1200\" height=\"800\" srcset=\"https:\/\/www.ludwig-van.com\/montreal\/wp-content\/uploads\/sites\/3\/2020\/01\/1-Bertrand-Chamayou-Marco-Borggreve-046-1.jpg 1200w, https:\/\/www.ludwig-van.com\/montreal\/wp-content\/uploads\/sites\/3\/2020\/01\/1-Bertrand-Chamayou-Marco-Borggreve-046-1-300x200.jpg 300w, https:\/\/www.ludwig-van.com\/montreal\/wp-content\/uploads\/sites\/3\/2020\/01\/1-Bertrand-Chamayou-Marco-Borggreve-046-1-1024x683.jpg 1024w, https:\/\/www.ludwig-van.com\/montreal\/wp-content\/uploads\/sites\/3\/2020\/01\/1-Bertrand-Chamayou-Marco-Borggreve-046-1-768x512.jpg 768w\" sizes=\"(max-width: 1200px) 100vw, 1200px\" \/><figcaption id=\"caption-attachment-63881\" class=\"wp-caption-text\">Bertrand Chamayou<br \/>(Photo : Marco Borggreve)<\/figcaption><\/figure>\n<h2>R\u00e9cital de Bertrand Chamayou<\/h2>\n<p>Si vous aimez les pianistes qui ont quelque chose \u00e0 dire, c&rsquo;est <strong>Bertrand Chamayou<\/strong> qu&rsquo;il faut aller entendre cette semaine, dans le cadre de la saison de Pro Musica. Un tr\u00e8s beau programme incluant le Carnaval, de Schumann et des pi\u00e8ces de Beethoven, Ravel, et Saint-Sa\u00ebns. <strong>Dimanche 8 mars, 15 h 30, salle Pierre-Mercure.<\/strong> <a href=\"https:\/\/www.ludwig-van.com\/montreal\/event\/pro-musica-bertrand-chamayou\/\" target=\"_blank\" rel=\"noopener noreferrer\">D\u00c9TAILS<\/a><\/p>\n<p>&nbsp;<\/p>\n<p>&nbsp;<\/p>\n<p style=\"text-align: center;\"><img decoding=\"async\" loading=\"lazy\" class=\"aligncenter size-full wp-image-47514\" src=\"https:\/\/www.ludwig-van.com\/montreal\/wp-content\/uploads\/sites\/3\/2017\/09\/oratoire-calendrier-orgue-cathedrales-en-musique-2017.jpg\" alt=\"\" width=\"700\" height=\"394\" srcset=\"https:\/\/www.ludwig-van.com\/montreal\/wp-content\/uploads\/sites\/3\/2017\/09\/oratoire-calendrier-orgue-cathedrales-en-musique-2017.jpg 700w, https:\/\/www.ludwig-van.com\/montreal\/wp-content\/uploads\/sites\/3\/2017\/09\/oratoire-calendrier-orgue-cathedrales-en-musique-2017-300x169.jpg 300w\" sizes=\"(max-width: 700px) 100vw, 700px\" \/><\/p>\n<h2>R\u00e9cital d&rsquo;orgue \u00e0 l&rsquo;Oratoire<\/h2>\n<p>Chaque dimanche apr\u00e8s-midi, l&rsquo;<strong>Oratoire Saint-Joseph du Mont-Royal<\/strong> pr\u00e9sente un concert gratuit (contribution volontaire) avec projection sur grand \u00e9cran. Cette semaine, un r\u00e9cital d&rsquo;orgue avec Dominique Gagnon, avec des pi\u00e8ces de Bach, Daveluy et Brahms, entre autres. <strong>Dimanche, 8 mars, 15 h 30, Oratoire Saint-Joseph.<\/strong> <a href=\"https:\/\/www.saint-joseph.org\/wp-content\/uploads\/2020\/02\/Programme_ArtetMusique_2020-03-08-Dominique-Gagnon.pdf\" target=\"_blank\" rel=\"noopener noreferrer\">D\u00c9TAILS<\/a><\/p>\n<p>&nbsp;<\/p>\n<h2>LIRE AUSSI:<\/h2>\n<p>&nbsp;<\/p>\n<blockquote class=\"wp-embedded-content\" data-secret=\"J7ERwJr1Py\"><p><a href=\"https:\/\/www.ludwig-van.com\/montreal\/2020\/02\/13\/reportage-webdiffusions-de-mcgill-experience-unique-monde-etudiants\/\">REPORTAGE | Les webdiffusions de McGill : une exp\u00e9rience unique au monde pour les \u00e9tudiants<\/a><\/p><\/blockquote>\n<p><iframe title=\"\u00ab\u00a0REPORTAGE | Les webdiffusions de McGill : une exp\u00e9rience unique au monde pour les \u00e9tudiants\u00a0\u00bb &#8212; Ludwig Van Montreal\" class=\"wp-embedded-content\" sandbox=\"allow-scripts\" security=\"restricted\" style=\"position: absolute; clip: rect(1px, 1px, 1px, 1px);\" src=\"https:\/\/www.ludwig-van.com\/montreal\/2020\/02\/13\/reportage-webdiffusions-de-mcgill-experience-unique-monde-etudiants\/embed\/#?secret=J7ERwJr1Py\" data-secret=\"J7ERwJr1Py\" width=\"600\" height=\"338\" frameborder=\"0\" marginwidth=\"0\" marginheight=\"0\" scrolling=\"no\"><\/iframe><\/p>\n<p>&nbsp;<\/p>\n<p>&nbsp;<\/p>\n<p>&nbsp;<\/p>\n<p>&nbsp;<\/p>\n<p>&nbsp;<\/p>\n<p>&nbsp;<\/p>\n<p>&nbsp;<\/p>\n","protected":false},"excerpt":{"rendered":"<p>Une semaine de g\u00e9ants se pr\u00e9pare en musique classique avec des chefs d&rsquo;orchestre dirigeant des oeuvres \u00e9piques: Gergiev et la Neuvi\u00e8me de Bruckner, Lavigueur et Petrouchka, Lacombe et Carmina Burana. Une semaine substantielle! Voici nos Choix de la r\u00e9daction, du 2 au 8 mars. <\/p>\n","protected":false},"author":51,"featured_media":64135,"comment_status":"open","ping_status":"open","sticky":false,"template":"","format":"standard","meta":{"om_disable_all_campaigns":false,"jetpack_post_was_ever_published":false},"categories":[37357,10956,10994],"tags":[4135,660,18149,11454,3445],"yst_prominent_words":[9863,38261,38263,38268,38267,38269,9792,38264,38266,38265,10146,38253,15805,19340,38270,18274,18272,38258,38260,38259],"acf":[],"jetpack_featured_media_url":"https:\/\/www.ludwig-van.com\/montreal\/wp-content\/uploads\/sites\/3\/2020\/03\/Choix-r\u00e9daction-cover-2-mars.jpg","jetpack_sharing_enabled":true,"jetpack_shortlink":"https:\/\/wp.me\/p9bdYt-gGn","amp_enabled":true,"_links":{"self":[{"href":"https:\/\/www.ludwig-van.com\/montreal\/wp-json\/wp\/v2\/posts\/64131"}],"collection":[{"href":"https:\/\/www.ludwig-van.com\/montreal\/wp-json\/wp\/v2\/posts"}],"about":[{"href":"https:\/\/www.ludwig-van.com\/montreal\/wp-json\/wp\/v2\/types\/post"}],"author":[{"embeddable":true,"href":"https:\/\/www.ludwig-van.com\/montreal\/wp-json\/wp\/v2\/users\/51"}],"replies":[{"embeddable":true,"href":"https:\/\/www.ludwig-van.com\/montreal\/wp-json\/wp\/v2\/comments?post=64131"}],"version-history":[{"count":9,"href":"https:\/\/www.ludwig-van.com\/montreal\/wp-json\/wp\/v2\/posts\/64131\/revisions"}],"predecessor-version":[{"id":64141,"href":"https:\/\/www.ludwig-van.com\/montreal\/wp-json\/wp\/v2\/posts\/64131\/revisions\/64141"}],"wp:featuredmedia":[{"embeddable":true,"href":"https:\/\/www.ludwig-van.com\/montreal\/wp-json\/wp\/v2\/media\/64135"}],"wp:attachment":[{"href":"https:\/\/www.ludwig-van.com\/montreal\/wp-json\/wp\/v2\/media?parent=64131"}],"wp:term":[{"taxonomy":"category","embeddable":true,"href":"https:\/\/www.ludwig-van.com\/montreal\/wp-json\/wp\/v2\/categories?post=64131"},{"taxonomy":"post_tag","embeddable":true,"href":"https:\/\/www.ludwig-van.com\/montreal\/wp-json\/wp\/v2\/tags?post=64131"},{"taxonomy":"yst_prominent_words","embeddable":true,"href":"https:\/\/www.ludwig-van.com\/montreal\/wp-json\/wp\/v2\/yst_prominent_words?post=64131"}],"curies":[{"name":"wp","href":"https:\/\/api.w.org\/{rel}","templated":true}]}}