{"id":64128,"date":"2020-03-02T10:46:56","date_gmt":"2020-03-02T15:46:56","guid":{"rendered":"https:\/\/www.ludwig-van.com\/montreal\/?p=64128"},"modified":"2020-03-02T10:46:56","modified_gmt":"2020-03-02T15:46:56","slug":"nouvelle-premiere-a-maison-symphonique-40e-saison-darion","status":"publish","type":"post","link":"https:\/\/www.ludwig-van.com\/montreal\/2020\/03\/02\/nouvelle-premiere-a-maison-symphonique-40e-saison-darion\/","title":{"rendered":"NOUVELLE | Une premi\u00e8re \u00e0 la Maison symphonique pour la 40e saison d\u2019Arion"},"content":{"rendered":"<p>&nbsp;<\/p>\n<figure id=\"attachment_64129\" aria-describedby=\"caption-attachment-64129\" style=\"width: 1199px\" class=\"wp-caption aligncenter\"><img decoding=\"async\" loading=\"lazy\" class=\"wp-image-64129 size-full\" src=\"https:\/\/www.ludwig-van.com\/montreal\/wp-content\/uploads\/sites\/3\/2020\/03\/Mathieu-Lussier-Arion-cover.jpg\" alt=\"Mathieu Lussier\" width=\"1199\" height=\"628\" srcset=\"https:\/\/www.ludwig-van.com\/montreal\/wp-content\/uploads\/sites\/3\/2020\/03\/Mathieu-Lussier-Arion-cover.jpg 1199w, https:\/\/www.ludwig-van.com\/montreal\/wp-content\/uploads\/sites\/3\/2020\/03\/Mathieu-Lussier-Arion-cover-300x157.jpg 300w, https:\/\/www.ludwig-van.com\/montreal\/wp-content\/uploads\/sites\/3\/2020\/03\/Mathieu-Lussier-Arion-cover-1024x536.jpg 1024w, https:\/\/www.ludwig-van.com\/montreal\/wp-content\/uploads\/sites\/3\/2020\/03\/Mathieu-Lussier-Arion-cover-768x402.jpg 768w\" sizes=\"(max-width: 1199px) 100vw, 1199px\" \/><figcaption id=\"caption-attachment-64129\" class=\"wp-caption-text\">Mathieu Lussier, co-directeur artistique d&rsquo;Arion orchestre baroque. (Photo: Mari photographe)<\/figcaption><\/figure>\n<p>Quand on entend Arion, le jeu de l\u2019orchestre baroque d\u00e9borde tellement d\u2019entrain et de vie qu&rsquo;il nous communique une vigueur et une folie adolescentes. Ce sera pourtant (d\u00e9j\u00e0!) sa 40e saison en 2020-2021. Pour souligner cet anniversaire, Arion se permet la Maison symphonique, en collaboration avec le Studio de musique ancienne de Montr\u00e9al, pour lancer sa saison 20-21, qui se veut remplie de voyages et de trouvailles. Nous en avons discut\u00e9 avec <strong>Mathieu Lussier<\/strong>, co-directeur artistique.<\/p>\n<p>Le bassoniste et chef d\u2019orchestre a lui-m\u00eame jou\u00e9 pour la premi\u00e8re fois avec Arion en 1998. La prochaine saison sera sa premi\u00e8re \u00e0 titre de seul directeur artistique, alors qu\u2019il \u00e9tait co-directeur depuis l\u2019an dernier avec la fondatrice d\u2019Arion, <strong>Claire Guimond<\/strong>.<\/p>\n<p>Ce concert inaugural de saison aura lieu le 25 septembre, 20 h, \u00e0 la Maison symphonique. Ce sera une premi\u00e8re pour Arion orchestre baroque.<\/p>\n<p>\u00ab La Maison symphonique, c\u2019est maintenant un symbole, dit Mathieu Lussier. On voulait poursuivre notre collaboration avec le Studio de musique ancienne et c\u2019est une excellente salle pour le faire. Ce concert marquera notre 40e, avec une musique \u00e9clatante, qui s\u2019y pr\u00eate bien, soit les Feux d\u2019artifice royaux et quatre \u00ab Coronation Anthems \u00bb de H\u00e4ndel. Je pense que \u00e7a va \u00eatre un bel endroit pour les sonorit\u00e9s d\u2019Arion et du SMAM combin\u00e9es. \u00bb<\/p>\n<p>L\u2019imagination du m\u00e9lomane se transporte ensuite en Irlande pour le concert suivant, les 6, 7 et 8 novembre \u00e0 la salle Bourgie, avec le programme \u00ab H\u00e4ndel \u00e0 Dublin \u00bb. On sait que c\u2019est dans la capitale irlandaise qu\u2019eut lieu la cr\u00e9ation du fameux <em>Messie<\/em>.<\/p>\n<p>\u00ab J\u2019aime toujours me servir de ces voyages des compositeurs connus, qui d\u00e9barquent dans une sc\u00e8ne musicale o\u00f9 il y a d\u2019autres compositeurs, moins connus, et d\u2019imaginer la musique qu\u2019ils ont pu d\u00e9couvrir sur place. H\u00e4ndel est all\u00e9 \u00e0 Dublin, Telemann \u00e0 Paris. Cela permet de juxtaposer les pi\u00e8ces connues de ces compositeurs \u00e0 des d\u00e9couvertes musicales de la m\u00eame \u00e9poque. Pour ce concert, c\u2019\u00e9tait une id\u00e9e du chef irlandais invit\u00e9 <strong>Peter Whelen<\/strong>, qui est lui aussi bassoniste. Il a fait beaucoup de recherche sur le r\u00e9pertoire baroque \u00e9cossais et irlandais. Aux c\u00f4t\u00e9s de la musique de H\u00e4ndel et de Purcell, on va d\u00e9couvrir la musique de Barsanti, de Kelly et de Couser. Le public est toujours content de faire ces d\u00e9couvertes et pour les musiciens, c\u2019est aussi une formule tr\u00e8s int\u00e9ressante. \u00bb<\/p>\n<p>&nbsp;<\/p>\n<figure id=\"attachment_57379\" aria-describedby=\"caption-attachment-57379\" style=\"width: 700px\" class=\"wp-caption aligncenter\"><img decoding=\"async\" loading=\"lazy\" class=\"size-full wp-image-57379\" src=\"https:\/\/www.ludwig-van.com\/montreal\/wp-content\/uploads\/sites\/3\/2018\/11\/Melisande-McNabney_Photo-Pierre-Etienne-Bergeron-calendrier.jpg\" alt=\"M\u00e9lisande McNabney\" width=\"700\" height=\"505\" srcset=\"https:\/\/www.ludwig-van.com\/montreal\/wp-content\/uploads\/sites\/3\/2018\/11\/Melisande-McNabney_Photo-Pierre-Etienne-Bergeron-calendrier.jpg 700w, https:\/\/www.ludwig-van.com\/montreal\/wp-content\/uploads\/sites\/3\/2018\/11\/Melisande-McNabney_Photo-Pierre-Etienne-Bergeron-calendrier-300x216.jpg 300w\" sizes=\"(max-width: 700px) 100vw, 700px\" \/><figcaption id=\"caption-attachment-57379\" class=\"wp-caption-text\">M\u00e9lisande McNabney. (Photo: Pierre-\u00c9tienne Bergeron)<\/figcaption><\/figure>\n<p>Les 8, 9 et 10 janvier, ce sera au tour de Haydn de voyager, cette fois \u00e0 Paris, sous la direction du chef invit\u00e9 et violoniste <strong>Julien Chauvin<\/strong>, avec <strong>M\u00e9lisande McNabney<\/strong> au piano-forte. En plus d\u2019entendre le Concerto pour piano et violon en fa majeur (Hob : VIII :6) et la Symphonie no 83 \u00ab La poule \u00bb de Haydn, on fera aussi des d\u00e9couvertes int\u00e9ressantes avec la musique d\u2019Henri-Joseph Rigel et de Marie-Alexandre Gu\u00e9nin.<\/p>\n<p>\u00ab <strong>Julien Chauvin<\/strong> aime beaucoup combiner une symphonie de Haydn avec des \u0153uvres moins connues. Ce sont des collaborateurs comme lui que j\u2019ai envie d\u2019inviter \u00e0 Arion, des gens qui ont ce m\u00eame go\u00fbt que moi pour le r\u00e9pertoire fran\u00e7ais et le r\u00e9pertoire moins connu, des gens qui ont une curiosit\u00e9. \u00bb<\/p>\n<h2>Bach au Caf\u00e9 Zimmermann<\/h2>\n<p>Les 6, 7 et 8 mars, le concert \u00ab Bach au Caf\u00e9 Zimmermann \u00bb sera l\u2019occasion de recevoir les codirecteurs de l\u2019ensemble Caf\u00e9 Zimmerman, la claveciniste <strong>C\u00e9line Frisch<\/strong> et le violoniste <strong>Pablo Valetti<\/strong>, qui seront \u00e0 la fois chefs et solistes invit\u00e9s. Le claveciniste <strong>Hank Knox<\/strong> sera aussi soliste invit\u00e9. Au programme : des concertos de Jean-S\u00e9bastien et de Carl Philip Emmanuel Bach, ainsi que la Symphonie en fa majeur de Wilhelm Friedrich Bach.<\/p>\n<p>\u00ab Le Caf\u00e9 Zimmerman est un ensemble que je suis et que j\u2019adore depuis des ann\u00e9es. On se sert du pr\u00e9texte du nom de leur ensemble pour ce concert. Dans une programmation comme la n\u00f4tre, la musique de Bach se doit d\u2019\u00eatre pr\u00e9sent\u00e9e au moins une fois par an, ce concert sera notre hommage. \u00bb<\/p>\n<p>Le concert suivant, les 30 avril, 1er et 2 mai, d\u00e9montrera le parti pris de <strong>Mathieu Lussier<\/strong> pour la musique fran\u00e7aise, ainsi que son int\u00e9r\u00eat pour les compositrices avec de la musique d\u2019\u00c9lizabeth-Claude Jacquet de la Guerre, de Julie Pinel et de Mademoiselle Duval, aux c\u00f4t\u00e9s d\u2019extraits des Indes galantes et autres pi\u00e8ces de Jean-Philippe Rameau.<\/p>\n<p>\u00ab Il y a un travail formidable qui se fait au Centre de musique baroque de Versailles depuis trente ans pour la revalorisation du patrimoine musical baroque fran\u00e7ais. Au Qu\u00e9bec, c\u2019est aussi notre patrimoine culturel, et les ensembles qu\u00e9b\u00e9cois en font, mais pas \u00e9norm\u00e9ment. J\u2019ai envie qu\u2019Arion soit un porte-\u00e9tendard du r\u00e9pertoire fran\u00e7ais du XVIIIe si\u00e8cle. Ce programme le met de l\u2019avant, mais c\u2019est aussi un effort pour la diversit\u00e9 et la parit\u00e9. Il y avait une activit\u00e9 de compositrices \u00e0 cette \u00e9poque, des noms qui ont \u00e9t\u00e9 dans l\u2019ombre de Rameau. \u00bb<\/p>\n<h2>La Clemenza di Tito au Festival Classica<\/h2>\n<p>Une version concert avec narration de <strong><em>La Clemenza di Tito<\/em><\/strong>, de Mozart, sera pr\u00e9sent\u00e9e hors-saison dans le cadre du <strong>Festival Classica<\/strong> 2020, les 1er et 3 juin, avec Arion, <strong>Catherine Perrin<\/strong> \u00e0 la narration et les solistes invit\u00e9s <strong>J\u00e9r\u00e9my Duffau, Cl\u00e9mence Tilquin, Juliette Raffin, Florence Bourget, Pauline Sabatier et Marc Boucher.<\/strong><\/p>\n<p>D&rsquo;autre part, Arion donnera \u00e9galement des concerts dans le cadre de sa \u00ab\u00a0S\u00e9rie montr\u00e9alaise\u00a0\u00bb le 4 novembre \u00e0 Boucherville (\u00c9glise Sainte-Famille), le 7 janvier 2021 \u00e0 la salle Pauline-Julien de Sainte-Genevi\u00e8ve et le 4 mars 2021 au Th\u00e9\u00e2tre de la Ville de Longueuil.<\/p>\n<p><a href=\"https:\/\/www.arionbaroque.com\/fr\/concerts\/saison-2020-2021\" target=\"_blank\" rel=\"noopener noreferrer\">VOIR TOUS LES D\u00c9TAILS DE LA SAISON 2020-2021 D&rsquo;ARION<\/a><\/p>\n<p>&nbsp;<\/p>\n<h2>LIRE AUSSI:<\/h2>\n<p>&nbsp;<\/p>\n<blockquote class=\"wp-embedded-content\" data-secret=\"UigAnCyUl6\"><p><a href=\"https:\/\/www.ludwig-van.com\/montreal\/2020\/02\/26\/nouvelle-neuvieme-de-beethoven-parc-olympique-1500-choristes-saluer-depart-de-kent-nagano\/\">NOUVELLE | La Neuvi\u00e8me de Beethoven au Parc olympique avec 1500 choristes pour saluer le d\u00e9part de Kent Nagano<\/a><\/p><\/blockquote>\n<p><iframe title=\"\u00ab\u00a0NOUVELLE | La Neuvi\u00e8me de Beethoven au Parc olympique avec 1500 choristes pour saluer le d\u00e9part de Kent Nagano\u00a0\u00bb &#8212; Ludwig Van Montreal\" class=\"wp-embedded-content\" sandbox=\"allow-scripts\" security=\"restricted\" style=\"position: absolute; clip: rect(1px, 1px, 1px, 1px);\" src=\"https:\/\/www.ludwig-van.com\/montreal\/2020\/02\/26\/nouvelle-neuvieme-de-beethoven-parc-olympique-1500-choristes-saluer-depart-de-kent-nagano\/embed\/#?secret=UigAnCyUl6\" data-secret=\"UigAnCyUl6\" width=\"600\" height=\"338\" frameborder=\"0\" marginwidth=\"0\" marginheight=\"0\" scrolling=\"no\"><\/iframe><\/p>\n<p>&nbsp;<\/p>\n<p>&nbsp;<\/p>\n<p>&nbsp;<\/p>\n<p>&nbsp;<\/p>\n<p>`<\/p>\n","protected":false},"excerpt":{"rendered":"<p>Quand on entend Arion, le jeu de l\u2019orchestre baroque d\u00e9borde tellement d\u2019entrain et de vie qu&rsquo;il nous communique une vigueur et une folie adolescentes. Ce sera pourtant (d\u00e9j\u00e0!) sa 40e saison en 2020-2021. Pour souligner cet anniversaire, Arion se permet la Maison symphonique, en collaboration avec le Studio de musique ancienne de Montr\u00e9al, pour lancer sa saison 20-21<\/p>\n","protected":false},"author":51,"featured_media":64129,"comment_status":"open","ping_status":"open","sticky":false,"template":"","format":"standard","meta":{"om_disable_all_campaigns":false,"jetpack_post_was_ever_published":false},"categories":[37357,10956,10992,38239],"tags":[15468,2047,5959,16743,11137],"yst_prominent_words":[38229,38227,18138,38232,38231,29274,38238,38228,7202,38237,38236,9869,10304,38235,38234,9811,10652,11327,23189,11079],"acf":[],"jetpack_featured_media_url":"https:\/\/www.ludwig-van.com\/montreal\/wp-content\/uploads\/sites\/3\/2020\/03\/Mathieu-Lussier-Arion-cover.jpg","jetpack_sharing_enabled":true,"jetpack_shortlink":"https:\/\/wp.me\/p9bdYt-gGk","amp_enabled":true,"_links":{"self":[{"href":"https:\/\/www.ludwig-van.com\/montreal\/wp-json\/wp\/v2\/posts\/64128"}],"collection":[{"href":"https:\/\/www.ludwig-van.com\/montreal\/wp-json\/wp\/v2\/posts"}],"about":[{"href":"https:\/\/www.ludwig-van.com\/montreal\/wp-json\/wp\/v2\/types\/post"}],"author":[{"embeddable":true,"href":"https:\/\/www.ludwig-van.com\/montreal\/wp-json\/wp\/v2\/users\/51"}],"replies":[{"embeddable":true,"href":"https:\/\/www.ludwig-van.com\/montreal\/wp-json\/wp\/v2\/comments?post=64128"}],"version-history":[{"count":1,"href":"https:\/\/www.ludwig-van.com\/montreal\/wp-json\/wp\/v2\/posts\/64128\/revisions"}],"predecessor-version":[{"id":64130,"href":"https:\/\/www.ludwig-van.com\/montreal\/wp-json\/wp\/v2\/posts\/64128\/revisions\/64130"}],"wp:featuredmedia":[{"embeddable":true,"href":"https:\/\/www.ludwig-van.com\/montreal\/wp-json\/wp\/v2\/media\/64129"}],"wp:attachment":[{"href":"https:\/\/www.ludwig-van.com\/montreal\/wp-json\/wp\/v2\/media?parent=64128"}],"wp:term":[{"taxonomy":"category","embeddable":true,"href":"https:\/\/www.ludwig-van.com\/montreal\/wp-json\/wp\/v2\/categories?post=64128"},{"taxonomy":"post_tag","embeddable":true,"href":"https:\/\/www.ludwig-van.com\/montreal\/wp-json\/wp\/v2\/tags?post=64128"},{"taxonomy":"yst_prominent_words","embeddable":true,"href":"https:\/\/www.ludwig-van.com\/montreal\/wp-json\/wp\/v2\/yst_prominent_words?post=64128"}],"curies":[{"name":"wp","href":"https:\/\/api.w.org\/{rel}","templated":true}]}}