{"id":64097,"date":"2020-02-27T10:37:58","date_gmt":"2020-02-27T15:37:58","guid":{"rendered":"https:\/\/www.ludwig-van.com\/montreal\/?p=64097"},"modified":"2020-02-27T10:37:58","modified_gmt":"2020-02-27T15:37:58","slug":"opera-la-vie-parisienne-a-luniversite-de-montreal","status":"publish","type":"post","link":"https:\/\/www.ludwig-van.com\/montreal\/2020\/02\/27\/opera-la-vie-parisienne-a-luniversite-de-montreal\/","title":{"rendered":"OP\u00c9RA | La Vie Parisienne \u00e0 l&rsquo;Universit\u00e9 de Montr\u00e9al"},"content":{"rendered":"<p style=\"text-align: center;\"><img decoding=\"async\" loading=\"lazy\" class=\"aligncenter size-full wp-image-64045\" src=\"https:\/\/www.ludwig-van.com\/montreal\/wp-content\/uploads\/sites\/3\/2020\/02\/Vie-parisienne.jpg\" alt=\"\" width=\"1200\" height=\"675\" srcset=\"https:\/\/www.ludwig-van.com\/montreal\/wp-content\/uploads\/sites\/3\/2020\/02\/Vie-parisienne.jpg 1200w, https:\/\/www.ludwig-van.com\/montreal\/wp-content\/uploads\/sites\/3\/2020\/02\/Vie-parisienne-300x169.jpg 300w, https:\/\/www.ludwig-van.com\/montreal\/wp-content\/uploads\/sites\/3\/2020\/02\/Vie-parisienne-1024x576.jpg 1024w, https:\/\/www.ludwig-van.com\/montreal\/wp-content\/uploads\/sites\/3\/2020\/02\/Vie-parisienne-768x432.jpg 768w\" sizes=\"(max-width: 1200px) 100vw, 1200px\" \/><\/p>\n<p>Montr\u00e9al, le 27 f\u00e9vrier 2020 \u2013 La Facult\u00e9 de musique de l&rsquo;Universit\u00e9 de Montr\u00e9al est heureuse de pr\u00e9senter <em>La vie parisienne<\/em> de Jacques Offenbach, grande production de l&rsquo;<strong>Atelier d&rsquo;op\u00e9ra et de l&rsquo;Orchestre de l&rsquo;Universit\u00e9 de Montr\u00e9al.<\/strong><\/p>\n<p>D\u00e8s sa cr\u00e9ation en 1866 au Th\u00e9\u00e2tre du Palais-Royal \u00e0 Paris, cet op\u00e9ra-bouffe d&rsquo;Offenbach est un triomphe sur toute la ligne. La musique enchante et la caricature amuse le public. Le succ\u00e8s est tel que pas moins de 265 repr\u00e9sentations seront donn\u00e9es \u00e0 Paris entre octobre 1866 et juillet 1867 !<\/p>\n<p>&nbsp;<\/p>\n<blockquote><p>\u00ab L&rsquo;oeuvre est d&rsquo;une facture ouvertement commerciale, r\u00e9pondant aux besoins en divertissement d&rsquo;une foule nombreuse et internationale qui envahit Paris \u00e0 l&rsquo;occasion de l&rsquo;Exposition universelle de 1867. Non seulement La vie parisienne conna\u00eet-elle un succ\u00e8s sans pr\u00e9c\u00e9dent, mais elle se transforme en symbole de la gaiet\u00e9 \u00ab\u00a0Second Empire\u00a0\u00bb &#8211; Jean-Fran\u00e7ois Rivest, direction musicale<\/p><\/blockquote>\n<p>&nbsp;<\/p>\n<p>\u00ab Le clich\u00e9 veut qu\u2019on d\u00e9crive la musique d\u2019op\u00e9rette, et particuli\u00e8rement celle de Jacques Offenbach, comme du champagne, dit <strong>Alain Gauthier<\/strong>, metteur en sc\u00e8ne. L\u2019analogie, m\u00eame si elle n\u2019est pas d\u00e9pourvue d\u2019attrait, semble toutefois un peu r\u00e9ductrice. Il faudrait plut\u00f4t parler ici d\u2019une cave bien garnie avec des vins de toutes provenance, allant du petit rouge facile \u00e0 boire aux liqueurs les plus fines. Pr\u00e9parer une op\u00e9rette avec de jeunes artistes en formation, c\u2019est leur offrir une occasion unique de d\u00e9couvrir toutes les \u00ab\u00a0pastilles de go\u00fbt\u00a0\u00bb de ce cellier de r\u00eave. \u00bb<\/p>\n<p><strong>Jeudi 27 f\u00e9vrier, 19 h 30<\/strong><br \/>\n<strong>Vendredi 28 f\u00e9vrier, 19 h 30<\/strong><br \/>\n<strong>samedi 29 f\u00e9vrier, 19 h 30<\/strong><br \/>\n<strong>Salle Claude-Champagne<\/strong><\/p>\n<p>Atelier d&rsquo;op\u00e9ra de l&rsquo;Universit\u00e9 de Montr\u00e9al<br \/>\nOrchestre de l&rsquo;Universit\u00e9 de Montr\u00e9al<br \/>\nJean-Fran\u00e7ois Rivest, direction musicale<br \/>\nRobin Wheeler, direction de l&rsquo;Atelier d&rsquo;op\u00e9ra<br \/>\nAlain Gauthier, mise en sc\u00e8ne<\/p>\n<p>Conception : Pierre-Luc Boudreau, No\u00eblle-\u00c9milie Desbiens, Pierre Lafontaine, Carl Pelletier et Renaud Pettigrew<\/p>\n<p><a href=\"https:\/\/musiqueumontreal.tuxedobillet.com\/main\/la-vie-parisienne-de-jacques-offenbach?fbclid=IwAR3lmXJCmohg1DQYnCOlpjo3IpFXur9DY7cyCKQLaLPPRziBpL4pS4lYQ1s\" target=\"_blank\" rel=\"noopener noreferrer\">ACHETER DES BILLETS POUR CETTE PRODUCTION<\/a><\/p>\n","protected":false},"excerpt":{"rendered":"<p>La Facult\u00e9 de musique de l&rsquo;Universit\u00e9 de Montr\u00e9al est heureuse de pr\u00e9senter La vie parisienne de Jacques Offenbach, grande production de l&rsquo;Atelier d&rsquo;op\u00e9ra et de l&rsquo;Orchestre de l&rsquo;Universit\u00e9 de Montr\u00e9al.<\/p>\n","protected":false},"author":1,"featured_media":64098,"comment_status":"open","ping_status":"open","sticky":false,"template":"","format":"standard","meta":{"om_disable_all_campaigns":false,"jetpack_post_was_ever_published":false},"categories":[37357,10956,19],"tags":[4135,35505,38180,19246],"yst_prominent_words":[9878,9863,38176,21249,38177,38179,17017,16849,16844,16842,9877,26146,11490,38174,38173,10207,7694,38178,38175,37699],"acf":[],"jetpack_featured_media_url":"https:\/\/www.ludwig-van.com\/montreal\/wp-content\/uploads\/sites\/3\/2020\/02\/Vie-Parisienne-cover.jpg","jetpack_sharing_enabled":true,"jetpack_shortlink":"https:\/\/wp.me\/p9bdYt-gFP","amp_enabled":true,"_links":{"self":[{"href":"https:\/\/www.ludwig-van.com\/montreal\/wp-json\/wp\/v2\/posts\/64097"}],"collection":[{"href":"https:\/\/www.ludwig-van.com\/montreal\/wp-json\/wp\/v2\/posts"}],"about":[{"href":"https:\/\/www.ludwig-van.com\/montreal\/wp-json\/wp\/v2\/types\/post"}],"author":[{"embeddable":true,"href":"https:\/\/www.ludwig-van.com\/montreal\/wp-json\/wp\/v2\/users\/1"}],"replies":[{"embeddable":true,"href":"https:\/\/www.ludwig-van.com\/montreal\/wp-json\/wp\/v2\/comments?post=64097"}],"version-history":[{"count":4,"href":"https:\/\/www.ludwig-van.com\/montreal\/wp-json\/wp\/v2\/posts\/64097\/revisions"}],"predecessor-version":[{"id":64102,"href":"https:\/\/www.ludwig-van.com\/montreal\/wp-json\/wp\/v2\/posts\/64097\/revisions\/64102"}],"wp:featuredmedia":[{"embeddable":true,"href":"https:\/\/www.ludwig-van.com\/montreal\/wp-json\/wp\/v2\/media\/64098"}],"wp:attachment":[{"href":"https:\/\/www.ludwig-van.com\/montreal\/wp-json\/wp\/v2\/media?parent=64097"}],"wp:term":[{"taxonomy":"category","embeddable":true,"href":"https:\/\/www.ludwig-van.com\/montreal\/wp-json\/wp\/v2\/categories?post=64097"},{"taxonomy":"post_tag","embeddable":true,"href":"https:\/\/www.ludwig-van.com\/montreal\/wp-json\/wp\/v2\/tags?post=64097"},{"taxonomy":"yst_prominent_words","embeddable":true,"href":"https:\/\/www.ludwig-van.com\/montreal\/wp-json\/wp\/v2\/yst_prominent_words?post=64097"}],"curies":[{"name":"wp","href":"https:\/\/api.w.org\/{rel}","templated":true}]}}