{"id":64089,"date":"2020-02-25T17:08:28","date_gmt":"2020-02-25T22:08:28","guid":{"rendered":"https:\/\/www.ludwig-van.com\/montreal\/?p=64089"},"modified":"2020-02-25T17:08:28","modified_gmt":"2020-02-25T22:08:28","slug":"concert-eolo-e-orfeo-rencontre-vents-cordes","status":"publish","type":"post","link":"https:\/\/www.ludwig-van.com\/montreal\/2020\/02\/25\/concert-eolo-e-orfeo-rencontre-vents-cordes\/","title":{"rendered":"CONCERT | Eolo e Orfeo : rencontre des vents et des cordes!"},"content":{"rendered":"<figure id=\"attachment_64090\" aria-describedby=\"caption-attachment-64090\" style=\"width: 1200px\" class=\"wp-caption aligncenter\"><img decoding=\"async\" loading=\"lazy\" class=\"size-full wp-image-64090\" src=\"https:\/\/www.ludwig-van.com\/montreal\/wp-content\/uploads\/sites\/3\/2020\/02\/Flute-alors-cover.jpg\" alt=\"\" width=\"1200\" height=\"628\" srcset=\"https:\/\/www.ludwig-van.com\/montreal\/wp-content\/uploads\/sites\/3\/2020\/02\/Flute-alors-cover.jpg 1200w, https:\/\/www.ludwig-van.com\/montreal\/wp-content\/uploads\/sites\/3\/2020\/02\/Flute-alors-cover-300x157.jpg 300w, https:\/\/www.ludwig-van.com\/montreal\/wp-content\/uploads\/sites\/3\/2020\/02\/Flute-alors-cover-1024x536.jpg 1024w, https:\/\/www.ludwig-van.com\/montreal\/wp-content\/uploads\/sites\/3\/2020\/02\/Flute-alors-cover-768x402.jpg 768w\" sizes=\"(max-width: 1200px) 100vw, 1200px\" \/><figcaption id=\"caption-attachment-64090\" class=\"wp-caption-text\">Fl\u00fbte Alors! (Photo: Danylo Bobyk)<\/figcaption><\/figure>\n<p><a href=\"https:\/\/www.ludwig-van.com\/montreal\/directory\/flute-alors\/\" target=\"_blank\" rel=\"noopener noreferrer\">Fl\u00fbte Alors!<\/a>, le seul quatuor de fl\u00fbtes \u00e0 bec au Canada, et Les Voix humaines, ensemble charmant les auditoires du monde entier depuis plus de 30 ans, s\u2019unissent pour la pr\u00e9sentation du concert \u00ab Eolo et Orfeo \u00bb, pr\u00e9sent\u00e9 le samedi 29 f\u00e9vrier, \u00e0 20h, \u00e0 la Chapelle Notre-Dame-de-Bon-Secours.<\/p>\n<h3>Eolo e Orfeo : rencontre des vents et des cordes!<\/h3>\n<p>\u00c9ole : dans la mythologie grecque, \u00c9ole est le ma\u00eetre et le r\u00e9gisseur des vents<br \/>\nOrf\u00e9e : h\u00e9ros de la mythologie grecque, Orf\u00e9e jouait de la lyre, instrument qui serait le lointain pr\u00e9d\u00e9cesseur de la viole<\/p>\n<p>Lors de ce concert pr\u00e9sent\u00e9 dans le cadre de la saison montr\u00e9alaise 2019-2020 de Fl\u00fbte Alors!, les cordes et les vents se courtisent, se font la guerre et se r\u00e9concilient. Les deux ensembles poursuivent le m\u00eame objectif : faire conna\u00eetre et revivre le riche r\u00e9pertoire de musique d\u2019ensemble pour leur instrument. Les trajectoires des deux groupes sont ax\u00e9es sur la recherche, l\u2019innovation, l\u2019improvisation et la programmation de concerts dynamiques et originaux.<\/p>\n<p>En compagnie du luthiste <strong>Sylvain Bergeron<\/strong> et du harpiste <strong>Antoine Malette-Ch\u00e9nier<\/strong>,<strong> Fl\u00fbte Alors!<\/strong> et <strong>Les Voix humaines<\/strong> exploreront les \u0153uvres de la Renaissance italienne. Au programme, des \u0153uvres de compositeurs du 16e si\u00e8cle : Girolamo Dalla Casa, Giovanni Gabrieli, Carlo Gesualdo, Giovanni Battista Grillo, Giovanni Picchi, et plusieurs autres.<\/p>\n<p>C\u2019est \u00e9galement lors de ce concert que sera cr\u00e9\u00e9e une nouvelle \u0153uvre pour quatre fl\u00fbtes \u00e0 bec et quatre violes de gambe du compositeur montr\u00e9alais <strong>Fran\u00e7ois-Hugues Leclair.<\/strong> La pi\u00e8ce, intitul\u00e9e \u00ab Ultimo orizzonte \u00bb, est inspir\u00e9e du po\u00e8me \u00ab L\u2019infinito \u00bb de Giacomo Leopardi et fait le pont entre la musique italienne du 16e si\u00e8cle et l\u2019\u00e9criture contemporaine.<\/p>\n<p><a href=\"http:\/\/flutealors.com\/concerts\/\" target=\"_blank\" rel=\"noopener noreferrer\">ACHETER DES BILLETS POUR CE CONCERT<\/a><\/p>\n<p>&nbsp;<\/p>\n<figure id=\"attachment_62535\" aria-describedby=\"caption-attachment-62535\" style=\"width: 1200px\" class=\"wp-caption aligncenter\"><img decoding=\"async\" loading=\"lazy\" class=\"size-full wp-image-62535\" src=\"https:\/\/www.ludwig-van.com\/montreal\/wp-content\/uploads\/sites\/3\/2018\/11\/redim_Flu\u0302te-Alors-photo-officielle-1-cre\u0301dit-Julien-Fauge\u0300re.jpg\" alt=\"Flu\u0302te Alors! (Photo : Julien Fauge\u0300re)\" width=\"1200\" height=\"774\" srcset=\"https:\/\/www.ludwig-van.com\/montreal\/wp-content\/uploads\/sites\/3\/2018\/11\/redim_Flu\u0302te-Alors-photo-officielle-1-cre\u0301dit-Julien-Fauge\u0300re.jpg 1200w, https:\/\/www.ludwig-van.com\/montreal\/wp-content\/uploads\/sites\/3\/2018\/11\/redim_Flu\u0302te-Alors-photo-officielle-1-cre\u0301dit-Julien-Fauge\u0300re-300x194.jpg 300w, https:\/\/www.ludwig-van.com\/montreal\/wp-content\/uploads\/sites\/3\/2018\/11\/redim_Flu\u0302te-Alors-photo-officielle-1-cre\u0301dit-Julien-Fauge\u0300re-768x495.jpg 768w, https:\/\/www.ludwig-van.com\/montreal\/wp-content\/uploads\/sites\/3\/2018\/11\/redim_Flu\u0302te-Alors-photo-officielle-1-cre\u0301dit-Julien-Fauge\u0300re-1024x660.jpg 1024w\" sizes=\"(max-width: 1200px) 100vw, 1200px\" \/><figcaption id=\"caption-attachment-62535\" class=\"wp-caption-text\">Flu\u0302te Alors! (Photo : Julien Fauge\u0300re)<\/figcaption><\/figure>\n<h3>\u00c0 propos des artistes :<\/h3>\n<p><strong>Fl\u00fbte Alors!<\/strong><\/p>\n<p>Ensemble dynamique et polyvalent, <a href=\"https:\/\/www.ludwig-van.com\/montreal\/directory\/flute-alors\/\" target=\"_blank\" rel=\"noopener noreferrer\">Fl\u00fbte Alors\u2009!<\/a> est compos\u00e9 de quatre fl\u00fbtistes \u00e0 bec de la nouvelle g\u00e9n\u00e9ration. Depuis plusieurs ann\u00e9es, l\u2019ensemble r\u00e9colte prix et nominations tant au niveau national qu\u2019international. L\u2019ensemble est l\u2019invit\u00e9 de nombreux festivals au Canada et s\u2019est produit en Allemagne, en France et aux \u00c9tats-Unis. <a href=\"https:\/\/www.ludwig-van.com\/montreal\/directory\/flute-alors\/\" target=\"_blank\" rel=\"noopener noreferrer\">Fl\u00fbte Alors\u2009!<\/a> a \u00e9galement parcouru le Canada dans le cadre de tourn\u00e9es Jeunesses Musicales Canada (2012\u20132013), D\u00e9but Atlantique (2013\u20132014) et Prairie Debut (2016\u20132017). Le quatuor parcourt actuellement l\u2019est du pays avec son spectacle jeunesse intitul\u00e9 \u00ab Les athl\u00e8tes de la fl\u00fbte \u00e0 bec \u00bb coproduit avec les Jeunesses Musicales Canada.<\/p>\n<p>D\u00e9di\u00e9 \u00e0 faire conna\u00eetre le riche r\u00e9pertoire de la fl\u00fbte \u00e0 bec, <a href=\"https:\/\/www.ludwig-van.com\/montreal\/directory\/flute-alors\/\" target=\"_blank\" rel=\"noopener noreferrer\">Fl\u00fbte Alors\u2009!<\/a> produit une s\u00e9rie de concerts \u00e0 Montr\u00e9al lors desquels se c\u00f4toient musiques m\u00e9di\u00e9vale, Renaissance, baroque, contemporaine et jazz\u2009! L\u2019ensemble collabore avec divers artistes, commande r\u00e9guli\u00e8rement des \u0153uvres \u00e0 de jeunes compositeurs en plus de pr\u00e9senter ses propres arrangements d\u2019\u0153uvres choisies.<\/p>\n<p>Les prestations de <a href=\"https:\/\/www.ludwig-van.com\/montreal\/directory\/flute-alors\/\" target=\"_blank\" rel=\"noopener noreferrer\">Fl\u00fbte Alors\u2009!<\/a> se r\u00e9v\u00e8lent donc un v\u00e9ritable voyage dans le temps et \u00e0 travers les \u00e9poques, un bouquet de saveurs, une palette de couleurs, un p\u00e9riple \u00e9clat\u00e9 pour le plaisir et l\u2019\u00e9merveillement de tous publics.<\/p>\n<p><a href=\"https:\/\/www.ludwig-van.com\/montreal\/directory\/flute-alors\/\" target=\"_blank\" rel=\"noopener noreferrer\">VISITEZ LA PAGE-MEMBRE LVM DE FL\u00dbTE ALORS!<\/a><\/p>\n<p>&nbsp;<\/p>\n<figure id=\"attachment_58217\" aria-describedby=\"caption-attachment-58217\" style=\"width: 1024px\" class=\"wp-caption aligncenter\"><img decoding=\"async\" loading=\"lazy\" class=\"size-full wp-image-58217\" src=\"https:\/\/www.ludwig-van.com\/montreal\/wp-content\/uploads\/sites\/3\/2019\/01\/Consort-VH-photo-Tobias-Haynes-PHOTO-PRINCIPALE.jpg\" alt=\"Consort Les Voix humaines\" width=\"1024\" height=\"568\" srcset=\"https:\/\/www.ludwig-van.com\/montreal\/wp-content\/uploads\/sites\/3\/2019\/01\/Consort-VH-photo-Tobias-Haynes-PHOTO-PRINCIPALE.jpg 1024w, https:\/\/www.ludwig-van.com\/montreal\/wp-content\/uploads\/sites\/3\/2019\/01\/Consort-VH-photo-Tobias-Haynes-PHOTO-PRINCIPALE-300x166.jpg 300w, https:\/\/www.ludwig-van.com\/montreal\/wp-content\/uploads\/sites\/3\/2019\/01\/Consort-VH-photo-Tobias-Haynes-PHOTO-PRINCIPALE-768x426.jpg 768w\" sizes=\"(max-width: 1024px) 100vw, 1024px\" \/><figcaption id=\"caption-attachment-58217\" class=\"wp-caption-text\">Les Voix humaines. (Photo : Tobias Haynes)<\/figcaption><\/figure>\n<h3>Les Voix humaines<\/h3>\n<p>En 2007, M\u00e9lisande Corriveau et Felix Deak se sont joints au duo d\u2019origine (Susie Napper et Margaret Little) pour former le Consort de violes des <strong>Voix humaines<\/strong>, afin de jeter un regard nouveau sur l\u2019immense r\u00e9pertoire pour plusieurs violes. Nos id\u00e9es uniques et audacieuses pr\u00e9sentent un nouveau profil du jeu en consort, o\u00f9 la libert\u00e9 rythmique et l\u2019ornementation jouent un r\u00f4le de premier plan.<\/p>\n<p>Outre les monuments du r\u00e9pertoire anglais pour consort, L\u2019Art de la fugue de Bach et les Fantasias de Purcell, le Consort joue des bijoux m\u00e9connus de Cima, Trabaci, Lupo, Moulinier et Charpentier, \u00e0 qui ses membres apportent toutes leurs ann\u00e9es d\u2019exp\u00e9rience et d\u2019exp\u00e9rimentation sur la viole, la fl\u00fbte \u00e0 bec, le violon et la basse de violon!<\/p>\n<p>Le Consort s\u2019est produit en tourn\u00e9e au Canada, au Mexique, en France, en Scandinavie, en Pologne et dans les pays baltes; il a enregistr\u00e9 L\u2019Art de la fugue de Bach, les Fantasias de Purcell et les Lachrimae de Dowland, de m\u00eame que son propre arrangement inhabituel des Quattro Stagioni de Vivaldi pour violes \u00e9gales : 4 Saisons, 4 Violes.<\/p>\n<figure id=\"attachment_64091\" aria-describedby=\"caption-attachment-64091\" style=\"width: 1200px\" class=\"wp-caption aligncenter\"><img decoding=\"async\" loading=\"lazy\" class=\"size-full wp-image-64091\" src=\"https:\/\/www.ludwig-van.com\/montreal\/wp-content\/uploads\/sites\/3\/2020\/02\/Sylvain-Bergeron-photo-credit-Guillaume-D.-Cyr-redim.jpg\" alt=\"\" width=\"1200\" height=\"559\" srcset=\"https:\/\/www.ludwig-van.com\/montreal\/wp-content\/uploads\/sites\/3\/2020\/02\/Sylvain-Bergeron-photo-credit-Guillaume-D.-Cyr-redim.jpg 1200w, https:\/\/www.ludwig-van.com\/montreal\/wp-content\/uploads\/sites\/3\/2020\/02\/Sylvain-Bergeron-photo-credit-Guillaume-D.-Cyr-redim-300x140.jpg 300w, https:\/\/www.ludwig-van.com\/montreal\/wp-content\/uploads\/sites\/3\/2020\/02\/Sylvain-Bergeron-photo-credit-Guillaume-D.-Cyr-redim-1024x477.jpg 1024w, https:\/\/www.ludwig-van.com\/montreal\/wp-content\/uploads\/sites\/3\/2020\/02\/Sylvain-Bergeron-photo-credit-Guillaume-D.-Cyr-redim-768x358.jpg 768w\" sizes=\"(max-width: 1200px) 100vw, 1200px\" \/><figcaption id=\"caption-attachment-64091\" class=\"wp-caption-text\">Sylvain Bergeron (Photo: Guillaume D. Cyr)<\/figcaption><\/figure>\n<h3>Sylvain Bergeron<\/h3>\n<p>Consid\u00e9r\u00e9 comme \u00ab un musicien supr\u00eamement raffin\u00e9, \u00e9l\u00e9gant et c\u00e9r\u00e9bral \u00bb (Ottawa Citizen), <strong>Sylvain Bergeron<\/strong> est un ma\u00eetre du luth et de la famille des instruments \u00e0 cordes pinc\u00e9es, dont le th\u00e9orbe, l\u2019archiluth et la guitare baroque. Il est tr\u00e8s en demande sur la sc\u00e8ne musicale nord-am\u00e9ricaine \u00e0 titre de soliste et continuiste. On lit dans le magazine The WholeNote que \u00ab Sylvain Bergeron est un musicien brillant qui tisse une tapisserie auditive inoubliable \u00bb. Cofondateur et codirecteur artistique de La Nef, M. Bergeron a dirig\u00e9 plusieurs productions prim\u00e9es de cet ensemble montr\u00e9alais depuis 1991.<\/p>\n<p>&nbsp;<\/p>\n<figure id=\"attachment_54389\" aria-describedby=\"caption-attachment-54389\" style=\"width: 1024px\" class=\"wp-caption aligncenter\"><img decoding=\"async\" loading=\"lazy\" class=\"size-full wp-image-54389\" src=\"https:\/\/www.ludwig-van.com\/montreal\/wp-content\/uploads\/sites\/3\/2018\/05\/Antoine-Malette-Che\u0301nier-photo-Kristan-Toczko.jpg\" alt=\"Antoine Malette-Ch\u00e9nier\" width=\"1024\" height=\"521\" srcset=\"https:\/\/www.ludwig-van.com\/montreal\/wp-content\/uploads\/sites\/3\/2018\/05\/Antoine-Malette-Che\u0301nier-photo-Kristan-Toczko.jpg 1024w, https:\/\/www.ludwig-van.com\/montreal\/wp-content\/uploads\/sites\/3\/2018\/05\/Antoine-Malette-Che\u0301nier-photo-Kristan-Toczko-300x153.jpg 300w, https:\/\/www.ludwig-van.com\/montreal\/wp-content\/uploads\/sites\/3\/2018\/05\/Antoine-Malette-Che\u0301nier-photo-Kristan-Toczko-768x391.jpg 768w\" sizes=\"(max-width: 1024px) 100vw, 1024px\" \/><figcaption id=\"caption-attachment-54389\" class=\"wp-caption-text\">Antoine Malette-Ch\u00e9nier. (Cr\u00e9dit: Kristan Toczko)<\/figcaption><\/figure>\n<h3>Antoine Malette-Ch\u00e9nier<\/h3>\n<p>Harpiste cr\u00e9atif et innovateur, <strong>Antoine Malette-Ch\u00e9nier<\/strong> joue un r\u00e9pertoire s&rsquo;\u00e9tendant de la Renaissance et du baroque, sur instruments d\u2019\u00e9poque, \u00e0 la musique contemporaine. Harpiste solo de l\u2019Orchestre symphonique de Trois-Rivi\u00e8res et musicien recherch\u00e9 pour sa polyvalence, il s\u2019est produit comme soliste, chambriste, et continuiste avec plusieurs ensembles au Canada et \u00e0 l\u2019\u00e9tranger, dont l&rsquo;Orchestre M\u00e9tropolitain, les Violons du Roy et le Nouvel Ensemble Moderne.<\/p>\n<p>Antoine est r\u00e9cipiendaire du Prix Michael Measures 2014 du Conseil des arts du Canada et d\u2019un 1er Prix au Concours OSM Standard Life 2013. Gagnant de maints concours de concerto, il s&rsquo;est produit comme soliste avec orchestre au Canada, aux \u00c9tats-Unis, en France et en Hongrie.<\/p>\n<p>Il fut artiste invit\u00e9 du Festival international de musique de chambre d&rsquo;Ottawa en 2007 et du 11e Congr\u00e8s international de Harpe \u00e0 Vancouver en 2011. Dipl\u00f4m\u00e9 du Conservatoire de musique de Trois-Rivi\u00e8res, de l&rsquo;Universit\u00e9 de Montr\u00e9al, de l\u2019Universit\u00e9 McGill et de la Yale School of Music, Antoine d\u00e9tient aussi une maitrise en harpes historiques du Conservatoire National Sup\u00e9rieur de Musique et de Danse de Lyon.<\/p>\n<p><strong>Eolo e Orfeo :<\/strong><br \/>\nSamedi, 29 f\u00e9vrier \u2013 20h<br \/>\nChapelle Notre Dame de Bon Secours<br \/>\n400 rue Saint-Paul Est, Vieux-Montr\u00e9al<\/p>\n<p>Admission<br \/>\n35$ R\u00e9gulier \/ 30$ A\u00een\u00e9 \/ 15$ \u00c9tudiant \/ Gratuit pour les enfants de 12 ans et moins accompagn\u00e9s d\u2019un adulte<\/p>\n<p><a href=\"http:\/\/flutealors.com\/concerts\/\" target=\"_blank\" rel=\"noopener noreferrer\">ACHETER DES BILLETS POUR CE CONCERT<\/a><\/p>\n<p><em>La publication de ce communiqu\u00e9 est un privil\u00e8ge r\u00e9serv\u00e9 aux membres de Ludwig van Montr\u00e9al. Pour savoir comment devenir membre, \u00e9crivez-nous \u00e0 caroline@ludwig-van.com\u00a0<\/em><\/p>\n","protected":false},"excerpt":{"rendered":"<p>Fl\u00fbte Alors!, le seul quatuor de fl\u00fbtes \u00e0 bec au Canada, et Les Voix humaines, ensemble charmant les auditoires du monde entier depuis plus de 30 ans, s\u2019unissent pour la pr\u00e9sentation du concert \u00ab Eolo et Orfeo \u00bb, pr\u00e9sent\u00e9 le samedi 29 f\u00e9vrier, \u00e0 20h, \u00e0 la Chapelle Notre-Dame-de-Bon-Secours. Eolo e Orfeo : rencontre des [&hellip;]<\/p>\n","protected":false},"author":1,"featured_media":64090,"comment_status":"open","ping_status":"open","sticky":false,"template":"","format":"standard","meta":{"om_disable_all_campaigns":false,"jetpack_post_was_ever_published":false},"categories":[37357,10956,74,19],"tags":[],"yst_prominent_words":[37986,18676,22841,24501,7070,38151,38150,38147,28867,11317,10366,11338,28866,10306,28862,38148,38149,38146,36366,28857],"acf":[],"jetpack_featured_media_url":"https:\/\/www.ludwig-van.com\/montreal\/wp-content\/uploads\/sites\/3\/2020\/02\/Flute-alors-cover.jpg","jetpack_sharing_enabled":true,"jetpack_shortlink":"https:\/\/wp.me\/p9bdYt-gFH","amp_enabled":true,"_links":{"self":[{"href":"https:\/\/www.ludwig-van.com\/montreal\/wp-json\/wp\/v2\/posts\/64089"}],"collection":[{"href":"https:\/\/www.ludwig-van.com\/montreal\/wp-json\/wp\/v2\/posts"}],"about":[{"href":"https:\/\/www.ludwig-van.com\/montreal\/wp-json\/wp\/v2\/types\/post"}],"author":[{"embeddable":true,"href":"https:\/\/www.ludwig-van.com\/montreal\/wp-json\/wp\/v2\/users\/1"}],"replies":[{"embeddable":true,"href":"https:\/\/www.ludwig-van.com\/montreal\/wp-json\/wp\/v2\/comments?post=64089"}],"version-history":[{"count":2,"href":"https:\/\/www.ludwig-van.com\/montreal\/wp-json\/wp\/v2\/posts\/64089\/revisions"}],"predecessor-version":[{"id":64093,"href":"https:\/\/www.ludwig-van.com\/montreal\/wp-json\/wp\/v2\/posts\/64089\/revisions\/64093"}],"wp:featuredmedia":[{"embeddable":true,"href":"https:\/\/www.ludwig-van.com\/montreal\/wp-json\/wp\/v2\/media\/64090"}],"wp:attachment":[{"href":"https:\/\/www.ludwig-van.com\/montreal\/wp-json\/wp\/v2\/media?parent=64089"}],"wp:term":[{"taxonomy":"category","embeddable":true,"href":"https:\/\/www.ludwig-van.com\/montreal\/wp-json\/wp\/v2\/categories?post=64089"},{"taxonomy":"post_tag","embeddable":true,"href":"https:\/\/www.ludwig-van.com\/montreal\/wp-json\/wp\/v2\/tags?post=64089"},{"taxonomy":"yst_prominent_words","embeddable":true,"href":"https:\/\/www.ludwig-van.com\/montreal\/wp-json\/wp\/v2\/yst_prominent_words?post=64089"}],"curies":[{"name":"wp","href":"https:\/\/api.w.org\/{rel}","templated":true}]}}