{"id":64044,"date":"2020-02-24T08:19:22","date_gmt":"2020-02-24T13:19:22","guid":{"rendered":"https:\/\/www.ludwig-van.com\/montreal\/?p=64044"},"modified":"2020-02-24T08:19:22","modified_gmt":"2020-02-24T13:19:22","slug":"choix-de-redaction-8-concerts-de-musique-classique-bien-finir-mois-de-fevrier","status":"publish","type":"post","link":"https:\/\/www.ludwig-van.com\/montreal\/2020\/02\/24\/choix-de-redaction-8-concerts-de-musique-classique-bien-finir-mois-de-fevrier\/","title":{"rendered":"CHOIX DE LA R\u00c9DACTION | 8 concerts de musique classique pour bien finir le mois de f\u00e9vrier"},"content":{"rendered":"<figure id=\"attachment_64046\" aria-describedby=\"caption-attachment-64046\" style=\"width: 1199px\" class=\"wp-caption aligncenter\"><img decoding=\"async\" loading=\"lazy\" class=\"size-full wp-image-64046\" src=\"https:\/\/www.ludwig-van.com\/montreal\/wp-content\/uploads\/sites\/3\/2020\/02\/cover-choix-24-fevrier.jpg\" alt=\"\" width=\"1199\" height=\"628\" srcset=\"https:\/\/www.ludwig-van.com\/montreal\/wp-content\/uploads\/sites\/3\/2020\/02\/cover-choix-24-fevrier.jpg 1199w, https:\/\/www.ludwig-van.com\/montreal\/wp-content\/uploads\/sites\/3\/2020\/02\/cover-choix-24-fevrier-300x157.jpg 300w, https:\/\/www.ludwig-van.com\/montreal\/wp-content\/uploads\/sites\/3\/2020\/02\/cover-choix-24-fevrier-1024x536.jpg 1024w, https:\/\/www.ludwig-van.com\/montreal\/wp-content\/uploads\/sites\/3\/2020\/02\/cover-choix-24-fevrier-768x402.jpg 768w\" sizes=\"(max-width: 1199px) 100vw, 1199px\" \/><figcaption id=\"caption-attachment-64046\" class=\"wp-caption-text\">Hank Knok, Fl\u00fbte alors! Narah Armaghanian, Janina Fialkowska, Bryan Cheng.<\/figcaption><\/figure>\n<p>F\u00e9vrier s&rsquo;ach\u00e8ve d\u00e9j\u00e0 et nous avons la t\u00eate remplie de musique. Cette semaine, les amateurs de piano seront particuli\u00e8rement choy\u00e9s avec plusieurs grands pianistes dans nos salles de concert. Voici nos choix de la r\u00e9daction du 24 f\u00e9vrier au 1er mars.<\/p>\n<h2>Trifonov \u00e0 Qu\u00e9bec<\/h2>\n<p>Apr\u00e8s Montr\u00e9al, c&rsquo;est au tour de Qu\u00e9bec de recevoir le fantastique pianiste russe, sur invitation du Club musical. <strong>Mercredi 26 f\u00e9vrier, 20 h, Palais Montcalm. <\/strong><a href=\"https:\/\/www.clubmusicaldequebec.com\/cmq\/index.php\/programmation\/saison-2019-2020\/daniil-trifonov\" target=\"_blank\" rel=\"noopener noreferrer\">D\u00c9TAILS<\/a><\/p>\n<p>&nbsp;<\/p>\n<figure id=\"attachment_52805\" aria-describedby=\"caption-attachment-52805\" style=\"width: 1024px\" class=\"wp-caption aligncenter\"><img decoding=\"async\" loading=\"lazy\" class=\"size-full wp-image-52805\" src=\"https:\/\/www.ludwig-van.com\/montreal\/wp-content\/uploads\/sites\/3\/2018\/03\/janina_fialkowska_JulienFaugere-web.jpg\" alt=\"Janina Fiallowska (Cr\u00e9dit: Julien Faug\u00e8re)\" width=\"1024\" height=\"683\" srcset=\"https:\/\/www.ludwig-van.com\/montreal\/wp-content\/uploads\/sites\/3\/2018\/03\/janina_fialkowska_JulienFaugere-web.jpg 1024w, https:\/\/www.ludwig-van.com\/montreal\/wp-content\/uploads\/sites\/3\/2018\/03\/janina_fialkowska_JulienFaugere-web-300x200.jpg 300w, https:\/\/www.ludwig-van.com\/montreal\/wp-content\/uploads\/sites\/3\/2018\/03\/janina_fialkowska_JulienFaugere-web-768x512.jpg 768w\" sizes=\"(max-width: 1024px) 100vw, 1024px\" \/><figcaption id=\"caption-attachment-52805\" class=\"wp-caption-text\">Janina Fiallowska (Cr\u00e9dit: Julien Faug\u00e8re)<\/figcaption><\/figure>\n<h2>Janina Fialkowska en r\u00e9cital<\/h2>\n<p>La pianiste canadienne <strong>Janina Fialkowska<\/strong> propose un r\u00e9cital substantiel cette semaine avec, en premi\u00e8re partie, de la musique fran\u00e7aise (Taillefer, Poulenc, Faur\u00e9, Debussy, Ravel) et en seconde partie, du Chopin. Le 26 f\u00e9vrier, 19 h 30, salle Bourgie. <a href=\"https:\/\/www.mbam.qc.ca\/achats-en-ligne\/concerts\/janina-fialkowska\/8684\/\" target=\"_blank\" rel=\"noopener noreferrer\">D\u00c9TAILS<\/a><\/p>\n<p>&nbsp;<\/p>\n<figure id=\"attachment_50349\" aria-describedby=\"caption-attachment-50349\" style=\"width: 700px\" class=\"wp-caption aligncenter\"><img decoding=\"async\" loading=\"lazy\" class=\"size-full wp-image-50349\" src=\"https:\/\/www.ludwig-van.com\/montreal\/wp-content\/uploads\/sites\/3\/2017\/12\/Hank-Knox_155-photo-Pierre-Charbonneau-calendar.jpg\" alt=\"Hank Knox\" width=\"700\" height=\"497\" srcset=\"https:\/\/www.ludwig-van.com\/montreal\/wp-content\/uploads\/sites\/3\/2017\/12\/Hank-Knox_155-photo-Pierre-Charbonneau-calendar.jpg 700w, https:\/\/www.ludwig-van.com\/montreal\/wp-content\/uploads\/sites\/3\/2017\/12\/Hank-Knox_155-photo-Pierre-Charbonneau-calendar-300x213.jpg 300w\" sizes=\"(max-width: 700px) 100vw, 700px\" \/><figcaption id=\"caption-attachment-50349\" class=\"wp-caption-text\">Hank Knox. (Photo: Pierre Charbonneau)<\/figcaption><\/figure>\n<h2>Bach chez Arion<\/h2>\n<p>Arion Orchestre baroque propose le concert \u00ab\u00a0Bach: Ombre et lumi\u00e8re\u00a0\u00bb dont Hans Knox sera le chef invit\u00e9 (et claveciniste). Solistes invit\u00e9es: Nuria Rial, soprano, et Claire Guimond, fl\u00fbte \u00e0 bec. Au programme, des suites et cantates de Bach. Ce concert est pr\u00e9sent\u00e9 trois fois: <strong>28 f\u00e9vrier, 19 h 30, 29 f\u00e9vrier, 16 h, et 1er mars, 14 h, salle Bourgie.<\/strong> <a href=\"https:\/\/www.arionbaroque.com\/fr\/bach-ombre-et-lumiere\" target=\"_blank\" rel=\"noopener noreferrer\">D\u00c9TAILS<\/a><\/p>\n<p>&nbsp;<\/p>\n<p style=\"text-align: center;\"><img decoding=\"async\" loading=\"lazy\" class=\"aligncenter size-full wp-image-64035\" src=\"https:\/\/www.ludwig-van.com\/montreal\/wp-content\/uploads\/sites\/3\/2020\/02\/jeux-cover.jpg\" alt=\"\" width=\"1200\" height=\"628\" srcset=\"https:\/\/www.ludwig-van.com\/montreal\/wp-content\/uploads\/sites\/3\/2020\/02\/jeux-cover.jpg 1200w, https:\/\/www.ludwig-van.com\/montreal\/wp-content\/uploads\/sites\/3\/2020\/02\/jeux-cover-300x157.jpg 300w, https:\/\/www.ludwig-van.com\/montreal\/wp-content\/uploads\/sites\/3\/2020\/02\/jeux-cover-1024x536.jpg 1024w, https:\/\/www.ludwig-van.com\/montreal\/wp-content\/uploads\/sites\/3\/2020\/02\/jeux-cover-768x402.jpg 768w\" sizes=\"(max-width: 1200px) 100vw, 1200px\" \/><\/p>\n<h2>Festival de musique de chambre: jeux de chaises<\/h2>\n<p>Le Festival de musique de chambre jeux de chaises se poursuit toute la semaine \u00e0 McGill et dans des salles de concerts voisines, avec plusieurs r\u00e9citals gratuits, jusqu&rsquo;au 29, o\u00f9 un marathon de musique de chambre aura lieu dans le cadre de la Nuit blanche. Pour plus de d\u00e9tails sur les concerts, <a href=\"https:\/\/www.ludwig-van.com\/montreal\/2020\/02\/20\/festivals-jeux-de-chaises-un-marathon-de-musique-de-chambre-a-mcgill-pour-la-nuit-blanche\/\" target=\"_blank\" rel=\"noopener noreferrer\">lisez cet article sur le festival.\u00a0<\/a><\/p>\n<p>&nbsp;<\/p>\n<figure id=\"attachment_50018\" aria-describedby=\"caption-attachment-50018\" style=\"width: 1024px\" class=\"wp-caption aligncenter\"><img decoding=\"async\" loading=\"lazy\" class=\"size-full wp-image-50018\" src=\"https:\/\/www.ludwig-van.com\/montreal\/wp-content\/uploads\/sites\/3\/2017\/11\/20171126-20h27m38s.jpg\" alt=\"L'Orchestre M\u00e9tropolitain a re\u00e7u un accueil chaleureux du public \u00e0 Dortmund, en Allemagne, point de d\u00e9part de sa tourn\u00e9e europ\u00e9enne. (Cr\u00e9dit: Fran\u00e7ois Goupil)\" width=\"1024\" height=\"612\" srcset=\"https:\/\/www.ludwig-van.com\/montreal\/wp-content\/uploads\/sites\/3\/2017\/11\/20171126-20h27m38s.jpg 1024w, https:\/\/www.ludwig-van.com\/montreal\/wp-content\/uploads\/sites\/3\/2017\/11\/20171126-20h27m38s-300x179.jpg 300w, https:\/\/www.ludwig-van.com\/montreal\/wp-content\/uploads\/sites\/3\/2017\/11\/20171126-20h27m38s-768x459.jpg 768w\" sizes=\"(max-width: 1024px) 100vw, 1024px\" \/><figcaption id=\"caption-attachment-50018\" class=\"wp-caption-text\">L&rsquo;Orchestre M\u00e9tropolitain. (Cr\u00e9dit: Fran\u00e7ois Goupil)<\/figcaption><\/figure>\n<h2>Orchestre M\u00e9tropolitain<\/h2>\n<p>L&rsquo;Orchestre M\u00e9tropolitain re\u00e7oit la chef chinoise <strong>Han-Na Chang<\/strong> et le violoniste <strong>Benjamin Beilman<\/strong>, laur\u00e9at du <strong>Concours musical international de Montr\u00e9al.<\/strong> Au programme, la Symphonie no 10 de Chostakovitch et le Concerto pour violon de Beethoven. <strong>Le 26 f\u00e9vrier, 19 h 30, \u00e0 LaSalle, et le 28 f\u00e9vrier, 19 h 30, \u00e0 la Maison symphonique<\/strong>. <a href=\"https:\/\/orchestremetropolitain.com\/fr\/concert\/han-na-chang-dirige-chostakovitch\/\" target=\"_blank\" rel=\"noopener noreferrer\">D\u00c9TAILS<\/a><\/p>\n<p>&nbsp;<\/p>\n<figure id=\"attachment_55207\" aria-describedby=\"caption-attachment-55207\" style=\"width: 840px\" class=\"wp-caption aligncenter\"><img decoding=\"async\" loading=\"lazy\" class=\"size-full wp-image-55207\" src=\"https:\/\/www.ludwig-van.com\/montreal\/wp-content\/uploads\/sites\/3\/2018\/07\/Bryan-Cheng-violoncelliste_cellist-1.jpg\" alt=\"Bryan Cheng, violoncelliste. (Photo : courtoisie de l'Agence Station Bleue)\" width=\"840\" height=\"630\" srcset=\"https:\/\/www.ludwig-van.com\/montreal\/wp-content\/uploads\/sites\/3\/2018\/07\/Bryan-Cheng-violoncelliste_cellist-1.jpg 840w, https:\/\/www.ludwig-van.com\/montreal\/wp-content\/uploads\/sites\/3\/2018\/07\/Bryan-Cheng-violoncelliste_cellist-1-300x225.jpg 300w, https:\/\/www.ludwig-van.com\/montreal\/wp-content\/uploads\/sites\/3\/2018\/07\/Bryan-Cheng-violoncelliste_cellist-1-768x576.jpg 768w\" sizes=\"(max-width: 840px) 100vw, 840px\" \/><figcaption id=\"caption-attachment-55207\" class=\"wp-caption-text\">Bryan Cheng, violoncelliste. (Photo : courtoisie de l&rsquo;Agence Station Bleue)<\/figcaption><\/figure>\n<h2>La Mer \u00e0 l&rsquo;OSM<\/h2>\n<p>Le chef invit\u00e9 <strong>Matthias Pintscher<\/strong> dirige <em>La Mer<\/em>, de Debussy, tandis que le merveilleux pianiste <strong>Emanuel Ax<\/strong> joue le Concerto no 20 en r\u00e9 mineur, K. 466 de Mozart. Le 27, en soir\u00e9e, un deuxi\u00e8me soliste invit\u00e9 se joint au concert: le violoncelliste <strong>Bryan Cheng<\/strong>, laur\u00e9at du Grand Prix du Concours OSM 2019, que l&rsquo;on entendra dans le Concerto pour violoncelle en si mineur, op. 104, de Dvo\u0159\u00e1k.<strong> Le 26 f\u00e9vrier, 20 h, le 27 f\u00e9vrier, 10 h 30, et le 27 f\u00e9vrier, 20 h, Maison symphonique. <\/strong><a href=\"https:\/\/www.osm.ca\/fr\/concerts\/matthias-pintscher-et-la-mer-de-debussy\/\" target=\"_blank\" rel=\"noopener noreferrer\">D\u00c9TAILS.\u00a0<\/a><\/p>\n<p>&nbsp;<\/p>\n<p style=\"text-align: center;\"><img decoding=\"async\" loading=\"lazy\" class=\"aligncenter size-full wp-image-64045\" src=\"https:\/\/www.ludwig-van.com\/montreal\/wp-content\/uploads\/sites\/3\/2020\/02\/Vie-parisienne.jpg\" alt=\"\" width=\"1200\" height=\"675\" srcset=\"https:\/\/www.ludwig-van.com\/montreal\/wp-content\/uploads\/sites\/3\/2020\/02\/Vie-parisienne.jpg 1200w, https:\/\/www.ludwig-van.com\/montreal\/wp-content\/uploads\/sites\/3\/2020\/02\/Vie-parisienne-300x169.jpg 300w, https:\/\/www.ludwig-van.com\/montreal\/wp-content\/uploads\/sites\/3\/2020\/02\/Vie-parisienne-1024x576.jpg 1024w, https:\/\/www.ludwig-van.com\/montreal\/wp-content\/uploads\/sites\/3\/2020\/02\/Vie-parisienne-768x432.jpg 768w\" sizes=\"(max-width: 1200px) 100vw, 1200px\" \/><\/p>\n<h2>La Vie Parisienne \u00e0 l&rsquo;UdeM<\/h2>\n<p>La c\u00e9l\u00e8bre op\u00e9rette de Jacques Offenbach pr\u00e9sent\u00e9e par l&rsquo;Atelier d&rsquo;op\u00e9ra de l&rsquo;Universit\u00e9 de Montr\u00e9al, dont les productions sont toujours de tr\u00e8s grande qualit\u00e9. <strong>Les 27, 28 et 29 f\u00e9vrier, 19 h 30, salle Claude-Champagne.<\/strong> <a href=\"https:\/\/musiqueumontreal.tuxedobillet.com\/main\/la-vie-parisienne-de-jacques-offenbach\" target=\"_blank\" rel=\"noopener noreferrer\">D\u00c9TAILS<\/a><\/p>\n<p>&nbsp;<\/p>\n<figure id=\"attachment_57396\" aria-describedby=\"caption-attachment-57396\" style=\"width: 636px\" class=\"wp-caption aligncenter\"><img decoding=\"async\" loading=\"lazy\" class=\"size-full wp-image-57396\" src=\"https:\/\/www.ludwig-van.com\/montreal\/wp-content\/uploads\/sites\/3\/2018\/11\/Fl\u00fbte-Alors-Julien-Faug\u00e8re.jpg\" alt=\"Fl\u00fbte Alors!\" width=\"636\" height=\"480\" srcset=\"https:\/\/www.ludwig-van.com\/montreal\/wp-content\/uploads\/sites\/3\/2018\/11\/Fl\u00fbte-Alors-Julien-Faug\u00e8re.jpg 636w, https:\/\/www.ludwig-van.com\/montreal\/wp-content\/uploads\/sites\/3\/2018\/11\/Fl\u00fbte-Alors-Julien-Faug\u00e8re-300x226.jpg 300w\" sizes=\"(max-width: 636px) 100vw, 636px\" \/><figcaption id=\"caption-attachment-57396\" class=\"wp-caption-text\">Fl\u00fbte Alors! (Photo : Julien Faug\u00e8re)<\/figcaption><\/figure>\n<h2>Fl\u00fbte Alors! et les Voix humaines<\/h2>\n<p>Ces deux ensembles se r\u00e9unissent pour un concert alliant vents et cordes, avec des pi\u00e8ces de la Renaissance italienne et la cr\u00e9ation d&rsquo;une oeuvre du compositeur qu\u00e9b\u00e9cois Fran\u00e7ois-Hugues Leclair. <strong>Le 29 f\u00e9vrier, 20 h, Chapelle Notre-Dame de Bon-Secours.<\/strong> <a href=\"http:\/\/flutealors.com\/concerts\/\" target=\"_blank\" rel=\"noopener noreferrer\">D\u00c9TAILS<\/a><\/p>\n<p>&nbsp;<\/p>\n<figure id=\"attachment_52940\" aria-describedby=\"caption-attachment-52940\" style=\"width: 1024px\" class=\"wp-caption aligncenter\"><img decoding=\"async\" loading=\"lazy\" class=\"size-full wp-image-52940\" src=\"https:\/\/www.ludwig-van.com\/montreal\/wp-content\/uploads\/sites\/3\/2018\/03\/nareh-arghamanyan8_julia-wesely_30999959913_o.jpg\" alt=\"https:\/\/www.ludwig-van.com\/montreal\/2017\/11\/09\/nouvelle-nicolas-ellis-remporte-la-bourse-de-carriere-fernand-lindsay-dune-valeur-de-50-000\/\" width=\"1024\" height=\"683\" srcset=\"https:\/\/www.ludwig-van.com\/montreal\/wp-content\/uploads\/sites\/3\/2018\/03\/nareh-arghamanyan8_julia-wesely_30999959913_o.jpg 1024w, https:\/\/www.ludwig-van.com\/montreal\/wp-content\/uploads\/sites\/3\/2018\/03\/nareh-arghamanyan8_julia-wesely_30999959913_o-300x200.jpg 300w, https:\/\/www.ludwig-van.com\/montreal\/wp-content\/uploads\/sites\/3\/2018\/03\/nareh-arghamanyan8_julia-wesely_30999959913_o-768x512.jpg 768w\" sizes=\"(max-width: 1024px) 100vw, 1024px\" \/><figcaption id=\"caption-attachment-52940\" class=\"wp-caption-text\">Nareh Arghamanyan. (Cr\u00e9dit: Julie Wesely)<\/figcaption><\/figure>\n<h2>Brahms et Bartok \u00e0 l&rsquo;OSQ<\/h2>\n<p>La pianiste <strong>Nareh Arghamanyan<\/strong>, laur\u00e9ate du <strong>Concours musical international de Montr\u00e9al<\/strong>, est l&rsquo;invit\u00e9e de l&rsquo;<strong>Orchestre symphonique de Qu\u00e9bec<\/strong>, cette semaine, dans le Concerto pour piano no 2 de Brahms, sous la direction de <strong>Fabien Gabel<\/strong>. On entendra \u00e9galement la Suite de danses, de Bartok. <strong>Le 27 f\u00e9vrier, 19 h 30, Grand Th\u00e9\u00e2tre de Qu\u00e9bec.<\/strong> <a href=\"https:\/\/www.osq.org\/concerts\/brahms-et-bartok-passion-et-folklore\/\" target=\"_blank\" rel=\"noopener noreferrer\">D\u00c9TAILS<\/a><\/p>\n<h2>LIRE AUSSI:<\/h2>\n<p>&nbsp;<\/p>\n<blockquote class=\"wp-embedded-content\" data-secret=\"WAYDhd3WQo\"><p><a href=\"https:\/\/www.ludwig-van.com\/montreal\/2020\/02\/20\/festivals-jeux-de-chaises-un-marathon-de-musique-de-chambre-a-mcgill-pour-la-nuit-blanche\/\">FESTIVAL | Jeux de chaises: un marathon de musique de chambre \u00e0 McGill pour la Nuit blanche<\/a><\/p><\/blockquote>\n<p><iframe title=\"\u00ab\u00a0FESTIVAL | Jeux de chaises: un marathon de musique de chambre \u00e0 McGill pour la Nuit blanche\u00a0\u00bb &#8212; Ludwig Van Montreal\" class=\"wp-embedded-content\" sandbox=\"allow-scripts\" security=\"restricted\" style=\"position: absolute; clip: rect(1px, 1px, 1px, 1px);\" src=\"https:\/\/www.ludwig-van.com\/montreal\/2020\/02\/20\/festivals-jeux-de-chaises-un-marathon-de-musique-de-chambre-a-mcgill-pour-la-nuit-blanche\/embed\/#?secret=WAYDhd3WQo\" data-secret=\"WAYDhd3WQo\" width=\"600\" height=\"338\" frameborder=\"0\" marginwidth=\"0\" marginheight=\"0\" scrolling=\"no\"><\/iframe><\/p>\n<p>&nbsp;<\/p>\n<p>&nbsp;<\/p>\n<p>&nbsp;<\/p>\n<p>&nbsp;<\/p>\n<p>&nbsp;<\/p>\n<p>&nbsp;<\/p>\n<p>&nbsp;<\/p>\n<p>&nbsp;<\/p>\n","protected":false},"excerpt":{"rendered":"<p>F\u00e9vrier s&rsquo;ach\u00e8ve d\u00e9j\u00e0 et nous avons la t\u00eate remplie de musique. Cette semaine, les amateurs de piano seront particuli\u00e8rement choy\u00e9s avec plusieurs grands pianistes dans nos salles de concert. Voici nos choix de la r\u00e9daction du 24 f\u00e9vrier au 1er mars.<\/p>\n","protected":false},"author":51,"featured_media":64046,"comment_status":"open","ping_status":"open","sticky":false,"template":"","format":"standard","meta":{"om_disable_all_campaigns":false,"jetpack_post_was_ever_published":false},"categories":[37357,10994],"tags":[4135,11882,11454],"yst_prominent_words":[9878,9863,13120,38094,38093,38092,38089,38088,38029,10696,21185,16849,16844,16842,18329,29754,9877,10697,12698,38028],"acf":[],"jetpack_featured_media_url":"https:\/\/www.ludwig-van.com\/montreal\/wp-content\/uploads\/sites\/3\/2020\/02\/cover-choix-24-fevrier.jpg","jetpack_sharing_enabled":true,"jetpack_shortlink":"https:\/\/wp.me\/p9bdYt-gEY","amp_enabled":true,"_links":{"self":[{"href":"https:\/\/www.ludwig-van.com\/montreal\/wp-json\/wp\/v2\/posts\/64044"}],"collection":[{"href":"https:\/\/www.ludwig-van.com\/montreal\/wp-json\/wp\/v2\/posts"}],"about":[{"href":"https:\/\/www.ludwig-van.com\/montreal\/wp-json\/wp\/v2\/types\/post"}],"author":[{"embeddable":true,"href":"https:\/\/www.ludwig-van.com\/montreal\/wp-json\/wp\/v2\/users\/51"}],"replies":[{"embeddable":true,"href":"https:\/\/www.ludwig-van.com\/montreal\/wp-json\/wp\/v2\/comments?post=64044"}],"version-history":[{"count":2,"href":"https:\/\/www.ludwig-van.com\/montreal\/wp-json\/wp\/v2\/posts\/64044\/revisions"}],"predecessor-version":[{"id":64048,"href":"https:\/\/www.ludwig-van.com\/montreal\/wp-json\/wp\/v2\/posts\/64044\/revisions\/64048"}],"wp:featuredmedia":[{"embeddable":true,"href":"https:\/\/www.ludwig-van.com\/montreal\/wp-json\/wp\/v2\/media\/64046"}],"wp:attachment":[{"href":"https:\/\/www.ludwig-van.com\/montreal\/wp-json\/wp\/v2\/media?parent=64044"}],"wp:term":[{"taxonomy":"category","embeddable":true,"href":"https:\/\/www.ludwig-van.com\/montreal\/wp-json\/wp\/v2\/categories?post=64044"},{"taxonomy":"post_tag","embeddable":true,"href":"https:\/\/www.ludwig-van.com\/montreal\/wp-json\/wp\/v2\/tags?post=64044"},{"taxonomy":"yst_prominent_words","embeddable":true,"href":"https:\/\/www.ludwig-van.com\/montreal\/wp-json\/wp\/v2\/yst_prominent_words?post=64044"}],"curies":[{"name":"wp","href":"https:\/\/api.w.org\/{rel}","templated":true}]}}