{"id":64034,"date":"2020-02-20T07:19:16","date_gmt":"2020-02-20T12:19:16","guid":{"rendered":"https:\/\/www.ludwig-van.com\/montreal\/?p=64034"},"modified":"2020-02-20T07:19:16","modified_gmt":"2020-02-20T12:19:16","slug":"festivals-jeux-de-chaises-un-marathon-de-musique-de-chambre-a-mcgill-pour-la-nuit-blanche","status":"publish","type":"post","link":"https:\/\/www.ludwig-van.com\/montreal\/2020\/02\/20\/festivals-jeux-de-chaises-un-marathon-de-musique-de-chambre-a-mcgill-pour-la-nuit-blanche\/","title":{"rendered":"FESTIVAL | Jeux de chaises: un marathon de musique de chambre \u00e0 McGill pour la Nuit blanche"},"content":{"rendered":"<p style=\"text-align: center;\"><img decoding=\"async\" loading=\"lazy\" class=\"aligncenter size-full wp-image-64035\" src=\"https:\/\/www.ludwig-van.com\/montreal\/wp-content\/uploads\/sites\/3\/2020\/02\/jeux-cover.jpg\" alt=\"\" width=\"1200\" height=\"628\" srcset=\"https:\/\/www.ludwig-van.com\/montreal\/wp-content\/uploads\/sites\/3\/2020\/02\/jeux-cover.jpg 1200w, https:\/\/www.ludwig-van.com\/montreal\/wp-content\/uploads\/sites\/3\/2020\/02\/jeux-cover-300x157.jpg 300w, https:\/\/www.ludwig-van.com\/montreal\/wp-content\/uploads\/sites\/3\/2020\/02\/jeux-cover-1024x536.jpg 1024w, https:\/\/www.ludwig-van.com\/montreal\/wp-content\/uploads\/sites\/3\/2020\/02\/jeux-cover-768x402.jpg 768w\" sizes=\"(max-width: 1200px) 100vw, 1200px\" \/><\/p>\n<p>&nbsp;<\/p>\n<p>La 3e \u00e9dition du Festival de musique de chambre: <a href=\"https:\/\/mcgill.ca\/music\/fr\/channels\/event\/festival-de-musique-de-chambre-jeux-de-chaises-298967\" target=\"_blank\" rel=\"noopener noreferrer\">jeux de chaises<\/a> de l&rsquo;\u00c9cole de musique Schulich arrive \u00e0 grands pas. Le 29 f\u00e9vrier, un marathon de musique de chambre aura lieu dans le cadre de la Nuit blanche de Montr\u00e9al en lumi\u00e8re. Des musiciens de quatre continents seront au rendez-vous.<\/p>\n<p>\u00c0 partir de 20 h, \u00e0 la salle Pollack, des musiciens de sept institutions \u00e0 travers le monde, dont des ensembles de Montr\u00e9al, Salzbourg, Londres, Bruxelles, Oslo, Brisbane, Helsinki et Singapour, se produiront sous la th\u00e9matique du \u00ab\u00a0vert\u00a0\u00bb.<\/p>\n<p>On pourra y entendre des oeuvres des compositeurs suivants: Louise Farrenc, Robert Schumann, Felix Mendelssohn, Erno Dohnanyi, Olivier Messiaen, Clara Schumann, Arthur Bliss, Dmitri Chostakovitch et Antonin Dvorak.<\/p>\n<p>Plusieurs invit\u00e9s de renom se joindront aux professeurs et \u00e9tudiants de Schulich dont James Campbell, clarinette; Matthew Jones, alto; Peter Wiley, violoncelle; Yan Lim, piano et le Trio Zadig. L&rsquo;\u00e9v\u00e9nement sera webdiffus\u00e9.<\/p>\n<h2>Festival de musique de chambre: jeux de chaises<\/h2>\n<p>Cet \u00e9v\u00e9nement cl\u00f4turera\u00a0 le Festival de musique de chambre: jeux de chaise, qui se d\u00e9roulera dans diff\u00e9rentes salles, \u00e0 McGill mais aussi \u00e0 l&rsquo;ext\u00e9rieur du campus. Huit concerts seront pr\u00e9sent\u00e9s, dont sept avec entr\u00e9e libre. Seul le concert d&rsquo;ouverture du 21 f\u00e9vrier a un co\u00fbt d&rsquo;entr\u00e9e, qui est de 18 $.<\/p>\n<p>Le concert d&rsquo;ouverture aura lieu demain soir, 21 f\u00e9vrier, \u00e0 19 h 30, salle Pollack. Au programme: pi\u00e8ces de Lili Boulanger, Guillaume Lekeu et Franz Schubert. Billets: 18 $ <a href=\"https:\/\/www.mcgill.ca\/music\/fr\/channels\/event\/jeux-de-chaises-concert-douverture-298963\" target=\"_blank\" rel=\"noopener noreferrer\">D\u00c9TAILS<\/a><\/p>\n<p>Le 23 f\u00e9vrier, 19 h 30, le festival continue \u00e0 la salle Redpath avec des oeuvres de Max Bruch, Gy\u00f6rgy Kurtag et Antonin Dvorak. <a href=\"https:\/\/www.mcgill.ca\/music\/fr\/channels\/event\/schulich-en-concert-jeux-de-chaises-320237\" target=\"_blank\" rel=\"noopener noreferrer\">D\u00c9TAILS<\/a><\/p>\n<p>Le 25 f\u00e9vrier, retour \u00e0 la salle Pollack avec un programme Mozart, Mendelssohn et Franck. <a href=\"https:\/\/www.mcgill.ca\/music\/fr\/channels\/event\/schulich-en-concert-jeux-de-chaises-320242\" target=\"_blank\" rel=\"noopener noreferrer\">D\u00c9TAILS<\/a><\/p>\n<p>Le 26 f\u00e9vrier, midi, salle Tanna Schulich: Schubert et Haydn. <a href=\"https:\/\/mcgill.ca\/music\/fr\/channels\/event\/intermezzo-jeux-de-chaises-298873\" target=\"_blank\" rel=\"noopener noreferrer\">D\u00c9TAILS<\/a><\/p>\n<p>\u00c9galement le 26 f\u00e9vrier, mais \u00e0 18 h, les musiciens se transporteront en face, au beau Mus\u00e9e McCord, pour un concert d&rsquo;oeuvre de Claude-Jean Taffanel et Brahms. <a href=\"https:\/\/mcgill.ca\/music\/fr\/channels\/event\/schulichmccord-jeux-de-chaises-298881\" target=\"_blank\" rel=\"noopener noreferrer\">D\u00c9TAILS<\/a><\/p>\n<p>Le lendemain, 27 f\u00e9vrier, 19 h 30, ce sera au tour de la Chapelle historique du Bon-Pasteur de recevoir les Jeux de chaises, avec des oeuvres de Anton Stepanovich Arensky, Maurice Ravel et Amy Beach. L&rsquo;entr\u00e9e est \u00e9galement gratuite, mais l&rsquo;on doit se procurer des laisser-passer sur le site d&rsquo;Acc\u00e8s-culture. <a href=\"https:\/\/mcgill.ca\/music\/fr\/channels\/event\/schulichbon-pasteur-jeux-de-chaises-298964\" target=\"_blank\" rel=\"noopener noreferrer\">D\u00c9TAILS<\/a><\/p>\n<p>Finalement, le 29 f\u00e9vrier, le marathon de musique de chambre de la Nuit blanche aura lieu.<\/p>\n<p><strong>St\u00e9phane Lemelin<\/strong>, directeur du d\u00e9partement d\u2019interpr\u00e9tation de l\u2019\u00c9cole de musique Schulich cet \u00e9v\u00e9nement refl\u00e8te l&rsquo;engagement de l&rsquo;institution aupr\u00e8s de la musique de chambre comme \u00ab\u00a0partie int\u00e9grante de la formation de tous les interpr\u00e8tes\u00a0\u00bb. Il ajoute:<\/p>\n<p>\u00ab\u00a0Nous croyons fermement que la musique de chambre est un outil d&rsquo;apprentissage et de d\u00e9veloppement pour les musiciens \u00e9tudiants. En effet, la musique de chambre a le pouvoir de d\u00e9velopper le travail d&rsquo;\u00e9quipe, la coop\u00e9ration et la communication, toutes des qualit\u00e9s essentielles dans une carri\u00e8re de musicien.\u00a0\u00bb<\/p>\n<p>&nbsp;<\/p>\n<h2>LIRE AUSSI:<\/h2>\n<p>&nbsp;<\/p>\n<blockquote class=\"wp-embedded-content\" data-secret=\"m4wfCGiCJn\"><p><a href=\"https:\/\/www.ludwig-van.com\/montreal\/2020\/02\/13\/reportage-webdiffusions-de-mcgill-experience-unique-monde-etudiants\/\">REPORTAGE | Les webdiffusions de McGill : une exp\u00e9rience unique au monde pour les \u00e9tudiants<\/a><\/p><\/blockquote>\n<p><iframe title=\"\u00ab\u00a0REPORTAGE | Les webdiffusions de McGill : une exp\u00e9rience unique au monde pour les \u00e9tudiants\u00a0\u00bb &#8212; Ludwig Van Montreal\" class=\"wp-embedded-content\" sandbox=\"allow-scripts\" security=\"restricted\" style=\"position: absolute; clip: rect(1px, 1px, 1px, 1px);\" src=\"https:\/\/www.ludwig-van.com\/montreal\/2020\/02\/13\/reportage-webdiffusions-de-mcgill-experience-unique-monde-etudiants\/embed\/#?secret=m4wfCGiCJn\" data-secret=\"m4wfCGiCJn\" width=\"600\" height=\"338\" frameborder=\"0\" marginwidth=\"0\" marginheight=\"0\" scrolling=\"no\"><\/iframe><\/p>\n<p>&nbsp;<\/p>\n<p>&nbsp;<\/p>\n<p>&nbsp;<\/p>\n<p>&nbsp;<\/p>\n<p>&nbsp;<\/p>\n","protected":false},"excerpt":{"rendered":"<p>La 3e \u00e9dition du Festival Jeux de chaises de l&rsquo;\u00e9cole de musique Schulich arrive \u00e0 grands pas. Le 29 f\u00e9vrier, un marathon de musique de chambre aura lieu dans le cadre de la Nuit blanche de Montr\u00e9al en lumi\u00e8re. Des musiciens de quatre continents seront au rendez-vous. <\/p>\n","protected":false},"author":1,"featured_media":64035,"comment_status":"open","ping_status":"open","sticky":false,"template":"","format":"standard","meta":{"om_disable_all_campaigns":false,"jetpack_post_was_ever_published":false},"categories":[37357,10956,11020],"tags":[],"yst_prominent_words":[9878,9863,38030,38029,21187,21185,17017,16844,16842,9877,17012,10386,10376,38007,38006,9811,12698,38028,10571,10375],"acf":[],"jetpack_featured_media_url":"https:\/\/www.ludwig-van.com\/montreal\/wp-content\/uploads\/sites\/3\/2020\/02\/jeux-cover.jpg","jetpack_sharing_enabled":true,"jetpack_shortlink":"https:\/\/wp.me\/p9bdYt-gEO","amp_enabled":true,"_links":{"self":[{"href":"https:\/\/www.ludwig-van.com\/montreal\/wp-json\/wp\/v2\/posts\/64034"}],"collection":[{"href":"https:\/\/www.ludwig-van.com\/montreal\/wp-json\/wp\/v2\/posts"}],"about":[{"href":"https:\/\/www.ludwig-van.com\/montreal\/wp-json\/wp\/v2\/types\/post"}],"author":[{"embeddable":true,"href":"https:\/\/www.ludwig-van.com\/montreal\/wp-json\/wp\/v2\/users\/1"}],"replies":[{"embeddable":true,"href":"https:\/\/www.ludwig-van.com\/montreal\/wp-json\/wp\/v2\/comments?post=64034"}],"version-history":[{"count":2,"href":"https:\/\/www.ludwig-van.com\/montreal\/wp-json\/wp\/v2\/posts\/64034\/revisions"}],"predecessor-version":[{"id":64037,"href":"https:\/\/www.ludwig-van.com\/montreal\/wp-json\/wp\/v2\/posts\/64034\/revisions\/64037"}],"wp:featuredmedia":[{"embeddable":true,"href":"https:\/\/www.ludwig-van.com\/montreal\/wp-json\/wp\/v2\/media\/64035"}],"wp:attachment":[{"href":"https:\/\/www.ludwig-van.com\/montreal\/wp-json\/wp\/v2\/media?parent=64034"}],"wp:term":[{"taxonomy":"category","embeddable":true,"href":"https:\/\/www.ludwig-van.com\/montreal\/wp-json\/wp\/v2\/categories?post=64034"},{"taxonomy":"post_tag","embeddable":true,"href":"https:\/\/www.ludwig-van.com\/montreal\/wp-json\/wp\/v2\/tags?post=64034"},{"taxonomy":"yst_prominent_words","embeddable":true,"href":"https:\/\/www.ludwig-van.com\/montreal\/wp-json\/wp\/v2\/yst_prominent_words?post=64034"}],"curies":[{"name":"wp","href":"https:\/\/api.w.org\/{rel}","templated":true}]}}