{"id":63968,"date":"2020-02-11T14:31:36","date_gmt":"2020-02-11T19:31:36","guid":{"rendered":"https:\/\/www.ludwig-van.com\/montreal\/?p=63968"},"modified":"2020-02-11T14:31:36","modified_gmt":"2020-02-11T19:31:36","slug":"nouvelle-lorchestre-symphonique-de-laval-nomme-nouveau-directeur-general","status":"publish","type":"post","link":"https:\/\/www.ludwig-van.com\/montreal\/2020\/02\/11\/nouvelle-lorchestre-symphonique-de-laval-nomme-nouveau-directeur-general\/","title":{"rendered":"NOUVELLE | L&rsquo;Orchestre symphonique de Laval nomme son nouveau directeur g\u00e9n\u00e9ral"},"content":{"rendered":"<figure id=\"attachment_63969\" aria-describedby=\"caption-attachment-63969\" style=\"width: 1199px\" class=\"wp-caption aligncenter\"><img decoding=\"async\" loading=\"lazy\" class=\"size-full wp-image-63969\" src=\"https:\/\/www.ludwig-van.com\/montreal\/wp-content\/uploads\/sites\/3\/2020\/02\/Charles-Decroix-cover.jpg\" alt=\"\" width=\"1199\" height=\"628\" srcset=\"https:\/\/www.ludwig-van.com\/montreal\/wp-content\/uploads\/sites\/3\/2020\/02\/Charles-Decroix-cover.jpg 1199w, https:\/\/www.ludwig-van.com\/montreal\/wp-content\/uploads\/sites\/3\/2020\/02\/Charles-Decroix-cover-300x157.jpg 300w, https:\/\/www.ludwig-van.com\/montreal\/wp-content\/uploads\/sites\/3\/2020\/02\/Charles-Decroix-cover-1024x536.jpg 1024w, https:\/\/www.ludwig-van.com\/montreal\/wp-content\/uploads\/sites\/3\/2020\/02\/Charles-Decroix-cover-768x402.jpg 768w\" sizes=\"(max-width: 1199px) 100vw, 1199px\" \/><figcaption id=\"caption-attachment-63969\" class=\"wp-caption-text\">Charles Decroix. (Photo: courtoisie de l&rsquo;Orchestre symphonique de Laval)<\/figcaption><\/figure>\n<p><strong>L&rsquo;Orchestre symphonique de Laval<\/strong> vient d&rsquo;annoncer la nomination de son nouveau directeur g\u00e9n\u00e9ral. Il s&rsquo;agit de <strong>Charles Decroix<\/strong>, qui \u00e9tait auparavant directeur g\u00e9n\u00e9ral de l&rsquo;Alliance chorale du Qu\u00e9bec depuis cinq ans. Il entrera en poste le 26 f\u00e9vrier prochain.<\/p>\n<p>Natif de la France, Charles Decroix a lui-m\u00eame acquis une formation musicale en apprenant le piano d\u00e8s l&rsquo;\u00e2ge de six ans, puis il a poursuivi sa scolarit\u00e9 dans des classes offrant la concentration musique. Il d\u00e9tient une ma\u00eetrise en musique et administration de la musique de La Sorbonne Paris IV (2001-2006).<\/p>\n<p>En 2007, il passait une ann\u00e9e au Qu\u00e9bec avant de retourner en France pour obtenir un autre dipl\u00f4me universitaire, cette fois une maitrise en Management et administration de projets culturels aux HEC Paris. Par la suite, il a travaill\u00e9 pour l&rsquo;Orchestre National de France, l&rsquo;Ensemble intercontemporain et le Festival international d&rsquo;Art Lyrique d&rsquo;Aix-en-Provence, avant de s&rsquo;\u00e9tablir au Qu\u00e9bec en 2012.<\/p>\n<p>Rappelons qu&rsquo;apr\u00e8s le d\u00e9part de <strong>Marie-Pierre Rolland<\/strong>, l&rsquo;ancienne DG de l&rsquo;OSL qui \u00e9tait en poste depuis 2012, c&rsquo;est la mezzo-soprano <strong>Maude Brunet<\/strong> qui avait pris la rel\u00e8ve et assur\u00e9 l&rsquo;int\u00e9rim depuis ao\u00fbt 2019. Elle retrouvera ses anciennes fonctions \u00e0 titre de directrice d\u00e9veloppement et communaut\u00e9, un poste qu&rsquo;elle occupait depuis deux ans.<\/p>\n<p><strong>Charles Decroix<\/strong> aura certainement de beaux d\u00e9fis \u00e0 relever, puisque l&rsquo;<strong>Orchestre symphonique de Laval<\/strong> d\u00e9veloppe de nouveaux projets depuis quelques ann\u00e9es. Il a pr\u00e9sent\u00e9, tout r\u00e9cemment, son premier <strong>Festival Classique hivernal<\/strong>, qui a attir\u00e9 plus de 2700 spectateurs pour 4 concerts pr\u00e9sent\u00e9s du 31 janvier au 2 f\u00e9vrier.<\/p>\n<h2>\u00c9v\u00e9nements \u00e0 venir \u00e0 l&rsquo;OSL<\/h2>\n<p>Les prochains \u00e9v\u00e9nements musicaux de l&rsquo;OSL auront les 21 f\u00e9vrier, 7 mars et 25 mars prochains. Le 7 f\u00e9vrier, une causerie \u00ab\u00a05 \u00e0 7 en musique\u00a0\u00bb r\u00e9unira l&rsquo;OSL et l&rsquo;Op\u00e9ra de Montr\u00e9al pour parler de musique, avec <strong>Pierre Vachon<\/strong> et <strong>Georges Nicholson<\/strong>. Le Quatuor Molinari offrira une prestation. \u00c0 compter de 17 h, \u00e0 la Maison des arts de Laval.<a href=\"https:\/\/www.osl.qc.ca\/fr\/concerts\/causerie-5-\u00e0-7-en-musique-1\" target=\"_blank\" rel=\"noopener noreferrer\"> D\u00c9TAILS<\/a><\/p>\n<p>Le samedi 7 mars, 15 h, les chambristes de l&rsquo;OSL pr\u00e9sentent le concert \u00ab\u00a0Violoncelle mon amour\u00a0\u00bb. <a href=\"https:\/\/www.osl.qc.ca\/fr\/concerts\/violoncelle-mon-amour\" target=\"_blank\" rel=\"noopener noreferrer\">D\u00c9TAILS<\/a><\/p>\n<p>Le 25 mars, l&rsquo;OSL pr\u00e9sente son grand concert L&rsquo;\u00catre humain d&rsquo;abord, qui fait partie de sa S\u00e9rie Hommage aux grands lavallois. Pour cette fois, il s&rsquo;agit d&rsquo;un hommage \u00e0 une institution, soit le Coll\u00e8ge Montmorency, qui f\u00eate ses 50 ans. Au programme: l&rsquo;Ouverture pour une f\u00eate acad\u00e9mique, de Brahms, le Concerto pour fl\u00fbte d&rsquo;<a href=\"https:\/\/www.ludwig-van.com\/montreal\/2019\/07\/03\/compositeurs-airat-ichmouratov-une-premiere-collaboration-avec-chandos-ny-philharmonic\/\" target=\"_blank\" rel=\"noopener noreferrer\">Airat Ichmouratov<\/a> (cr\u00e9ation) et les Variations Enigma, d&rsquo;Elgar. Le tout, bien s\u00fbr, sous la direction d&rsquo;<strong>Alain Trudel<\/strong>, avec <strong>Robert Langevin<\/strong>, fl\u00fbte solo du New York Philharmonic, \u00e0 la fl\u00fbte. <a href=\"https:\/\/www.osl.qc.ca\/fr\/concerts\/l\u2019e\u0302tre-humain-d\u2019abord\" target=\"_blank\" rel=\"noopener noreferrer\">D\u00c9TAILS<\/a><\/p>\n<p>&nbsp;<\/p>\n<h2>LIRE AUSSI:<\/h2>\n<p>&nbsp;<\/p>\n<blockquote class=\"wp-embedded-content\" data-secret=\"eOFLez1tSy\"><p><a href=\"https:\/\/www.ludwig-van.com\/montreal\/2019\/07\/03\/compositeurs-airat-ichmouratov-une-premiere-collaboration-avec-chandos-ny-philharmonic\/\">COMPOSITEURS  | Airat Ichmouratov : premi\u00e8res collaborations avec Chandos et le New York Philharmonic<\/a><\/p><\/blockquote>\n<p><iframe title=\"\u00ab\u00a0COMPOSITEURS  | Airat Ichmouratov : premi\u00e8res collaborations avec Chandos et le New York Philharmonic\u00a0\u00bb &#8212; Ludwig Van Montreal\" class=\"wp-embedded-content\" sandbox=\"allow-scripts\" security=\"restricted\" style=\"position: absolute; clip: rect(1px, 1px, 1px, 1px);\" src=\"https:\/\/www.ludwig-van.com\/montreal\/2019\/07\/03\/compositeurs-airat-ichmouratov-une-premiere-collaboration-avec-chandos-ny-philharmonic\/embed\/#?secret=eOFLez1tSy\" data-secret=\"eOFLez1tSy\" width=\"600\" height=\"338\" frameborder=\"0\" marginwidth=\"0\" marginheight=\"0\" scrolling=\"no\"><\/iframe><\/p>\n<p>&nbsp;<\/p>\n<p>&nbsp;<\/p>\n<p>&nbsp;<\/p>\n<p>&nbsp;<\/p>\n<p>&nbsp;<\/p>\n<p>&nbsp;<\/p>\n<p>&nbsp;<\/p>\n<p>&nbsp;<\/p>\n<p>&nbsp;<\/p>\n","protected":false},"excerpt":{"rendered":"<p>L&rsquo;Orchestre symphonique de Laval vient d&rsquo;annoncer la nomination de son nouveau directeur g\u00e9n\u00e9ral. Il s&rsquo;agit de Charles Decroix, qui \u00e9tait auparavant directeur g\u00e9n\u00e9ral de l&rsquo;Alliance chorale du Qu\u00e9bec depuis cinq ans. Il entrera en poste le 26 f\u00e9vrier prochain. <\/p>\n","protected":false},"author":51,"featured_media":63969,"comment_status":"open","ping_status":"open","sticky":false,"template":"","format":"standard","meta":{"om_disable_all_campaigns":false,"jetpack_post_was_ever_published":false},"categories":[37357,10956,10992],"tags":[4135,37841,13571],"yst_prominent_words":[19942,19622,10426,9961,37819,37820,10536,17017,11379,9813,9808,10716,21722,10711,16404,9811,20220,9838,9839,10717],"acf":[],"jetpack_featured_media_url":"https:\/\/www.ludwig-van.com\/montreal\/wp-content\/uploads\/sites\/3\/2020\/02\/Charles-Decroix-cover.jpg","jetpack_sharing_enabled":true,"jetpack_shortlink":"https:\/\/wp.me\/p9bdYt-gDK","amp_enabled":true,"_links":{"self":[{"href":"https:\/\/www.ludwig-van.com\/montreal\/wp-json\/wp\/v2\/posts\/63968"}],"collection":[{"href":"https:\/\/www.ludwig-van.com\/montreal\/wp-json\/wp\/v2\/posts"}],"about":[{"href":"https:\/\/www.ludwig-van.com\/montreal\/wp-json\/wp\/v2\/types\/post"}],"author":[{"embeddable":true,"href":"https:\/\/www.ludwig-van.com\/montreal\/wp-json\/wp\/v2\/users\/51"}],"replies":[{"embeddable":true,"href":"https:\/\/www.ludwig-van.com\/montreal\/wp-json\/wp\/v2\/comments?post=63968"}],"version-history":[{"count":1,"href":"https:\/\/www.ludwig-van.com\/montreal\/wp-json\/wp\/v2\/posts\/63968\/revisions"}],"predecessor-version":[{"id":63970,"href":"https:\/\/www.ludwig-van.com\/montreal\/wp-json\/wp\/v2\/posts\/63968\/revisions\/63970"}],"wp:featuredmedia":[{"embeddable":true,"href":"https:\/\/www.ludwig-van.com\/montreal\/wp-json\/wp\/v2\/media\/63969"}],"wp:attachment":[{"href":"https:\/\/www.ludwig-van.com\/montreal\/wp-json\/wp\/v2\/media?parent=63968"}],"wp:term":[{"taxonomy":"category","embeddable":true,"href":"https:\/\/www.ludwig-van.com\/montreal\/wp-json\/wp\/v2\/categories?post=63968"},{"taxonomy":"post_tag","embeddable":true,"href":"https:\/\/www.ludwig-van.com\/montreal\/wp-json\/wp\/v2\/tags?post=63968"},{"taxonomy":"yst_prominent_words","embeddable":true,"href":"https:\/\/www.ludwig-van.com\/montreal\/wp-json\/wp\/v2\/yst_prominent_words?post=63968"}],"curies":[{"name":"wp","href":"https:\/\/api.w.org\/{rel}","templated":true}]}}