{"id":63960,"date":"2020-02-10T13:35:02","date_gmt":"2020-02-10T18:35:02","guid":{"rendered":"https:\/\/www.ludwig-van.com\/montreal\/?p=63960"},"modified":"2020-02-10T15:25:56","modified_gmt":"2020-02-10T20:25:56","slug":"choix-de-la-redaction-7","status":"publish","type":"post","link":"https:\/\/www.ludwig-van.com\/montreal\/2020\/02\/10\/choix-de-la-redaction-7\/","title":{"rendered":"CHOIX DE LA R\u00c9DACTION | Un foisonnement de concerts classiques pour la semaine de la St-Valentin"},"content":{"rendered":"<figure id=\"attachment_63961\" aria-describedby=\"caption-attachment-63961\" style=\"width: 1199px\" class=\"wp-caption aligncenter\"><img decoding=\"async\" loading=\"lazy\" class=\"size-full wp-image-63961\" src=\"https:\/\/www.ludwig-van.com\/montreal\/wp-content\/uploads\/sites\/3\/2020\/02\/Choix-redac-10-fevrier-cover.jpg\" alt=\"\" width=\"1199\" height=\"628\" \/><figcaption id=\"caption-attachment-63961\" class=\"wp-caption-text\">De gauche \u00e0 droite: Annabelle Renzo, Quatuor Molinari, Tim Brady, Julian Steckel, Chapelle historique du Bon-Pasteur.<\/figcaption><\/figure>\n<p>Est-ce l\u2019approche de la Saint-Valentin? Nos hormones m\u00e9lomaniaques s\u2019\u00e9chauffent cette semaine! Plusieurs rendez-vous s\u2019offrent \u00e0 nos oreilles insatiables pour entendre parler et chanter l\u2019Amour sous toutes ses formes \u00e0 la recherche de l\u2019accord parfait\u2026Voici nos Choix de la r\u00e9daction <strong>du 10 au 16 f\u00e9vrier<\/strong>. Bonne semaine et heureuse Saint-Valentin!<\/p>\n<p>&nbsp;<\/p>\n<figure id=\"attachment_48666\" aria-describedby=\"caption-attachment-48666\" style=\"width: 1024px\" class=\"wp-caption aligncenter\"><img decoding=\"async\" loading=\"lazy\" class=\"size-full wp-image-48666\" src=\"https:\/\/www.ludwig-van.com\/montreal\/wp-content\/uploads\/sites\/3\/2017\/10\/Musiciens_Conservatoire_JimmiFrancoeur.jpg\" alt=\"Musiciens du conservatoire (Cr\u00e9dit : Jimmi Francoeur)\" width=\"1024\" height=\"683\" srcset=\"https:\/\/www.ludwig-van.com\/montreal\/wp-content\/uploads\/sites\/3\/2017\/10\/Musiciens_Conservatoire_JimmiFrancoeur.jpg 1024w, https:\/\/www.ludwig-van.com\/montreal\/wp-content\/uploads\/sites\/3\/2017\/10\/Musiciens_Conservatoire_JimmiFrancoeur-300x200.jpg 300w, https:\/\/www.ludwig-van.com\/montreal\/wp-content\/uploads\/sites\/3\/2017\/10\/Musiciens_Conservatoire_JimmiFrancoeur-768x512.jpg 768w\" sizes=\"(max-width: 1024px) 100vw, 1024px\" \/><figcaption id=\"caption-attachment-48666\" class=\"wp-caption-text\">Musiciens du conservatoire (Cr\u00e9dit : Jimmi Francoeur)<\/figcaption><\/figure>\n<h2>Concours de concerto de l\u2019Orchestre symphonique du Conservatoire<\/h2>\n<p>Le Concours de concerto s\u00e9lectionne les solistes qui participeront \u00e0 l\u2019un des concerts de l\u2019Orchestre symphonique du Conservatoire de musique de Montr\u00e9al au cours de la saison 2019-2020. Les laur\u00e9ats sont retenus en fonction de la qualit\u00e9 de leur interpr\u00e9tation et de la possibilit\u00e9 d\u2019int\u00e9grer \u00e0 l\u2019Orchestre l\u2019\u0153uvre choisie qu\u2019ils interpr\u00e8tent (entr\u00e9e libre, de 10 h \u00e0 18 h; pas besoin de billets).<br \/>\n<strong>Premi\u00e8re \u00e9preuve: Lundi 10 f\u00e9vrier, 10 h, Conservatoire de musique de Montr\u00e9al.<\/strong> <a href=\"http:\/\/www.conservatoire.gouv.qc.ca\/reseau\/conservatoire-de-musique\/montreal\/programmation\/calendrier\/article\/concours-de-concerto-premiere\" target=\"_blank\" rel=\"noopener noreferrer\">D\u00c9TAILS<\/a><br \/>\n<strong>Finale: Mardi 11 f\u00e9vrier, 19 h, Conservatoire de musique de Montr\u00e9al.<\/strong> <a href=\"http:\/\/www.conservatoire.gouv.qc.ca\/reseau\/conservatoire-de-musique\/montreal\/programmation\/calendrier\/article\/concours-de-concerto-de-l-11092\" target=\"_blank\" rel=\"noopener noreferrer\">D\u00c9TAILS<\/a><\/p>\n<h2>Plamondon Symphonique<\/h2>\n<p>Sous la direction artistique de Jean-Philippe Goncalves, onze chanteuses canadiennes se r\u00e9uniront pour interpr\u00e9ter les plus belles chansons du parolier qu\u00e9b\u00e9cois Luc Plamondon en version symphonique selon des arrangements d\u2019Antoine Gratton. Accompagn\u00e9 par M\u00e9lissa Lavergne aux percussions, l\u2019Orchestre symphonique de Montr\u00e9al sera dirig\u00e9 par le chef Adam Johnson. Avec Marie-Pierre Arthur, Beyries, Betty Bonifassi, Val\u00e9rie Carpentier, La Bronze, M\u00e9lissa Lavergne, Catherine Major, Ariane Moffatt, Safia Nolin, Kl\u00f4 Pelgag, Gabrielle Shonk, Martha Wainwright, et les Petits Chanteurs de Laval, ce concert s\u2019annonce comme un coup de chapeau tout f\u00e9minin au prolifique cr\u00e9ateur! <strong>Mardi 11, mercredi 12 et jeudi 13 f\u00e9vrier, 20 h, Maison symphonique de Montr\u00e9al.<\/strong> <a href=\"https:\/\/www.osm.ca\/fr\/concerts\/plamondon-symphonique\/\" target=\"_blank\" rel=\"noopener noreferrer\">D\u00c9TAILS<\/a><\/p>\n<h2>ECM+ \/ G\u00e9n\u00e9ration 2020<\/h2>\n<p>Cette nouvelle \u00e9dition du projet canadien G\u00e9n\u00e9ration permettra \u00e0 quatre jeunes compositeurs d\u2019explorer la mati\u00e8re sonore avec les musiciens de l\u2019ECM+ et leur directrice artistique V\u00e9ronique Lacroix. Mini-concerts et ateliers publics de composition anim\u00e9s par Gabriel Dharmoo r\u00e9v\u00e8leront aux m\u00e9lomanes le processus d\u2019\u00e9criture musicale de Bekah Simms, Gabriel Dufour-Laperri\u00e8re, Stefan Maier et Matthew Ricketts.<\/p>\n<p><strong>Mercredi 12 f\u00e9vrier, 12 h, (Atelier 1\/Bekah Simms) Salle Adrienne-Milotte, C\u00e9gep Saint-Laurent.<\/strong><br \/>\n<strong>Samedi 15 f\u00e9vrier (Ateliers 2, 3 et 4), 10 h, 13 h 45 et 15 h 15, Conservatoire de musique de Montr\u00e9al.<\/strong> <a href=\"https:\/\/www.ludwig-van.com\/montreal\/event\/ecm-generation2020-ateliers-mini-concerts\/\" target=\"_blank\" rel=\"noopener noreferrer\">D\u00c9TAILS<\/a><\/p>\n<p>&nbsp;<\/p>\n<figure id=\"attachment_48002\" aria-describedby=\"caption-attachment-48002\" style=\"width: 1024px\" class=\"wp-caption aligncenter\"><img decoding=\"async\" loading=\"lazy\" class=\"size-full wp-image-48002\" src=\"https:\/\/www.ludwig-van.com\/montreal\/wp-content\/uploads\/sites\/3\/2017\/09\/ChapelleBonPasteur_01-Olivier-ruel-1.jpg\" alt=\"Chapelle historique du Bon-Pasteur. (Cr\u00e9ditL Olivier Ruel)\" width=\"1024\" height=\"576\" srcset=\"https:\/\/www.ludwig-van.com\/montreal\/wp-content\/uploads\/sites\/3\/2017\/09\/ChapelleBonPasteur_01-Olivier-ruel-1.jpg 1024w, https:\/\/www.ludwig-van.com\/montreal\/wp-content\/uploads\/sites\/3\/2017\/09\/ChapelleBonPasteur_01-Olivier-ruel-1-300x169.jpg 300w, https:\/\/www.ludwig-van.com\/montreal\/wp-content\/uploads\/sites\/3\/2017\/09\/ChapelleBonPasteur_01-Olivier-ruel-1-768x432.jpg 768w\" sizes=\"(max-width: 1024px) 100vw, 1024px\" \/><figcaption id=\"caption-attachment-48002\" class=\"wp-caption-text\">Chapelle historique du Bon-Pasteur. (Cr\u00e9ditL Olivier Ruel)<\/figcaption><\/figure>\n<h2>Le SMAM \u00e0 la Chapelle historique<\/h2>\n<p>La piq\u00fbre d\u2019amour touchera-t-elle les m\u00e9lomanes cette semaine \u00e0 la <strong>Chapelle historique du Bon-Pasteur?<\/strong> Trois concerts et quelques artistes tenteront de nous s\u00e9duire. Mercredi, la soprano Ariadne Lih, le contret\u00e9nor Nicholas Burns, et Christophe Gauthier au clavecin nous emm\u00e8neront, avec le <strong>Studio de musique ancienne de Montr\u00e9al<\/strong>, dans l\u2019Angleterre des Stuart avec des airs de Purcell et d\u2019autres ma\u00eetres anglais du XVIIe si\u00e8cle.\u00a0 <strong>Mercredi 12 f\u00e9vrier, 19 h 15, Chapelle historique du Bon-Pasteur. <\/strong><a href=\"https:\/\/www.ludwig-van.com\/montreal\/event\/smam-concerts-intimes-im-sick-of-love-purcell-and-friends\/\" target=\"_blank\" rel=\"noopener noreferrer\">D\u00c9TAILS<\/a><\/p>\n<p>&nbsp;<\/p>\n<figure id=\"attachment_63932\" aria-describedby=\"caption-attachment-63932\" style=\"width: 1200px\" class=\"wp-caption aligncenter\"><img decoding=\"async\" loading=\"lazy\" class=\"size-full wp-image-63932\" src=\"https:\/\/www.ludwig-van.com\/montreal\/wp-content\/uploads\/sites\/3\/2020\/02\/Julian-Steckel008-1.jpg\" alt=\"Julian Steckel, violoncelliste\" width=\"1200\" height=\"588\" srcset=\"https:\/\/www.ludwig-van.com\/montreal\/wp-content\/uploads\/sites\/3\/2020\/02\/Julian-Steckel008-1.jpg 1200w, https:\/\/www.ludwig-van.com\/montreal\/wp-content\/uploads\/sites\/3\/2020\/02\/Julian-Steckel008-1-300x147.jpg 300w, https:\/\/www.ludwig-van.com\/montreal\/wp-content\/uploads\/sites\/3\/2020\/02\/Julian-Steckel008-1-1024x502.jpg 1024w, https:\/\/www.ludwig-van.com\/montreal\/wp-content\/uploads\/sites\/3\/2020\/02\/Julian-Steckel008-1-768x376.jpg 768w\" sizes=\"(max-width: 1200px) 100vw, 1200px\" \/><figcaption id=\"caption-attachment-63932\" class=\"wp-caption-text\">Julian Steckel, violoncelliste (Photo : Marco Borggreve)<\/figcaption><\/figure>\n<h2>Don Juan et Cyrano pour la Saint-Valentin<\/h2>\n<p>Dirig\u00e9 par <strong>Otto Taus<\/strong>k, l\u2019<strong>Orchestre symphonique de Qu\u00e9bec<\/strong> et le soliste <strong>Julian Steckel<\/strong> interpr\u00e8teront le Concerto pour violoncelle de Dvo\u0159\u00e1k, une \u0153uvre forte et profonde d\u2019une \u00e9nergie contagieuse. Un concert teint\u00e9 du charme de la Saint-Valentin puisque la musique c\u00f4toiera le th\u00e9\u00e2tre: le com\u00e9dien Emmanuel Bilodeau lira un extrait de Cyrano de Bergerac (Edmond Rostand) alors que l\u2019orchestre jouera l\u2019\u0153uvre \u00e9ponyme de Wagenaar; puis le po\u00e8me Don Juan (Tirso de Molina) illustr\u00e9 par la partition de Strauss.<br \/>\nAuparavant, Ir\u00e8ne Brisson animera, d\u00e8s 19 h, un pr\u00e9lude qui permettra d\u2019approfondir la d\u00e9marche de cr\u00e9ation et le contexte historique de la composition de ces \u0153uvres. Un pr\u00e9-concert suivra o\u00f9 vous pourrez entendre des musiciens de la rel\u00e8ve.<\/p>\n<p>Ce concert sera partiellement pr\u00e9sent\u00e9 (Dvo\u0159\u00e1k et Wagenaar) le lendemain matin.<br \/>\n<strong>Mercredi 12 f\u00e9vrier, 20 h, Grand Th\u00e9\u00e2tre de Qu\u00e9bec.<\/strong> <a href=\"https:\/\/www.ludwig-van.com\/montreal\/event\/osq-don-juan-cyrano-saint-valentin\/\" target=\"_blank\" rel=\"noopener noreferrer\">D\u00c9TAILS<\/a><br \/>\n<strong>Jeudi 13 f\u00e9vrier, 10 h 30, Grand Th\u00e9\u00e2tre de Qu\u00e9bec.<\/strong> <a href=\"https:\/\/www.ludwig-van.com\/montreal\/event\/osq-cyrano-saint-valentin\/\" target=\"_blank\" rel=\"noopener noreferrer\">D\u00c9TAILS<\/a><\/p>\n<h2>Orph\u00e9e, Pan et Allegra<\/h2>\n<p>L\u2019ensemble de musique de chambre Allegra pr\u00e9sentera <em>Fantasia sul un linguaggio perduto<\/em> de Mozetich,<br \/>\nMusique de chambre no 1 pour clarinette, trio \u00e0 cordes, harpe et piano de Martin\u016f, la S\u00e9r\u00e9nade pour fl\u00fbte, trio \u00e0 cordes et harpe, op. 30 de Roussel et le Quintette pour trio \u00e0 cordes, harpe et piano, op. 142 de Ries. Allegra est compos\u00e9 de sept musiciens: la pianiste Dorothy Fieldman Fraiberg, le clarinettiste Simon Aldrich, la fl\u00fbtiste Lara Deutsch, le violoniste Alexander Lozowski, l\u2019altiste Bojana Milinov, la violoncelliste Sheila Hannigan, et Antoine Malette-Ch\u00e9nier \u00e0 la harpe. <strong>Jeudi 13 f\u00e9vrier, 20 h, Salle Redpath, Universit\u00e9 McGill.<\/strong> <a href=\"https:\/\/www.ludwig-van.com\/montreal\/event\/musique-de-chambre-allegra-orphee-pan\/\" target=\"_blank\" rel=\"noopener noreferrer\">D\u00c9TAILS<\/a><\/p>\n<h2>Un banquet baroque avec Maurice Steger<\/h2>\n<p>Consid\u00e9r\u00e9 comme le Paganini de la fl\u00fbte \u00e0 bec, le chef et fl\u00fbtiste <strong>Maurice Steger<\/strong> propose un festin musical avec des \u0153uvres emplies de virtuosit\u00e9, des rythmes endiabl\u00e9s, mais aussi de paisibles harmonies baroques interpr\u00e9t\u00e9es par les <strong>Violons du Roy<\/strong> lors d\u2019un triple concert entre Qu\u00e9bec et Montr\u00e9al, o\u00f9 seront convi\u00e9s Handel, Purcell, Finger, Babell, Avison et Geminiani. Tout un \u00e9v\u00e8nement!<\/p>\n<p><strong>Jeudi 13 f\u00e9vrier, 14 h et 20 h, Palais Montcalm, Qu\u00e9bec.<\/strong> <a href=\"http:\/\/www.violonsduroy.com\/fr\/evenements\/un-banquet-baroque-avec-maurice-steger\/2020-02-13-14-00\" target=\"_blank\" rel=\"noopener noreferrer\">D\u00c9TAILS<\/a><br \/>\n<strong>Vendredi 14 f\u00e9vrier, 19 h 30, Salle Bourgie.<\/strong> <a href=\"http:\/\/www.violonsduroy.com\/fr\/evenements\/un-banquet-baroque-avec-maurice-steger\/2020-02-14-19-30\" target=\"_blank\" rel=\"noopener noreferrer\">D\u00c9TAILS<\/a><\/p>\n<p>&nbsp;<\/p>\n<figure id=\"attachment_63511\" aria-describedby=\"caption-attachment-63511\" style=\"width: 1199px\" class=\"wp-caption aligncenter\"><img decoding=\"async\" loading=\"lazy\" class=\"size-full wp-image-63511\" src=\"https:\/\/www.ludwig-van.com\/montreal\/wp-content\/uploads\/sites\/3\/2020\/01\/Annabelle-Renzo-WEB.jpg\" alt=\"\" width=\"1199\" height=\"542\" srcset=\"https:\/\/www.ludwig-van.com\/montreal\/wp-content\/uploads\/sites\/3\/2020\/01\/Annabelle-Renzo-WEB.jpg 1199w, https:\/\/www.ludwig-van.com\/montreal\/wp-content\/uploads\/sites\/3\/2020\/01\/Annabelle-Renzo-WEB-300x136.jpg 300w, https:\/\/www.ludwig-van.com\/montreal\/wp-content\/uploads\/sites\/3\/2020\/01\/Annabelle-Renzo-WEB-1024x463.jpg 1024w, https:\/\/www.ludwig-van.com\/montreal\/wp-content\/uploads\/sites\/3\/2020\/01\/Annabelle-Renzo-WEB-768x347.jpg 768w\" sizes=\"(max-width: 1199px) 100vw, 1199px\" \/><figcaption id=\"caption-attachment-63511\" class=\"wp-caption-text\">Annabelle Renzo, harpiste et fondatrice de S\u00e9r\u00e9nit\u00e9 Sonore. (Photo: courtoisie)<\/figcaption><\/figure>\n<h2>Massage et harpe Sp\u00e9cial St-Valentin<\/h2>\n<p>S\u00e9r\u00e9nit\u00e9 Sonore invite les m\u00e9lomanes \u00e0 ses concerts intimes, uniques en leur genre, allong\u00e9s dans le confort d&rsquo;une chaise-hamac, sous une couverture confortable, les yeux ferm\u00e9s. Des concerts pour s\u2019\u00e9vader du quotidien:<br \/>\n&#8211; Jeudi, bols tib\u00e9tains, gongs et autres instruments avec le multi-instrumentiste Pierre-Olivier Bolduc.<br \/>\n&#8211; Vendredi, les plus belles m\u00e9lodies ib\u00e9riques interpr\u00e9t\u00e9es \u00e0 la guitare par Michel Beauchamp. Une immersion dans l\u2019Espagne multiculturelle aux accents flamencos, gitans, maures, juifs et chr\u00e9tiens.<br \/>\n&#8211; Puis de vendredi \u00e0 dimanche, \u00e0 l\u2019occasion de la Saint-Valentin, la harpiste Annabelle Renzo secondera les massoth\u00e9rapeutes Micha\u00ebl Plamondon et Karynn Tremblay, pour accompagner ce moment ultime de d\u00e9tente (horaires divers).<\/p>\n<p>Jeudi 13 f\u00e9vrier, 19 h. <a href=\"https:\/\/www.ludwig-van.com\/montreal\/event\/serenite-sonore-atelier-de-collage-intuitif-musique-caroline-seguin\/2020-02-13\/\" target=\"_blank\" rel=\"noopener noreferrer\">D\u00c9TAILS<\/a><br \/>\nVendredi 14 f\u00e9vrier, 19 h 30. <a href=\"https:\/\/www.ludwig-van.com\/montreal\/event\/serenite-sonore-lespagne-hamacs\/\" target=\"_blank\" rel=\"noopener noreferrer\">D\u00c9TAILS<\/a><br \/>\nVendredi 14 au dimanche 16 f\u00e9vrier, S\u00e9r\u00e9nit\u00e9 sonore.<\/p>\n<h2>Les Archets baroques de l\u2019OSD<\/h2>\n<p>Toute une heure de musique baroque avec les musiciens de l\u2019Orchestre Symphonique de Drummondville sous la direction de Julien Proulx et les \u0153uvres de Bach (Suite no 2 en si mineur), Haendel (Concerto Grosso opus 6, no 5) et Vivaldi (Concerto pour violon \u00ab L\u2019hiver \u00bb, des Quatre Saisons). Un 5 \u00e0 7 musical o\u00f9 vous pourrez, apr\u00e8s le concert, prendre un verre et discuter avec le chef et les musiciens dans une ambiance d\u00e9tendue et conviviale. <strong>Vendredi 14 f\u00e9vrier, 17 h, Grand Times H\u00f4tel, Drummondville.<\/strong> <a href=\"https:\/\/www.ludwig-van.com\/montreal\/event\/osd-archets-baroques\/\" target=\"_blank\" rel=\"noopener noreferrer\">D\u00c9TAILS<\/a><\/p>\n<p>&nbsp;<\/p>\n<figure id=\"attachment_56622\" aria-describedby=\"caption-attachment-56622\" style=\"width: 1024px\" class=\"wp-caption aligncenter\"><img decoding=\"async\" loading=\"lazy\" class=\"size-full wp-image-56622\" src=\"https:\/\/www.ludwig-van.com\/montreal\/wp-content\/uploads\/sites\/3\/2018\/10\/BWM_Tim_BradyGtr_CREDIT_Laurence_Labat.jpg\" alt=\"Tim Brady\" width=\"1024\" height=\"680\" srcset=\"https:\/\/www.ludwig-van.com\/montreal\/wp-content\/uploads\/sites\/3\/2018\/10\/BWM_Tim_BradyGtr_CREDIT_Laurence_Labat.jpg 1024w, https:\/\/www.ludwig-van.com\/montreal\/wp-content\/uploads\/sites\/3\/2018\/10\/BWM_Tim_BradyGtr_CREDIT_Laurence_Labat-300x199.jpg 300w, https:\/\/www.ludwig-van.com\/montreal\/wp-content\/uploads\/sites\/3\/2018\/10\/BWM_Tim_BradyGtr_CREDIT_Laurence_Labat-768x510.jpg 768w\" sizes=\"(max-width: 1024px) 100vw, 1024px\" \/><figcaption id=\"caption-attachment-56622\" class=\"wp-caption-text\">Tim Brady. (Photo: Laurence Labat)<\/figcaption><\/figure>\n<h2>Bonheur \u00e9lectrique<\/h2>\n<p>\u00ab Musique lente et tranquille \u00e0 la recherche d\u2019un bonheur \u00e9lectrique \u00bb. Tout un titre po\u00e9tique et moderne pour un concert aux allures m\u00e9ditatives qui r\u00e9unit quatre cr\u00e9ations pour guitares \u00e9lectriques avec traitements num\u00e9riques. Instruments of Happiness (Francis Brunet-Turcotte, Jonathan Barriault, Tim Brady et Simon Duchesne) et les danseurs Roger Sinha, Marie-\u00c8ve Lafontaine et Citlali Germ\u00e9-Trevino interpr\u00e9teront des cr\u00e9ations de quatre compositeurs canadiens: Sideways de Louise Campbell; Traps, Taboos, Traditions d\u2019Andrew Noseworthy; Shoreditch Distant Memory II de Rose Bolton, et Notre-Dame Is Burning d\u2019Andrew Staniland. <strong>Samedi 15 f\u00e9vrier, 20 h, \u00c9glise du Ges\u00f9.<\/strong> <a href=\"https:\/\/www.ludwig-van.com\/montreal\/event\/bradyworks-musique-lente-tranquille-a-recherche-dun-bonheur-electrique\/\" target=\"_blank\" rel=\"noopener noreferrer\">D\u00c9TAILS<\/a><\/p>\n<h2>Au gr\u00e9 des vents<\/h2>\n<p>L\u2019<strong>Orchestre symphonique de Trois-Rivi\u00e8res<\/strong> sous la direction de son chef <strong>Jean-Claude Picard,<\/strong> se propose d\u2019ouvrir pour le public un coffre au tr\u00e9sor rempli de bijoux baroques et modernes comme Pulcinella de Stravinski, le Concerto pour fl\u00fbte et orchestre en r\u00e9 mineur de C.P.E. Bach, la Symphonie no 1 en r\u00e9 majeur Classique, op. 25 de Prokofiev et la Symphonie no 103 en mi b\u00e9mol majeur Roulement de timbales de Haydn. Des pi\u00e8ces pleines d&rsquo;esprit, d&rsquo;\u00e9loquence et de brillance que mettra en lumi\u00e8re l&rsquo;exceptionnelle fl\u00fbte solo de Caroline S\u00e9guin. \u00c0 19 h, une causerie anim\u00e9e par Francis Dub\u00e9 pr\u00e9c\u00e8dera le concert. Notez qu\u2019une conf\u00e9rence de Benjamin Ren\u00e9 aura lieu le mercredi 12 f\u00e9vrier \u00e0 14 h \u00e0 la Maison de la culture de Trois-Rivi\u00e8res. <strong>Samedi 15 f\u00e9vrier, 20 h, Salle J.-Antonio-Thompson, Trois-Rivi\u00e8res.<\/strong> <a href=\"https:\/\/www.ludwig-van.com\/montreal\/event\/ostr-gre-vents\/\" target=\"_blank\" rel=\"noopener noreferrer\">D\u00c9TAILS<\/a><\/p>\n<h2>Les Athl\u00e8tes de la fl\u00fbte \u00e0 bec<\/h2>\n<p>\u00c0 la course, en \u00e9quilibre ou \u00e0 bout de doigts, cette performance athl\u00e9tique enlevante des fl\u00fbtistes \u00e0 bec Vincent Lauzer, Marie-Laurence Primeau, Alexa Raine-Wright et Caroline Tremblay colorera votre dimanche matin en famille. Les quatre virtuoses s\u2019entra\u00eenent jour et nuit pour d\u00e9velopper les doigts les plus agiles, les langues les plus fortes et les oreilles les plus fines du monde. Ces athl\u00e8tes de la fl\u00fbte \u00e0 bec proposent un tour de piste \u00e0 couper le souffle pour les 3 ans et plus, en conjuguant musique et th\u00e9\u00e2tre.<br \/>\nDe la sopranino \u00e0 la grande basse, toute une panoplie de fl\u00fbtes \u00e0 bec entra\u00eeneront enfants (d\u00e8s l\u2019\u00e2ge de 3 ans) et parents du baroque au moderne, des musiques du monde et aux musiques populaires. Une coproduction des JMC \/ Fl\u00fbte Alors!, mise en sc\u00e8ne par Judith Pelletier. <strong>Dimanche 16 f\u00e9vrier, 10 h, Salle Joseph-Rouleau, Jeunesses musicales du Canada.<\/strong> <a href=\"https:\/\/www.ludwig-van.com\/montreal\/event\/jeunesses-musicales-concertino-famille-athletes-de-flute-a-bec\/2020-02-16\/\" target=\"_blank\" rel=\"noopener noreferrer\">D\u00c9TAILS<\/a><\/p>\n<p>&nbsp;<\/p>\n<figure id=\"attachment_54024\" aria-describedby=\"caption-attachment-54024\" style=\"width: 1024px\" class=\"wp-caption aligncenter\"><img decoding=\"async\" loading=\"lazy\" class=\"size-full wp-image-54024\" src=\"https:\/\/www.ludwig-van.com\/montreal\/wp-content\/uploads\/sites\/3\/2018\/05\/2018_Molinari5474_web.jpg\" alt=\"Quatuor Molinari\" width=\"1024\" height=\"683\" srcset=\"https:\/\/www.ludwig-van.com\/montreal\/wp-content\/uploads\/sites\/3\/2018\/05\/2018_Molinari5474_web.jpg 1024w, https:\/\/www.ludwig-van.com\/montreal\/wp-content\/uploads\/sites\/3\/2018\/05\/2018_Molinari5474_web-300x200.jpg 300w, https:\/\/www.ludwig-van.com\/montreal\/wp-content\/uploads\/sites\/3\/2018\/05\/2018_Molinari5474_web-768x512.jpg 768w\" sizes=\"(max-width: 1024px) 100vw, 1024px\" \/><figcaption id=\"caption-attachment-54024\" class=\"wp-caption-text\">Le Quatuor Molinari. (Photo : courtoisie du Quatuor Molinari)<\/figcaption><\/figure>\n<h2>Quatuor Molinari: musique d&rsquo;\u00e9pouvante<\/h2>\n<p>Intitul\u00e9 ainsi, ce concert du Quatuor Molinari pr\u00e9sentera trois \u0153uvres aux sonorit\u00e9s anticonformistes, le Quatuor \u00e0 cordes no 1 de Krzysztof Penderecki, le Quatuor no 3 de Murray Schafer et Black Angels de George Crumb. Le quatuor de Penderecki explore une approche de la composition qui rompt avec la tradition, allant du bruitisme au sonorisme. L\u2019\u0153uvre du Canadien Schafer est une \u0153uvre fascinante o\u00f9 la spatialisation sonore m\u00eale onomatop\u00e9es, incantations mystiques et cris de karat\u00e9 et dont le drame tourne parfois au comique. Enfin, Crumb pr\u00e9sente 13 tableaux o\u00f9 se confrontent le bien et le mal, le Dieu et le Diable \u00e0 l\u2019aide de tam-tams, de maracas, et d\u2019instruments en verre. Ce concert offre un tableau pour les yeux et les oreilles! <strong>Dimanche 16 f\u00e9vrier, 14 h, Maison de la culture Marie-Uguay.<\/strong> <a href=\"https:\/\/quatuormolinari.qc.ca\/\" target=\"_blank\" rel=\"noopener noreferrer\">D\u00c9TAILS<\/a><\/p>\n<h2>Un apr\u00e8s-midi \u00e0 Vienne avec Aline Kutan<\/h2>\n<p>Pour son premier concert de l\u2019ann\u00e9e 2020, l\u2019<strong>Orchestre classique de Montr\u00e9al<\/strong>, dirig\u00e9 par<strong> Boris Brott,<\/strong> transporte les m\u00e9lomanes dans la gloire et l\u2019\u00e9l\u00e9gance du 19e si\u00e8cle \u00e0 Vienne. La soprano <strong>Aline Kutan<\/strong> interpr\u00e9tera des airs d\u2019op\u00e9rettes parmi les plus connus mettant en lumi\u00e8re les compositeurs l\u00e9gendaires Strauss Jr, Leh\u00e1r et Mozart. Mais auparavant un sympathique pr\u00e9lude permettra de d\u00e9couvrir d\u00e8s 14 h 15 la fl\u00fbtiste Naama Neuman accompagn\u00e9e par la pianiste Julie Choi dans le cadre de la s\u00e9rie Jeunes \u00c9toiles de l\u2019OCM. <strong>Dimanche 16 f\u00e9vrier, Pr\u00e9lude \u00e0 14 h 15 et R\u00e9cital \u00e0 15 h, Victoria Hall, Westmount<\/strong>. <a href=\"https:\/\/www.ludwig-van.com\/montreal\/event\/ocm-apres-midi-a-vienne\/\" target=\"_blank\" rel=\"noopener noreferrer\">D\u00c9TAILS<\/a><\/p>\n<p><em>La chronique des Choix de la r\u00e9daction de Ludwig van Montr\u00e9al accorde la priorit\u00e9 \u00e0 ses membres. Pour savoir comment devenir membre de LvM et faire partie de notre communaut\u00e9 musicale, \u00e9crivez-nous \u00e0 caroline@ludwig-van.com\u00a0<\/em><\/p>\n<p>&nbsp;<\/p>\n<h2>LIRE AUSSI:<\/h2>\n<p>&nbsp;<\/p>\n<blockquote class=\"wp-embedded-content\" data-secret=\"In99JwJrGh\"><p><a href=\"https:\/\/www.ludwig-van.com\/montreal\/2020\/02\/05\/disques-quatre-disques-de-piano-a-ecouter-fevrier\/\">DISQUES | Quatre disques de piano \u00e0 \u00e9couter en f\u00e9vrier<\/a><\/p><\/blockquote>\n<p><iframe title=\"\u00ab\u00a0DISQUES | Quatre disques de piano \u00e0 \u00e9couter en f\u00e9vrier\u00a0\u00bb &#8212; Ludwig Van Montreal\" class=\"wp-embedded-content\" sandbox=\"allow-scripts\" security=\"restricted\" style=\"position: absolute; clip: rect(1px, 1px, 1px, 1px);\" src=\"https:\/\/www.ludwig-van.com\/montreal\/2020\/02\/05\/disques-quatre-disques-de-piano-a-ecouter-fevrier\/embed\/#?secret=In99JwJrGh\" data-secret=\"In99JwJrGh\" width=\"600\" height=\"338\" frameborder=\"0\" marginwidth=\"0\" marginheight=\"0\" scrolling=\"no\"><\/iframe><\/p>\n<p>&nbsp;<\/p>\n<p>&nbsp;<\/p>\n<p>&nbsp;<\/p>\n<p>&nbsp;<\/p>\n","protected":false},"excerpt":{"rendered":"<p>Est-ce l\u2019approche de la Saint-Valentin? Nos hormones m\u00e9lomaniaques s\u2019\u00e9chauffent cette semaine! Plusieurs rendez-vous s\u2019offrent \u00e0 nos oreilles insatiables pour entendre parler et chanter l\u2019Amour sous toutes ses formes \u00e0 la recherche de l\u2019accord parfait\u2026Voici nos Choix de la r\u00e9daction du 10 au 16 f\u00e9vrier. Bonne semaine et heureuse Saint-Valentin!<\/p>\n","protected":false},"author":71,"featured_media":0,"comment_status":"open","ping_status":"open","sticky":false,"template":"","format":"standard","meta":{"om_disable_all_campaigns":false,"jetpack_post_was_ever_published":false},"categories":[37357,10994],"tags":[4135,21652,37815,37818,37816],"yst_prominent_words":[37806,37817,37812,37809,9878,9792,12243,37804,16844,16842,29754,29756,37800,37805,37801,35031,37808,37803,37814,37811],"acf":[],"jetpack_featured_media_url":"","jetpack_sharing_enabled":true,"jetpack_shortlink":"https:\/\/wp.me\/p9bdYt-gDC","amp_enabled":true,"_links":{"self":[{"href":"https:\/\/www.ludwig-van.com\/montreal\/wp-json\/wp\/v2\/posts\/63960"}],"collection":[{"href":"https:\/\/www.ludwig-van.com\/montreal\/wp-json\/wp\/v2\/posts"}],"about":[{"href":"https:\/\/www.ludwig-van.com\/montreal\/wp-json\/wp\/v2\/types\/post"}],"author":[{"embeddable":true,"href":"https:\/\/www.ludwig-van.com\/montreal\/wp-json\/wp\/v2\/users\/71"}],"replies":[{"embeddable":true,"href":"https:\/\/www.ludwig-van.com\/montreal\/wp-json\/wp\/v2\/comments?post=63960"}],"version-history":[{"count":6,"href":"https:\/\/www.ludwig-van.com\/montreal\/wp-json\/wp\/v2\/posts\/63960\/revisions"}],"predecessor-version":[{"id":63967,"href":"https:\/\/www.ludwig-van.com\/montreal\/wp-json\/wp\/v2\/posts\/63960\/revisions\/63967"}],"wp:attachment":[{"href":"https:\/\/www.ludwig-van.com\/montreal\/wp-json\/wp\/v2\/media?parent=63960"}],"wp:term":[{"taxonomy":"category","embeddable":true,"href":"https:\/\/www.ludwig-van.com\/montreal\/wp-json\/wp\/v2\/categories?post=63960"},{"taxonomy":"post_tag","embeddable":true,"href":"https:\/\/www.ludwig-van.com\/montreal\/wp-json\/wp\/v2\/tags?post=63960"},{"taxonomy":"yst_prominent_words","embeddable":true,"href":"https:\/\/www.ludwig-van.com\/montreal\/wp-json\/wp\/v2\/yst_prominent_words?post=63960"}],"curies":[{"name":"wp","href":"https:\/\/api.w.org\/{rel}","templated":true}]}}