{"id":63893,"date":"2020-01-31T11:27:34","date_gmt":"2020-01-31T16:27:34","guid":{"rendered":"https:\/\/www.ludwig-van.com\/montreal\/?p=63893"},"modified":"2020-01-31T11:27:34","modified_gmt":"2020-01-31T16:27:34","slug":"nouvelle-rudolf-buchbinder-annule-recital","status":"publish","type":"post","link":"https:\/\/www.ludwig-van.com\/montreal\/2020\/01\/31\/nouvelle-rudolf-buchbinder-annule-recital\/","title":{"rendered":"NOUVELLE | Rudolf Buchbinder annule son r\u00e9cital"},"content":{"rendered":"<p style=\"text-align: center;\"><img decoding=\"async\" loading=\"lazy\" class=\"aligncenter size-full wp-image-63894\" src=\"https:\/\/www.ludwig-van.com\/montreal\/wp-content\/uploads\/sites\/3\/2020\/01\/Buchbinder.jpg\" alt=\"cover Buchbinder\" width=\"1200\" height=\"628\" srcset=\"https:\/\/www.ludwig-van.com\/montreal\/wp-content\/uploads\/sites\/3\/2020\/01\/Buchbinder.jpg 1200w, https:\/\/www.ludwig-van.com\/montreal\/wp-content\/uploads\/sites\/3\/2020\/01\/Buchbinder-300x157.jpg 300w, https:\/\/www.ludwig-van.com\/montreal\/wp-content\/uploads\/sites\/3\/2020\/01\/Buchbinder-1024x536.jpg 1024w, https:\/\/www.ludwig-van.com\/montreal\/wp-content\/uploads\/sites\/3\/2020\/01\/Buchbinder-768x402.jpg 768w\" sizes=\"(max-width: 1200px) 100vw, 1200px\" \/><\/p>\n<p>Il a \u00e9t\u00e9 annonc\u00e9 par voie de communiqu\u00e9 ce matin que Rudolf Buchbinder doit annuler sa venue \u00e0 Montr\u00e9al pour des raisons de sant\u00e9. Le pianiste autrichien devait jouer un r\u00e9cital \u00e0 la Maison symphonique le 6 f\u00e9vrier prochain, dont le programme \u00e9tait constitu\u00e9 de Bach, Schubert et Beethoven.<\/p>\n<p>Les interpr\u00e9tations que fait Buchbinder des oeuvres de ce dernier compositeur sont consid\u00e9r\u00e9s \u00ab\u00a0exemplaires\u00a0\u00bb et en cette ann\u00e9e Beethoven, il jouera l&rsquo;int\u00e9grale des cinq concertos pour piano au Musikverein de Vienne, accompagn\u00e9 de diff\u00e9rents orchestres.<\/p>\n<p>Sa venue \u00e0 Montr\u00e9al \u00e9tait le fruit d&rsquo;une collaboration entre la Soci\u00e9t\u00e9 Pro Musica et l&rsquo;OSM. Les d\u00e9tenteurs de billets ayant obtenus leurs billets aupr\u00e8s de l&rsquo;OSM doivent s&rsquo;adresser \u00e0 la billetterie de l&rsquo;orchestre pour les \u00e9changer ou obtenir un remboursement, tandis que ceux les ayant obtenus par la Soci\u00e9t\u00e9 sont invit\u00e9s \u00e0 s&rsquo;adresser directement \u00e0 celle-ci.<\/p>\n<p>La Soci\u00e9t\u00e9 Pro Musica ne joue pas de chance depuis un certain temps puisqu&rsquo;au courant de l&rsquo;ann\u00e9e 2019, le pianiste Leif Ove Andsnes et le Quatuor Borodin ont eux-aussi annul\u00e9 leurs prestations respectives dans la m\u00e9tropole.<\/p>\n<p>Heureusement, les amoureux de la musique de piano n&rsquo;auront pas \u00e0 attendre trop longtemps avant de pouvoir se rassasier d&rsquo;un autre r\u00e9cital par un des grands pianistes de l&rsquo;heure, puisque le prochain rendez-vous de la s\u00e9rie \u00ab\u00a0Les R\u00e9citals\u00a0\u00bb de Pro Musica met \u00e0 l&rsquo;affiche Daniil Trifonov le 23 f\u00e9vrier prochain, toujours \u00e0 la Maison symphonique. Au programme cette fois, des oeuvres de Beethoven, de Schumann et de Prokofiev.<\/p>\n","protected":false},"excerpt":{"rendered":"<p>Il a \u00e9t\u00e9 annonc\u00e9 par voie de communiqu\u00e9 ce matin que Rudolf Buchbinder doit annuler sa venue \u00e0 Montr\u00e9al pour des raisons de sant\u00e9. Le pianiste autrichien devait jouer un r\u00e9cital \u00e0 la Maison symphonique le 6 f\u00e9vrier prochain, dont le programme \u00e9tait constitu\u00e9 de Bach, Schubert et Beethoven.<\/p>\n","protected":false},"author":1,"featured_media":63894,"comment_status":"open","ping_status":"open","sticky":false,"template":"","format":"standard","meta":{"om_disable_all_campaigns":false,"jetpack_post_was_ever_published":false},"categories":[37357,10956,10992],"tags":[4135,485,37720,18328],"yst_prominent_words":[37715,9964,37714,17017,37718,11442,9869,7694,9942,10430,18243,11705,8313,12722,11028,18242,18247,9839,37713,37719],"acf":[],"jetpack_featured_media_url":"https:\/\/www.ludwig-van.com\/montreal\/wp-content\/uploads\/sites\/3\/2020\/01\/Buchbinder.jpg","jetpack_sharing_enabled":true,"jetpack_shortlink":"https:\/\/wp.me\/p9bdYt-gCx","amp_enabled":true,"_links":{"self":[{"href":"https:\/\/www.ludwig-van.com\/montreal\/wp-json\/wp\/v2\/posts\/63893"}],"collection":[{"href":"https:\/\/www.ludwig-van.com\/montreal\/wp-json\/wp\/v2\/posts"}],"about":[{"href":"https:\/\/www.ludwig-van.com\/montreal\/wp-json\/wp\/v2\/types\/post"}],"author":[{"embeddable":true,"href":"https:\/\/www.ludwig-van.com\/montreal\/wp-json\/wp\/v2\/users\/1"}],"replies":[{"embeddable":true,"href":"https:\/\/www.ludwig-van.com\/montreal\/wp-json\/wp\/v2\/comments?post=63893"}],"version-history":[{"count":2,"href":"https:\/\/www.ludwig-van.com\/montreal\/wp-json\/wp\/v2\/posts\/63893\/revisions"}],"predecessor-version":[{"id":63896,"href":"https:\/\/www.ludwig-van.com\/montreal\/wp-json\/wp\/v2\/posts\/63893\/revisions\/63896"}],"wp:featuredmedia":[{"embeddable":true,"href":"https:\/\/www.ludwig-van.com\/montreal\/wp-json\/wp\/v2\/media\/63894"}],"wp:attachment":[{"href":"https:\/\/www.ludwig-van.com\/montreal\/wp-json\/wp\/v2\/media?parent=63893"}],"wp:term":[{"taxonomy":"category","embeddable":true,"href":"https:\/\/www.ludwig-van.com\/montreal\/wp-json\/wp\/v2\/categories?post=63893"},{"taxonomy":"post_tag","embeddable":true,"href":"https:\/\/www.ludwig-van.com\/montreal\/wp-json\/wp\/v2\/tags?post=63893"},{"taxonomy":"yst_prominent_words","embeddable":true,"href":"https:\/\/www.ludwig-van.com\/montreal\/wp-json\/wp\/v2\/yst_prominent_words?post=63893"}],"curies":[{"name":"wp","href":"https:\/\/api.w.org\/{rel}","templated":true}]}}