{"id":63864,"date":"2020-01-29T07:37:30","date_gmt":"2020-01-29T12:37:30","guid":{"rendered":"https:\/\/www.ludwig-van.com\/montreal\/?p=63864"},"modified":"2020-01-30T09:34:30","modified_gmt":"2020-01-30T14:34:30","slug":"nouvelle-plusieurs-nominations-pour-les-musiciens-quebecois-aux-prix-juno","status":"publish","type":"post","link":"https:\/\/www.ludwig-van.com\/montreal\/2020\/01\/29\/nouvelle-plusieurs-nominations-pour-les-musiciens-quebecois-aux-prix-juno\/","title":{"rendered":"NOUVELLE | Plusieurs nominations pour les musiciens qu\u00e9b\u00e9cois aux prix Juno"},"content":{"rendered":"<p style=\"text-align: center;\">\n<p style=\"text-align: center;\"><img decoding=\"async\" loading=\"lazy\" class=\"aligncenter size-full wp-image-63883\" src=\"https:\/\/www.ludwig-van.com\/montreal\/wp-content\/uploads\/sites\/3\/2020\/01\/choix-de-la-r\u00e9dac-20-janvier-1.jpg\" alt=\"\" width=\"1199\" height=\"628\" srcset=\"https:\/\/www.ludwig-van.com\/montreal\/wp-content\/uploads\/sites\/3\/2020\/01\/choix-de-la-r\u00e9dac-20-janvier-1.jpg 1199w, https:\/\/www.ludwig-van.com\/montreal\/wp-content\/uploads\/sites\/3\/2020\/01\/choix-de-la-r\u00e9dac-20-janvier-1-300x157.jpg 300w, https:\/\/www.ludwig-van.com\/montreal\/wp-content\/uploads\/sites\/3\/2020\/01\/choix-de-la-r\u00e9dac-20-janvier-1-1024x536.jpg 1024w, https:\/\/www.ludwig-van.com\/montreal\/wp-content\/uploads\/sites\/3\/2020\/01\/choix-de-la-r\u00e9dac-20-janvier-1-768x402.jpg 768w\" sizes=\"(max-width: 1199px) 100vw, 1199px\" \/><\/p>\n<p>&nbsp;<\/p>\n<p>Les nominations aux prix JUNO ont \u00e9t\u00e9 annonc\u00e9es hier en fin de journ\u00e9e. Parmi les finalistes, on retrouve l&rsquo;<strong>Orchestre symphonique de Montr\u00e9al<\/strong> (deux nominations) et plusieurs autres musiciens et ensembles qu\u00e9b\u00e9cois, dont voici les faits saillants en musique classique.<\/p>\n<p>L&rsquo;OSM est en nomination pour son enregistrement des deux Concertos pour piano de Chopin avec <strong>Charles Richard-Hamelin<\/strong> sous \u00e9tiquette Analekta et pour son album John Adams.<\/p>\n<p>Parmi les autres artistes qu\u00e9b\u00e9cois en nomination, on retrouve, entre autres, l&rsquo;<strong>Orchestre M\u00e9tropolitain, Marina Thibeault<\/strong> et <strong>Marie-\u00c8ve Scarfone<\/strong>, et l&rsquo;<strong>Ensemble Paramirabo.\u00a0<\/strong><\/p>\n<p>Voici les nominations aux JUNO en musique classique pour 2020.<\/p>\n<h2>Album classique de l&rsquo;ann\u00e9e : solo ou musique de chambre<\/h2>\n<p>\u2022 Angela Schwarzkopf, Detach<br \/>\n\u2022 Ensemble Paramirabo, Alone &amp; Unalone<br \/>\n\u2022 James Ehnes, Beethoven: Violin Sonatas Op. 12<br \/>\n\u2022 Marina Thibeault and Marie-\u00c8ve Scarfone, Elles<br \/>\n\u2022 Quatuor Molinari, John Zorn: Cat O\u2019Nine Tails, The Dead Man, Memento Mori &amp; Kol Nidre<\/p>\n<h2>Album classique de l&rsquo;ann\u00e9e : grands ensembles<\/h2>\n<p>\u2022 Canada\u2019s National Arts Centre Orchestra\/Orchestre du Centre National Des Arts du Canada, direction Alexander Shelley, avec <strong>Alain Lef\u00e8vre, <\/strong>pour l&rsquo;album <em><strong>Aux fronti\u00e8res de nos r\u00eaves<\/strong><\/em> incluant <em>Le Concerto de l&rsquo;asile, de <\/em><strong>Walter Boudreau<\/strong><span style=\"display: inline !important; float: none; background-color: #f4f3f3; color: #000000; font-family: 'Roboto','Helvetica Neue',Helvetica,Arial,sans-serif; font-size: 16px; font-style: normal; font-variant: normal; font-weight: 400; letter-spacing: normal; orphans: 2; text-align: justify; text-decoration: none; text-indent: 0px; text-transform: none; -webkit-text-stroke-width: 0px; white-space: normal; word-spacing: 0px;\">.<\/span><br \/>\n\u2022 Jan Lisiecki et l&rsquo;Academy of St. Martin in the Fields, Beethoven: int\u00e9grale des concertos pour piano<br \/>\n\u2022 Orchestre M\u00e9tropolitain de Montr\u00e9al, direction Yannick N\u00e9zet-S\u00e9guin, Sibelius 1<br \/>\n\u2022 Orchestre symphonique de Montr\u00e9al, direction Kent Nagano, l&rsquo;album John Adams<br \/>\n\u2022 Orchestre symphonique de Montr\u00e9al, direction Kent Nagano, avec Charles Richard-Hamelin, Chopin: Concertos Nos. 1 &amp; 2<\/p>\n<h2>Album classique de l&rsquo;ann\u00e9e : musique vocale ou chorale<\/h2>\n<p>\u2022 Chor Leoni Men\u2019s Choir, When There is Peace: An Armistice Oratorio<br \/>\n\u2022 Gerald Finley, Schubert: Schwanengesang; Brahms: Vier ernste Ges\u00e4nge<br \/>\n\u2022 Ottawa Bach Choir, direction Lisette Canton, Handel: Dixit Dominus; Bach &amp; Schutz: Motets<br \/>\n\u2022 Peter Barrett, Martha Guth, Allyson McHardy, Helen Becqu\u00e9, Summer Night<br \/>\n\u2022 Philippe Sly et Le Chimera Project, Schubert: Winterreise<\/p>\n<h2>Composition classique de l&rsquo;ann\u00e9e<\/h2>\n<p>\u2022 Ana Sokolovi\u0107, Evta<br \/>\n\u2022 Bekah Simms, Everything is\u2026 Distorted<br \/>\n\u2022 Jared Miller, Under Sea, Above Sky<br \/>\n\u2022 Rose Bolton, The Coming of Sobs<br \/>\n\u2022 Vincent Ho, Kickin\u2019 It 2.0<\/p>\n<p>La c\u00e9r\u00e9monie des prix JUNO aura lieu le 15 mars \u00e0 Saskatoon, \u00e0 20 h.<\/p>\n<p>F\u00e9licitations \u00e0 tous les musiciens en nomination!<\/p>\n<h2>LIRE AUSSI :<\/h2>\n<p>&nbsp;<\/p>\n<blockquote class=\"wp-embedded-content\" data-secret=\"OHG6qwonMw\"><p><a href=\"https:\/\/www.ludwig-van.com\/montreal\/2020\/01\/20\/nouvelle-23e-gala-prix-opus-hommage-a-trois-dames-de-musique\/\">NOUVELLE | 23e Gala des prix Opus : un hommage \u00e0 trois dames de la musique<\/a><\/p><\/blockquote>\n<p><iframe title=\"\u00ab\u00a0NOUVELLE | 23e Gala des prix Opus : un hommage \u00e0 trois dames de la musique\u00a0\u00bb &#8212; Ludwig Van Montreal\" class=\"wp-embedded-content\" sandbox=\"allow-scripts\" security=\"restricted\" style=\"position: absolute; clip: rect(1px, 1px, 1px, 1px);\" src=\"https:\/\/www.ludwig-van.com\/montreal\/2020\/01\/20\/nouvelle-23e-gala-prix-opus-hommage-a-trois-dames-de-musique\/embed\/#?secret=OHG6qwonMw\" data-secret=\"OHG6qwonMw\" width=\"600\" height=\"338\" frameborder=\"0\" marginwidth=\"0\" marginheight=\"0\" scrolling=\"no\"><\/iframe><\/p>\n<p>&nbsp;<\/p>\n<p>&nbsp;<\/p>\n<p>&nbsp;<\/p>\n","protected":false},"excerpt":{"rendered":"<p>Les nominations aux prix JUNO ont \u00e9t\u00e9 annonc\u00e9es hier en fin de journ\u00e9e. Parmi les finalistes, on retrouve l&rsquo;Orchestre symphonique de Montr\u00e9al (deux nominations) et plusieurs autres musiciens et ensembles qu\u00e9b\u00e9cois, dont voici les faits saillants en musique classique.<\/p>\n","protected":false},"author":51,"featured_media":63883,"comment_status":"open","ping_status":"open","sticky":false,"template":"","format":"standard","meta":{"om_disable_all_campaigns":false,"jetpack_post_was_ever_published":false},"categories":[37357,10956,10992],"tags":[4135,269,37698,10988,2542],"yst_prominent_words":[18360,18358,9966,18359,35626,24100,17387,10615,37691,37696,37694,10167,11452,11111,6668,37692,20461,9870,37695,37693],"acf":[],"jetpack_featured_media_url":"https:\/\/www.ludwig-van.com\/montreal\/wp-content\/uploads\/sites\/3\/2020\/01\/choix-de-la-r\u00e9dac-20-janvier-1.jpg","jetpack_sharing_enabled":true,"jetpack_shortlink":"https:\/\/wp.me\/p9bdYt-gC4","amp_enabled":true,"_links":{"self":[{"href":"https:\/\/www.ludwig-van.com\/montreal\/wp-json\/wp\/v2\/posts\/63864"}],"collection":[{"href":"https:\/\/www.ludwig-van.com\/montreal\/wp-json\/wp\/v2\/posts"}],"about":[{"href":"https:\/\/www.ludwig-van.com\/montreal\/wp-json\/wp\/v2\/types\/post"}],"author":[{"embeddable":true,"href":"https:\/\/www.ludwig-van.com\/montreal\/wp-json\/wp\/v2\/users\/51"}],"replies":[{"embeddable":true,"href":"https:\/\/www.ludwig-van.com\/montreal\/wp-json\/wp\/v2\/comments?post=63864"}],"version-history":[{"count":5,"href":"https:\/\/www.ludwig-van.com\/montreal\/wp-json\/wp\/v2\/posts\/63864\/revisions"}],"predecessor-version":[{"id":63884,"href":"https:\/\/www.ludwig-van.com\/montreal\/wp-json\/wp\/v2\/posts\/63864\/revisions\/63884"}],"wp:featuredmedia":[{"embeddable":true,"href":"https:\/\/www.ludwig-van.com\/montreal\/wp-json\/wp\/v2\/media\/63883"}],"wp:attachment":[{"href":"https:\/\/www.ludwig-van.com\/montreal\/wp-json\/wp\/v2\/media?parent=63864"}],"wp:term":[{"taxonomy":"category","embeddable":true,"href":"https:\/\/www.ludwig-van.com\/montreal\/wp-json\/wp\/v2\/categories?post=63864"},{"taxonomy":"post_tag","embeddable":true,"href":"https:\/\/www.ludwig-van.com\/montreal\/wp-json\/wp\/v2\/tags?post=63864"},{"taxonomy":"yst_prominent_words","embeddable":true,"href":"https:\/\/www.ludwig-van.com\/montreal\/wp-json\/wp\/v2\/yst_prominent_words?post=63864"}],"curies":[{"name":"wp","href":"https:\/\/api.w.org\/{rel}","templated":true}]}}