{"id":63688,"date":"2020-01-16T14:30:43","date_gmt":"2020-01-16T19:30:43","guid":{"rendered":"https:\/\/www.ludwig-van.com\/montreal\/?p=63688"},"modified":"2020-01-17T07:27:28","modified_gmt":"2020-01-17T12:27:28","slug":"festival-festival-classique-hivernal-nouveau-rendez-classique-a-laval","status":"publish","type":"post","link":"https:\/\/www.ludwig-van.com\/montreal\/2020\/01\/16\/festival-festival-classique-hivernal-nouveau-rendez-classique-a-laval\/","title":{"rendered":"FESTIVAL | Le Festival Classique hivernal, nouveau rendez-vous classique \u00e0 Laval"},"content":{"rendered":"<p style=\"text-align: center;\"><img decoding=\"async\" loading=\"lazy\" class=\"aligncenter size-full wp-image-63691\" src=\"https:\/\/www.ludwig-van.com\/montreal\/wp-content\/uploads\/sites\/3\/2020\/01\/Festival-classique-hivernal-cover.jpg\" alt=\"\" width=\"1200\" height=\"628\" srcset=\"https:\/\/www.ludwig-van.com\/montreal\/wp-content\/uploads\/sites\/3\/2020\/01\/Festival-classique-hivernal-cover.jpg 1200w, https:\/\/www.ludwig-van.com\/montreal\/wp-content\/uploads\/sites\/3\/2020\/01\/Festival-classique-hivernal-cover-300x157.jpg 300w, https:\/\/www.ludwig-van.com\/montreal\/wp-content\/uploads\/sites\/3\/2020\/01\/Festival-classique-hivernal-cover-1024x536.jpg 1024w, https:\/\/www.ludwig-van.com\/montreal\/wp-content\/uploads\/sites\/3\/2020\/01\/Festival-classique-hivernal-cover-768x402.jpg 768w\" sizes=\"(max-width: 1200px) 100vw, 1200px\" \/><\/p>\n<p><a href=\"https:\/\/www.osl.qc.ca\/fr\/concerts\/lhomme-et-la-nature\" target=\"_blank\" rel=\"noopener noreferrer\">L\u2019Orchestre symphonique de Laval<\/a> lance un nouveau rendez-vous de musique classique : le <a href=\"https:\/\/www.osl.qc.ca\/fr\/concerts\/lhomme-et-la-nature\" target=\"_blank\" rel=\"noopener noreferrer\">Festival Classique hivernal<\/a>, du vendredi 31 janvier au dimanche 2 f\u00e9vrier 2020. La premi\u00e8re \u00e9dition de ce rassemblement c\u00e9l\u00e9brera Beethoven \u00e0 travers 4 concerts et une foule d\u2019activit\u00e9s partout \u00e0 Laval.<\/p>\n<p>Revisitez vos classiques&#8230;<\/p>\n<p>L\u2019esprit du festival? Histoires autour du feu, mitaines, tuques et chocolat chaud&#8230;et Beethoven! On vous invite \u00e0 revisiter vos classiques. R\u00e9entendez les plus belles symphonies du compositeur dans un esprit festif, hivernal et accessible \u00e0 tous. Vous vivrez avec orchestre des \u0153uvres souvent entendues et emprunt\u00e9es par les grands classiques du cin\u00e9ma comme le <em>Parc Jurassic<\/em>, <em>Fantasia<\/em>, <em>Orange M\u00e9canique<\/em> et bien plus avec des billets \u00e0 prix r\u00e9duits! Des activit\u00e9s pour tous les \u00e2ges font partie de la grande c\u00e9l\u00e9bration : Conte Hivernal en musique pour les enfants, patin \u00e0 glace, Causerie sur Beethoven, conf\u00e9rences pr\u00e9-concert Autour du feu et tant d\u2019autres!<\/p>\n<p>Le temps d\u2019une fin de semaine, l\u2019hiver et la musique se marient sous les flocons&#8230;<\/p>\n<p>L\u2019excellence des musiciens de l\u2019Orchestre est \u00e0 l\u2019honneur \u00e0 travers les \u0153uvres magistrales de Beethoven. Au programme, les troisi\u00e8me, cinqui\u00e8me, sixi\u00e8me, septi\u00e8me et neuvi\u00e8me symphonies en trois jours, toutes dirig\u00e9es par le chef Alain Trudel. Samedi, l\u2019impressionnant <strong>Charles Richard-Hamelin<\/strong> nous offre deux concertos au piano en une seule journ\u00e9e! Un marathon musical qui vous remplira de gaiet\u00e9 et r\u00e9chauffera les c\u0153urs.<\/p>\n<p><a href=\"https:\/\/www.osl.qc.ca\/fr\/concerts\/lhomme-et-la-nature\" target=\"_blank\" rel=\"noopener noreferrer\">POUR EN SAVOIR PLUS<\/a><\/p>\n<p><strong><em>La publication de ce communiqu\u00e9 est un privil\u00e8ge r\u00e9serv\u00e9 aux membres de Ludwig van Montr\u00e9al. Pour savoir comment devenir membre, \u00e9crivez-nous \u00e0 caroline@ludwig-van.com.<\/em><\/strong><\/p>\n","protected":false},"excerpt":{"rendered":"<p>L\u2019Orchestre symphonique de Laval lance un nouveau rendez-vous de musique classique : le Festival Classique hivernal, du vendredi 31 janvier au dimanche 2 f\u00e9vrier 2020. La premi\u00e8re \u00e9dition de ce rassemblement c\u00e9l\u00e9brera Beethoven \u00e0 travers 4 concerts et une foule d\u2019activit\u00e9s partout \u00e0 Laval.<\/p>\n","protected":false},"author":1,"featured_media":63691,"comment_status":"open","ping_status":"open","sticky":false,"template":"","format":"standard","meta":{"om_disable_all_campaigns":false,"jetpack_post_was_ever_published":false},"categories":[37357,11020],"tags":[4135,37483,37484],"yst_prominent_words":[19116,37481,9964,10175,14223,7412,14643,37482,9813,10711,9811,10497,17373,6636],"acf":[],"jetpack_featured_media_url":"https:\/\/www.ludwig-van.com\/montreal\/wp-content\/uploads\/sites\/3\/2020\/01\/Festival-classique-hivernal-cover.jpg","jetpack_sharing_enabled":true,"jetpack_shortlink":"https:\/\/wp.me\/p9bdYt-gze","amp_enabled":true,"_links":{"self":[{"href":"https:\/\/www.ludwig-van.com\/montreal\/wp-json\/wp\/v2\/posts\/63688"}],"collection":[{"href":"https:\/\/www.ludwig-van.com\/montreal\/wp-json\/wp\/v2\/posts"}],"about":[{"href":"https:\/\/www.ludwig-van.com\/montreal\/wp-json\/wp\/v2\/types\/post"}],"author":[{"embeddable":true,"href":"https:\/\/www.ludwig-van.com\/montreal\/wp-json\/wp\/v2\/users\/1"}],"replies":[{"embeddable":true,"href":"https:\/\/www.ludwig-van.com\/montreal\/wp-json\/wp\/v2\/comments?post=63688"}],"version-history":[{"count":4,"href":"https:\/\/www.ludwig-van.com\/montreal\/wp-json\/wp\/v2\/posts\/63688\/revisions"}],"predecessor-version":[{"id":63694,"href":"https:\/\/www.ludwig-van.com\/montreal\/wp-json\/wp\/v2\/posts\/63688\/revisions\/63694"}],"wp:featuredmedia":[{"embeddable":true,"href":"https:\/\/www.ludwig-van.com\/montreal\/wp-json\/wp\/v2\/media\/63691"}],"wp:attachment":[{"href":"https:\/\/www.ludwig-van.com\/montreal\/wp-json\/wp\/v2\/media?parent=63688"}],"wp:term":[{"taxonomy":"category","embeddable":true,"href":"https:\/\/www.ludwig-van.com\/montreal\/wp-json\/wp\/v2\/categories?post=63688"},{"taxonomy":"post_tag","embeddable":true,"href":"https:\/\/www.ludwig-van.com\/montreal\/wp-json\/wp\/v2\/tags?post=63688"},{"taxonomy":"yst_prominent_words","embeddable":true,"href":"https:\/\/www.ludwig-van.com\/montreal\/wp-json\/wp\/v2\/yst_prominent_words?post=63688"}],"curies":[{"name":"wp","href":"https:\/\/api.w.org\/{rel}","templated":true}]}}