{"id":63675,"date":"2020-01-14T13:01:51","date_gmt":"2020-01-14T18:01:51","guid":{"rendered":"https:\/\/www.ludwig-van.com\/montreal\/?p=63675"},"modified":"2020-01-14T13:01:51","modified_gmt":"2020-01-14T18:01:51","slug":"anniversaire-losm-fete-ses-85-ans","status":"publish","type":"post","link":"https:\/\/www.ludwig-van.com\/montreal\/2020\/01\/14\/anniversaire-losm-fete-ses-85-ans\/","title":{"rendered":"ANNIVERSAIRE | L&rsquo;OSM f\u00eate ses 85 ans!"},"content":{"rendered":"<p style=\"text-align: center;\"><img decoding=\"async\" loading=\"lazy\" class=\"aligncenter size-full wp-image-63681\" src=\"https:\/\/www.ludwig-van.com\/montreal\/wp-content\/uploads\/sites\/3\/2020\/01\/OSM-85e-anniversaire.jpg\" alt=\"\" width=\"1200\" height=\"628\" srcset=\"https:\/\/www.ludwig-van.com\/montreal\/wp-content\/uploads\/sites\/3\/2020\/01\/OSM-85e-anniversaire.jpg 1200w, https:\/\/www.ludwig-van.com\/montreal\/wp-content\/uploads\/sites\/3\/2020\/01\/OSM-85e-anniversaire-300x157.jpg 300w, https:\/\/www.ludwig-van.com\/montreal\/wp-content\/uploads\/sites\/3\/2020\/01\/OSM-85e-anniversaire-1024x536.jpg 1024w, https:\/\/www.ludwig-van.com\/montreal\/wp-content\/uploads\/sites\/3\/2020\/01\/OSM-85e-anniversaire-768x402.jpg 768w\" sizes=\"(max-width: 1200px) 100vw, 1200px\" \/><\/p>\n<p>&nbsp;<\/p>\n<p>C&rsquo;est le 14 janvier 1935 \u00e0 l\u2019Auditorium Le Plateau qu\u2019a retenti le premier cri des Concerts symphoniques de Montr\u00e9al, accueilli, comme pour toute naissance attendue, \u00ab dans un climat d\u2019euphorie \u00bb. Sous la direction de Wilfrid Pelletier, rapidement nomm\u00e9 directeur musical, l\u2019ensemble a d\u00e9velopp\u00e9 des projets innovateurs, par exemple la cr\u00e9ation de concerts jeunesse, l\u2019\u00e9tablissement du Prix Archambault, qu\u2019on conna\u00eet aujourd\u2019hui sous le nom de Concours OSM, et un concours de composition.<\/p>\n<p>Certains lecteurs se souviendront peut-\u00eatre de l\u2019\u00e9poque o\u00f9 on pouvait payer 1 $ pour entendre les concerts de l\u2019orchestre au Forum. Les temps ont chang\u00e9! La Salle Wilfrid-Pelletier, consid\u00e9r\u00e9e exceptionnelle \u00e0 l\u2019\u00e9poque de sa construction en 1963, a fait place depuis 2011 \u00e0 la Maison symphonique. L\u2019orchestre continue cependant de sortir pour se rapprocher de son public, notamment avec la Vir\u00e9e classique, qui comprend le toujours tr\u00e8s couru et grandiose Concert sur l\u2019Esplanade.<\/p>\n<p>De grandes tourn\u00e9es ont marqu\u00e9 l\u2019histoire de l\u2019orchestre. La premi\u00e8re a eu lieu en 1962 et l&rsquo;a men\u00e9 en URSS, en Autriche et en France. En 1970, il oue \u00e0 l&rsquo;Expo70 au Japon. Des tourn\u00e9es en son propre pays sont aussi notables : l&rsquo;orchestre a visit\u00e9 deux fois le Grand Nord canadien, en 2008 et en 2018, la plus r\u00e9cente ayant fait l&rsquo;objet du r\u00e9cent documentaire <em>Chaakapesh.<\/em><\/p>\n<p>Le parcours de l\u2019OSM a aussi \u00e9t\u00e9 marqu\u00e9 d\u2019\u00e9preuves\u00a0: crises financi\u00e8res et gr\u00e8ves ne lui ont pas \u00e9t\u00e9 \u00e9pargn\u00e9es. Gr\u00e2ce au travail acharn\u00e9 de sa direction, de la loyaut\u00e9 de ses joueurs et du soutien du public, l\u2019ensemble est toujours reparti du bon pied, cheminant vers de prochains climax artistiques, dans un parcours en crescendo.<\/p>\n<p>\u00c0 85 ans, l&rsquo;orchestre est riche d&rsquo;exp\u00e9riences et d&rsquo;acquis multiples. Pelletier, Markevitch, Klemperer, Mehta, Decker, Dutoit, Lacombe, Nagano\u2026les plus grands chefs se sont succ\u00e9d\u00e9 \u00e0 son pupitre, en tant que directeurs musicaux ou chefs invit\u00e9s. Sous leurs baguettes, l&rsquo;orchestre a produit de nombreux enregistrements prim\u00e9s. En cette derni\u00e8re saison de l&rsquo;\u00e8re Nagano, les paris sont toujours ouverts quant \u00e0 l&rsquo;identit\u00e9 de son ou sa successeur(e).<\/p>\n<p>C&rsquo;est avec la musique de Schubert et de Rossini que l&rsquo;orchestre souligne cette soir\u00e9e d&rsquo;anniversaire, en conviant le public au concert \u00ab\u00a0La Vienne de Rossini et Schubert\u00a0\u00bb \u00e0 la Maison symphonique, donn\u00e9 dans le cadre de son Festival Schubert. <a href=\"https:\/\/www.osm.ca\/fr\/concerts\/la-vienne-de-rossini-et-schubert\/\" target=\"_blank\" rel=\"noopener noreferrer\">D\u00c9TAILS<\/a><\/p>\n<p>&nbsp;<\/p>\n<h2>LIRE AUSSI :<\/h2>\n<p>&nbsp;<\/p>\n<blockquote class=\"wp-embedded-content\" data-secret=\"GECYliVG21\"><p><a href=\"https:\/\/www.ludwig-van.com\/montreal\/2020\/01\/13\/choix-de-la-redaction-6\/\">CHOIX DE LA R\u00c9DACTION | Tout un \u00e9ventail de choix pour oublier la grisaille<\/a><\/p><\/blockquote>\n<p><iframe title=\"\u00ab\u00a0CHOIX DE LA R\u00c9DACTION | Tout un \u00e9ventail de choix pour oublier la grisaille\u00a0\u00bb &#8212; Ludwig Van Montreal\" class=\"wp-embedded-content\" sandbox=\"allow-scripts\" security=\"restricted\" style=\"position: absolute; clip: rect(1px, 1px, 1px, 1px);\" src=\"https:\/\/www.ludwig-van.com\/montreal\/2020\/01\/13\/choix-de-la-redaction-6\/embed\/#?secret=GECYliVG21\" data-secret=\"GECYliVG21\" width=\"600\" height=\"338\" frameborder=\"0\" marginwidth=\"0\" marginheight=\"0\" scrolling=\"no\"><\/iframe><\/p>\n","protected":false},"excerpt":{"rendered":"<p>C&rsquo;est le 14 janvier 1935 \u00e0 l\u2019Auditorium Le Plateau qu\u2019a retenti le premier cri des Concerts symphoniques de Montr\u00e9al, accueilli, comme pour toute naissance attendue, \u00ab dans un climat d\u2019euphorie \u00bb. C&rsquo;est avec la musique de Schubert et de Rossini que l&rsquo;orchestre souligne cette soir\u00e9e d&rsquo;anniversaire, en conviant le public au concert \u00ab\u00a0La Vienne de Rossini et Schubert\u00a0\u00bb \u00e0 la Maison symphonique, donn\u00e9 dans le cadre de son Festival Schubert.<\/p>\n","protected":false},"author":55,"featured_media":63681,"comment_status":"open","ping_status":"open","sticky":false,"template":"","format":"standard","meta":{"om_disable_all_campaigns":false,"jetpack_post_was_ever_published":false},"categories":[37357,11009],"tags":[4135,37458,37452],"yst_prominent_words":[9842,14408,7202,8858,10473,11678,10579,14810,9813,11442,9869,20242,37457,18978,7595,11268,11546,9839,18816],"acf":[],"jetpack_featured_media_url":"https:\/\/www.ludwig-van.com\/montreal\/wp-content\/uploads\/sites\/3\/2020\/01\/OSM-85e-anniversaire.jpg","jetpack_sharing_enabled":true,"jetpack_shortlink":"https:\/\/wp.me\/p9bdYt-gz1","amp_enabled":true,"_links":{"self":[{"href":"https:\/\/www.ludwig-van.com\/montreal\/wp-json\/wp\/v2\/posts\/63675"}],"collection":[{"href":"https:\/\/www.ludwig-van.com\/montreal\/wp-json\/wp\/v2\/posts"}],"about":[{"href":"https:\/\/www.ludwig-van.com\/montreal\/wp-json\/wp\/v2\/types\/post"}],"author":[{"embeddable":true,"href":"https:\/\/www.ludwig-van.com\/montreal\/wp-json\/wp\/v2\/users\/55"}],"replies":[{"embeddable":true,"href":"https:\/\/www.ludwig-van.com\/montreal\/wp-json\/wp\/v2\/comments?post=63675"}],"version-history":[{"count":6,"href":"https:\/\/www.ludwig-van.com\/montreal\/wp-json\/wp\/v2\/posts\/63675\/revisions"}],"predecessor-version":[{"id":63682,"href":"https:\/\/www.ludwig-van.com\/montreal\/wp-json\/wp\/v2\/posts\/63675\/revisions\/63682"}],"wp:featuredmedia":[{"embeddable":true,"href":"https:\/\/www.ludwig-van.com\/montreal\/wp-json\/wp\/v2\/media\/63681"}],"wp:attachment":[{"href":"https:\/\/www.ludwig-van.com\/montreal\/wp-json\/wp\/v2\/media?parent=63675"}],"wp:term":[{"taxonomy":"category","embeddable":true,"href":"https:\/\/www.ludwig-van.com\/montreal\/wp-json\/wp\/v2\/categories?post=63675"},{"taxonomy":"post_tag","embeddable":true,"href":"https:\/\/www.ludwig-van.com\/montreal\/wp-json\/wp\/v2\/tags?post=63675"},{"taxonomy":"yst_prominent_words","embeddable":true,"href":"https:\/\/www.ludwig-van.com\/montreal\/wp-json\/wp\/v2\/yst_prominent_words?post=63675"}],"curies":[{"name":"wp","href":"https:\/\/api.w.org\/{rel}","templated":true}]}}