{"id":63662,"date":"2020-01-13T10:43:10","date_gmt":"2020-01-13T15:43:10","guid":{"rendered":"https:\/\/www.ludwig-van.com\/montreal\/?p=63662"},"modified":"2020-01-13T12:37:32","modified_gmt":"2020-01-13T17:37:32","slug":"choix-de-la-redaction-6","status":"publish","type":"post","link":"https:\/\/www.ludwig-van.com\/montreal\/2020\/01\/13\/choix-de-la-redaction-6\/","title":{"rendered":"CHOIX DE LA R\u00c9DACTION | Tout un \u00e9ventail de choix pour oublier la grisaille"},"content":{"rendered":"<p style=\"text-align: center;\"><img decoding=\"async\" loading=\"lazy\" class=\"aligncenter size-full wp-image-63668\" src=\"https:\/\/www.ludwig-van.com\/montreal\/wp-content\/uploads\/sites\/3\/2020\/01\/choix-de-la-r\u00e9dac-13-janvier.jpg\" alt=\"\" width=\"1200\" height=\"629\" srcset=\"https:\/\/www.ludwig-van.com\/montreal\/wp-content\/uploads\/sites\/3\/2020\/01\/choix-de-la-r\u00e9dac-13-janvier.jpg 1200w, https:\/\/www.ludwig-van.com\/montreal\/wp-content\/uploads\/sites\/3\/2020\/01\/choix-de-la-r\u00e9dac-13-janvier-300x157.jpg 300w, https:\/\/www.ludwig-van.com\/montreal\/wp-content\/uploads\/sites\/3\/2020\/01\/choix-de-la-r\u00e9dac-13-janvier-1024x537.jpg 1024w, https:\/\/www.ludwig-van.com\/montreal\/wp-content\/uploads\/sites\/3\/2020\/01\/choix-de-la-r\u00e9dac-13-janvier-768x403.jpg 768w\" sizes=\"(max-width: 1200px) 100vw, 1200px\" \/><\/p>\n<p>&nbsp;<\/p>\n<p>Bonne ann\u00e9e et meilleurs v\u0153ux \u00e0 toutes et \u00e0 tous les m\u00e9lomanes! Cette semaine, la rentr\u00e9e musicale propose un \u00e9ventail autant historique que stylistique en termes de compositeurs, d\u2019\u0153uvres et d\u2019interpr\u00e8tes. \u00c0 commencer par Schubert autour duquel l\u2019OSM offre tout un festival de concerts et de rencontres. Un moment phare et fort, parmi les choix de notre r\u00e9daction cette semaine.<\/p>\n<p>&nbsp;<\/p>\n<figure id=\"attachment_63663\" aria-describedby=\"caption-attachment-63663\" style=\"width: 1200px\" class=\"wp-caption aligncenter\"><img decoding=\"async\" loading=\"lazy\" class=\"wp-image-63663 size-full\" src=\"https:\/\/www.ludwig-van.com\/montreal\/wp-content\/uploads\/sites\/3\/2020\/01\/Concerto-italiano.jpg\" alt=\"Concerto italiano autour d'une fontaine\" width=\"1200\" height=\"1200\" srcset=\"https:\/\/www.ludwig-van.com\/montreal\/wp-content\/uploads\/sites\/3\/2020\/01\/Concerto-italiano.jpg 1200w, https:\/\/www.ludwig-van.com\/montreal\/wp-content\/uploads\/sites\/3\/2020\/01\/Concerto-italiano-300x300.jpg 300w, https:\/\/www.ludwig-van.com\/montreal\/wp-content\/uploads\/sites\/3\/2020\/01\/Concerto-italiano-1024x1024.jpg 1024w, https:\/\/www.ludwig-van.com\/montreal\/wp-content\/uploads\/sites\/3\/2020\/01\/Concerto-italiano-150x150.jpg 150w, https:\/\/www.ludwig-van.com\/montreal\/wp-content\/uploads\/sites\/3\/2020\/01\/Concerto-italiano-768x768.jpg 768w\" sizes=\"(max-width: 1200px) 100vw, 1200px\" \/><figcaption id=\"caption-attachment-63663\" class=\"wp-caption-text\">Concerto italiano (Photo : courtoisie)<\/figcaption><\/figure>\n<h2><strong>Concerto Italiano<\/strong><\/h2>\n<p>Arpenter musicalement trois cit\u00e9s italiennes en suivant les pas du jeune Haendel \u00e0 Rome, Naples et Venise : voil\u00e0 ce que propose le Concerto Italiano avec un r\u00e9pertoire de sonates et de cantates profanes compos\u00e9es sous la plume de musiciens italiens tels que Corelli, Scarlatti, Vivaldi et Porpora, auxquels se joint bien s\u00fbr Haendel.\u00a0<strong>Mardi 14 janvier, 19 h 30, Salle Bourgie.<\/strong> <a href=\"https:\/\/www.mbam.qc.ca\/achats-en-ligne\/concerts\/concerto-italiano\/8658\/\" target=\"_blank\" rel=\"noopener noreferrer\">D\u00c9TAILS<\/a><\/p>\n<p>&nbsp;<\/p>\n<figure id=\"attachment_63664\" aria-describedby=\"caption-attachment-63664\" style=\"width: 1200px\" class=\"wp-caption aligncenter\"><img decoding=\"async\" loading=\"lazy\" class=\"size-full wp-image-63664\" src=\"https:\/\/www.ludwig-van.com\/montreal\/wp-content\/uploads\/sites\/3\/2020\/01\/rinaldo-alessandrini.jpg\" alt=\"Rinaldo Alessandrini\" width=\"1200\" height=\"1200\" srcset=\"https:\/\/www.ludwig-van.com\/montreal\/wp-content\/uploads\/sites\/3\/2020\/01\/rinaldo-alessandrini.jpg 1200w, https:\/\/www.ludwig-van.com\/montreal\/wp-content\/uploads\/sites\/3\/2020\/01\/rinaldo-alessandrini-300x300.jpg 300w, https:\/\/www.ludwig-van.com\/montreal\/wp-content\/uploads\/sites\/3\/2020\/01\/rinaldo-alessandrini-1024x1024.jpg 1024w, https:\/\/www.ludwig-van.com\/montreal\/wp-content\/uploads\/sites\/3\/2020\/01\/rinaldo-alessandrini-150x150.jpg 150w, https:\/\/www.ludwig-van.com\/montreal\/wp-content\/uploads\/sites\/3\/2020\/01\/rinaldo-alessandrini-768x768.jpg 768w\" sizes=\"(max-width: 1200px) 100vw, 1200px\" \/><figcaption id=\"caption-attachment-63664\" class=\"wp-caption-text\">Rinaldo Alessandrini (Photo : courtoisie)<\/figcaption><\/figure>\n<h2><strong>Le clavecin exhub\u00e9rant de Rinaldo Alessandrini<\/strong><\/h2>\n<p>Qu\u2019elle soit sign\u00e9e Bach, B\u00f6hm, Buxtehude, Couperin, Frescobaldi, etc., la musique instrumentale du 17<sup>e<\/sup> si\u00e8cle d\u00e9montre une profusion ornementale proche de l\u2019ivresse. Le clavecin et le talent de Rinaldo Alessandrini d\u00e9fendront l\u2019extravagance de ce \u00ab style fantasque \u00bb dans des pi\u00e8ces empreintes de libert\u00e9, con\u00e7ues comme des improvisations not\u00e9es.\u00a0<strong>Mercredi 15 janvier, 19 h 30, Salle Bourgie. <\/strong><a href=\"https:\/\/www.mbam.qc.ca\/achats-en-ligne\/concerts\/rinaldo-alessandrini-clavecin\/8659\/\" target=\"_blank\" rel=\"noopener noreferrer\">D\u00c9TAILS<\/a><\/p>\n<p>&nbsp;<\/p>\n<figure id=\"attachment_63667\" aria-describedby=\"caption-attachment-63667\" style=\"width: 1200px\" class=\"wp-caption aligncenter\"><img decoding=\"async\" loading=\"lazy\" class=\"size-full wp-image-63667\" src=\"https:\/\/www.ludwig-van.com\/montreal\/wp-content\/uploads\/sites\/3\/2020\/01\/mari-momo-kodama.jpg\" alt=\"Marie et Momo Kodama dos \u00e0 dos\" width=\"1200\" height=\"811\" srcset=\"https:\/\/www.ludwig-van.com\/montreal\/wp-content\/uploads\/sites\/3\/2020\/01\/mari-momo-kodama.jpg 1200w, https:\/\/www.ludwig-van.com\/montreal\/wp-content\/uploads\/sites\/3\/2020\/01\/mari-momo-kodama-300x203.jpg 300w, https:\/\/www.ludwig-van.com\/montreal\/wp-content\/uploads\/sites\/3\/2020\/01\/mari-momo-kodama-1024x692.jpg 1024w, https:\/\/www.ludwig-van.com\/montreal\/wp-content\/uploads\/sites\/3\/2020\/01\/mari-momo-kodama-768x519.jpg 768w\" sizes=\"(max-width: 1200px) 100vw, 1200px\" \/><figcaption id=\"caption-attachment-63667\" class=\"wp-caption-text\">Les pianistes Mari et Momo Kodama (Photo : courtoisie)<\/figcaption><\/figure>\n<h2><strong>Le double piano de Mari &amp; Momo Kodama<\/strong><\/h2>\n<p>Les s\u0153urs Kodama proposent un programme qui traverse diverses esth\u00e9tiques du 20e si\u00e8cle et offrent la premi\u00e8re audition canadienne d\u2019une \u0153uvre de <strong>Rodolphe Bruneau-Boulmier<\/strong>, cr\u00e9\u00e9e par le duo en 2018. Deux grandes pianistes unies par leur expressivit\u00e9 naturelle et nuanc\u00e9e.\u00a0<strong>Jeudi 16 janvier, 19 h 30, Salle Bourgie. <\/strong><a href=\"https:\/\/www.mbam.qc.ca\/achats-en-ligne\/concerts\/mari-et-momo-kodama-piano\/8660\/\" target=\"_blank\" rel=\"noopener noreferrer\">D\u00c9TAILS<\/a><\/p>\n<p>&nbsp;<\/p>\n<h2><strong>LE FESTIVAL SCHUBERT DE L\u2019OSM, jusqu\u2019au 17 janvier<\/strong><\/h2>\n<p>&nbsp;<\/p>\n<figure id=\"attachment_60832\" aria-describedby=\"caption-attachment-60832\" style=\"width: 1024px\" class=\"wp-caption aligncenter\"><img decoding=\"async\" loading=\"lazy\" class=\"size-full wp-image-60832\" src=\"https:\/\/www.ludwig-van.com\/montreal\/wp-content\/uploads\/sites\/3\/2019\/08\/OSM-2019-20-Rihab_Chaieb.jpg\" alt=\"Rihab Chaieb\" width=\"1024\" height=\"569\" srcset=\"https:\/\/www.ludwig-van.com\/montreal\/wp-content\/uploads\/sites\/3\/2019\/08\/OSM-2019-20-Rihab_Chaieb.jpg 1024w, https:\/\/www.ludwig-van.com\/montreal\/wp-content\/uploads\/sites\/3\/2019\/08\/OSM-2019-20-Rihab_Chaieb-300x167.jpg 300w, https:\/\/www.ludwig-van.com\/montreal\/wp-content\/uploads\/sites\/3\/2019\/08\/OSM-2019-20-Rihab_Chaieb-768x427.jpg 768w\" sizes=\"(max-width: 1024px) 100vw, 1024px\" \/><figcaption id=\"caption-attachment-60832\" class=\"wp-caption-text\">Rihab Chaieb (Photo : courtoisie)<\/figcaption><\/figure>\n<h2><strong>La Vienne de Rossini et Schubert<\/strong><\/h2>\n<p>Apr\u00e8s la <em>Symphonie inachev\u00e9e<\/em> pr\u00e9sent\u00e9e dimanche dernier, <strong>l\u2019Orchestre symphonique de Montr\u00e9al<\/strong> et son chef <strong>Kent Nagano<\/strong> poursuivent ce floril\u00e8ge musical en y adjoignant chaque jour quelques fleurs rares et compl\u00e9mentaires \u00e0 ce magnifique bouquet schubertien. Ainsi, la <em>Symphonie n\u00b0 3<\/em> du jeune Schubert est mise en miroir avec sa <em>Symphonie n\u00b0 6<\/em> qui comporte quelques effets inspir\u00e9s par Rossini, qu\u2019il avait d\u00e9couvert entre temps. Des airs du ma\u00eetre de l\u2019op\u00e9ra italien, adul\u00e9 par la Vienne du XIXe si\u00e8cle, ponctueront ce programme, avec la mezzo-soprano <strong>Rihab Chaieb<\/strong> et le baryton <strong>Dietrich Henschel<\/strong>.<\/p>\n<p>Cette soir\u00e9e \u00ab\u00a0viennoise\u00a0\u00bb c\u00e9l\u00e8brera \u00e9galement le 85<sup>e<\/sup> anniversaire du concert fondateur de l\u2019OSM, le 14 janvier 1935! Une soir\u00e9e \u00e0 saveur historique au c\u0153ur du Festival Schubert : images et \u00e9l\u00e9ments d\u2019archives seront expos\u00e9s \u00e0 l\u2019Espace OSM en un vaste mur qui raconte les \u00e9tapes de l\u2019orchestre jusque dans les foyers de la Maison symphonique. Le piano de <strong>Sholto Kynoch<\/strong> accompagnera le baryton <strong>Dietrich Henschel<\/strong> lors d\u2019un pr\u00e9-concert alternant des \u0153uvres de Liszt et Schubert \u00e0 19 h.\u00a0<strong>Mardi 14 janvier, 20 h, Maison symphonique.<\/strong> <a href=\"https:\/\/www.osm.ca\/fr\/concerts\/la-vienne-de-rossini-et-schubert\/\" target=\"_blank\" rel=\"noopener noreferrer\">D\u00c9TAILS<\/a><\/p>\n<p>&nbsp;<\/p>\n<figure id=\"attachment_54882\" aria-describedby=\"caption-attachment-54882\" style=\"width: 1024px\" class=\"wp-caption aligncenter\"><img decoding=\"async\" loading=\"lazy\" class=\"size-full wp-image-54882\" src=\"https:\/\/www.ludwig-van.com\/montreal\/wp-content\/uploads\/sites\/3\/2018\/06\/AndrewWan-Elizabeth-Delage-refaite.jpg\" alt=\"\" width=\"1024\" height=\"1536\" srcset=\"https:\/\/www.ludwig-van.com\/montreal\/wp-content\/uploads\/sites\/3\/2018\/06\/AndrewWan-Elizabeth-Delage-refaite.jpg 1024w, https:\/\/www.ludwig-van.com\/montreal\/wp-content\/uploads\/sites\/3\/2018\/06\/AndrewWan-Elizabeth-Delage-refaite-200x300.jpg 200w, https:\/\/www.ludwig-van.com\/montreal\/wp-content\/uploads\/sites\/3\/2018\/06\/AndrewWan-Elizabeth-Delage-refaite-768x1152.jpg 768w, https:\/\/www.ludwig-van.com\/montreal\/wp-content\/uploads\/sites\/3\/2018\/06\/AndrewWan-Elizabeth-Delage-refaite-683x1024.jpg 683w\" sizes=\"(max-width: 1024px) 100vw, 1024px\" \/><figcaption id=\"caption-attachment-54882\" class=\"wp-caption-text\">Andrew Wan, violon solo de l&rsquo;OSM (Photo : Elizabeth Delage)<\/figcaption><\/figure>\n<h2><strong>Vienne, le temps d\u2019une valse\u2026<\/strong><\/h2>\n<p>Sous ce titre romantique, <strong>Kent Nagano<\/strong> dirigera l\u2019OSM et le t\u00e9nor <strong>Ian Bostridge<\/strong> dans des \u0153uvres de Franz Schubert (Symphonie n<sup>o<\/sup> 1, <em>Violette<\/em>, <em>Rosamunde<\/em>, <em>Das Lied im Gr\u00fcnen<\/em>), Josef Lanner (Valse <em>Die Sch\u00f6nbrunner<\/em>) et la c\u00e9l\u00e8bre <em>Valse de l\u2019empereur<\/em> de Johann Strauss II. Ces concerts sans entracte seront propos\u00e9s dans les cadres des s\u00e9ries <em>Express<\/em> et <em>Les Matins Symphoniques<\/em>. <strong>Katerine Verebely<\/strong> recevra <strong>Andrew Wan<\/strong> et <strong>Marie-H\u00e9l\u00e8ne Benoit-Otis<\/strong> lors de deux grands entretiens pr\u00e9c\u00e9dant les concerts.\u00a0<strong>Mercredi 15 Janvier, 19 h (pr\u00e9-concert \u00e0 18 h) et jeudi 16 Janvier, 10 h 30 (pr\u00e9-concert \u00e0 9 h 30), Maison symphonique.<\/strong> <a href=\"https:\/\/www.osm.ca\/fr\/concerts\/vienne-le-temps-dune-valse\/\" target=\"_blank\" rel=\"noopener noreferrer\">D\u00c9TAILS<\/a><\/p>\n<p>&nbsp;<\/p>\n<figure id=\"attachment_60837\" aria-describedby=\"caption-attachment-60837\" style=\"width: 1024px\" class=\"wp-caption aligncenter\"><img decoding=\"async\" loading=\"lazy\" class=\"size-full wp-image-60837\" src=\"https:\/\/www.ludwig-van.com\/montreal\/wp-content\/uploads\/sites\/3\/2019\/08\/OSM2019-20-Paul_Lewis_et_Angela_Hewitt.jpg\" alt=\"Angela Hewitt et Paul Lewis : classicisme viennois\" width=\"1024\" height=\"569\" srcset=\"https:\/\/www.ludwig-van.com\/montreal\/wp-content\/uploads\/sites\/3\/2019\/08\/OSM2019-20-Paul_Lewis_et_Angela_Hewitt.jpg 1024w, https:\/\/www.ludwig-van.com\/montreal\/wp-content\/uploads\/sites\/3\/2019\/08\/OSM2019-20-Paul_Lewis_et_Angela_Hewitt-300x167.jpg 300w, https:\/\/www.ludwig-van.com\/montreal\/wp-content\/uploads\/sites\/3\/2019\/08\/OSM2019-20-Paul_Lewis_et_Angela_Hewitt-768x427.jpg 768w\" sizes=\"(max-width: 1024px) 100vw, 1024px\" \/><figcaption id=\"caption-attachment-60837\" class=\"wp-caption-text\">Les pianistes Angela Hewitt et Paul Lewis (Photo : courtoisie)<\/figcaption><\/figure>\n<h2><strong>Classicisme viennois<\/strong><\/h2>\n<p>Pour \u00e9voquer plus pr\u00e9cis\u00e9ment l\u2019esprit musical viennois du 19<sup>e<\/sup> si\u00e8cle, et comment il a \u00e9volu\u00e9 de Haydn et Mozart vers le romantisme, le chef d\u2019orchestre <strong>Kent Nagano<\/strong> dirigera la <em>Symphonie n<sup>o<\/sup> 4<\/em>, \u00e0 la fois plus intime et forte du compositeur. Les pianistes <strong>Angela Hewitt<\/strong> et <strong>Paul Lewis<\/strong> se joindront ensuite \u00e0 l&rsquo;orchestre pour interpr\u00e9ter le <em>Concerto pour 2 pianos n<sup>o<\/sup> 10<\/em> de Mozart.\u00a0<strong>Katerine Verebely<\/strong> recevra ensuite <strong>Kent Nagano<\/strong>, <strong>Angela Hewitt<\/strong> et <strong>Paul Lewis<\/strong> lors d\u2019un Grand Entretien post-concert \u00e0 22 h. <strong>Jeudi 16 janvier, 20 h, Maison symphonique.<\/strong> <a href=\"https:\/\/www.osm.ca\/fr\/concerts\/le-classicisme-viennois\/\" target=\"_blank\" rel=\"noopener noreferrer\">D\u00c9TAILS<\/a><\/p>\n<p>&nbsp;<\/p>\n<figure id=\"attachment_51302\" aria-describedby=\"caption-attachment-51302\" style=\"width: 1024px\" class=\"wp-caption aligncenter\"><img decoding=\"async\" loading=\"lazy\" class=\"size-full wp-image-51302\" src=\"https:\/\/www.ludwig-van.com\/montreal\/wp-content\/uploads\/sites\/3\/2018\/01\/Ian-Bostridge-photo-Sim-Canetty-Clarke-2.jpg\" alt=\"Ian Bostridge\" width=\"1024\" height=\"699\" srcset=\"https:\/\/www.ludwig-van.com\/montreal\/wp-content\/uploads\/sites\/3\/2018\/01\/Ian-Bostridge-photo-Sim-Canetty-Clarke-2.jpg 1024w, https:\/\/www.ludwig-van.com\/montreal\/wp-content\/uploads\/sites\/3\/2018\/01\/Ian-Bostridge-photo-Sim-Canetty-Clarke-2-300x205.jpg 300w, https:\/\/www.ludwig-van.com\/montreal\/wp-content\/uploads\/sites\/3\/2018\/01\/Ian-Bostridge-photo-Sim-Canetty-Clarke-2-768x524.jpg 768w\" sizes=\"(max-width: 1024px) 100vw, 1024px\" \/><figcaption id=\"caption-attachment-51302\" class=\"wp-caption-text\">Ian Bostridge (Photo : Sim Canetty Clarke)<\/figcaption><\/figure>\n<h2><strong>Le dernier voyage de Schubert<\/strong><\/h2>\n<p>Il s\u2019agit bien entendu du fameux <em>Voyage d\u2019hiver<\/em>, le dernier cycle de Lieder de Schubert interpr\u00e9t\u00e9 en premi\u00e8re partie du concert par le t\u00e9nor <strong>Ian Bostridge<\/strong> et la pianiste <strong>Angela Hewitt <\/strong>. L\u2019accompagnement d\u00e9pouill\u00e9, le langage musical concis et l\u2019expressivit\u00e9 inou\u00efe du <em>Voyage d\u2019hiver<\/em> feront place apr\u00e8s la pause aux accents optimistes et dynamiques de la Symphonie n<sup>o<\/sup> 9, ultime \u0153uvre symphonique de Schubert.\u00a0Paul Lewis au piano pr\u00e9sentera la <em>Sonate pour piano n<sup>o<\/sup> 18 en sol majeur, D.894<\/em> de Schubert \u00e0 l\u2019occasion d\u2019un pr\u00e9-concert \u00e0 18 h 45.\u00a0<strong>Vendredi 17 janvier, 20 h, Maison symphonique.<\/strong> <a href=\"https:\/\/www.osm.ca\/fr\/concerts\/le-dernier-voyage-de-schubert\/\" target=\"_blank\" rel=\"noopener noreferrer\">D\u00c9TAILS<\/a><\/p>\n<p>&nbsp;<\/p>\n<figure id=\"attachment_54279\" aria-describedby=\"caption-attachment-54279\" style=\"width: 1024px\" class=\"wp-caption aligncenter\"><img decoding=\"async\" loading=\"lazy\" class=\"size-full wp-image-54279\" src=\"https:\/\/www.ludwig-van.com\/montreal\/wp-content\/uploads\/sites\/3\/2018\/05\/Pentaedre-principale-Cre\u0301dit-photo@Annie-E\u0301thier.jpg\" alt=\"Penta\u00e8dre\" width=\"1024\" height=\"707\" srcset=\"https:\/\/www.ludwig-van.com\/montreal\/wp-content\/uploads\/sites\/3\/2018\/05\/Pentaedre-principale-Cre\u0301dit-photo@Annie-E\u0301thier.jpg 1024w, https:\/\/www.ludwig-van.com\/montreal\/wp-content\/uploads\/sites\/3\/2018\/05\/Pentaedre-principale-Cre\u0301dit-photo@Annie-E\u0301thier-300x207.jpg 300w, https:\/\/www.ludwig-van.com\/montreal\/wp-content\/uploads\/sites\/3\/2018\/05\/Pentaedre-principale-Cre\u0301dit-photo@Annie-E\u0301thier-768x530.jpg 768w\" sizes=\"(max-width: 1024px) 100vw, 1024px\" \/><figcaption id=\"caption-attachment-54279\" class=\"wp-caption-text\">Penta\u00e8dre. (Photo : Annie \u00c9thier)<\/figcaption><\/figure>\n<h2><strong>L\u2019univers de Stravinski<\/strong><\/h2>\n<p>Le Paris de la fin de la Belle \u00c9poque sera \u00e9voqu\u00e9 par deux des grands ballets de Stravinski, <em>P\u00e9trouchka<\/em> et <em>Pulcinella<\/em>, dans des versions de chambre pour quintette \u00e0 vent, piano et percussions par <strong>Penta\u00e8dre<\/strong> et ses invit\u00e9s, <strong>Mehdi Ghazi<\/strong> au piano et <strong>Matthias Soly-Letarte<\/strong> aux percussions. \u00c0 ce concert s\u2019ajoute l\u2019\u00e9criture musicale po\u00e9tique de la compositrice canadienne <strong>Tawnie Olson<\/strong> qu\u2019on d\u00e9couvrira lors d\u2019une cr\u00e9ation pour quintette \u00e0 vent compos\u00e9e sp\u00e9cialement pour l\u2019occasion.\u00a0<strong>Vendredi 17 janvier, 19 h 30, Conservatoire de Montr\u00e9al.<\/strong> <a href=\"http:\/\/pentaedre.com\/shows\/2020-01-17\/\" target=\"_blank\" rel=\"noopener noreferrer\">D\u00c9TAILS<\/a><\/p>\n<p>&nbsp;<\/p>\n<figure id=\"attachment_63666\" aria-describedby=\"caption-attachment-63666\" style=\"width: 1200px\" class=\"wp-caption aligncenter\"><img decoding=\"async\" loading=\"lazy\" class=\"wp-image-63666 size-full\" src=\"https:\/\/www.ludwig-van.com\/montreal\/wp-content\/uploads\/sites\/3\/2020\/01\/Hugo-Laporte-Anne-Marine-Suire-web-683x1024-1.jpg\" alt=\"Hugo Laporte et Anne-Marine Suire en tant que le Fant\u00f4me et Christine\" width=\"1200\" height=\"950\" srcset=\"https:\/\/www.ludwig-van.com\/montreal\/wp-content\/uploads\/sites\/3\/2020\/01\/Hugo-Laporte-Anne-Marine-Suire-web-683x1024-1.jpg 1200w, https:\/\/www.ludwig-van.com\/montreal\/wp-content\/uploads\/sites\/3\/2020\/01\/Hugo-Laporte-Anne-Marine-Suire-web-683x1024-1-300x238.jpg 300w, https:\/\/www.ludwig-van.com\/montreal\/wp-content\/uploads\/sites\/3\/2020\/01\/Hugo-Laporte-Anne-Marine-Suire-web-683x1024-1-1024x811.jpg 1024w, https:\/\/www.ludwig-van.com\/montreal\/wp-content\/uploads\/sites\/3\/2020\/01\/Hugo-Laporte-Anne-Marine-Suire-web-683x1024-1-768x608.jpg 768w\" sizes=\"(max-width: 1200px) 100vw, 1200px\" \/><figcaption id=\"caption-attachment-63666\" class=\"wp-caption-text\">Hugo Laporte et Anne-Marine Suire dans les r\u00f4les principaux de la com\u00e9die musicale Le Fant\u00f4me de l&rsquo;Op\u00e9ra (Photo : courtoisie)<\/figcaption><\/figure>\n<h2><strong>Un fant\u00f4me francophone \u00e0 Qu\u00e9bec et \u00e0 Montr\u00e9al<\/strong><\/h2>\n<p>La com\u00e9die musicale d&rsquo;<strong>Andrew Lloyd Webber<\/strong> <em>Le Fant\u00f4me de l&rsquo;Op\u00e9ra<\/em> est pr\u00e9sent\u00e9e en version concert en fran\u00e7ais dans une mise en sc\u00e8ne d\u2019<strong>\u00c9tienne<\/strong> <strong>Cousineau<\/strong>. Elle met sous les projecteurs un orchestre de 40 musiciens. Vingt chanteurs, dont<strong> Hugo Laporte<\/strong>, <strong>Anne-Marine Suire<\/strong>, <strong>Michael Girard<\/strong>, <strong>Fr\u00e9d\u00e9rike B\u00e9dard<\/strong>, <strong>Catherine S\u00e9nart <\/strong>et\u00a0<strong>\u00c9ric Paulhus<\/strong>, se partagent la sc\u00e8ne pour donner vie aux personnages du roman de Gaston Leroux (lire la <a href=\"https:\/\/www.ludwig-van.com\/montreal\/2020\/01\/09\/critique-fantome-de-lopera-theatre-st-denis-immense-plaisir-langue-de-gaston-leroux\/\" target=\"_blank\" rel=\"noopener noreferrer\">critique de Caroline Rodgers<\/a>).\u00a0<strong>Du vendredi 17 au dimanche 19 janvier, 19 h 30 (14 h samedi &amp; dimanche),\u00a0<\/strong><strong>Grand Th\u00e9\u00e2tre de Qu\u00e9bec.<\/strong> <a href=\"https:\/\/www.grandtheatre.qc.ca\/spectacles\/le-fantome-de-l-opera-version-concert-en-francais-2449.html\" target=\"_blank\" rel=\"noopener noreferrer\">D\u00c9TAILS<\/a>\u00a0<strong>Du<\/strong> <strong>Jeudi 23 au dimanche 26 janvier, 19 h 30 (14 h, samedi &amp; dimanche) <\/strong><strong>Th\u00e9\u00e2tre St-Denis.<\/strong> <a href=\"https:\/\/theatrestdenis.com\/fr\/spectacle\/le-fantome-de-lopera\/\" target=\"_blank\" rel=\"noopener noreferrer\">D\u00c9TAILS<\/a><\/p>\n<p>&nbsp;<\/p>\n<figure id=\"attachment_63525\" aria-describedby=\"caption-attachment-63525\" style=\"width: 1020px\" class=\"wp-caption aligncenter\"><img decoding=\"async\" loading=\"lazy\" class=\"size-full wp-image-63525\" src=\"https:\/\/www.ludwig-van.com\/montreal\/wp-content\/uploads\/sites\/3\/2020\/01\/Lucas-Debargue.jpg\" alt=\"Lucas Debargue, pianiste\" width=\"1020\" height=\"679\" srcset=\"https:\/\/www.ludwig-van.com\/montreal\/wp-content\/uploads\/sites\/3\/2020\/01\/Lucas-Debargue.jpg 1020w, https:\/\/www.ludwig-van.com\/montreal\/wp-content\/uploads\/sites\/3\/2020\/01\/Lucas-Debargue-300x200.jpg 300w, https:\/\/www.ludwig-van.com\/montreal\/wp-content\/uploads\/sites\/3\/2020\/01\/Lucas-Debargue-768x511.jpg 768w\" sizes=\"(max-width: 1020px) 100vw, 1020px\" \/><figcaption id=\"caption-attachment-63525\" class=\"wp-caption-text\">Le pianiste Lucas Debargue sera en r\u00e9cital \u00e0 la Maison symphonique de Montr\u00e9al le 19 janvier 2020. (Photo : courtoisie)<\/figcaption><\/figure>\n<h2><strong>Lucas Debargue \u00e0 Montr\u00e9al<\/strong><\/h2>\n<p>Nous nous appr\u00eatons \u00e0 partager une exp\u00e9rience extraordinaire avec le pianiste de haut niveau Lucas Debargue et un programme \u00e9clectique pour ses d\u00e9buts en solo (lire <a href=\"https:\/\/www.ludwig-van.com\/montreal\/2020\/01\/05\/entrevue-lucas-debargue-poesie-de-musique\/\" target=\"_blank\" rel=\"noopener noreferrer\">l&rsquo;entretien de Denis-Daniel Boull\u00e9<\/a> ici : ). Remarqu\u00e9 au Concours international Tcha\u00efkovski 2015, il a \u00e9t\u00e9 choisi \u00e0 l&rsquo;unanimit\u00e9 pour recevoir le tr\u00e8s convoit\u00e9 Prix de la critique musicale de Moscou. \u00ab\u00a0Pas un pianiste \u00e9tranger n\u2019a fait autant de bruit depuis l&rsquo;arriv\u00e9e de Glenn Gould \u00e0 Moscou en pleine guerre froide !\u00a0\u00bb, dit-on alors de lui.<\/p>\n<p>Le programme de sa tourn\u00e9e de r\u00e9citals en solo invite les m\u00e9lomanes \u00e0 partager sa passion pour les sonates de Domenico Scarlatti. Lucas Debargue proposera aussi la <em>Sonate en sol mineur<\/em> de Nicolai Medtner, gr\u00e2ce \u00e0 laquelle il s\u2019est d\u00e9marqu\u00e9 lors du Concours Tcha\u00efkovski. Ravel sera \u00e9galement au programme\u00a0: <em>Gaspard de la nuit<\/em> (une pi\u00e8ce phare pour le pianiste) et le <em>Dante<\/em> de Franz Liszt, inspir\u00e9 de <em>La Divine Com\u00e9die<\/em>.\u00a0<strong>Dimanche 19 janvier, 14 h 30, Maison symphonique.<\/strong> <a href=\"https:\/\/placedesarts.com\/fr\/evenement\/lucas-debargue-0\" target=\"_blank\" rel=\"noopener noreferrer\">D\u00c9TAILS<\/a><\/p>\n<p>&nbsp;<\/p>\n<h2>LIRE AUSSI :<\/h2>\n<p>&nbsp;<\/p>\n<blockquote class=\"wp-embedded-content\" data-secret=\"7pPikjgJio\"><p><a href=\"https:\/\/www.ludwig-van.com\/montreal\/2020\/01\/09\/critique-fantome-de-lopera-theatre-st-denis-immense-plaisir-langue-de-gaston-leroux\/\">CRITIQUE | Le Fant\u00f4me de l&rsquo;op\u00e9ra au Th\u00e9\u00e2tre St-Denis : un immense plaisir dans la langue de Gaston Leroux<\/a><\/p><\/blockquote>\n<p><iframe title=\"\u00ab\u00a0CRITIQUE | Le Fant\u00f4me de l&rsquo;op\u00e9ra au Th\u00e9\u00e2tre St-Denis : un immense plaisir dans la langue de Gaston Leroux\u00a0\u00bb &#8212; Ludwig Van Montreal\" class=\"wp-embedded-content\" sandbox=\"allow-scripts\" security=\"restricted\" style=\"position: absolute; clip: rect(1px, 1px, 1px, 1px);\" src=\"https:\/\/www.ludwig-van.com\/montreal\/2020\/01\/09\/critique-fantome-de-lopera-theatre-st-denis-immense-plaisir-langue-de-gaston-leroux\/embed\/#?secret=7pPikjgJio\" data-secret=\"7pPikjgJio\" width=\"600\" height=\"338\" frameborder=\"0\" marginwidth=\"0\" marginheight=\"0\" scrolling=\"no\"><\/iframe><\/p>\n<p>&nbsp;<\/p>\n<p>&nbsp;<\/p>\n","protected":false},"excerpt":{"rendered":"<p>Cette semaine, la rentr\u00e9e musicale propose un \u00e9ventail autant historique que stylistique en termes de compositeurs, d\u2019\u0153uvres et d\u2019interpr\u00e8tes. \u00c0 commencer par Schubert autour duquel l\u2019OSM offre tout un festival de concerts et de rencontres. Un moment phare et fort, parmi les choix de notre r\u00e9daction cette semaine.<\/p>\n","protected":false},"author":71,"featured_media":63668,"comment_status":"open","ping_status":"open","sticky":false,"template":"","format":"standard","meta":{"om_disable_all_campaigns":false,"jetpack_post_was_ever_published":false},"categories":[37357,10994],"tags":[4135,37452,2542],"yst_prominent_words":[9878,9863,37454,13120,13117,13981,37456,37448,9877,37455,13119,33503,17138,17134,37453,17133,37444,37443,37445,37449],"acf":[],"jetpack_featured_media_url":"https:\/\/www.ludwig-van.com\/montreal\/wp-content\/uploads\/sites\/3\/2020\/01\/choix-de-la-r\u00e9dac-13-janvier.jpg","jetpack_sharing_enabled":true,"jetpack_shortlink":"https:\/\/wp.me\/p9bdYt-gyO","amp_enabled":true,"_links":{"self":[{"href":"https:\/\/www.ludwig-van.com\/montreal\/wp-json\/wp\/v2\/posts\/63662"}],"collection":[{"href":"https:\/\/www.ludwig-van.com\/montreal\/wp-json\/wp\/v2\/posts"}],"about":[{"href":"https:\/\/www.ludwig-van.com\/montreal\/wp-json\/wp\/v2\/types\/post"}],"author":[{"embeddable":true,"href":"https:\/\/www.ludwig-van.com\/montreal\/wp-json\/wp\/v2\/users\/71"}],"replies":[{"embeddable":true,"href":"https:\/\/www.ludwig-van.com\/montreal\/wp-json\/wp\/v2\/comments?post=63662"}],"version-history":[{"count":7,"href":"https:\/\/www.ludwig-van.com\/montreal\/wp-json\/wp\/v2\/posts\/63662\/revisions"}],"predecessor-version":[{"id":63674,"href":"https:\/\/www.ludwig-van.com\/montreal\/wp-json\/wp\/v2\/posts\/63662\/revisions\/63674"}],"wp:featuredmedia":[{"embeddable":true,"href":"https:\/\/www.ludwig-van.com\/montreal\/wp-json\/wp\/v2\/media\/63668"}],"wp:attachment":[{"href":"https:\/\/www.ludwig-van.com\/montreal\/wp-json\/wp\/v2\/media?parent=63662"}],"wp:term":[{"taxonomy":"category","embeddable":true,"href":"https:\/\/www.ludwig-van.com\/montreal\/wp-json\/wp\/v2\/categories?post=63662"},{"taxonomy":"post_tag","embeddable":true,"href":"https:\/\/www.ludwig-van.com\/montreal\/wp-json\/wp\/v2\/tags?post=63662"},{"taxonomy":"yst_prominent_words","embeddable":true,"href":"https:\/\/www.ludwig-van.com\/montreal\/wp-json\/wp\/v2\/yst_prominent_words?post=63662"}],"curies":[{"name":"wp","href":"https:\/\/api.w.org\/{rel}","templated":true}]}}