{"id":63563,"date":"2020-01-08T12:32:24","date_gmt":"2020-01-08T17:32:24","guid":{"rendered":"https:\/\/www.ludwig-van.com\/montreal\/?p=63563"},"modified":"2022-09-20T09:46:38","modified_gmt":"2022-09-20T13:46:38","slug":"entrevue-alexis-pitkevicht-homme-qui-croyait-au-fantome","status":"publish","type":"post","link":"https:\/\/www.ludwig-van.com\/montreal\/2020\/01\/08\/entrevue-alexis-pitkevicht-homme-qui-croyait-au-fantome\/","title":{"rendered":"ENTREVUE | Alexis Pitkevicht : l&rsquo;homme qui croyait au Fant\u00f4me"},"content":{"rendered":"<figure id=\"attachment_63564\" aria-describedby=\"caption-attachment-63564\" style=\"width: 1200px\" class=\"wp-caption aligncenter\"><img decoding=\"async\" loading=\"lazy\" class=\"size-full wp-image-63564\" src=\"https:\/\/www.ludwig-van.com\/montreal\/wp-content\/uploads\/sites\/3\/2020\/01\/Alexis-Pitkevicht-cover.jpg\" alt=\"\" width=\"1200\" height=\"628\" srcset=\"https:\/\/www.ludwig-van.com\/montreal\/wp-content\/uploads\/sites\/3\/2020\/01\/Alexis-Pitkevicht-cover.jpg 1200w, https:\/\/www.ludwig-van.com\/montreal\/wp-content\/uploads\/sites\/3\/2020\/01\/Alexis-Pitkevicht-cover-300x157.jpg 300w, https:\/\/www.ludwig-van.com\/montreal\/wp-content\/uploads\/sites\/3\/2020\/01\/Alexis-Pitkevicht-cover-1024x536.jpg 1024w, https:\/\/www.ludwig-van.com\/montreal\/wp-content\/uploads\/sites\/3\/2020\/01\/Alexis-Pitkevicht-cover-768x402.jpg 768w\" sizes=\"(max-width: 1200px) 100vw, 1200px\" \/><figcaption id=\"caption-attachment-63564\" class=\"wp-caption-text\">Alexis Pitkevitch, directeur artistique du Fant\u00f4me de l&rsquo;op\u00e9ra et co-fondateur de l&rsquo;Orchestre Azimut. (Photo : Cassandra Beck)<\/figcaption><\/figure>\n<p>Ce soir aura lieu la grande premi\u00e8re du <em><strong>Fant\u00f4me de l&rsquo;op\u00e9ra<\/strong><\/em>, version concert en fran\u00e7ais, une production de Spectra Musique pr\u00e9sent\u00e9e au Th\u00e9\u00e2tre St-Denis jusqu&rsquo;au 26 janvier\u00a0et au\u00a0<a href=\"https:\/\/www.grandtheatre.qc.ca\/spectacles\/le-fantome-de-l-opera-version-concert-en-francais-2449.html\" target=\"_blank\" rel=\"noopener noreferrer\">Grand Th\u00e9\u00e2tre de Qu\u00e9bec<\/a> du 17 au 19 janvier.<\/p>\n<p>Pour <strong>Alexis Pitkevicht<\/strong>, son directeur artistique, c&rsquo;est la concr\u00e9tisation d&rsquo;un r\u00eave et pour cette premi\u00e8re professionnelle du <em><strong>Fant\u00f4me de l&rsquo;op\u00e9ra<\/strong><\/em> en fran\u00e7ais, une nouvelle \u00e9tape dans la vie de la com\u00e9die musicale la plus populaire de tous les temps, adapt\u00e9e du roman de Gaston Leroux publi\u00e9 en 1909.<\/p>\n<p>J&rsquo;ai rencontr\u00e9 Alexis pour la premi\u00e8re fois dans le contexte de mon travail de journaliste il y a trois ans, alors qu&rsquo;il travaillait \u00e0 la Guilde des musiciens et musiciennes du Qu\u00e9bec.<\/p>\n<p>Quelques jours plus tard, il me faisait parvenir un enregistrement : des extraits du <em><strong>Fant\u00f4me de l&rsquo;op\u00e9ra<\/strong><\/em> en fran\u00e7ais, capt\u00e9s lors de la <em>Sitzprobe<\/em> au Th\u00e9\u00e2tre Mogador. Je n&rsquo;avais pas vraiment le temps de l&rsquo;\u00e9couter, mais il ne cessait pas de m&rsquo;en parler. C&rsquo;est alors que j&rsquo;ai pens\u00e9 : \u00ab\u00a0Nous avons affaire ici \u00e0 un passionn\u00e9\u00a0\u00bb.<\/p>\n<p>Dans l&rsquo;appartement d&rsquo;Alexis, il y a des dessins des costumes du <strong><em>Fant\u00f4me de l&rsquo;op\u00e9ra<\/em><\/strong>, un masque du Fant\u00f4me, et diverses bo\u00eetes \u00e0 musique jouant la musique d&rsquo;<strong>Andrew Lloyd Webber<\/strong>. Il conna\u00eet par c\u0153ur les paroles des chansons. On ne sera donc pas \u00e9tonn\u00e9 de le retrouver m\u00eal\u00e9 \u00e0 ce projet d&rsquo;envergure chapeaut\u00e9 par evenko.<\/p>\n<p>J&rsquo;ai parl\u00e9 \u00e0 Alexis alors qu&rsquo;il prenait une pause durant les r\u00e9p\u00e9titions intensives des derniers jours, auxquelles il assiste \u00e9videmment. Tout allait rondement et le spectacle devrait \u00eatre magnifique, ce soir.<\/p>\n<p>\u00ab\u00a0On se rend compte aujourd&rsquo;hui que tout le travail qui a \u00e9t\u00e9 pr\u00e9par\u00e9 depuis septembre, qu&rsquo;il s&rsquo;agisse du son, de l&rsquo;\u00e9clairage, de l&rsquo;orchestre et de la pr\u00e9paration du th\u00e9\u00e2tre, est parfaitement rod\u00e9, avec une \u00e9quipe tr\u00e8s professionnelle qui permet aux artistes d&rsquo;arriver dans d&rsquo;excellentes conditions.\u00a0\u00bb<\/p>\n<p>Quand il regarde l&rsquo;immense lustre qui surplombera la sc\u00e8ne, Alexis n&rsquo;en croit pas ses yeux. Son r\u00eave se concr\u00e9tise.<\/p>\n<h2>De 1986 \u00e0 2020<\/h2>\n<p>Quand il avait quatre ans, Alexis regardait <em>La M\u00e9lodie du bonheur<\/em> avec sa grand-m\u00e8re \u00e0 la t\u00e9l\u00e9vision. Plus tard, son p\u00e8re lui faisait \u00e9couter la musique du <em>Fant\u00f4me de l&rsquo;op\u00e9ra<\/em> sur disque, mais ce n&rsquo;est qu&rsquo;\u00e0 22 ans qu&rsquo;il a enfin pu voir la com\u00e9die musicale d&rsquo;<strong>Andrew Lloyd Webber<\/strong>, sur Broadway.<\/p>\n<p>\u00ab\u00a0J&rsquo;ai baign\u00e9 dans la com\u00e9die musicale dans mon enfance, dit-il. En 2014, j&rsquo;ai fait un premier voyage \u00e0 New York avec mes parents et c&rsquo;\u00e9tait \u00e9videmment mon r\u00eave de voir le <em>Fant\u00f4me<\/em>. J&rsquo;en suis ressorti avec la conviction que ce spectacle-l\u00e0 allait faire partie de ma vie. Je ne savais pas comment, mais je me suis dit que \u00e7a ne s&rsquo;arr\u00eaterait pas l\u00e0. De plus, il faut savoir que le r\u00f4le de Christine \u00e9tait jou\u00e9 par <strong>Sierra Boggess<\/strong>, l&rsquo;une des muses d&rsquo;<strong>Andrew Lloyd Webber<\/strong>, qui aurait d\u00fb chanter dans la premi\u00e8re du <em>Fant\u00f4me<\/em> \u00e0 Paris, en 2016.\u00a0\u00bb<\/p>\n<p>L&rsquo;utilisation du conditionnel, ici, n&rsquo;est pas fortuite, puisque cette production, qui devait \u00eatre pr\u00e9sent\u00e9e au Th\u00e9\u00e2tre Mogador pour les 30 ans du <em>Fant\u00f4me<\/em> de Weber, n&rsquo;a jamais eu lieu. Le 26 septembre 2016, \u00e0 trois semaines de la premi\u00e8re, un incendie ravageait compl\u00e8tement le th\u00e9\u00e2tre.<\/p>\n<p>\u00ab\u00a0Le <em>Fant\u00f4me<\/em> a commenc\u00e9 \u00e0 Londres en 1986 et \u00e0 Broadway en 1988. Il a \u00e9t\u00e9 fait dans de nombreuses langues, partout dans le monde, mais il n&rsquo;y avait jamais eu de version fran\u00e7aise. Le d\u00e9veloppement de la com\u00e9die musicale, en France, a \u00e9t\u00e9 relativement tardif, et les producteurs du <em>Fant\u00f4me<\/em> ne croyaient pas que le public fran\u00e7ais \u00e9tait pr\u00eat. Pour les 30 ans du spectacle, <strong>Andrew Lloyd Weber<\/strong> a voulu souligner cet anniversaire en faisant la premi\u00e8re mondiale en fran\u00e7ais \u00e0 Paris. Le Fant\u00f4me allait enfin retrouver sa langue originale.\u00a0\u00bb<\/p>\n<p>\u00c0 l&rsquo;\u00e9poque, <strong>Alexis Pitkevicht<\/strong> \u00e9tait d\u00e9j\u00e0 install\u00e9 \u00e0 Montr\u00e9al. Une nuit, il re\u00e7oit un message texte : \u00ab\u00a0Le Mogador est en feu\u00a0\u00bb. C&rsquo;\u00e9tait <strong>Dominique Trottein<\/strong>, le chef d&rsquo;orchestre qui devait diriger la production, et avec qui, en passionn\u00e9 de tout ce qui concernait la production, il avait fait connaissance. Une \u00e9tincelle, provoqu\u00e9e par une soudure, sous la sc\u00e8ne, avait enflamm\u00e9 le d\u00e9cor.<\/p>\n<p>L&rsquo;avenir du spectacle devenait \u00e9videmment incertain. <strong>Alexis Pitkevitch<\/strong> \u00e9crit alors une lettre au directeur du Mogador, <strong>Laurent Bentata<\/strong> (qui viendra d&rsquo;ailleurs voir le spectacle \u00e0 Montr\u00e9al) pour l&rsquo;implorer de ne pas renoncer \u00e0 cette production. Mais ce fut peine perdue : une fois le Mogador restaur\u00e9 et r\u00e9ouvert, c&rsquo;est <em>Grease<\/em> qui fut pr\u00e9sent\u00e9.<\/p>\n<p>\u00ab\u00a0Le jour o\u00f9 j&rsquo;ai appris que <em>Grease<\/em> allait remplacer le <em>Fant\u00f4me<\/em>, j&rsquo;ai demand\u00e9 \u00e0 rencontrer <strong>Nicolas Engel<\/strong>, l&rsquo;auteur de l&rsquo;adaptation fran\u00e7aise. Il a accept\u00e9 de souper avec moi, et nous avons vu que nous avions des affinit\u00e9s. \u00c0 la fin du d\u00eener, je lui ai dit : \u00ab\u00a0Je ne sais pas quand, ni comment, mais je te promets que ton travail sera entendu et qu&rsquo;on lui donnera le m\u00e9rite qu&rsquo;il doit avoir\u00a0\u00bb. \u00c9videmment, il a ri et m&rsquo;a pris pour un doux r\u00eaveur, mais j&rsquo;\u00e9tais persuad\u00e9 de ce que je disais et j&rsquo;avais raison, car ce soir, ce r\u00eave se r\u00e9alise avec une premi\u00e8re production professionnelle en fran\u00e7ais avec les droits originaux de Londres.\u00a0\u00bb<\/p>\n<p>Entre-temps, une premi\u00e8re licence de niveau amateur avait donn\u00e9 lieu \u00e0 une premi\u00e8re exp\u00e9rience en 2018, au Monument-national, pour deux repr\u00e9sentations. C&rsquo;\u00e9tait une premi\u00e8re occasion de tester cette adaptation. J&rsquo;avais d&rsquo;ailleurs eu l&rsquo;occasion d&rsquo;y assister. Par la suite, Spectra Musique, en partenariat avec le Th\u00e9\u00e2tre St-Denis, a demand\u00e9 une licence professionnelle.<\/p>\n<h2>L&rsquo;Orchestre Azimut<\/h2>\n<p>Pour jouer la partition d&rsquo;<strong>Andrew Lloyd Webber<\/strong>, il fallait un orchestre professionnel. Avec <strong>Ivan Lefebvre<\/strong>, <strong>Alexis Pitkevicht<\/strong> a fond\u00e9 l&rsquo;<strong>Orchestre Azimut <\/strong>pour cette production.<\/p>\n<p>\u00ab\u00a0\u00c0 Londres et \u00e0 Broadway, le spectacle est jou\u00e9 avec 27 musiciens en fosse, explique-t-il. La particularit\u00e9 de notre version concert est que l&rsquo;orchestre prend place sur sc\u00e8ne. Nous avons d\u00e9cid\u00e9 d&rsquo;avoir 40 musiciens, dirig\u00e9s par <strong>Dany Wiseman<\/strong>. L&rsquo;<strong>Orchestre Azimut<\/strong> est compos\u00e9 de musiciens appartenant d\u00e9j\u00e0 \u00e0 plusieurs orchestres locaux, mais il ne vient pas concurrencer les orchestres classiques d\u00e9j\u00e0 existants \u00e0 Montr\u00e9al puisqu&rsquo;il \u0153uvre dans la com\u00e9die musicale.\u00a0\u00bb<\/p>\n<p>&nbsp;<\/p>\n<figure id=\"attachment_63321\" aria-describedby=\"caption-attachment-63321\" style=\"width: 1200px\" class=\"wp-caption aligncenter\"><img decoding=\"async\" loading=\"lazy\" class=\"size-full wp-image-63321\" src=\"https:\/\/www.ludwig-van.com\/montreal\/wp-content\/uploads\/sites\/3\/2019\/11\/Hugo-Laporte-Anne-Marine-Suire-web.jpg\" alt=\"Hugo Laporte, baryton, et Anne-Marine Suire, soprano. (Photo: OSA images)\" width=\"1200\" height=\"1799\" srcset=\"https:\/\/www.ludwig-van.com\/montreal\/wp-content\/uploads\/sites\/3\/2019\/11\/Hugo-Laporte-Anne-Marine-Suire-web.jpg 1200w, https:\/\/www.ludwig-van.com\/montreal\/wp-content\/uploads\/sites\/3\/2019\/11\/Hugo-Laporte-Anne-Marine-Suire-web-200x300.jpg 200w, https:\/\/www.ludwig-van.com\/montreal\/wp-content\/uploads\/sites\/3\/2019\/11\/Hugo-Laporte-Anne-Marine-Suire-web-768x1151.jpg 768w, https:\/\/www.ludwig-van.com\/montreal\/wp-content\/uploads\/sites\/3\/2019\/11\/Hugo-Laporte-Anne-Marine-Suire-web-683x1024.jpg 683w\" sizes=\"(max-width: 1200px) 100vw, 1200px\" \/><figcaption id=\"caption-attachment-63321\" class=\"wp-caption-text\">Hugo Laporte, baryton, et Anne-Marine Suire, soprano. (Photo : OSA images)<\/figcaption><\/figure>\n<h2>La production<\/h2>\n<p>Cette version concert en fran\u00e7ais, une premi\u00e8re mondiale de niveau professionnel, mettra en vedette le baryton <strong>Hugo Laporte<\/strong> dans le r\u00f4le du Fant\u00f4me et <strong>Anne-Marine Suire<\/strong> dans le r\u00f4le de Christine, avec \u00e9galement <strong>Micha\u00ebl Girard<\/strong> en Raoul, <strong>Fr\u00e9d\u00e9rike B\u00e9dard<\/strong> en Carlotta, et plusieurs autres artistes talentueux, 40 musiciens de l\u2019<strong>Orchestre Azimut<\/strong> sur sc\u00e8ne, ainsi qu\u2019un ch\u0153ur, dans une mise en sc\u00e8ne d&rsquo;\u00c9tienne Cousineau. <a href=\"https:\/\/theatrestdenis.com\/fr\/spectacle\/le-fantome-de-lopera\/\" target=\"_blank\" rel=\"noopener noreferrer\">D\u00c9TAILS<\/a><\/p>\n<p>Il fallait tout simplement quelqu&rsquo;un d&rsquo;assez convaincu pour allumer l&rsquo;\u00e9tincelle de ce qui allait devenir un grand projet dont nous verrons enfin la concr\u00e9tisation ce soir.<\/p>\n<p>Alexis, l&rsquo;homme qui croyait au Fant\u00f4me, y croit tellement qu&rsquo;il se demande si le personnage de Gaston Leroux n&rsquo;a pas d\u00e9j\u00e0 exist\u00e9 et inspir\u00e9 le romancier. Et s&rsquo;il a exist\u00e9, il aurait bien aim\u00e9 le rencontrer. En attendant, le voil\u00e0 bien plong\u00e9 dans le concret et il n&rsquo;oublie pas tous ceux qui ont permis \u00e0 son r\u00eave de se r\u00e9aliser.<\/p>\n<p>\u00a0\u00bbJe tiens vraiment \u00e0 dire merci \u00e0 toute l&rsquo;\u00e9quipe de Spectra Musique et \u00e0 celle de France Film qui d\u00e9tient le Th\u00e9\u00e2tre St-Denis, en particulier Claude Chabot, ainsi qu&rsquo;\u00c9tienne Cousineau, metteur en sc\u00e8ne, et Maude St-Germain, la chor\u00e9graphe et assistante \u00e0 la mise en sc\u00e8ne.\u00a0\u00bb<\/p>\n<p>&nbsp;<\/p>\n<h2>LIRE AUSSI :<\/h2>\n<blockquote class=\"wp-embedded-content\" data-secret=\"W1cI453Tzt\"><p><a href=\"https:\/\/www.ludwig-van.com\/montreal\/2019\/12\/21\/dossier-le-fantome-de-lopera-comme-vous-ne-lavez-jamais-vu-et-entendu\/\">DOSSIER  | Le Fant\u00f4me de l&rsquo;op\u00e9ra comme vous ne l&rsquo;avez jamais vu (et entendu!)<\/a><\/p><\/blockquote>\n<p><iframe class=\"wp-embedded-content\" sandbox=\"allow-scripts\" security=\"restricted\" style=\"position: absolute; clip: rect(1px, 1px, 1px, 1px);\" title=\"\u00ab\u00a0DOSSIER  | Le Fant\u00f4me de l&rsquo;op\u00e9ra comme vous ne l&rsquo;avez jamais vu (et entendu!)\u00a0\u00bb &#8212; Ludwig Van Montreal\" src=\"https:\/\/www.ludwig-van.com\/montreal\/2019\/12\/21\/dossier-le-fantome-de-lopera-comme-vous-ne-lavez-jamais-vu-et-entendu\/embed\/#?secret=W1cI453Tzt\" data-secret=\"W1cI453Tzt\" width=\"600\" height=\"338\" frameborder=\"0\" marginwidth=\"0\" marginheight=\"0\" scrolling=\"no\"><\/iframe><\/p>\n<p>&nbsp;<\/p>\n<p>&nbsp;<\/p>\n<p>&nbsp;<\/p>\n<p>&nbsp;<\/p>\n<p>&nbsp;<\/p>\n<p>&nbsp;<\/p>\n<p>&nbsp;<\/p>\n<p>&nbsp;<\/p>\n<p>&nbsp;<\/p>\n<p>&nbsp;<\/p>\n<p>&nbsp;<\/p>\n<p>&nbsp;<\/p>\n<p>&nbsp;<\/p>\n<p>&nbsp;<\/p>\n","protected":false},"excerpt":{"rendered":"<p>Ce soir aura lieu la grande premi\u00e8re du Fant\u00f4me de l&rsquo;op\u00e9ra, version concert en fran\u00e7ais, une production de Spectra Musique pr\u00e9sent\u00e9e au Th\u00e9\u00e2tre St-Denis jusqu&rsquo;au 26 janvier et au Grand Th\u00e9\u00e2tre de Qu\u00e9bec du 17 au 19 janvier.<\/p>\n","protected":false},"author":51,"featured_media":63564,"comment_status":"open","ping_status":"open","sticky":false,"template":"","format":"standard","meta":{"om_disable_all_campaigns":false,"jetpack_post_was_ever_published":false},"categories":[37357,10998],"tags":[4135,37407,37408,15714,37274],"yst_prominent_words":[10294,15702,15694,17697,35990,37406,37402,37442,15713,15697,22287,22288,15696,37403,37398,37399,37255,34035,15701,35989],"acf":[],"jetpack_featured_media_url":"https:\/\/www.ludwig-van.com\/montreal\/wp-content\/uploads\/sites\/3\/2020\/01\/Alexis-Pitkevicht-cover.jpg","jetpack_sharing_enabled":true,"jetpack_shortlink":"https:\/\/wp.me\/p9bdYt-gxd","amp_enabled":true,"_links":{"self":[{"href":"https:\/\/www.ludwig-van.com\/montreal\/wp-json\/wp\/v2\/posts\/63563"}],"collection":[{"href":"https:\/\/www.ludwig-van.com\/montreal\/wp-json\/wp\/v2\/posts"}],"about":[{"href":"https:\/\/www.ludwig-van.com\/montreal\/wp-json\/wp\/v2\/types\/post"}],"author":[{"embeddable":true,"href":"https:\/\/www.ludwig-van.com\/montreal\/wp-json\/wp\/v2\/users\/51"}],"replies":[{"embeddable":true,"href":"https:\/\/www.ludwig-van.com\/montreal\/wp-json\/wp\/v2\/comments?post=63563"}],"version-history":[{"count":11,"href":"https:\/\/www.ludwig-van.com\/montreal\/wp-json\/wp\/v2\/posts\/63563\/revisions"}],"predecessor-version":[{"id":65672,"href":"https:\/\/www.ludwig-van.com\/montreal\/wp-json\/wp\/v2\/posts\/63563\/revisions\/65672"}],"wp:featuredmedia":[{"embeddable":true,"href":"https:\/\/www.ludwig-van.com\/montreal\/wp-json\/wp\/v2\/media\/63564"}],"wp:attachment":[{"href":"https:\/\/www.ludwig-van.com\/montreal\/wp-json\/wp\/v2\/media?parent=63563"}],"wp:term":[{"taxonomy":"category","embeddable":true,"href":"https:\/\/www.ludwig-van.com\/montreal\/wp-json\/wp\/v2\/categories?post=63563"},{"taxonomy":"post_tag","embeddable":true,"href":"https:\/\/www.ludwig-van.com\/montreal\/wp-json\/wp\/v2\/tags?post=63563"},{"taxonomy":"yst_prominent_words","embeddable":true,"href":"https:\/\/www.ludwig-van.com\/montreal\/wp-json\/wp\/v2\/yst_prominent_words?post=63563"}],"curies":[{"name":"wp","href":"https:\/\/api.w.org\/{rel}","templated":true}]}}