{"id":62928,"date":"2019-11-07T16:25:44","date_gmt":"2019-11-07T21:25:44","guid":{"rendered":"https:\/\/www.ludwig-van.com\/montreal\/?p=62928"},"modified":"2024-11-11T17:23:13","modified_gmt":"2024-11-11T22:23:13","slug":"liszt-dix-musiciens-classiques-gravement-affectes-guerres-dictatures","status":"publish","type":"post","link":"https:\/\/www.ludwig-van.com\/montreal\/2019\/11\/07\/liszt-dix-musiciens-classiques-gravement-affectes-guerres-dictatures\/","title":{"rendered":"LISZT | Douze musiciens classiques affect\u00e9s par les guerres et les dictatures"},"content":{"rendered":"<figure id=\"attachment_84855\" aria-describedby=\"caption-attachment-84855\" style=\"width: 1200px\" class=\"wp-caption aligncenter\"><img decoding=\"async\" loading=\"lazy\" class=\"size-full wp-image-84855\" src=\"https:\/\/www.ludwig-van.com\/montreal\/wp-content\/uploads\/sites\/3\/2019\/11\/Copie-de-CRITIQUE1.jpg\" alt=\"\" width=\"1200\" height=\"628\" srcset=\"https:\/\/www.ludwig-van.com\/montreal\/wp-content\/uploads\/sites\/3\/2019\/11\/Copie-de-CRITIQUE1.jpg 1200w, https:\/\/www.ludwig-van.com\/montreal\/wp-content\/uploads\/sites\/3\/2019\/11\/Copie-de-CRITIQUE1-300x157.jpg 300w, https:\/\/www.ludwig-van.com\/montreal\/wp-content\/uploads\/sites\/3\/2019\/11\/Copie-de-CRITIQUE1-1024x536.jpg 1024w, https:\/\/www.ludwig-van.com\/montreal\/wp-content\/uploads\/sites\/3\/2019\/11\/Copie-de-CRITIQUE1-768x402.jpg 768w\" sizes=\"(max-width: 1200px) 100vw, 1200px\" \/><figcaption id=\"caption-attachment-84855\" class=\"wp-caption-text\">Les musiciens n&rsquo;\u00e9chappent pas aux horreurs de la guerre et des dictatures. Quelques portraits.<\/figcaption><\/figure>\n<h3>Les musiciens et les compositeurs classiques n\u2019\u00e9chappent pas aux horreurs des guerres et des dictatures. Voici quelques portraits d&rsquo;artistes qui ont souffert dans les pires circonstances de l&rsquo;histoire.<\/h3>\n<p>&nbsp;<\/p>\n<figure id=\"attachment_62948\" aria-describedby=\"caption-attachment-62948\" style=\"width: 1200px\" class=\"wp-caption aligncenter\"><img decoding=\"async\" loading=\"lazy\" class=\"wp-image-62948 size-full\" title=\"Chostakovitch\" src=\"https:\/\/www.ludwig-van.com\/montreal\/wp-content\/uploads\/sites\/3\/2019\/11\/redim_Dmitri-Shostakovich-1958.jpg\" alt=\"Chostakovitch\" width=\"1200\" height=\"788\" srcset=\"https:\/\/www.ludwig-van.com\/montreal\/wp-content\/uploads\/sites\/3\/2019\/11\/redim_Dmitri-Shostakovich-1958.jpg 1200w, https:\/\/www.ludwig-van.com\/montreal\/wp-content\/uploads\/sites\/3\/2019\/11\/redim_Dmitri-Shostakovich-1958-300x197.jpg 300w, https:\/\/www.ludwig-van.com\/montreal\/wp-content\/uploads\/sites\/3\/2019\/11\/redim_Dmitri-Shostakovich-1958-768x504.jpg 768w, https:\/\/www.ludwig-van.com\/montreal\/wp-content\/uploads\/sites\/3\/2019\/11\/redim_Dmitri-Shostakovich-1958-1024x672.jpg 1024w\" sizes=\"(max-width: 1200px) 100vw, 1200px\" \/><figcaption id=\"caption-attachment-62948\" class=\"wp-caption-text\">Dmitri Chostakovitch a mis en musique les souffrances li\u00e9es \u00e0 la guerre et au r\u00e9gime communiste.<\/figcaption><\/figure>\n<h2><strong>Dimitri Chostakovitch (1906-1975)<\/strong><\/h2>\n<p><strong>Occupation\u00a0: pianiste\/compositeur <\/strong><\/p>\n<p>Enfant de la R\u00e9volution russe,\u00a0<b>Dimitri Chostakovitch<\/b>\u00a0compose pas moins de quinze symphonies qui laissent transpara\u00eetre les traits autobiographiques et sombres d\u2019une \u00e9poque de terreur. \u00c0 la suite de son op\u00e9ra\u00a0<i>Lady Macbeth du district de Mtsensk<\/i>\u00a0vers 1936, le journal\u00a0<i>Pravda<\/i>\u00a0d\u00e9clare le compositeur ennemi du peuple, qualifiant sa musique d\u2019\u00ab \u00e9pouvantable fatras rempli de tintamarres, de grincements et de glapissements\u00a0\u00bb.<\/p>\n<p>Menac\u00e9, humili\u00e9 et pers\u00e9cut\u00e9 par le r\u00e9gime stalinien et ses purges, il est officiellement exclu du cercle des compositeurs sovi\u00e9tiques et voit amis et famille dispara\u00eetre.\u00a0<b>Chostakovitch<\/b>\u00a0sombre alors dans une progressive descente aux enfers alliant d\u00e9pression et insomnie constantes. La peur de se faire arr\u00eater par le KGB en pleine nuit l\u2019a m\u00eame pouss\u00e9 \u00e0 dormir dans la cage d&rsquo;escalier de son immeuble.<\/p>\n<p>Les \u00ab\u00a0Symphonies de guerre\u00a0\u00bb captent \u00e0 jamais les id\u00e9aux du compositeur sur fond de souffrance\u00a0: sa\u00a0Cinqui\u00e8me symphonie\u00a0traduit la survivance de l\u2019art, tandis que sa\u00a0Septi\u00e8me symphonie\u00a0est consid\u00e9r\u00e9e comme un symbole de r\u00e9sistance face \u00e0 l\u2019invasion nazie, une image musicale d\u2019un peuple qui se bat. Sa\u00a0Huiti\u00e8me symphonie\u00a0grave quant \u00e0 elle la souffrance li\u00e9e \u00e0 la guerre et aux purges staliniennes. \u00ab M\u00eame s\u2019ils me coupent les deux mains, je continuerai \u00e0 \u00e9crire de la musique, la plume entre les dents \u00bb d\u00e9clare le pianiste. Frissons garantis \u00e0 l\u2019\u00e9coute de ces t\u00e9moins musicaux.<\/p>\n<p>&nbsp;<\/p>\n<p>&nbsp;<\/p>\n<div class=\"jetpack-video-wrapper\"><span class=\"embed-youtube\" style=\"text-align:center; display: block;\"><iframe loading=\"lazy\" class=\"youtube-player\" width=\"640\" height=\"360\" src=\"https:\/\/www.youtube.com\/embed\/Cq2EtAK38xk?version=3&#038;rel=1&#038;showsearch=0&#038;showinfo=1&#038;iv_load_policy=1&#038;fs=1&#038;hl=fr-FR&#038;autohide=2&#038;wmode=transparent\" allowfullscreen=\"true\" style=\"border:0;\" sandbox=\"allow-scripts allow-same-origin allow-popups allow-presentation\"><\/iframe><\/span><\/div>\n<h2><strong>Zhu Xiao Mei (n\u00e9e en 1949)<\/strong><\/h2>\n<p><strong>Occupation\u00a0: pianiste\/professeure<\/strong><\/p>\n<p>La pianiste chinoise <strong>Zhu Xiao-Mei<\/strong> garde encore des traces de la \u00ab\u00a0grande r\u00e9volution culturelle prol\u00e9tarienne\u00a0\u00bb chinoise des ann\u00e9es 1960, dont les images des sc\u00e8nes d\u2019ex\u00e9cutions visant l\u2019\u00e9limination de l\u2019opposition au pouvoir de Mao Ze Dong. Envoy\u00e9e dans un camp de r\u00e9\u00e9ducation, elle survit en se plongeant dans la pratique du piano et dans la copie\u00a0de partitions sur du papier \u00e0 musique que sa m\u00e8re lui fait parvenir. Son autobiographie <em>La rivi\u00e8re et son secret<\/em>\u00a0raconte d\u2019ailleurs comment elle use d\u2019ing\u00e9niosit\u00e9 pour garder son instrument intact en volant du charbon pour d\u00e9jouer la temp\u00e9rature.<\/p>\n<p>&nbsp;<\/p>\n<figure id=\"attachment_62930\" aria-describedby=\"caption-attachment-62930\" style=\"width: 1200px\" class=\"wp-caption aligncenter\"><img decoding=\"async\" loading=\"lazy\" class=\"wp-image-62930 size-full\" title=\"Wladyslaw Szpilman\" src=\"https:\/\/www.ludwig-van.com\/montreal\/wp-content\/uploads\/sites\/3\/2019\/11\/redim_Wladislaw-Szpilman.jpg\" alt=\"The Pianist, Wladislaw Szpilman\" width=\"1200\" height=\"749\" srcset=\"https:\/\/www.ludwig-van.com\/montreal\/wp-content\/uploads\/sites\/3\/2019\/11\/redim_Wladislaw-Szpilman.jpg 1200w, https:\/\/www.ludwig-van.com\/montreal\/wp-content\/uploads\/sites\/3\/2019\/11\/redim_Wladislaw-Szpilman-300x187.jpg 300w, https:\/\/www.ludwig-van.com\/montreal\/wp-content\/uploads\/sites\/3\/2019\/11\/redim_Wladislaw-Szpilman-768x479.jpg 768w, https:\/\/www.ludwig-van.com\/montreal\/wp-content\/uploads\/sites\/3\/2019\/11\/redim_Wladislaw-Szpilman-1024x639.jpg 1024w\" sizes=\"(max-width: 1200px) 100vw, 1200px\" \/><figcaption id=\"caption-attachment-62930\" class=\"wp-caption-text\">L&rsquo;histoire de Wladislaw Szpilman a fait l&rsquo;objet du film The Pianist en 2002.<\/figcaption><\/figure>\n<h2><strong>Wladyslaw Szpilman (1911-2000)<\/strong><\/h2>\n<p><strong>Occupation\u00a0: pianiste\/compositeur\/interpr\u00e8te<\/strong><\/p>\n<p>H\u00e9ros du c\u00e9l\u00e8bre roman autobiographique\u00a0<em>Le pianiste<\/em>\u00a0adapt\u00e9 au cin\u00e9ma par Roman Polanski, <strong>Wladyslaw Szpilman <\/strong>est un des rares juif polonais d\u00e9port\u00e9 \u00e0 avoir surv\u00e9cu au ghetto de Varsovie pendant la Seconde Guerre mondiale. Sauv\u00e9 <em>in extremis<\/em> d\u2019un camp d\u2019extermination gr\u00e2ce \u00e0 sa position de musicien, il survit au froid et \u00e0 la faim gr\u00e2ce \u00e0 sa musique. Il restera marqu\u00e9 \u00e0 jamais par cette effroyable p\u00e9riode et abandonnera sa carri\u00e8re de concertiste.<\/p>\n<p>&nbsp;<\/p>\n<figure id=\"attachment_62931\" aria-describedby=\"caption-attachment-62931\" style=\"width: 1248px\" class=\"wp-caption aligncenter\"><img decoding=\"async\" loading=\"lazy\" class=\"wp-image-62931 size-full\" title=\"Mstislav Rostropovitch\" src=\"https:\/\/www.ludwig-van.com\/montreal\/wp-content\/uploads\/sites\/3\/2019\/11\/Rostropovitch-devant-mur-Berlin.jpg\" alt=\"Rostropovitch, violoncelle, chute du mur de Berlin\" width=\"1248\" height=\"702\" srcset=\"https:\/\/www.ludwig-van.com\/montreal\/wp-content\/uploads\/sites\/3\/2019\/11\/Rostropovitch-devant-mur-Berlin.jpg 1248w, https:\/\/www.ludwig-van.com\/montreal\/wp-content\/uploads\/sites\/3\/2019\/11\/Rostropovitch-devant-mur-Berlin-300x169.jpg 300w, https:\/\/www.ludwig-van.com\/montreal\/wp-content\/uploads\/sites\/3\/2019\/11\/Rostropovitch-devant-mur-Berlin-768x432.jpg 768w, https:\/\/www.ludwig-van.com\/montreal\/wp-content\/uploads\/sites\/3\/2019\/11\/Rostropovitch-devant-mur-Berlin-1024x576.jpg 1024w\" sizes=\"(max-width: 1248px) 100vw, 1248px\" \/><figcaption id=\"caption-attachment-62931\" class=\"wp-caption-text\">Mstislav Rostropovitch, ayant lui-m\u00eame souffert sous le r\u00e9gime communiste en URSS, c\u00e9l\u00e8bre la chute du mur de Berlin en y donnant un concert.<\/figcaption><\/figure>\n<h2><strong>Mstislav Rostropovitch (1927-2007)<\/strong><\/h2>\n<p><strong>Occupation : violoncelliste\/chef d&rsquo;orchestre\/compositeur\/interpr\u00e8te<\/strong><\/p>\n<p>Violoncelliste et chef d\u2019orchestre russe, <strong>Mstislav Rostropovitch<\/strong> s\u2019exile en France puis aux \u00c9tats-Unis en 1974, peu avant la chute de l\u2019URSS, \u00e0 cause de ses id\u00e9aux politiques. Ancien \u00e9l\u00e8ve de <strong>Dimitri Chostakovitch<\/strong>, ami de <strong>Benjamin Britten<\/strong> et de <strong>Henri Dutilleux<\/strong>, il joue les Suites<em>\u00a0<\/em>pour violoncelle seul\u00a0de Bach devant le mur de Berlin, d\u00e9truit deux jours auparavant en novembre 1989. Cette image symbolique \u00e0 la revendication de la libert\u00e9 qu\u2019il ch\u00e9rit lui a valu la perte de sa nationalit\u00e9 en 1978.<\/p>\n<p>&nbsp;<\/p>\n<figure id=\"attachment_62944\" aria-describedby=\"caption-attachment-62944\" style=\"width: 1181px\" class=\"wp-caption aligncenter\"><img decoding=\"async\" loading=\"lazy\" class=\"size-full wp-image-62944\" src=\"https:\/\/www.ludwig-van.com\/montreal\/wp-content\/uploads\/sites\/3\/2019\/11\/Olivier_Messiaen_1986-1.jpg\" alt=\"Olivier Messiaen\" width=\"1181\" height=\"921\" srcset=\"https:\/\/www.ludwig-van.com\/montreal\/wp-content\/uploads\/sites\/3\/2019\/11\/Olivier_Messiaen_1986-1.jpg 1181w, https:\/\/www.ludwig-van.com\/montreal\/wp-content\/uploads\/sites\/3\/2019\/11\/Olivier_Messiaen_1986-1-300x234.jpg 300w, https:\/\/www.ludwig-van.com\/montreal\/wp-content\/uploads\/sites\/3\/2019\/11\/Olivier_Messiaen_1986-1-768x599.jpg 768w, https:\/\/www.ludwig-van.com\/montreal\/wp-content\/uploads\/sites\/3\/2019\/11\/Olivier_Messiaen_1986-1-1024x799.jpg 1024w\" sizes=\"(max-width: 1181px) 100vw, 1181px\" \/><figcaption id=\"caption-attachment-62944\" class=\"wp-caption-text\">Olivier Messiaen a compos\u00e9 le Quatuor pour la fin du temps alors qu&rsquo;il \u00e9tait prisonnier durant la Seconde Guerre mondiale.<\/figcaption><\/figure>\n<h2><strong>Olivier Messiaen (1908-1992)<\/strong><\/h2>\n<p><strong>Occupation : pianiste\/compositeur\/interpr\u00e8te\/ornithologue<\/strong><\/p>\n<p>Organiste et pianiste fran\u00e7ais, <strong>Olivier Messiaen<\/strong> a, en plus de la musique, les oiseaux pour passion. Il d\u00e9couvre et apprend le piano durant la guerre de 1914-1918. Fait prisonnier dans un camp durant la Seconde Guerre mondiale, il analyse des pi\u00e8ces pour contrer la faim et compose une \u0153uvre t\u00e9moin de sa foi catholique\u00a0: le c\u00e9l\u00e8bre <em>Quatuor pour la fin du temps<\/em>. Messiaen et d&rsquo;autres compagnons de fortune musiciens, \u00e0 savoir un violoniste, un clarinettiste et un violoncelliste, en donnent la premi\u00e8re repr\u00e9sentation par une glaciale nuit de janvier.<\/p>\n<p><strong>\u00a0<\/strong><\/p>\n<figure id=\"attachment_62945\" aria-describedby=\"caption-attachment-62945\" style=\"width: 1200px\" class=\"wp-caption aligncenter\"><img decoding=\"async\" loading=\"lazy\" class=\"size-full wp-image-62945\" src=\"https:\/\/www.ludwig-van.com\/montreal\/wp-content\/uploads\/sites\/3\/2019\/11\/redim_Maurice_Ravel_1925.jpg\" alt=\"Maurice Ravel\" width=\"1200\" height=\"911\" srcset=\"https:\/\/www.ludwig-van.com\/montreal\/wp-content\/uploads\/sites\/3\/2019\/11\/redim_Maurice_Ravel_1925.jpg 1200w, https:\/\/www.ludwig-van.com\/montreal\/wp-content\/uploads\/sites\/3\/2019\/11\/redim_Maurice_Ravel_1925-300x228.jpg 300w, https:\/\/www.ludwig-van.com\/montreal\/wp-content\/uploads\/sites\/3\/2019\/11\/redim_Maurice_Ravel_1925-768x583.jpg 768w, https:\/\/www.ludwig-van.com\/montreal\/wp-content\/uploads\/sites\/3\/2019\/11\/redim_Maurice_Ravel_1925-1024x777.jpg 1024w\" sizes=\"(max-width: 1200px) 100vw, 1200px\" \/><figcaption id=\"caption-attachment-62945\" class=\"wp-caption-text\">Maurice Ravel a \u00e9t\u00e9 ambulancier durant la Premi\u00e8re Guerre mondiale.<\/figcaption><\/figure>\n<h2><strong>Maurice Ravel (1875-1937)<\/strong><\/h2>\n<p><strong>Occupation\u00a0: pianiste\/compositeur\/interpr\u00e8te<\/strong><\/p>\n<p><strong>Maurice Ravel <\/strong>est d\u00e9j\u00e0 un compositeur fran\u00e7ais reconnu \u00e0 l\u2019international lorsque la Premi\u00e8re Guerre mondiale \u00e9clate. Tout d\u2019abord exempt\u00e9 de service militaire pour des raisons de sant\u00e9, le musicien-patriote r\u00e9ussit \u00e0 se faire d\u00e9clarer apte au service en 1915. Affect\u00e9 \u00e0 une unit\u00e9 d\u2019ambulancier \u00e0 Verdun (France), il restera quelques jours en for\u00eat d\u00fb \u00e0 la panne de son camion et vivra selon ses dires comme \u00ab un Robinson plus moderne \u00bb, comme en t\u00e9moignent les lettres qu\u2019il a laiss\u00e9es derri\u00e8re lui. H\u00e9berg\u00e9 dans un ch\u00e2teau transform\u00e9 en h\u00f4pital, d&rsquo;une sant\u00e9 chancelante, il reprend le piano et compose\u00a0<em>Le Tombeau de Couperin<\/em>, une \u0153uvre hommage \u00e0 ses compagnons d\u00e9c\u00e9d\u00e9s au front.<\/p>\n<p>&nbsp;<\/p>\n<figure id=\"attachment_62941\" aria-describedby=\"caption-attachment-62941\" style=\"width: 1200px\" class=\"wp-caption aligncenter\"><img decoding=\"async\" loading=\"lazy\" class=\"size-full wp-image-62941\" src=\"https:\/\/www.ludwig-van.com\/montreal\/wp-content\/uploads\/sites\/3\/2019\/11\/redim_Viktor_Ullmann_2.jpg\" alt=\"Viktor Ullmann\" width=\"1200\" height=\"1320\" srcset=\"https:\/\/www.ludwig-van.com\/montreal\/wp-content\/uploads\/sites\/3\/2019\/11\/redim_Viktor_Ullmann_2.jpg 1200w, https:\/\/www.ludwig-van.com\/montreal\/wp-content\/uploads\/sites\/3\/2019\/11\/redim_Viktor_Ullmann_2-273x300.jpg 273w, https:\/\/www.ludwig-van.com\/montreal\/wp-content\/uploads\/sites\/3\/2019\/11\/redim_Viktor_Ullmann_2-768x845.jpg 768w, https:\/\/www.ludwig-van.com\/montreal\/wp-content\/uploads\/sites\/3\/2019\/11\/redim_Viktor_Ullmann_2-931x1024.jpg 931w\" sizes=\"(max-width: 1200px) 100vw, 1200px\" \/><figcaption id=\"caption-attachment-62941\" class=\"wp-caption-text\">Le destin de Viktor Ullman s&rsquo;est tragiquement achev\u00e9 au camp de concentration d&rsquo;Auschwitz.<\/figcaption><\/figure>\n<h2><strong>Viktor Ullmann (1898-1944)<\/strong><\/h2>\n<p><strong>Occupation\u00a0: pianiste\/compositeur\/chef d\u2019orchestre<\/strong><\/p>\n<p>Pianiste et compositeur de talent d\u2019origine juive, <strong>Viktor Ullmann<\/strong> est tout d\u2019abord d\u00e9port\u00e9 en 1942 au camp de concentration Terezin au sein duquel il exerce\u00a0en tant que compositeur, chef d\u2019orchestre, critique musical, pianiste, et p\u00e9dagogue. Il y compose entre autres son op\u00e9ra <em>Der Kaiser von Atlantis<\/em> ou <em>Le refus de la mort<\/em> en 1944, symbole de la m\u00e9moire des g\u00e9n\u00e9rations juives d\u00e9cim\u00e9es. Quelques mois plus tard, <strong>Ullmann <\/strong>est transf\u00e9r\u00e9 \u00e0 Auschwitz, o\u00f9 il meurt dans les chambres \u00e0 gaz. La majorit\u00e9 de ses \u0153uvres ont malheureusement \u00e9t\u00e9 perdues pendant la guerre, \u00e0 l\u2019exception des manuscrits de Terezin.<\/p>\n<p>&nbsp;<\/p>\n<figure id=\"attachment_62942\" aria-describedby=\"caption-attachment-62942\" style=\"width: 900px\" class=\"wp-caption aligncenter\"><img decoding=\"async\" loading=\"lazy\" class=\"size-full wp-image-62942\" src=\"https:\/\/www.ludwig-van.com\/montreal\/wp-content\/uploads\/sites\/3\/2019\/11\/Rachmaninoff_playing_Steinway_grand_piano.jpg\" alt=\"Rachmaninov, Steinway piano\" width=\"900\" height=\"656\" srcset=\"https:\/\/www.ludwig-van.com\/montreal\/wp-content\/uploads\/sites\/3\/2019\/11\/Rachmaninoff_playing_Steinway_grand_piano.jpg 900w, https:\/\/www.ludwig-van.com\/montreal\/wp-content\/uploads\/sites\/3\/2019\/11\/Rachmaninoff_playing_Steinway_grand_piano-300x219.jpg 300w, https:\/\/www.ludwig-van.com\/montreal\/wp-content\/uploads\/sites\/3\/2019\/11\/Rachmaninoff_playing_Steinway_grand_piano-768x560.jpg 768w\" sizes=\"(max-width: 900px) 100vw, 900px\" \/><figcaption id=\"caption-attachment-62942\" class=\"wp-caption-text\">La R\u00e9volution russe, puis la Seconde Guerre mondiale, ont pouss\u00e9 Rachmaninov \u00e0 s&rsquo;exiler aux \u00c9tats-Unis malgr\u00e9 son attachement \u00e0 sa patrie.<\/figcaption><\/figure>\n<h2><strong>Sergue\u00ef Rachmaninov (1873-1943)<\/strong><\/h2>\n<p><strong>Occupation\u00a0: pianiste\/compositeur\/interpr\u00e8te\/chef d\u2019orchestre<\/strong><\/p>\n<p>Pianiste romantique russe fortement marqu\u00e9 par la musique de Tcha\u00efkovsky, <strong>Sergue\u00ef Rachmaninov <\/strong>balance entre d\u00e9pression, succ\u00e8s et l\u2019id\u00e9e de la mort qui le hante. Il quitte son pays natal en 1917 suite \u00e0 la R\u00e9volution russe pour s\u2019exiler aux \u00c9tats-Unis avec sa famille, abandonnant tout derri\u00e8re eux.<\/p>\n<p>Devenu pianiste de concert, il revient en Europe pour retrouver l\u2019inspiration et compose notamment sa Rhapsodie sur un th\u00e8me de Paganini en 1934, mais se voit de nouveau contraint de quitter le Vieux continent \u00e0 l\u2019aube de la Seconde Guerre mondiale. Profond\u00e9ment russe,<strong> Rachmaninov <\/strong>continuera de se produire sur les sc\u00e8nes am\u00e9ricaines pour s\u2019\u00e9teindre en 1943, au cours d&rsquo;une ultime tourn\u00e9e,\u00a0des suites d\u2019un cancer des poumons .<\/p>\n<p>&nbsp;<\/p>\n<figure id=\"attachment_62937\" aria-describedby=\"caption-attachment-62937\" style=\"width: 1200px\" class=\"wp-caption aligncenter\"><img decoding=\"async\" loading=\"lazy\" class=\"size-full wp-image-62937\" src=\"https:\/\/www.ludwig-van.com\/montreal\/wp-content\/uploads\/sites\/3\/2019\/11\/redim_arnold-Schoenberg.jpg\" alt=\"Arnold Schoenberg\" width=\"1200\" height=\"569\" srcset=\"https:\/\/www.ludwig-van.com\/montreal\/wp-content\/uploads\/sites\/3\/2019\/11\/redim_arnold-Schoenberg.jpg 1200w, https:\/\/www.ludwig-van.com\/montreal\/wp-content\/uploads\/sites\/3\/2019\/11\/redim_arnold-Schoenberg-300x142.jpg 300w, https:\/\/www.ludwig-van.com\/montreal\/wp-content\/uploads\/sites\/3\/2019\/11\/redim_arnold-Schoenberg-768x364.jpg 768w, https:\/\/www.ludwig-van.com\/montreal\/wp-content\/uploads\/sites\/3\/2019\/11\/redim_arnold-Schoenberg-1024x486.jpg 1024w\" sizes=\"(max-width: 1200px) 100vw, 1200px\" \/><figcaption id=\"caption-attachment-62937\" class=\"wp-caption-text\">Le compositeur Arnold Schoenberg, qui a fini sa vie aux \u00c9tats-Unis, a travers\u00e9 les deux guerres mondiales.<\/figcaption><\/figure>\n<h2><strong>Arnold Schoenberg (1874-1951)<\/strong><\/h2>\n<p><strong>Occupation\u00a0: violoniste\/compositeur\/peintre\u00a0\u00a0\u00a0\u00a0\u00a0\u00a0\u00a0\u00a0 <\/strong><\/p>\n<p>Peu apr\u00e8s la cr\u00e9ation du <em>Pierrot Lunaire<\/em> en 1912, le compositeur viennois <strong>Arnold Sch\u00f6enberg\u00a0 <\/strong>est mobilis\u00e9 \u00e0 plusieurs reprises au cours de la Premi\u00e8re Guerre mondiale. Son \u0153uvre pour piano et quatuor \u00e0 cordes <em>Die eiserne Brigade<\/em> de 1916 d\u00e9peint d\u2019ailleurs de mani\u00e8re tragique la vie de caserne. La mont\u00e9e du nazisme oblige le compositeur d&rsquo;origine juive \u00e0 quitter l&rsquo;Allemagne en 1933 comme beaucoup d\u2019autres artistes. Il pr\u00e9f\u00e8re s&rsquo;exiler et se rend aux \u00c9tats-Unis o\u00f9 il devient citoyen am\u00e9ricain en 1940. En hommage \u00e0 ces ann\u00e9es sombres, <strong>Sch\u00f6enberg <\/strong>compose un oratorio dramatique <em>Un survivant de Varsovie<\/em> en 1947.<\/p>\n<p>&nbsp;<\/p>\n<figure id=\"attachment_62936\" aria-describedby=\"caption-attachment-62936\" style=\"width: 1200px\" class=\"wp-caption aligncenter\"><img decoding=\"async\" loading=\"lazy\" class=\"size-full wp-image-62936\" src=\"https:\/\/www.ludwig-van.com\/montreal\/wp-content\/uploads\/sites\/3\/2019\/11\/redim_britten.jpg\" alt=\"Benjamin Britten\" width=\"1200\" height=\"946\" srcset=\"https:\/\/www.ludwig-van.com\/montreal\/wp-content\/uploads\/sites\/3\/2019\/11\/redim_britten.jpg 1200w, https:\/\/www.ludwig-van.com\/montreal\/wp-content\/uploads\/sites\/3\/2019\/11\/redim_britten-300x237.jpg 300w, https:\/\/www.ludwig-van.com\/montreal\/wp-content\/uploads\/sites\/3\/2019\/11\/redim_britten-768x605.jpg 768w, https:\/\/www.ludwig-van.com\/montreal\/wp-content\/uploads\/sites\/3\/2019\/11\/redim_britten-1024x807.jpg 1024w\" sizes=\"(max-width: 1200px) 100vw, 1200px\" \/><figcaption id=\"caption-attachment-62936\" class=\"wp-caption-text\">Le compositeur Benjamin Britten a compos\u00e9 un des grands monuments musicaux du XXe si\u00e8cle avec son War Requiem.<\/figcaption><\/figure>\n<h2><strong>Benjamin Britten (1913-1976)<\/strong><\/h2>\n<p><strong>Occupation\u00a0: altiste\/pianiste\/compositeur\/chef d\u2019orchestre<\/strong><strong>\u00a0<\/strong><\/p>\n<p><strong>Leonard Bernstein<\/strong> disait \u00e0 propose de la musique de <strong>Benjamin Britten<\/strong>\u00a0: \u00ab Si vous l&rsquo;entendez r\u00e9ellement, et ne l\u2019\u00e9coutez pas simplement de mani\u00e8re superficielle, vous prenez conscience de quelque chose de tr\u00e8s sombre \u00bb. Le compositeur britannique est contraint de s\u2019exiler aux \u00c9tats-Unis \u00e0 l\u2019aurore de la Seconde Guerre mondiale en 1939 avec son compagnon <strong>Peter Pears<\/strong>. Il rentre au pays vers 1942 apr\u00e8s avoir \u00e9crit de nombreuses \u0153uvres. C\u2019est dans une volont\u00e9 de comm\u00e9moration et de d\u00e9fendeur de la paix que <strong>Britten<\/strong> compose le <em>War Requiem<\/em>. Inspir\u00e9e des \u00e9crits du po\u00e8te <strong>Wilfred Owen<\/strong> qui avait v\u00e9cu l\u2019horreur dans les tranch\u00e9es de la Premi\u00e8re Guerre, l\u2019\u0153uvre met en musique l&rsquo;indicible douleur des pertes associ\u00e9es aux guerres.<\/p>\n<p><strong>\u00a0<\/strong><\/p>\n<figure id=\"attachment_62946\" aria-describedby=\"caption-attachment-62946\" style=\"width: 1200px\" class=\"wp-caption aligncenter\"><img decoding=\"async\" loading=\"lazy\" class=\"size-full wp-image-62946\" src=\"https:\/\/www.ludwig-van.com\/montreal\/wp-content\/uploads\/sites\/3\/2019\/11\/redim_Fritz_Kreisler_2.jpg\" alt=\"Fritz Kreisler\" width=\"1200\" height=\"876\" srcset=\"https:\/\/www.ludwig-van.com\/montreal\/wp-content\/uploads\/sites\/3\/2019\/11\/redim_Fritz_Kreisler_2.jpg 1200w, https:\/\/www.ludwig-van.com\/montreal\/wp-content\/uploads\/sites\/3\/2019\/11\/redim_Fritz_Kreisler_2-300x219.jpg 300w, https:\/\/www.ludwig-van.com\/montreal\/wp-content\/uploads\/sites\/3\/2019\/11\/redim_Fritz_Kreisler_2-768x561.jpg 768w, https:\/\/www.ludwig-van.com\/montreal\/wp-content\/uploads\/sites\/3\/2019\/11\/redim_Fritz_Kreisler_2-1024x748.jpg 1024w\" sizes=\"(max-width: 1200px) 100vw, 1200px\" \/><figcaption id=\"caption-attachment-62946\" class=\"wp-caption-text\">Le violoniste Fritz Kreisler<\/figcaption><\/figure>\n<h2><strong>Fritz Kreisler (1875-1962)<\/strong><\/h2>\n<p><strong>Occupation\u00a0: violoniste<\/strong><\/p>\n<p>\u00c0 39 ans, <strong>Fritz Kreisler<\/strong> est un c\u00e9l\u00e8bre violoniste autrichien, patriote de son pays. Surnomm\u00e9 \u00ab\u00a0le violoniste militaire\u00a0\u00bb, <strong>Kreisler<\/strong> re\u00e7oit l\u2019ordre de se rallier aux troupes de son pays en 1914. D\u00e9clar\u00e9 mort dans un premier temps, c\u2019est un homme d\u00e9chir\u00e9 par les horreurs du front, bless\u00e9 \u00e0 la jambe et \u00e0 l\u2019\u00e9paule droite que sa femme retrouve. Un compte-rendu complet de son mois de guerre, intitul\u00e9\u00a0<em>L\u2019histoire de guerre d\u2019un violoniste,<\/em>\u00a0est publi\u00e9 en novembre 1914 par le <em>Times<\/em> de Londres dans lequel il mentionne qu\u2019il a pu survire gr\u00e2ce \u00e0 son oreille musicale lui permettant de d\u00e9celer la distance des canons d\u2019apr\u00e8s le son que produisaient les obus. T\u00e9moin des sc\u00e8nes de cauchemars mais aussi d\u2019humanit\u00e9 envers ses compagnons, le violoniste reste avec un usage limit\u00e9 de sa jambe bless\u00e9e.<\/p>\n<p>&nbsp;<\/p>\n<figure id=\"attachment_62939\" aria-describedby=\"caption-attachment-62939\" style=\"width: 1200px\" class=\"wp-caption aligncenter\"><img decoding=\"async\" loading=\"lazy\" class=\"wp-image-62939 size-full\" src=\"https:\/\/www.ludwig-van.com\/montreal\/wp-content\/uploads\/sites\/3\/2019\/11\/Maurice-Mar\u00e9chal-et-le-Poilu.jpg\" alt=\"Maurice Mar\u00e9chal\" width=\"1200\" height=\"675\" srcset=\"https:\/\/www.ludwig-van.com\/montreal\/wp-content\/uploads\/sites\/3\/2019\/11\/Maurice-Mar\u00e9chal-et-le-Poilu.jpg 1200w, https:\/\/www.ludwig-van.com\/montreal\/wp-content\/uploads\/sites\/3\/2019\/11\/Maurice-Mar\u00e9chal-et-le-Poilu-300x169.jpg 300w, https:\/\/www.ludwig-van.com\/montreal\/wp-content\/uploads\/sites\/3\/2019\/11\/Maurice-Mar\u00e9chal-et-le-Poilu-768x432.jpg 768w, https:\/\/www.ludwig-van.com\/montreal\/wp-content\/uploads\/sites\/3\/2019\/11\/Maurice-Mar\u00e9chal-et-le-Poilu-1024x576.jpg 1024w\" sizes=\"(max-width: 1200px) 100vw, 1200px\" \/><figcaption id=\"caption-attachment-62939\" class=\"wp-caption-text\">Maurice Mar\u00e9chal et son violoncelle, baptis\u00e9 Le poilu.<\/figcaption><\/figure>\n<h2><strong>Maurice Mar\u00e9chal (1892-1964)<\/strong><\/h2>\n<p><strong>Occupation\u00a0: violoncelliste<\/strong><strong>\u00a0<\/strong><\/p>\n<p>C\u2019est comme timbalier du 74<sup>e<\/sup> r\u00e9giment d\u2019infanterie de Rouen que\u00a0le violoncelliste <strong>Maurice Mar\u00e9chal <\/strong>effectue son service militaire en 1912. Il passera pr\u00e8s de 6 ans au service de l\u2019arm\u00e9e \u00e0 combattre l\u2019ennemi. Apr\u00e8s avoir d\u00e9laiss\u00e9 la musique, c\u2019est en sympathisant avec des soldats musiciens qu\u2019il recommence \u00e0 jouer, mais sur un curieux violoncelle bricol\u00e9 \u00e0 partir de caisses de munitions. Muni de son instrument baptis\u00e9 \u00ab\u00a0Le poilu\u00a0\u00bb,<strong> Mar\u00e9chal <\/strong>rejoint ainsi le Quatuor du g\u00e9n\u00e9ral Mangin. \u00ab\u00a0Le poilu\u00a0\u00bb est aujourd\u2019hui expos\u00e9 \u00e0 Paris au Mus\u00e9e de la Cit\u00e9 de la Musique.<\/p>\n<h2><em>Inscrivez-vous \u00e0 notre infolettre! La musique classique et l&rsquo;op\u00e9ra en 5 minutes, chaque jour<\/em> \u00a0<span style=\"color: #ff0000;\"><a style=\"color: #ff0000;\" href=\"https:\/\/ludwig-van.us9.list-manage.com\/subscribe?u=4f785cb3f9058f2393ccad035&amp;id=b9b160c032\" target=\"_blank\" rel=\"noopener noreferrer\">ICI\u00a0<\/a><\/span><\/h2>\n","protected":false},"excerpt":{"rendered":"<p>Les musiciens et les compositeurs classiques n\u2019\u00e9chappent pas aux horreurs des guerres et des dictatures. Alors que nous soulignons dans les prochains jours le 30e anniversaire de la chute du mur de Berlin et le Jour du Souvenir, voici quelques portraits d&rsquo;artistes qui ont souffert sous divers r\u00e9gimes. <\/p>\n","protected":false},"author":86,"featured_media":84855,"comment_status":"open","ping_status":"open","sticky":false,"template":"","format":"standard","meta":{"om_disable_all_campaigns":false,"jetpack_post_was_ever_published":false},"categories":[28802,5797],"tags":[28789,36474],"yst_prominent_words":[19234,10097,18406,36457,17582,35011,36458,25631,23142,36464,30774,9811,35709,20027,36456,36450,36460,36459,35010,35007],"acf":[],"jetpack_featured_media_url":"https:\/\/www.ludwig-van.com\/montreal\/wp-content\/uploads\/sites\/3\/2019\/11\/Copie-de-CRITIQUE1.jpg","jetpack_sharing_enabled":true,"jetpack_shortlink":"https:\/\/wp.me\/p9bdYt-gmY","amp_enabled":true,"_links":{"self":[{"href":"https:\/\/www.ludwig-van.com\/montreal\/wp-json\/wp\/v2\/posts\/62928"}],"collection":[{"href":"https:\/\/www.ludwig-van.com\/montreal\/wp-json\/wp\/v2\/posts"}],"about":[{"href":"https:\/\/www.ludwig-van.com\/montreal\/wp-json\/wp\/v2\/types\/post"}],"author":[{"embeddable":true,"href":"https:\/\/www.ludwig-van.com\/montreal\/wp-json\/wp\/v2\/users\/86"}],"replies":[{"embeddable":true,"href":"https:\/\/www.ludwig-van.com\/montreal\/wp-json\/wp\/v2\/comments?post=62928"}],"version-history":[{"count":26,"href":"https:\/\/www.ludwig-van.com\/montreal\/wp-json\/wp\/v2\/posts\/62928\/revisions"}],"predecessor-version":[{"id":84856,"href":"https:\/\/www.ludwig-van.com\/montreal\/wp-json\/wp\/v2\/posts\/62928\/revisions\/84856"}],"wp:featuredmedia":[{"embeddable":true,"href":"https:\/\/www.ludwig-van.com\/montreal\/wp-json\/wp\/v2\/media\/84855"}],"wp:attachment":[{"href":"https:\/\/www.ludwig-van.com\/montreal\/wp-json\/wp\/v2\/media?parent=62928"}],"wp:term":[{"taxonomy":"category","embeddable":true,"href":"https:\/\/www.ludwig-van.com\/montreal\/wp-json\/wp\/v2\/categories?post=62928"},{"taxonomy":"post_tag","embeddable":true,"href":"https:\/\/www.ludwig-van.com\/montreal\/wp-json\/wp\/v2\/tags?post=62928"},{"taxonomy":"yst_prominent_words","embeddable":true,"href":"https:\/\/www.ludwig-van.com\/montreal\/wp-json\/wp\/v2\/yst_prominent_words?post=62928"}],"curies":[{"name":"wp","href":"https:\/\/api.w.org\/{rel}","templated":true}]}}