{"id":62902,"date":"2019-11-06T14:59:55","date_gmt":"2019-11-06T19:59:55","guid":{"rendered":"https:\/\/www.ludwig-van.com\/montreal\/?p=62902"},"modified":"2019-11-06T15:01:43","modified_gmt":"2019-11-06T20:01:43","slug":"entretien-2","status":"publish","type":"post","link":"https:\/\/www.ludwig-van.com\/montreal\/2019\/11\/06\/entretien-2\/","title":{"rendered":"ENTRETIEN | Adam Cicchillitti : un nouvel album d\u2019\u0153uvres contemporaines canadiennes en duo avec Steve Cowan"},"content":{"rendered":"<figure id=\"attachment_62905\" aria-describedby=\"caption-attachment-62905\" style=\"width: 1200px\" class=\"wp-caption aligncenter\"><img decoding=\"async\" loading=\"lazy\" class=\"size-full wp-image-62905\" src=\"https:\/\/www.ludwig-van.com\/montreal\/wp-content\/uploads\/sites\/3\/2019\/11\/Adam-Cichillitti.jpg\" alt=\"Adam Cicchillitti, guitare\" width=\"1200\" height=\"628\" srcset=\"https:\/\/www.ludwig-van.com\/montreal\/wp-content\/uploads\/sites\/3\/2019\/11\/Adam-Cichillitti.jpg 1200w, https:\/\/www.ludwig-van.com\/montreal\/wp-content\/uploads\/sites\/3\/2019\/11\/Adam-Cichillitti-300x157.jpg 300w, https:\/\/www.ludwig-van.com\/montreal\/wp-content\/uploads\/sites\/3\/2019\/11\/Adam-Cichillitti-768x402.jpg 768w, https:\/\/www.ludwig-van.com\/montreal\/wp-content\/uploads\/sites\/3\/2019\/11\/Adam-Cichillitti-1024x536.jpg 1024w\" sizes=\"(max-width: 1200px) 100vw, 1200px\" \/><figcaption id=\"caption-attachment-62905\" class=\"wp-caption-text\">Le guitariste Adam Cicchillitti a fait para\u00eetre un nouvel album, Focus, en duo avec Steve Cowan. (Photo : courtoisie)<\/figcaption><\/figure>\n<p><span style=\"font-weight: 400;\">Les guitaristes <strong>Adam Cicchillitti<\/strong> et <strong>Steve Cowan<\/strong> viennent de faire para\u00eetre chez Analekta leur nouvel album, <\/span><i><span style=\"font-weight: 400;\">Focus<\/span><\/i><span style=\"font-weight: 400;\">. D\u00e9di\u00e9 enti\u00e8rement au r\u00e9pertoire canadien contemporain, l\u2019album nous transporte dans une surprenante fusion de styles. Entretien avec l\u2019interpr\u00e8te, l\u2019enseignant et l\u2019\u00e9tudiant derri\u00e8re ce projet.<\/span><\/p>\n<p><b><br \/>\n<\/b><b>LvM : Qu\u2019est-ce qui a d\u00e9clench\u00e9 ton int\u00e9r\u00eat pour la guitare classique?<\/b><\/p>\n<p><b>Adam Cicchillitti : <\/b><span style=\"font-weight: 400;\">\u00ab J\u2019ai d\u00e9couvert ma passion pour la guitare \u00e9lectrique avec le rock, le heavy metal et le pop il y a une vingtaine d\u2019ann\u00e9es et je prenais des cours de guitare classique en m\u00eame temps. Avec le temps, c\u2019est elle qui a pris le dessus, mais le classique et le rock ont toujours coexist\u00e9, comme c\u2019est le cas chez beaucoup de guitaristes. \u00bb<\/span><b><br \/>\n<\/b><b><br \/>\n<\/b><b>LvM : \u00c0 quoi ressemble ton parcours acad\u00e9mique?<\/b><\/p>\n<p><b>Adam Cicchillitti : <\/b><span style=\"font-weight: 400;\">\u00ab J\u2019ai fait ma ma\u00eetrise \u00e0 l\u2019Universit\u00e9 d\u2019Ottawa, j\u2019habite d\u2019ailleurs maintenant \u00e0 Gatineau. Avant cela, j\u2019avais fait mon baccalaur\u00e9at \u00e0 l\u2019Universit\u00e9 McGill, o\u00f9 je compl\u00e8te maintenant mon doctorat en interpr\u00e9tation en plus d\u2019y enseigner. \u00bb<\/span><\/p>\n<p><b>LvM : Comment r\u00e9ussis-tu \u00e0 concilier les \u00e9tudes doctorales, les tourn\u00e9es et l\u2019enseignement?<\/b><\/p>\n<p><b>Adam Cicchillitti : <\/b><span style=\"font-weight: 400;\">\u00ab Je suis extr\u00eamement occup\u00e9, je travaille entre 60 et 80 heures par semaine. En tant que musicien, nous n\u2019avons pas vraiment le choix de compiler plusieurs t\u00e2ches, surtout en d\u00e9but de carri\u00e8re.\u00a0<\/span><\/p>\n<p><span style=\"font-weight: 400;\">Nous devons \u00eatre actifs comme interpr\u00e8tes, mais aussi en enseignement, dans l\u2019administration de notre carri\u00e8re, la planification des tourn\u00e9es, etc. L\u2019enseignement permet une stabilit\u00e9 financi\u00e8re que le seul m\u00e9tier d\u2019interpr\u00e8te ne garantit pas n\u00e9cessairement. \u00bb<\/span><\/p>\n<p><b>LvM : Tu as d\u2019ailleurs un int\u00e9r\u00eat marqu\u00e9 pour la p\u00e9dagogie.<\/b><\/p>\n<p><b>Adam Cicchillitti : <\/b><span style=\"font-weight: 400;\">\u00ab Oui, j\u2019ai fond\u00e9 un programme d\u2019enseignement de la guitare selon la m\u00e9thode Suzuki \u00e0 Ottawa. J\u2019enseigne majoritairement aux enfants, ma passion et mon expertise se situent vraiment chez les tr\u00e8s jeunes.<\/span><\/p>\n<p><span style=\"font-weight: 400;\">C\u2019est en leur enseignant que nous allons faire perdurer notre domaine artistique. Mes \u00e9l\u00e8ves sont d\u2019ailleurs venus assister \u00e0 certains de mes concerts et ils ont ador\u00e9. Les enfants n\u2019ont pas de pr\u00e9jug\u00e9s envers la musique contemporaine. Lorsqu\u2019ils arrivent aux concerts, ils sont tr\u00e8s r\u00e9ceptifs \u00e0 ce qu\u2019on leur pr\u00e9sente. \u00bb<\/span><\/p>\n<p>&nbsp;<\/p>\n<figure id=\"attachment_62909\" aria-describedby=\"caption-attachment-62909\" style=\"width: 1200px\" class=\"wp-caption aligncenter\"><img decoding=\"async\" loading=\"lazy\" class=\"size-full wp-image-62909\" src=\"https:\/\/www.ludwig-van.com\/montreal\/wp-content\/uploads\/sites\/3\/2019\/11\/redim_Adam-Cichillitti_Couvert-1.jpg\" alt=\"L'album Focus du duo de guitare compos\u00e9 d'Adam Cicchillitti et Steve Cowan.\" width=\"1200\" height=\"1200\" srcset=\"https:\/\/www.ludwig-van.com\/montreal\/wp-content\/uploads\/sites\/3\/2019\/11\/redim_Adam-Cichillitti_Couvert-1.jpg 1200w, https:\/\/www.ludwig-van.com\/montreal\/wp-content\/uploads\/sites\/3\/2019\/11\/redim_Adam-Cichillitti_Couvert-1-150x150.jpg 150w, https:\/\/www.ludwig-van.com\/montreal\/wp-content\/uploads\/sites\/3\/2019\/11\/redim_Adam-Cichillitti_Couvert-1-300x300.jpg 300w, https:\/\/www.ludwig-van.com\/montreal\/wp-content\/uploads\/sites\/3\/2019\/11\/redim_Adam-Cichillitti_Couvert-1-768x768.jpg 768w, https:\/\/www.ludwig-van.com\/montreal\/wp-content\/uploads\/sites\/3\/2019\/11\/redim_Adam-Cichillitti_Couvert-1-1024x1024.jpg 1024w\" sizes=\"(max-width: 1200px) 100vw, 1200px\" \/><figcaption id=\"caption-attachment-62909\" class=\"wp-caption-text\">L&rsquo;album Focus du duo de guitare compos\u00e9 d&rsquo;Adam Cicchillitti et Steve Cowan.<\/figcaption><\/figure>\n<p><b>LvM : Sur cet album, l\u2019on remarque certaines influences <\/b><b><i>heavy metal<\/i><\/b><b>, particuli\u00e8rement dans la premi\u00e8re pi\u00e8ce, <\/b><b><i>Focus: I. Radial Glare<\/i><\/b><b>, compos\u00e9e par Harry Stafylakis. Qu\u2019est-ce qui vous a motiv\u00e9 \u00e0 explorer ce type de fusion stylistique?<\/b><\/p>\n<p><b>Adam Cicchillitti : <\/b><span style=\"font-weight: 400;\">\u00ab Beaucoup de gens jouent de la guitare, pas n\u00e9cessairement classique, mais \u00e9lectrique ou s\u00e8che. Ils aiment le rock et le m\u00e9tal, mais trouvent parfois la musique classique moins accessible. Nous visons \u00e0 travailler avec des compositeurs qui sont \u00e0 l\u2019aise de fusionner des styles musicaux.\u00a0<\/span><\/p>\n<p><span style=\"font-weight: 400;\">Sur notre album, par exemple, la pi\u00e8ce <\/span><i><span style=\"font-weight: 400;\">Ombres et lumi\u00e8res<\/span><\/i><span style=\"font-weight: 400;\"> de <strong>Patrick Roux<\/strong> est clairement inspir\u00e9e du rock progressif tandis que celle de <strong>Jos\u00e9 Evangelista<\/strong>, <\/span><i><span style=\"font-weight: 400;\">Retazos<\/span><\/i><span style=\"font-weight: 400;\">, demeure plut\u00f4t dans une certaine tradition classique.\u00a0<\/span><\/p>\n<p><span style=\"font-weight: 400;\">Pr\u00e9sentant uniquement du r\u00e9pertoire espagnol, le premier album, <\/span><i><span style=\"font-weight: 400;\">Canciones<\/span><\/i><span style=\"font-weight: 400;\">, est beaucoup plus traditionnel. J\u2019ai beaucoup appr\u00e9ci\u00e9 cette exp\u00e9rience, mais le nouvel album s\u2019inscrit plus particuli\u00e8rement dans la direction que je vise en tant qu\u2019artiste. M\u00eame si la majorit\u00e9 des \u0153uvres que produit Analekta sont issues du r\u00e9pertoire classique, l\u2019\u00e9tiquette s\u2019int\u00e9resse depuis plusieurs ann\u00e9es \u00e0 la musique contemporaine, ce qui est tr\u00e8s excitant pour Steve Cowan et moi. \u00bb<\/span><\/p>\n<p>&nbsp;<\/p>\n<figure id=\"attachment_62912\" aria-describedby=\"caption-attachment-62912\" style=\"width: 1200px\" class=\"wp-caption aligncenter\"><img decoding=\"async\" loading=\"lazy\" class=\"size-full wp-image-62912\" src=\"https:\/\/www.ludwig-van.com\/montreal\/wp-content\/uploads\/sites\/3\/2019\/11\/redim_Cicchillitti_Cowan_1-1.jpg\" alt=\"Les guitaristes Adam Cicchillitti et Steve Cowan (Photo : courtoisie)\" width=\"1200\" height=\"800\" srcset=\"https:\/\/www.ludwig-van.com\/montreal\/wp-content\/uploads\/sites\/3\/2019\/11\/redim_Cicchillitti_Cowan_1-1.jpg 1200w, https:\/\/www.ludwig-van.com\/montreal\/wp-content\/uploads\/sites\/3\/2019\/11\/redim_Cicchillitti_Cowan_1-1-300x200.jpg 300w, https:\/\/www.ludwig-van.com\/montreal\/wp-content\/uploads\/sites\/3\/2019\/11\/redim_Cicchillitti_Cowan_1-1-768x512.jpg 768w, https:\/\/www.ludwig-van.com\/montreal\/wp-content\/uploads\/sites\/3\/2019\/11\/redim_Cicchillitti_Cowan_1-1-1024x683.jpg 1024w\" sizes=\"(max-width: 1200px) 100vw, 1200px\" \/><figcaption id=\"caption-attachment-62912\" class=\"wp-caption-text\">Les guitaristes Adam Cicchillitti et Steve Cowan travaillent ensemble depuis 2015. (Photo : courtoisie)<\/figcaption><\/figure>\n<p><b>LvM : Qu\u2019est-ce qui t\u2019a men\u00e9 \u00e0 collaborer avec ton coll\u00e8gue?<\/b><\/p>\n<p><b>Adam Cicchillitti : <\/b><span style=\"font-weight: 400;\">\u00ab Steve et moi nous sommes rencontr\u00e9s \u00e0 Ottawa via un ami commun et avons commenc\u00e9 \u00e0 travailler ensemble en 2015, alors qu\u2019il faisait son doctorat \u00e0 McGill en m\u00eame temps que moi. Le monde de la guitare classique au Canada est tr\u00e8s petit, tout le monde se conna\u00eet.\u00a0<\/span><\/p>\n<p><span style=\"font-weight: 400;\">On s\u2019est toujours dit qu\u2019on aimerait jouer ensemble puisqu\u2019on partageait la m\u00eame passion pour la musique contemporaine. Le duo a pour but de travailler activement avec des compositeurs actuels. \u00bb<\/span><\/p>\n<p><b>LvM : \u00c0 quoi ressemblent vos projets \u00e0 venir?<\/b><\/p>\n<p><b>Adam Cicchillitti : <\/b><span style=\"font-weight: 400;\">\u00ab Nous pr\u00e9parons actuellement plusieurs tourn\u00e9es. Nous donnerons nos premiers concerts en Europe l\u2019ann\u00e9e prochaine, apr\u00e8s avoir jou\u00e9 principalement au Canada. Nous avons aussi d\u2019autres projets d\u2019enregistrement et de collaborations avec des compositeurs canadiens. \u00bb<\/span><\/p>\n<p><span style=\"font-weight: 400;\">Pr\u00e9sentant entre autres des oeuvres de <strong>Jos\u00e9 Evangelista<\/strong>, <strong>Harry Stafylakis<\/strong> et <strong>Andrew Staniland<\/strong>, l\u2019album <\/span><i><span style=\"font-weight: 400;\">Focus<\/span><\/i><span style=\"font-weight: 400;\"> d\u2019Adam Cicchillitti et Steve Cowan est disponible en magasin ainsi que sur toutes les plateformes d\u2019\u00e9coute num\u00e9riques.<\/span><\/p>\n<p><span style=\"font-weight: 400;\">Pour l\u2019\u00e9couter : <\/span><a href=\"https:\/\/www.analekta.com\/albums\/musique-contemporaine-duo-guitares\/\"><span style=\"font-weight: 400;\">https:\/\/www.analekta.com\/albums\/musique-contemporaine-duo-guitares\/<\/span><\/a><\/p>\n<p>&nbsp;<\/p>\n<h2>LIRE AUSSI :<\/h2>\n<p>&nbsp;<\/p>\n<blockquote class=\"wp-embedded-content\" data-secret=\"XVDAY0ieCo\"><p><a href=\"https:\/\/www.ludwig-van.com\/montreal\/2019\/11\/06\/nouvelle-compositeur-jose-evangelista-recoit-prix-serge-garant-de-25-000\/\">NOUVELLE | Le compositeur Jos\u00e9 Evangelista re\u00e7oit le prix Serge-Garant de 25 000 $<\/a><\/p><\/blockquote>\n<p><iframe class=\"wp-embedded-content\" sandbox=\"allow-scripts\" security=\"restricted\" style=\"position: absolute; clip: rect(1px, 1px, 1px, 1px);\" src=\"https:\/\/www.ludwig-van.com\/montreal\/2019\/11\/06\/nouvelle-compositeur-jose-evangelista-recoit-prix-serge-garant-de-25-000\/embed\/#?secret=XVDAY0ieCo\" data-secret=\"XVDAY0ieCo\" width=\"600\" height=\"338\" title=\"\u00ab\u00a0NOUVELLE | Le compositeur Jos\u00e9 Evangelista re\u00e7oit le prix Serge-Garant de 25 000 $\u00a0\u00bb &#8212; Ludwig Van Montreal\" frameborder=\"0\" marginwidth=\"0\" marginheight=\"0\" scrolling=\"no\"><\/iframe><\/p>\n<p>&nbsp;<\/p>\n<p>&nbsp;<\/p>\n","protected":false},"excerpt":{"rendered":"<p>Les guitaristes Adam Cicchillitti et Steve Cowan viennent de faire para\u00eetre chez Analekta leur nouvel album, Focus. D\u00e9di\u00e9 enti\u00e8rement au r\u00e9pertoire canadien contemporain, l\u2019album nous transporte dans une surprenante fusion de styles. Entretien avec l\u2019interpr\u00e8te, l\u2019enseignant et l\u2019\u00e9tudiant derri\u00e8re ce projet.<\/p>\n","protected":false},"author":84,"featured_media":62905,"comment_status":"open","ping_status":"open","sticky":false,"template":"","format":"standard","meta":{"om_disable_all_campaigns":false,"jetpack_post_was_ever_published":false},"categories":[28802,10998],"tags":[28789,36380,36379,36378,13333,36381],"yst_prominent_words":[24085,35959,36388,36387,36377,36372,36371,36369,36383,36382,18000,36390,36389,36386,36374,36373,10213,36376,14774,36370],"acf":[],"jetpack_featured_media_url":"https:\/\/www.ludwig-van.com\/montreal\/wp-content\/uploads\/sites\/3\/2019\/11\/Adam-Cichillitti.jpg","jetpack_sharing_enabled":true,"jetpack_shortlink":"https:\/\/wp.me\/p9bdYt-gmy","amp_enabled":true,"_links":{"self":[{"href":"https:\/\/www.ludwig-van.com\/montreal\/wp-json\/wp\/v2\/posts\/62902"}],"collection":[{"href":"https:\/\/www.ludwig-van.com\/montreal\/wp-json\/wp\/v2\/posts"}],"about":[{"href":"https:\/\/www.ludwig-van.com\/montreal\/wp-json\/wp\/v2\/types\/post"}],"author":[{"embeddable":true,"href":"https:\/\/www.ludwig-van.com\/montreal\/wp-json\/wp\/v2\/users\/84"}],"replies":[{"embeddable":true,"href":"https:\/\/www.ludwig-van.com\/montreal\/wp-json\/wp\/v2\/comments?post=62902"}],"version-history":[{"count":6,"href":"https:\/\/www.ludwig-van.com\/montreal\/wp-json\/wp\/v2\/posts\/62902\/revisions"}],"predecessor-version":[{"id":62925,"href":"https:\/\/www.ludwig-van.com\/montreal\/wp-json\/wp\/v2\/posts\/62902\/revisions\/62925"}],"wp:featuredmedia":[{"embeddable":true,"href":"https:\/\/www.ludwig-van.com\/montreal\/wp-json\/wp\/v2\/media\/62905"}],"wp:attachment":[{"href":"https:\/\/www.ludwig-van.com\/montreal\/wp-json\/wp\/v2\/media?parent=62902"}],"wp:term":[{"taxonomy":"category","embeddable":true,"href":"https:\/\/www.ludwig-van.com\/montreal\/wp-json\/wp\/v2\/categories?post=62902"},{"taxonomy":"post_tag","embeddable":true,"href":"https:\/\/www.ludwig-van.com\/montreal\/wp-json\/wp\/v2\/tags?post=62902"},{"taxonomy":"yst_prominent_words","embeddable":true,"href":"https:\/\/www.ludwig-van.com\/montreal\/wp-json\/wp\/v2\/yst_prominent_words?post=62902"}],"curies":[{"name":"wp","href":"https:\/\/api.w.org\/{rel}","templated":true}]}}