{"id":62653,"date":"2019-10-30T13:39:10","date_gmt":"2019-10-30T17:39:10","guid":{"rendered":"https:\/\/www.ludwig-van.com\/montreal\/?p=62653"},"modified":"2019-10-30T13:44:48","modified_gmt":"2019-10-30T17:44:48","slug":"entrevue-violinist-blake-pouliot-tournee-nyo-et-euyo","status":"publish","type":"post","link":"https:\/\/www.ludwig-van.com\/montreal\/2019\/10\/30\/entrevue-violinist-blake-pouliot-tournee-nyo-et-euyo\/","title":{"rendered":"ENTREVUE | Blake Pouliot en solo avec les orchestres de jeunes du Canada et de l&rsquo;Union europ\u00e9enne"},"content":{"rendered":"<p class=\"western\"><strong>Le violiniste Blake Pouliot nous parle de sa tourn\u00e9e avec le super-groupe form\u00e9 des orchestres de jeunes du Canada et de l&rsquo;Union europ\u00e9enne, et explique ce que sa propre exp\u00e9rience au sein de l&rsquo;Orchestre national des jeunes du Canada repr\u00e9sente pour lui aujourd&rsquo;hui.\u00a0<\/strong><\/p>\n<figure id=\"attachment_62665\" aria-describedby=\"caption-attachment-62665\" style=\"width: 1200px\" class=\"wp-caption aligncenter\"><img decoding=\"async\" loading=\"lazy\" class=\"size-full wp-image-62665\" src=\"https:\/\/www.ludwig-van.com\/montreal\/wp-content\/uploads\/sites\/3\/2019\/10\/Blake-Pouliot-1.jpg\" alt=\"Le violoniste Blake Pouliot (Photo : Jeff Fasano)\" width=\"1200\" height=\"628\" srcset=\"https:\/\/www.ludwig-van.com\/montreal\/wp-content\/uploads\/sites\/3\/2019\/10\/Blake-Pouliot-1.jpg 1200w, https:\/\/www.ludwig-van.com\/montreal\/wp-content\/uploads\/sites\/3\/2019\/10\/Blake-Pouliot-1-300x157.jpg 300w, https:\/\/www.ludwig-van.com\/montreal\/wp-content\/uploads\/sites\/3\/2019\/10\/Blake-Pouliot-1-768x402.jpg 768w, https:\/\/www.ludwig-van.com\/montreal\/wp-content\/uploads\/sites\/3\/2019\/10\/Blake-Pouliot-1-1024x536.jpg 1024w\" sizes=\"(max-width: 1200px) 100vw, 1200px\" \/><figcaption id=\"caption-attachment-62665\" class=\"wp-caption-text\">Le violoniste Blake Pouliot. (Photo : Jeff Fasano)<\/figcaption><\/figure>\n<p class=\"western\">\u201cJ&rsquo;ai eu \u00e9norm\u00e9ment de chance, et j&rsquo;ai eu beaucoup de succ\u00e8s.\u201d<\/p>\n<p class=\"western\">Cette affirmation est un euph\u00e9misme dans le cas du <strong>violoniste canadien\u00a0Blake Pouliot<\/strong>. Au cours de la saison 2019-2020, il fera ses d\u00e9buts avec les orchestres symphoniques d&rsquo;Atlanta, d&rsquo;Asheville, de Sarasota et de Madison. Son premier album\u00a0<a href=\"https:\/\/www.analekta.com\/en\/artists\/blake-pouliot\/\" target=\"_blank\" rel=\"noopener\"><em>Ravel, Debussy: Sonates<\/em><\/a> sur \u00e9tiquette Analekta s&rsquo;est m\u00e9rit\u00e9 cinq \u00e9toiles de la part du\u00a0<em>BBC Music Magazine<\/em> et une nomination dans la cat\u00e9gorie Meilleur album de musique classique aux Juno 2019.<\/p>\n<p class=\"western\">\u201cJ&rsquo;ai \u00e9t\u00e9 tr\u00e8s occup\u00e9 &#8211; beaucoup de travail, beaucoup de voyages.\u201d<\/p>\n<p class=\"western\">En novembre, ces voyages le ram\u00e8nent chez lui \u00e0 Toronto pour lancer la Tourn\u00e9e Frenergy. Cette toute premi\u00e8re collaboration entre l&rsquo;<strong>Orchestre national des jeunes du Canada<\/strong> et l&rsquo;<strong>Orchestre des jeunes de l&rsquo;Union europ\u00e9enne<\/strong>, sous la direction du chef viennois <strong>Sascha Goetzel<\/strong>, visitera quatre villes canadiennes.<\/p>\n<p class=\"western\">Du 12 au 17 novembre, l&rsquo;orchestre agrandi jouera au Koerner Hall de Toronto, pour ensuite se rendre \u00e0 Kingston. \u00c0 Montr\u00e9al, il fera r\u00e9sonner la Basilique Notre-Dame de tout le pouvoir de ses forces combin\u00e9es le 14 novembre et compl\u00e9tera sa tourn\u00e9e au Centre national des arts d&rsquo;Ottawa le 17 novembre. Cette tourn\u00e9e a \u00e9t\u00e9 rendue possible par le soutien de la <strong>D\u00e9l\u00e9gation de l&rsquo;Union europ\u00e9enne au Canada<\/strong>, une organisation qui encourage les liens entre le Canada et l&rsquo;UE depuis 1976.<\/p>\n<p>&nbsp;<\/p>\n<figure id=\"attachment_62669\" aria-describedby=\"caption-attachment-62669\" style=\"width: 1200px\" class=\"wp-caption aligncenter\"><img decoding=\"async\" loading=\"lazy\" class=\"size-full wp-image-62669\" src=\"https:\/\/www.ludwig-van.com\/montreal\/wp-content\/uploads\/sites\/3\/2019\/10\/euyo-spring-tour-2019.jpg\" alt=\"EUYO, Orchestre des jeunes de l'Union europ\u00e9enne, \u00e0 la Royal Opera House d'Oman\" width=\"1200\" height=\"800\" srcset=\"https:\/\/www.ludwig-van.com\/montreal\/wp-content\/uploads\/sites\/3\/2019\/10\/euyo-spring-tour-2019.jpg 1200w, https:\/\/www.ludwig-van.com\/montreal\/wp-content\/uploads\/sites\/3\/2019\/10\/euyo-spring-tour-2019-300x200.jpg 300w, https:\/\/www.ludwig-van.com\/montreal\/wp-content\/uploads\/sites\/3\/2019\/10\/euyo-spring-tour-2019-768x512.jpg 768w, https:\/\/www.ludwig-van.com\/montreal\/wp-content\/uploads\/sites\/3\/2019\/10\/euyo-spring-tour-2019-1024x683.jpg 1024w\" sizes=\"(max-width: 1200px) 100vw, 1200px\" \/><figcaption id=\"caption-attachment-62669\" class=\"wp-caption-text\">L&rsquo;Orchestre des jeunes de l&rsquo;Union europ\u00e9enne au Royal Opera House d&rsquo;Oman lors de leur tourn\u00e9e du printemps 2019. (Photo : Andrew McCoy)<\/figcaption><\/figure>\n<p class=\"western\">Les organisateurs souhaitaient que le ou la soliste engag\u00e9(e) soit un ancien membre de l&rsquo;Orchestre national des jeunes du Canada. \u00ab\u00a0J&rsquo;ai re\u00e7u un appel,\u00a0\u00bb se souvient Pouliot. C&rsquo;est son exp\u00e9rience au sein de l&rsquo;orchestre qui l&rsquo;a convaincu. \u00ab\u00a0J&rsquo;ai fait partie de l&rsquo;Orchestre national des jeunes du Canada au cours des \u00e9t\u00e9s 2012 et 2013.\u00a0\u00bb En 2013, Pouliot a gagn\u00e9 le Prix Michael-Measures, remis \u00e0 un membre de l&rsquo;orchestre qui se d\u00e9marque par son excellence et son leadership, et est devenu violon solo de l&rsquo;orchestre.<\/p>\n<p class=\"western\">L&rsquo;id\u00e9e de jouer avec les deux orchestres combin\u00e9s l&rsquo;attirait. \u00ab\u00a0C&rsquo;est vraiment plaisant,\u00a0\u00bb dit-il. \u00a0\u00bb C&rsquo;est toujours sp\u00e9cial de combiner des groupes de jeunes.\u00a0\u00bb Le violoniste est maintenant bas\u00e9 \u00e0 Los Angeles, mais continue d&rsquo;entretenir des liens forts avec Toronto et la r\u00e9gion, et se r\u00e9jouissait de pouvoir revenir y jouer. \u00ab\u00a0Je suis vraiment excit\u00e9!\u00a0\u00bb<\/p>\n<p class=\"western\">Ce n&rsquo;est pas la premi\u00e8re fois que Pouliot prend part \u00e0 une tourn\u00e9e du genre. Apr\u00e8s avoir r\u00e9colt\u00e9 le premier prix au <strong>Concours de l&rsquo;OSM <\/strong>en 2016, il a \u00e9t\u00e9 le soliste pour la tourn\u00e9e du\u00a0<strong>YOA Orchestra of the Americas\u00a0<\/strong> \u00e0 l&rsquo;\u00e9t\u00e9 2017. Il faut aussi dire qu&rsquo;il joue dans des orchestres depuis l&rsquo;\u00e2ge de onze ans, et qu&rsquo;il a travaill\u00e9 avec plusieurs des chefs d&rsquo;orchestre les plus reconnus de la plan\u00e8te, dont <strong>Sir Neville Marriner,<\/strong> Pablo Heras Casado, David Danzmyer, Vasily Petrenko, et Hugh Wolff. Maintenant \u00e2g\u00e9 de 25 ans, Pouliot ravive avec plaisir ses souvenirs du temps pass\u00e9 avec l&rsquo;Orchestre national des jeunes du Canada.<\/p>\n<p class=\"western\">\u201cCela a chang\u00e9 ma vie de plusieurs fa\u00e7ons,\u201d dit-il. Tout au long de la phase de r\u00e9p\u00e9tition et en tourn\u00e9e, les jeunes musiciens vivent et travaillent ensemble, une exp\u00e9rience essentielle qui, dit-il, lui a ouvert les yeux. Il souligne que les frais de participation sont couverts pour les membres s\u00e9lectionn\u00e9s par processus d&rsquo;audition, et que les apprentis musiciens sont m\u00eame r\u00e9mun\u00e9r\u00e9s. \u00ab\u00a0C&rsquo;est un de mes souvenirs les plus pr\u00e9cieux,\u00a0\u00bb dit-il. \u00ab\u00a0C&rsquo;est un environnement encourageant et merveilleux.\u00a0\u00bb<\/p>\n<p>&nbsp;<\/p>\n<figure id=\"attachment_62670\" aria-describedby=\"caption-attachment-62670\" style=\"width: 1200px\" class=\"wp-caption aligncenter\"><img decoding=\"async\" loading=\"lazy\" class=\"wp-image-62670 size-full\" src=\"https:\/\/www.ludwig-van.com\/montreal\/wp-content\/uploads\/sites\/3\/2019\/10\/nyo-cello-and-string-section.jpg\" alt=\"Les sections de violoncelles et de contrebasses de l'Orchestre national des jeunes du Canada (Photo : courtoisie)\" width=\"1200\" height=\"760\" srcset=\"https:\/\/www.ludwig-van.com\/montreal\/wp-content\/uploads\/sites\/3\/2019\/10\/nyo-cello-and-string-section.jpg 1200w, https:\/\/www.ludwig-van.com\/montreal\/wp-content\/uploads\/sites\/3\/2019\/10\/nyo-cello-and-string-section-300x190.jpg 300w, https:\/\/www.ludwig-van.com\/montreal\/wp-content\/uploads\/sites\/3\/2019\/10\/nyo-cello-and-string-section-768x486.jpg 768w, https:\/\/www.ludwig-van.com\/montreal\/wp-content\/uploads\/sites\/3\/2019\/10\/nyo-cello-and-string-section-1024x649.jpg 1024w\" sizes=\"(max-width: 1200px) 100vw, 1200px\" \/><figcaption id=\"caption-attachment-62670\" class=\"wp-caption-text\">Les sections de violoncelles et de contrebasses de l&rsquo;Orchestre national des jeunes du Canada (Photo : courtoisie)<\/figcaption><\/figure>\n<p class=\"western\">La vie de soliste, \u00e0 jouer partout dans le monde avec des orchestres diff\u00e9rents, peut \u00eatre solitaire. Mais il semble que peu importe o\u00f9 il se trouve, il croise des anciens de l&rsquo;Orchestre national des jeunes &#8211; encore r\u00e9cemment \u00e0 Edmonton. \u00ab\u00a0J&rsquo;ai des amis dans les orchestres symphoniques de Montr\u00e9al, de Toronto. C&rsquo;est tr\u00e8s r\u00e9confortant.\u00a0\u00bb\u00a0 Il dit aussi qu&rsquo;il appr\u00e9cie la quantit\u00e9 de soutien qu&rsquo;il a re\u00e7u au d\u00e9but de sa carri\u00e8re.<\/p>\n<p class=\"western\">Blake joue le violon\u00a0<strong>Guarneri del Ges\u00f9 de 1729<\/strong>\u00a0qui lui est pr\u00eat\u00e9 par la <strong>Banque d&rsquo;instruments de musique du Conseil des arts du Canada<\/strong>. Le r\u00e9pertoire de la tourn\u00e9e lui a \u00e9t\u00e9 propos\u00e9, sa participation s&rsquo;articulant autour de deux pi\u00e8ces de virtuosit\u00e9. \u201cJe crois qu&rsquo;ils ne voulaient pas alourdir le concert.\u201d<\/p>\n<p class=\"western\">Blake jouera\u00a0<em>Introduction et Rondo Capriccioso\u00a0<\/em>de\u00a0Saint-Sa\u00ebns et la\u00a0<em>Tzigane <\/em>de Ravel<i>.\u00a0<\/i>Le programme sera compl\u00e9t\u00e9 par la version parisienne de l&rsquo;Ouverture de\u00a0<em>Tannh\u00e4user <\/em>de Wagner, l&rsquo;Ouverture de <em>Wilhelm Tell<\/em> de\u00a0Rossini et la version de 1945 de la Suite de l&rsquo;<em>Oiseau de feu<\/em> de Stravinsky. La tourn\u00e9e tire son nom de la pi\u00e8ce <i>Frenergy for orchestra <\/i>du compositeur canadien <strong>John Estacio<\/strong>, une\u00a0\u0153uvre qui c\u00e9l\u00e8bre l&rsquo;amiti\u00e9 et l&rsquo;effervescence.<\/p>\n<p class=\"western\">Avant cette tourn\u00e9e canadienne, deux violonistes membres de l&rsquo;Orchestre des jeunes du Canada, <strong>Teresa Wang<\/strong> et <strong>Cassandra Leshchyshyn<\/strong>, ont particip\u00e9 \u00e0 la tourn\u00e9e de l&rsquo;Orchestre des jeunes de l&rsquo;Union europ\u00e9enne l&rsquo;\u00e9t\u00e9 dernier. Inversement, la violoniste autrichienne <strong>Janela Nini<\/strong>, les Espagnols <strong>Patricia Francia<\/strong>, violoniste, et <strong>Gema P\u00e9rez Oliver<\/strong>, violoncelliste, ont suivi la formation de l&rsquo;Orchestre national des jeunes du Canada au cours de l&rsquo;\u00e9t\u00e9 et ont particip\u00e9 \u00e0 sa tourn\u00e9e subs\u00e9quente au Canada et en Espagne.<\/p>\n<p class=\"western\"><strong>L&rsquo;Orchestre des jeunes de l&rsquo;Union europ\u00e9enne EUYO<\/strong>\u00a0existe depuis plus de quarante ans en tant qu&rsquo;ambassadeur culturel pour le continent europ\u00e9en et jouit d&rsquo;une r\u00e9putation d&rsquo;excellence. L&rsquo;<strong>Orchestre national des jeunes du Canada<\/strong> a \u00e9t\u00e9 un incubateur pour plusieurs des meilleurs musiciens classique du pays. Environ un tiers des musiciens en poste dans les orchestres professionnels canadiens sont des anciens de cet orchestre. Chaque \u00e9t\u00e9, une centaine d&rsquo;\u00e9tudiants en musique entre 16 et 28 ans participent \u00e0 son institut estival, qui culmine par une tourn\u00e9e pancanadienne et une s\u00e9ance d&rsquo;enregistrement.<\/p>\n<p class=\"western\">La <strong>Tourn\u00e9e Frenergy<\/strong> s&rsquo;entame au Koerner Hall de Toronto le 12 novembre, passe par le Isabel Bader Centre de Kingston le 13 novembre, occupe la sc\u00e8ne de la Basilique Note-Dame \u00e0 Montr\u00e9al le 14 novembre et se cl\u00f4t par un concert au Centre national des arts d&rsquo;Ottawa le 17 novembre. <a href=\"https:\/\/nyoc.org\/fr\/billets\/tournee-frenergy\/\" target=\"_blank\" rel=\"noopener\">D\u00c9TAILS<\/a>.<\/p>\n<p>&nbsp;<\/p>\n<p><em>Cet entretien a \u00e9t\u00e9 traduit par B\u00e9atrice Cadrin \u00e0 partir de celui paru le 24 octobre 2019 chez Ludwig van Toronto sous le titre <\/em><a href=\"https:\/\/www.ludwig-van.com\/toronto\/2019\/10\/24\/interview-violinist-blake-pouliot-talks-frenergy-tour-nyo-euyo\/\" target=\"_blank\" rel=\"noopener\">Violinist Blake Pouliot talks about the Frenergy Tour with the NYO and EUYO<\/a>.<\/p>\n<p>&nbsp;<\/p>\n<h2>LIRE AUSSI :<\/h2>\n<p>&nbsp;<\/p>\n<blockquote class=\"wp-embedded-content\" data-secret=\"lgMkgPYa50\"><p><a href=\"https:\/\/www.ludwig-van.com\/montreal\/2019\/10\/28\/dossier-le-piano-en-chine-obsession-nationale\/\">DOSSIER | Le piano en Chine : une obsession nationale qui fait exploser le march\u00e9<\/a><\/p><\/blockquote>\n<p><iframe class=\"wp-embedded-content\" sandbox=\"allow-scripts\" security=\"restricted\" style=\"position: absolute; clip: rect(1px, 1px, 1px, 1px);\" src=\"https:\/\/www.ludwig-van.com\/montreal\/2019\/10\/28\/dossier-le-piano-en-chine-obsession-nationale\/embed\/#?secret=lgMkgPYa50\" data-secret=\"lgMkgPYa50\" width=\"600\" height=\"338\" title=\"\u00ab\u00a0DOSSIER | Le piano en Chine : une obsession nationale qui fait exploser le march\u00e9\u00a0\u00bb &#8212; Ludwig Van Montreal\" frameborder=\"0\" marginwidth=\"0\" marginheight=\"0\" scrolling=\"no\"><\/iframe><\/p>\n<p>&nbsp;<\/p>\n<p>&nbsp;<\/p>\n","protected":false},"excerpt":{"rendered":"<p>Le violiniste Blake Pouliot nous parle de sa tourn\u00e9e avec le super-groupe form\u00e9 des orchestres de jeunes du Canada et de l&rsquo;Union europ\u00e9enne, et explique ce que sa propre exp\u00e9rience au sein de l&rsquo;Orchestre national des jeunes du Canada repr\u00e9sente pour lui aujourd&rsquo;hui.\u00a0<\/p>\n","protected":false},"author":64,"featured_media":62665,"comment_status":"open","ping_status":"open","sticky":false,"template":"","format":"standard","meta":{"om_disable_all_campaigns":false,"jetpack_post_was_ever_published":false},"categories":[28802,10998,29],"tags":[28789,36056,36014,36016,36015],"yst_prominent_words":[36044,36045,18266,36042,36046,36036,36048,36047,33085,36049,36041,34811,36039,10292,33083,36035,36043,33084,33082,36055],"acf":[],"jetpack_featured_media_url":"https:\/\/www.ludwig-van.com\/montreal\/wp-content\/uploads\/sites\/3\/2019\/10\/Blake-Pouliot-1.jpg","jetpack_sharing_enabled":true,"jetpack_shortlink":"https:\/\/wp.me\/p9bdYt-gix","amp_enabled":true,"_links":{"self":[{"href":"https:\/\/www.ludwig-van.com\/montreal\/wp-json\/wp\/v2\/posts\/62653"}],"collection":[{"href":"https:\/\/www.ludwig-van.com\/montreal\/wp-json\/wp\/v2\/posts"}],"about":[{"href":"https:\/\/www.ludwig-van.com\/montreal\/wp-json\/wp\/v2\/types\/post"}],"author":[{"embeddable":true,"href":"https:\/\/www.ludwig-van.com\/montreal\/wp-json\/wp\/v2\/users\/64"}],"replies":[{"embeddable":true,"href":"https:\/\/www.ludwig-van.com\/montreal\/wp-json\/wp\/v2\/comments?post=62653"}],"version-history":[{"count":8,"href":"https:\/\/www.ludwig-van.com\/montreal\/wp-json\/wp\/v2\/posts\/62653\/revisions"}],"predecessor-version":[{"id":62673,"href":"https:\/\/www.ludwig-van.com\/montreal\/wp-json\/wp\/v2\/posts\/62653\/revisions\/62673"}],"wp:featuredmedia":[{"embeddable":true,"href":"https:\/\/www.ludwig-van.com\/montreal\/wp-json\/wp\/v2\/media\/62665"}],"wp:attachment":[{"href":"https:\/\/www.ludwig-van.com\/montreal\/wp-json\/wp\/v2\/media?parent=62653"}],"wp:term":[{"taxonomy":"category","embeddable":true,"href":"https:\/\/www.ludwig-van.com\/montreal\/wp-json\/wp\/v2\/categories?post=62653"},{"taxonomy":"post_tag","embeddable":true,"href":"https:\/\/www.ludwig-van.com\/montreal\/wp-json\/wp\/v2\/tags?post=62653"},{"taxonomy":"yst_prominent_words","embeddable":true,"href":"https:\/\/www.ludwig-van.com\/montreal\/wp-json\/wp\/v2\/yst_prominent_words?post=62653"}],"curies":[{"name":"wp","href":"https:\/\/api.w.org\/{rel}","templated":true}]}}