{"id":62559,"date":"2019-10-29T10:05:56","date_gmt":"2019-10-29T14:05:56","guid":{"rendered":"https:\/\/www.ludwig-van.com\/montreal\/?p=62559"},"modified":"2019-10-29T16:28:37","modified_gmt":"2019-10-29T20:28:37","slug":"choix-de-redaction-10-concerts-fabuleux-a-decouvrir-cette-semaine","status":"publish","type":"post","link":"https:\/\/www.ludwig-van.com\/montreal\/2019\/10\/29\/choix-de-redaction-10-concerts-fabuleux-a-decouvrir-cette-semaine\/","title":{"rendered":"CHOIX DE LA R\u00c9DACTION  | 10  concerts fabuleux \u00e0 d\u00e9couvrir \u00e0 Montr\u00e9al cette semaine"},"content":{"rendered":"<figure id=\"attachment_62563\" aria-describedby=\"caption-attachment-62563\" style=\"width: 1200px\" class=\"wp-caption aligncenter\"><img decoding=\"async\" loading=\"lazy\" class=\"size-full wp-image-62563\" src=\"https:\/\/www.ludwig-van.com\/montreal\/wp-content\/uploads\/sites\/3\/2019\/10\/Choix-29-octobre-cover.jpg\" alt=\"musique classique Montr\u00e9al\" width=\"1200\" height=\"629\" srcset=\"https:\/\/www.ludwig-van.com\/montreal\/wp-content\/uploads\/sites\/3\/2019\/10\/Choix-29-octobre-cover.jpg 1200w, https:\/\/www.ludwig-van.com\/montreal\/wp-content\/uploads\/sites\/3\/2019\/10\/Choix-29-octobre-cover-300x157.jpg 300w, https:\/\/www.ludwig-van.com\/montreal\/wp-content\/uploads\/sites\/3\/2019\/10\/Choix-29-octobre-cover-768x403.jpg 768w, https:\/\/www.ludwig-van.com\/montreal\/wp-content\/uploads\/sites\/3\/2019\/10\/Choix-29-octobre-cover-1024x537.jpg 1024w\" sizes=\"(max-width: 1200px) 100vw, 1200px\" \/><figcaption id=\"caption-attachment-62563\" class=\"wp-caption-text\">Fran\u00e7ois-Xavier Roth, Karina Gauvin, Adam Cicchillitti, Les Petits Violons, le Studio de musique ancienne de Montr\u00e9al.<\/figcaption><\/figure>\n<h3>Envie de musique classique? Cette semaine, vous avez encore l&#8217;embarras du choix! Voici nos Choix de la r\u00e9daction, du 29 octobre au 3 novembre 2019.<\/h3>\n<p>&nbsp;<\/p>\n<figure id=\"attachment_62562\" aria-describedby=\"caption-attachment-62562\" style=\"width: 1200px\" class=\"wp-caption aligncenter\"><img decoding=\"async\" loading=\"lazy\" class=\"size-full wp-image-62562\" src=\"https:\/\/www.ludwig-van.com\/montreal\/wp-content\/uploads\/sites\/3\/2019\/10\/Francois_Xavier_Roth-WEB-courtoisie.jpg\" alt=\"Fran\u00e7ois-Xavier Roth, chef d'orchestre. (Photo: courtoisie de l'OSM\" width=\"1200\" height=\"583\" srcset=\"https:\/\/www.ludwig-van.com\/montreal\/wp-content\/uploads\/sites\/3\/2019\/10\/Francois_Xavier_Roth-WEB-courtoisie.jpg 1200w, https:\/\/www.ludwig-van.com\/montreal\/wp-content\/uploads\/sites\/3\/2019\/10\/Francois_Xavier_Roth-WEB-courtoisie-300x146.jpg 300w, https:\/\/www.ludwig-van.com\/montreal\/wp-content\/uploads\/sites\/3\/2019\/10\/Francois_Xavier_Roth-WEB-courtoisie-768x373.jpg 768w, https:\/\/www.ludwig-van.com\/montreal\/wp-content\/uploads\/sites\/3\/2019\/10\/Francois_Xavier_Roth-WEB-courtoisie-1024x497.jpg 1024w\" sizes=\"(max-width: 1200px) 100vw, 1200px\" \/><figcaption id=\"caption-attachment-62562\" class=\"wp-caption-text\">Fran\u00e7ois-Xavier Roth, chef d&rsquo;orchestre. (Photo: courtoisie de l&rsquo;OSM)<\/figcaption><\/figure>\n<h2>Fran\u00e7ois-Xavier Roth dirige l&rsquo;OSM<\/h2>\n<p>Le chef fran\u00e7ais Fran\u00e7ois-Xavier Roth dirige cette semaine l&rsquo;Orchestre symphonique de Montr\u00e9al pour deux concerts. Le programme \u00ab\u00a0Une vie de h\u00e9ros\u00a0\u00bb comprendra la pi\u00e8ce-titre du concert \u00ab\u00a0Ein Heldenleben\u00a0\u00bb, de Richard Strauss, l&rsquo;Ouverture no 3 Leonore, de Beethoven, et le Concerto pour piano no 1 de Bartok, avec le pianiste Pierre-Laurent Aimard. <strong>Mercredi 30 et jeudi 31 octobre, 20 h, Maison symphonique.<\/strong> <a href=\"https:\/\/www.osm.ca\/fr\/concerts\/une-vie-de-heros-de-richard-strauss\/\" target=\"_blank\" rel=\"noopener\">D\u00c9TAILS<\/a><\/p>\n<p>&nbsp;<\/p>\n<p>&nbsp;<\/p>\n<figure id=\"attachment_62579\" aria-describedby=\"caption-attachment-62579\" style=\"width: 1200px\" class=\"wp-caption aligncenter\"><img decoding=\"async\" loading=\"lazy\" class=\"size-full wp-image-62579\" src=\"https:\/\/www.ludwig-van.com\/montreal\/wp-content\/uploads\/sites\/3\/2019\/10\/Boh\u00e8me-web.jpg\" alt=\"quatuor Boh\u00e8me\" width=\"1200\" height=\"675\" srcset=\"https:\/\/www.ludwig-van.com\/montreal\/wp-content\/uploads\/sites\/3\/2019\/10\/Boh\u00e8me-web.jpg 1200w, https:\/\/www.ludwig-van.com\/montreal\/wp-content\/uploads\/sites\/3\/2019\/10\/Boh\u00e8me-web-300x169.jpg 300w, https:\/\/www.ludwig-van.com\/montreal\/wp-content\/uploads\/sites\/3\/2019\/10\/Boh\u00e8me-web-768x432.jpg 768w, https:\/\/www.ludwig-van.com\/montreal\/wp-content\/uploads\/sites\/3\/2019\/10\/Boh\u00e8me-web-1024x576.jpg 1024w\" sizes=\"(max-width: 1200px) 100vw, 1200px\" \/><figcaption id=\"caption-attachment-62579\" class=\"wp-caption-text\">Le quatuor Boh\u00e8me. (Photo: courtoisie)<\/figcaption><\/figure>\n<h2>Chanson fran\u00e7aise et musiciens classiques<\/h2>\n<p>Quatre musiciens bien connus de la sc\u00e8ne classique montr\u00e9alaise, <strong>Denis Chabot<\/strong> (contrebasse), <strong>Marc-Antoine d&rsquo;Aragon<\/strong> (baryton), <strong>Nadia Monczak<\/strong> (violon) et <strong>Steven Massicotte (<\/strong>piano) ont d\u00e9cid\u00e9 de former le quatuor <strong>Boh\u00e8me<\/strong> et pr\u00e9sentent le concert La Grande chanson, avec des grands succ\u00e8s de Jacques Brel, Charles Aznavour, Edith Piaf, entre autres, ainsi que de chanteurs qu\u00e9b\u00e9cois tels que Jean-Pierre Ferland. <strong>Mercredi 30 octobre, 20 h, \u00e0 la Cinqui\u00e8me salle de la Place des arts. <\/strong><a href=\"https:\/\/placedesarts.com\/fr\/evenement\/la-grande-chanson\" target=\"_blank\" rel=\"noopener\">D\u00c9TAILS<\/a><\/p>\n<p>&nbsp;<\/p>\n<p>&nbsp;<\/p>\n<figure id=\"attachment_60982\" aria-describedby=\"caption-attachment-60982\" style=\"width: 1024px\" class=\"wp-caption aligncenter\"><img decoding=\"async\" loading=\"lazy\" class=\"size-full wp-image-60982\" src=\"https:\/\/www.ludwig-van.com\/montreal\/wp-content\/uploads\/sites\/3\/2017\/09\/31-oct-Adam_-Cicchillitti_cre\u0301dit_Drew_Henderson.jpg\" alt=\"Adam Cicchillitti\" width=\"1024\" height=\"576\" srcset=\"https:\/\/www.ludwig-van.com\/montreal\/wp-content\/uploads\/sites\/3\/2017\/09\/31-oct-Adam_-Cicchillitti_cre\u0301dit_Drew_Henderson.jpg 1024w, https:\/\/www.ludwig-van.com\/montreal\/wp-content\/uploads\/sites\/3\/2017\/09\/31-oct-Adam_-Cicchillitti_cre\u0301dit_Drew_Henderson-300x169.jpg 300w, https:\/\/www.ludwig-van.com\/montreal\/wp-content\/uploads\/sites\/3\/2017\/09\/31-oct-Adam_-Cicchillitti_cre\u0301dit_Drew_Henderson-768x432.jpg 768w\" sizes=\"(max-width: 1024px) 100vw, 1024px\" \/><figcaption id=\"caption-attachment-60982\" class=\"wp-caption-text\">Adam Cicchillitti, guitariste. (Photo: Drew Henderson)<\/figcaption><\/figure>\n<h2>Duo Cicchillitti-Cohan<\/h2>\n<p>Les guitaristes\u00a0Adam Cicchillitti et Steve Cowan pr\u00e9sentent un programme d&rsquo;oeuvres canadiennes enregistr\u00e9es sur leur nouveau CD qui para\u00eet ce mois-ci chez Analekta, ainsi que des pi\u00e8ces de Debussy, Ravel et Rodrigo. <strong>Jeudi 31 octobre, 19 h 30, Chapelle historique du Bon-Pasteur<\/strong>. <a href=\"https:\/\/www.ludwig-van.com\/montreal\/event\/chapelle-historique-pasteur-duo-cicchillitti-cowan\/\" target=\"_blank\" rel=\"noopener\">D\u00c9TAILS\u00a0<\/a><\/p>\n<p>&nbsp;<\/p>\n<p>&nbsp;<\/p>\n<figure id=\"attachment_49402\" aria-describedby=\"caption-attachment-49402\" style=\"width: 1024px\" class=\"wp-caption aligncenter\"><img decoding=\"async\" loading=\"lazy\" class=\"size-full wp-image-49402\" src=\"https:\/\/www.ludwig-van.com\/montreal\/wp-content\/uploads\/sites\/3\/2017\/11\/AllegraConcert_CREDIT_KrisjanaThornsteinson.jpg\" alt=\"Musique de chambre Allegra\" width=\"1024\" height=\"683\" srcset=\"https:\/\/www.ludwig-van.com\/montreal\/wp-content\/uploads\/sites\/3\/2017\/11\/AllegraConcert_CREDIT_KrisjanaThornsteinson.jpg 1024w, https:\/\/www.ludwig-van.com\/montreal\/wp-content\/uploads\/sites\/3\/2017\/11\/AllegraConcert_CREDIT_KrisjanaThornsteinson-300x200.jpg 300w, https:\/\/www.ludwig-van.com\/montreal\/wp-content\/uploads\/sites\/3\/2017\/11\/AllegraConcert_CREDIT_KrisjanaThornsteinson-768x512.jpg 768w\" sizes=\"(max-width: 1024px) 100vw, 1024px\" \/><figcaption id=\"caption-attachment-49402\" class=\"wp-caption-text\">L&rsquo;ensemble Musique de chambre Allegra offre six concerts gratuits par saison. (Cr\u00e9dit: Krisjana Thornsteinson.<\/figcaption><\/figure>\n<h2>Musique de chambre Allegra: Ombres et lumi\u00e8res<\/h2>\n<p><strong>Musique de chambre Allegra<\/strong> pr\u00e9sente un concert gratuit avec des pi\u00e8ces de Chostakovitch et Wagner. <strong>Jeudi 31 octobre, 20 h, salle Tanna-Schulich de l&rsquo;Universit\u00e9 McGill.<\/strong> <a href=\"https:\/\/www.ludwig-van.com\/montreal\/event\/musique-de-chambre-allegra-ombre-lumiere\/\" target=\"_blank\" rel=\"noopener\">D\u00c9TAILS<\/a><\/p>\n<p>&nbsp;<\/p>\n<figure id=\"attachment_60793\" aria-describedby=\"caption-attachment-60793\" style=\"width: 839px\" class=\"wp-caption aligncenter\"><img decoding=\"async\" loading=\"lazy\" class=\"size-full wp-image-60793\" src=\"https:\/\/www.ludwig-van.com\/montreal\/wp-content\/uploads\/sites\/3\/2019\/08\/Fant\u00f4me-op\u00e9ra.png\" alt=\"Concerts d'Halloween\" width=\"839\" height=\"465\" srcset=\"https:\/\/www.ludwig-van.com\/montreal\/wp-content\/uploads\/sites\/3\/2019\/08\/Fant\u00f4me-op\u00e9ra.png 839w, https:\/\/www.ludwig-van.com\/montreal\/wp-content\/uploads\/sites\/3\/2019\/08\/Fant\u00f4me-op\u00e9ra-300x166.png 300w, https:\/\/www.ludwig-van.com\/montreal\/wp-content\/uploads\/sites\/3\/2019\/08\/Fant\u00f4me-op\u00e9ra-768x426.png 768w\" sizes=\"(max-width: 839px) 100vw, 839px\" \/><figcaption id=\"caption-attachment-60793\" class=\"wp-caption-text\">Le Fant\u00f4me de l&rsquo;op\u00e9ra sera pr\u00e9sent\u00e9 avec improvisation \u00e0 l&rsquo;orgue, le 1er novembre \u00e0 la Maison symphonique. (Photo: image du film original de Rupert Julian)<\/figcaption><\/figure>\n<h2>Le Fant\u00f4me de l\u2019op\u00e9ra<\/h2>\n<p>Les sous-sols de l\u2019Op\u00e9ra de Paris abritent Erik, le <strong>Fant\u00f4me de l\u2019op\u00e9ra<\/strong>. Il nourrit de sombres desseins, mais parviendra-t-il \u00e0 ses fins? D\u2019apr\u00e8s le roman \u00e9ponyme de Gaston Leroux, ce film est un chef-d\u2019\u0153uvre du cin\u00e9ma fantastique. L\u2019organiste James Kennerley improvisera en direct, sur le Grand Orgue Pierre-B\u00e9ique, la bande sonore du Fant\u00f4me de l\u2019Op\u00e9ra, ce film muet culte de Rupert Julian (1925) qui sera projet\u00e9 sur \u00e9cran g\u00e9ant avec sous-titres fran\u00e7ais. Suspense et rebondissements garantis, annonce-t-on\u2026<strong>Vendredi 1er novembre, 19h, Maison symphonique de Montr\u00e9al.<\/strong> <a href=\"https:\/\/www.osm.ca\/fr\/concerts\/le-fantome-de-lopera\/\" target=\"_blank\" rel=\"noopener\">D\u00c9TAILS<\/a><\/p>\n<p>&nbsp;<\/p>\n<figure id=\"attachment_61034\" aria-describedby=\"caption-attachment-61034\" style=\"width: 1199px\" class=\"wp-caption aligncenter\"><img decoding=\"async\" loading=\"lazy\" class=\"size-full wp-image-61034\" src=\"https:\/\/www.ludwig-van.com\/montreal\/wp-content\/uploads\/sites\/3\/2019\/07\/KMW_baguette_cr_JBertrand-WEB.jpg\" alt=\"Cette ann\u00e9e, la SMCQ rend hommage aux oeuvres m\u00e9tiss\u00e9es de la compositrice Katia Makdissi-Warren. (Cr\u00e9dit : J\u00e9r\u00f4me Bertrand)\" width=\"1199\" height=\"975\" srcset=\"https:\/\/www.ludwig-van.com\/montreal\/wp-content\/uploads\/sites\/3\/2019\/07\/KMW_baguette_cr_JBertrand-WEB.jpg 1199w, https:\/\/www.ludwig-van.com\/montreal\/wp-content\/uploads\/sites\/3\/2019\/07\/KMW_baguette_cr_JBertrand-WEB-300x244.jpg 300w, https:\/\/www.ludwig-van.com\/montreal\/wp-content\/uploads\/sites\/3\/2019\/07\/KMW_baguette_cr_JBertrand-WEB-768x625.jpg 768w, https:\/\/www.ludwig-van.com\/montreal\/wp-content\/uploads\/sites\/3\/2019\/07\/KMW_baguette_cr_JBertrand-WEB-1024x833.jpg 1024w\" sizes=\"(max-width: 1199px) 100vw, 1199px\" \/><figcaption id=\"caption-attachment-61034\" class=\"wp-caption-text\">Cette ann\u00e9e, la SMCQ rend hommage aux oeuvres m\u00e9tiss\u00e9es de la compositrice Katia Makdissi-Warren. (Cr\u00e9dit : J\u00e9r\u00f4me Bertrand)<\/figcaption><\/figure>\n<h2>Nouvel Ensemble Moderne: un concert \u00ab\u00a0d\u00e9ambulatoire\u00a0\u00bb<\/h2>\n<p>Le <strong>NEM<\/strong> investit la Maison de la culture Ahuntsic-Cartierville avec un concert d\u00e9ambulatoire : SOUFFLES. Au c\u0153ur de l\u2019exposition multidisciplinaire <em>Les mondes de Katia Makdissi-Warren<\/em> et guid\u00e9 par les musiciens de l\u2019ensemble, le public est invit\u00e9 \u00e0 cheminer dans l\u2019espace de la salle d&rsquo;exposition. Au programme, des pi\u00e8ces de <strong>Katia Makdissi-Warren, Brice Gatinet et Pierre Jodlowski<\/strong>. Sous la direction de <strong>Lorraine Vaillancourt.<\/strong> Deux repr\u00e9sentations pr\u00e9c\u00e9d\u00e9es du vernissage de l&rsquo;exposition (18 h) auront lieu. <strong>Samedi 2 novembre, 19 h 30 et 21 h, Maison de la culture Ahuntsic-Cartierville<\/strong>. <a href=\"https:\/\/www.ludwig-van.com\/montreal\/directory\/nouvel-ensemble-moderne\/\" target=\"_blank\" rel=\"noopener\">D\u00c9TAILS<\/a><\/p>\n<p><a href=\"https:\/\/www.ludwig-van.com\/montreal\/2019\/07\/17\/compositrice-katia-makdissi-warren-metissage-musical-dans-respect\/\" target=\"_blank\" rel=\"noopener\">LIRE NOTRE ENTRETIEN AVEC KATIA MAKDISSI-WARREN<\/a><\/p>\n<p>&nbsp;<\/p>\n<figure id=\"attachment_61672\" aria-describedby=\"caption-attachment-61672\" style=\"width: 1200px\" class=\"wp-caption aligncenter\"><img decoding=\"async\" loading=\"lazy\" class=\"size-full wp-image-61672\" src=\"https:\/\/www.ludwig-van.com\/montreal\/wp-content\/uploads\/sites\/3\/2019\/10\/Karina-Gaunvin_credit-Michael-Slobodian_redim.jpg\" alt=\"Karina Gauvin (Photo : Michael Slobodian)\" width=\"1200\" height=\"797\" srcset=\"https:\/\/www.ludwig-van.com\/montreal\/wp-content\/uploads\/sites\/3\/2019\/10\/Karina-Gaunvin_credit-Michael-Slobodian_redim.jpg 1200w, https:\/\/www.ludwig-van.com\/montreal\/wp-content\/uploads\/sites\/3\/2019\/10\/Karina-Gaunvin_credit-Michael-Slobodian_redim-300x199.jpg 300w, https:\/\/www.ludwig-van.com\/montreal\/wp-content\/uploads\/sites\/3\/2019\/10\/Karina-Gaunvin_credit-Michael-Slobodian_redim-768x510.jpg 768w, https:\/\/www.ludwig-van.com\/montreal\/wp-content\/uploads\/sites\/3\/2019\/10\/Karina-Gaunvin_credit-Michael-Slobodian_redim-1024x680.jpg 1024w\" sizes=\"(max-width: 1200px) 100vw, 1200px\" \/><figcaption id=\"caption-attachment-61672\" class=\"wp-caption-text\">Karina Gauvin (Photo : Michael Slobodian)<\/figcaption><\/figure>\n<h2>Karina Gauvin et le Pacific Baroque Orchestra<\/h2>\n<p>La soprano <strong>Karina Gauvin<\/strong> et un orchestre de 18 musiciens pr\u00e9sentent un r\u00e9pertoire rare d\u2019oeuvres instrumentales et d\u2019airs d\u2019op\u00e9ra italiens et russes entendus \u00e0 la cour de Russie \u00e0 Saint-P\u00e9tersbourg au XVIIIe si\u00e8cle. <strong>Samedi 2 novembre, 20 h, salle Bourgie.<\/strong> <a href=\"https:\/\/www.mbam.qc.ca\/achats-en-ligne\/concerts\/karina-gauvin-et-le-pacific-baroque-orchestra\/8640\/\" target=\"_blank\" rel=\"noopener\">D\u00c9TAILS<\/a><\/p>\n<p>&nbsp;<\/p>\n<figure id=\"attachment_57272\" aria-describedby=\"caption-attachment-57272\" style=\"width: 1024px\" class=\"wp-caption aligncenter\"><img decoding=\"async\" loading=\"lazy\" class=\"size-full wp-image-57272\" src=\"https:\/\/www.ludwig-van.com\/montreal\/wp-content\/uploads\/sites\/3\/2018\/11\/SMAM_groupe_\u00a9Katya-Konioukhova-WEB.jpg\" alt=\"Studio de musique ancienne de Montr\u00e9al\" width=\"1024\" height=\"685\" srcset=\"https:\/\/www.ludwig-van.com\/montreal\/wp-content\/uploads\/sites\/3\/2018\/11\/SMAM_groupe_\u00a9Katya-Konioukhova-WEB.jpg 1024w, https:\/\/www.ludwig-van.com\/montreal\/wp-content\/uploads\/sites\/3\/2018\/11\/SMAM_groupe_\u00a9Katya-Konioukhova-WEB-300x201.jpg 300w, https:\/\/www.ludwig-van.com\/montreal\/wp-content\/uploads\/sites\/3\/2018\/11\/SMAM_groupe_\u00a9Katya-Konioukhova-WEB-768x514.jpg 768w\" sizes=\"(max-width: 1024px) 100vw, 1024px\" \/><figcaption id=\"caption-attachment-57272\" class=\"wp-caption-text\">Le Studio de musique ancienne de Montr\u00e9al. (Photo : Katya Konioukhova)<\/figcaption><\/figure>\n<h2>Les 45 ans du SMAM<\/h2>\n<p>Le <strong>Studio de musique ancienne de Montr\u00e9al<\/strong> pr\u00e9sente \u00ab\u00a0Nos chers Italiens\u00a0\u00bb, un concert soulignant les 45 ans de l&rsquo;illustre ensemble vocal avec un programme o\u00f9 l&rsquo;on entendra la musique de Palestrina, Gabrieli, Monteverdi et Carissimi sous la direction d&rsquo;<strong>Andrew McAnerney<\/strong>. Le SMAM invite tous ceux et celles qui ont d\u00e9j\u00e0 chant\u00e9 avec l&rsquo;ensemble \u00e0 se joindre au ch\u0153ur dans l\u2019interpr\u00e9tation du Lauda Jerusalem de Monteverdi\u2009! <strong>Dimanche 3 novembre, 15 h, \u00c9glise St-L\u00e9on-de-Westmount.<\/strong> <a href=\"https:\/\/www.ludwig-van.com\/montreal\/event\/smam-nos-chers-italiens\/\" target=\"_blank\" rel=\"noopener\">D\u00c9TAILS\u00a0<\/a><\/p>\n<p>&nbsp;<\/p>\n<figure id=\"attachment_48600\" aria-describedby=\"caption-attachment-48600\" style=\"width: 700px\" class=\"wp-caption aligncenter\"><img decoding=\"async\" loading=\"lazy\" class=\"size-full wp-image-48600\" src=\"https:\/\/www.ludwig-van.com\/montreal\/wp-content\/uploads\/sites\/3\/2017\/10\/Anne-MarieDubois.jpg\" alt=\"La pianiste Anne-Marie Dubois est l'une des participantes de l'\u00e9v\u00e9nement Beethoven 32, le 17 f\u00e9vrier \u00e0 Sorel-Tracy. (Photo: courtoisie)\" width=\"700\" height=\"466\" srcset=\"https:\/\/www.ludwig-van.com\/montreal\/wp-content\/uploads\/sites\/3\/2017\/10\/Anne-MarieDubois.jpg 700w, https:\/\/www.ludwig-van.com\/montreal\/wp-content\/uploads\/sites\/3\/2017\/10\/Anne-MarieDubois-300x200.jpg 300w\" sizes=\"(max-width: 700px) 100vw, 700px\" \/><figcaption id=\"caption-attachment-48600\" class=\"wp-caption-text\">La pianiste Anne-Marie Dubois. (Photo: courtoisie)<\/figcaption><\/figure>\n<h2>Les Petits Chanteurs \u00e0 l&rsquo;OCM<\/h2>\n<p>Les <strong>Petits Chanteurs du Mont-Royal<\/strong> se joignent a\u0300 l&rsquo;<strong>Orchestre classique de Montr\u00e9al<\/strong> pour le <em>Gloria<\/em> de Vivaldi. Le programme comprend aussi un concerto pour piano de Bach-Busoni, avec la solistes invit\u00e9e <strong>Anne-Marie Dubois<\/strong>, et une \u0153uvre dramatique de la compositrice canadienne <strong>Vania Angelova. Dimanche 3 novembre, 15 h, salle Pierre-Mercure. <\/strong><a href=\"https:\/\/www.ludwig-van.com\/montreal\/event\/ocm-gloria\/\" target=\"_blank\" rel=\"noopener\">D\u00c9TAILS<\/a><\/p>\n<p>&nbsp;<\/p>\n<p>&nbsp;<\/p>\n<figure id=\"attachment_62503\" aria-describedby=\"caption-attachment-62503\" style=\"width: 1200px\" class=\"wp-caption aligncenter\"><img decoding=\"async\" loading=\"lazy\" class=\"size-full wp-image-62503\" src=\"https:\/\/www.ludwig-van.com\/montreal\/wp-content\/uploads\/sites\/3\/2018\/02\/Petits-Violons-photo-2019.jpg\" alt=\"Les Petits Violons, Marie-Claire Cousineau, violon, violoncelle, contrebasse\" width=\"1200\" height=\"800\" srcset=\"https:\/\/www.ludwig-van.com\/montreal\/wp-content\/uploads\/sites\/3\/2018\/02\/Petits-Violons-photo-2019.jpg 1200w, https:\/\/www.ludwig-van.com\/montreal\/wp-content\/uploads\/sites\/3\/2018\/02\/Petits-Violons-photo-2019-300x200.jpg 300w, https:\/\/www.ludwig-van.com\/montreal\/wp-content\/uploads\/sites\/3\/2018\/02\/Petits-Violons-photo-2019-768x512.jpg 768w, https:\/\/www.ludwig-van.com\/montreal\/wp-content\/uploads\/sites\/3\/2018\/02\/Petits-Violons-photo-2019-1024x683.jpg 1024w\" sizes=\"(max-width: 1200px) 100vw, 1200px\" \/><figcaption id=\"caption-attachment-62503\" class=\"wp-caption-text\">Les Petits Violons et leur directrice musicale Marie-Claire Cousineau (Photo : Banjamin Seropian)<\/figcaption><\/figure>\n<h2>D\u00e9but de saison des Petits Violons<\/h2>\n<p>La saison des Petits Violons s\u2019ouvrira avec le contrebassiste Yannick Che\u0302nevert. Lors de ce concert, la contrebasse aura la vedette dans les pi\u00e8ces de Holst, Rossini et Milhaud. <strong>Contribution volontaire. Dimanche 3 novembre, 16 h, \u00c9glise St-Pierre Ap\u00f4tre. <\/strong><a href=\"https:\/\/www.ludwig-van.com\/montreal\/event\/petits-violons-dimanche-musique\/\" target=\"_blank\" rel=\"noopener\">D\u00c9TAILS<\/a><\/p>\n<h2>LIRE AUSSI:<\/h2>\n<p>&nbsp;<\/p>\n<blockquote class=\"wp-embedded-content\" data-secret=\"Kj5H4xBFeJ\"><p><a href=\"https:\/\/www.ludwig-van.com\/montreal\/2019\/10\/28\/dossier-le-piano-en-chine-obsession-nationale\/\">DOSSIER | Le piano en Chine: une obsession nationale qui fait exploser le march\u00e9<\/a><\/p><\/blockquote>\n<p><iframe class=\"wp-embedded-content\" sandbox=\"allow-scripts\" security=\"restricted\" style=\"position: absolute; clip: rect(1px, 1px, 1px, 1px);\" src=\"https:\/\/www.ludwig-van.com\/montreal\/2019\/10\/28\/dossier-le-piano-en-chine-obsession-nationale\/embed\/#?secret=Kj5H4xBFeJ\" data-secret=\"Kj5H4xBFeJ\" width=\"600\" height=\"338\" title=\"\u00ab\u00a0DOSSIER | Le piano en Chine: une obsession nationale qui fait exploser le march\u00e9\u00a0\u00bb &#8212; Ludwig Van Montreal\" frameborder=\"0\" marginwidth=\"0\" marginheight=\"0\" scrolling=\"no\"><\/iframe><\/p>\n<p>&nbsp;<\/p>\n<p>&nbsp;<\/p>\n<p>&nbsp;<\/p>\n<p>&nbsp;<\/p>\n<p>&nbsp;<\/p>\n<p>&nbsp;<\/p>\n","protected":false},"excerpt":{"rendered":"<p>Envie de musique classique? Cette semaine, vous avez encore l&#8217;embarras du choix! Voici nos Choix de la r\u00e9daction, du 29 octobre au 3 novembre 2019. <\/p>\n","protected":false},"author":51,"featured_media":62563,"comment_status":"open","ping_status":"open","sticky":false,"template":"","format":"standard","meta":{"om_disable_all_campaigns":false,"jetpack_post_was_ever_published":false},"categories":[28802,10994],"tags":[28789,2542],"yst_prominent_words":[9863,35956,35962,35964,23196,34859,35955,35954,15697,35960,34863,35961,35963,35414,11108,12698,14461,11695,23189,11079],"acf":[],"jetpack_featured_media_url":"https:\/\/www.ludwig-van.com\/montreal\/wp-content\/uploads\/sites\/3\/2019\/10\/Choix-29-octobre-cover.jpg","jetpack_sharing_enabled":true,"jetpack_shortlink":"https:\/\/wp.me\/p9bdYt-gh1","amp_enabled":true,"_links":{"self":[{"href":"https:\/\/www.ludwig-van.com\/montreal\/wp-json\/wp\/v2\/posts\/62559"}],"collection":[{"href":"https:\/\/www.ludwig-van.com\/montreal\/wp-json\/wp\/v2\/posts"}],"about":[{"href":"https:\/\/www.ludwig-van.com\/montreal\/wp-json\/wp\/v2\/types\/post"}],"author":[{"embeddable":true,"href":"https:\/\/www.ludwig-van.com\/montreal\/wp-json\/wp\/v2\/users\/51"}],"replies":[{"embeddable":true,"href":"https:\/\/www.ludwig-van.com\/montreal\/wp-json\/wp\/v2\/comments?post=62559"}],"version-history":[{"count":3,"href":"https:\/\/www.ludwig-van.com\/montreal\/wp-json\/wp\/v2\/posts\/62559\/revisions"}],"predecessor-version":[{"id":62580,"href":"https:\/\/www.ludwig-van.com\/montreal\/wp-json\/wp\/v2\/posts\/62559\/revisions\/62580"}],"wp:featuredmedia":[{"embeddable":true,"href":"https:\/\/www.ludwig-van.com\/montreal\/wp-json\/wp\/v2\/media\/62563"}],"wp:attachment":[{"href":"https:\/\/www.ludwig-van.com\/montreal\/wp-json\/wp\/v2\/media?parent=62559"}],"wp:term":[{"taxonomy":"category","embeddable":true,"href":"https:\/\/www.ludwig-van.com\/montreal\/wp-json\/wp\/v2\/categories?post=62559"},{"taxonomy":"post_tag","embeddable":true,"href":"https:\/\/www.ludwig-van.com\/montreal\/wp-json\/wp\/v2\/tags?post=62559"},{"taxonomy":"yst_prominent_words","embeddable":true,"href":"https:\/\/www.ludwig-van.com\/montreal\/wp-json\/wp\/v2\/yst_prominent_words?post=62559"}],"curies":[{"name":"wp","href":"https:\/\/api.w.org\/{rel}","templated":true}]}}