{"id":62518,"date":"2019-10-27T14:29:40","date_gmt":"2019-10-27T18:29:40","guid":{"rendered":"https:\/\/www.ludwig-van.com\/montreal\/?p=62518"},"modified":"2019-10-27T22:19:06","modified_gmt":"2019-10-28T02:19:06","slug":"critique-les-vepres-de-rachmaninov-chandelles-interiorite","status":"publish","type":"post","link":"https:\/\/www.ludwig-van.com\/montreal\/2019\/10\/27\/critique-les-vepres-de-rachmaninov-chandelles-interiorite\/","title":{"rendered":"CRITIQUE | Les V\u00eapres de Rachmaninov aux chandelles : int\u00e9riorit\u00e9 au c\u0153ur du centre-ville"},"content":{"rendered":"<figure id=\"attachment_62529\" aria-describedby=\"caption-attachment-62529\" style=\"width: 1200px\" class=\"wp-caption aligncenter\"><img decoding=\"async\" loading=\"lazy\" class=\"wp-image-62529 size-full\" src=\"https:\/\/www.ludwig-van.com\/montreal\/wp-content\/uploads\/sites\/3\/2019\/10\/AP_V\u00eapres-cover.jpg\" alt=\"Le Choeur de l'\u00e9glise St. Andrew et St. Paul pr\u00e9sentait les V\u00eapres de Rachmaninov \u00e0 la lueur des chandelles. (Photo : No\u00e9mie Tremblay-Lamontagne)\" width=\"1200\" height=\"629\" srcset=\"https:\/\/www.ludwig-van.com\/montreal\/wp-content\/uploads\/sites\/3\/2019\/10\/AP_V\u00eapres-cover.jpg 1200w, https:\/\/www.ludwig-van.com\/montreal\/wp-content\/uploads\/sites\/3\/2019\/10\/AP_V\u00eapres-cover-300x157.jpg 300w, https:\/\/www.ludwig-van.com\/montreal\/wp-content\/uploads\/sites\/3\/2019\/10\/AP_V\u00eapres-cover-768x403.jpg 768w, https:\/\/www.ludwig-van.com\/montreal\/wp-content\/uploads\/sites\/3\/2019\/10\/AP_V\u00eapres-cover-1024x537.jpg 1024w\" sizes=\"(max-width: 1200px) 100vw, 1200px\" \/><figcaption id=\"caption-attachment-62529\" class=\"wp-caption-text\">Le Choeur de l&rsquo;\u00e9glise St. Andrew et St. Paul pr\u00e9sentait les V\u00eapres de Rachmaninov \u00e0 la lueur des chandelles, 26 octobre 2019. (Photo : No\u00e9mie Tremblay-Lamontagne)<\/figcaption><\/figure>\n<p>Le <strong>Ch\u0153ur de St. Andrew et St. Paul<\/strong> donnait samedi soir les <strong>V\u00eapres de Rachmaninov<\/strong> dans une atmosph\u00e8re de recueillement \u00e0 la lueur des chandelles. Tandis que quelques rues au sud sur Sainte-Catherine, l\u2019atmosph\u00e8re enivrante d\u2019une veill\u00e9e de samedi soir se r\u00e9pandait, \u00e0 l\u2019int\u00e9rieur de l\u2019\u00e9glise, un public nombreux \u00e9tait venu appr\u00e9cier un moment de beaut\u00e9 et d\u2019int\u00e9riorit\u00e9.<\/p>\n<p>L\u2019\u0153uvre d\u2019un langage plut\u00f4t conservateur est l\u2019une des deux seules pi\u00e8ces de musique sacr\u00e9e laiss\u00e9es par le compositeur russe, avec sa Liturgie pour Saint-Jean-Chrysostome. Enti\u00e8rement <em>a cappella<\/em>, elle est form\u00e9e de quinze hymnes et psaumes de la vigile de la r\u00e9surrection. Dans la liturgie orthodoxe russe, cette vigile est chant\u00e9 tous les samedis soirs dans une c\u00e9r\u00e9monie d\u2019une dur\u00e9e de 3 heures combinant v\u00eapres, matines et laudes.<\/p>\n<p>De ce fait, le titre employ\u00e9 usuellement en fran\u00e7ais pour d\u00e9signer l\u2019\u0153uvre de Rachmaninov n\u2019est pas exact, ce que l\u2019affiche de l\u2019\u00e9v\u00e9nement d\u2019hier soir s\u2019employait \u00e0 rectifier. En effet, on pouvait y lire \u00ab\u00a0Vigiles Nocturnes\u00a0\u00bb.<\/p>\n<p>Sans durer trois heures, la soir\u00e9e rendait \u00e0 cette musique sa fonction premi\u00e8re en intercalant en son sein des lectures de passages bibliques en lien avec les textes chant\u00e9s.<\/p>\n<p>Sous la direction sentie de <strong>Jean-S\u00e9bastien Vall\u00e9e<\/strong>, le <strong>Ch\u0153ur de St. Andrew et St. Paul<\/strong> en a donn\u00e9 une ex\u00e9cution r\u00e9fl\u00e9chie, dans laquelle \u00e9taient aussi bien perceptibles la conscience du tout que l\u2019attention port\u00e9e aux num\u00e9ros individuels.<\/p>\n<p>Le fondu des voix et une calibration de l&rsquo;\u00e9quilibre sonore adapt\u00e9e selon les exigences sp\u00e9cifiques de chaque passage comptent certainement parmi les grandes qualit\u00e9s de ce ch\u0153ur.\u00a0\u00a0Il ma\u00eetrise l\u2019art de faire gonfler le son jusqu\u2019\u00e0 un paroxysme vibrant, aid\u00e9 en cela par l\u2018acoustique r\u00e9verb\u00e9rante de l\u2019\u00e9glise n\u00e9ogothique en pierre.<\/p>\n<p>Cette m\u00eame acoustique aurait cependant requis une prononciation plus incisive pour combattre le flou qu\u2019elle suscite facilement, impression confirm\u00e9e par ma compagne de la soir\u00e9e qui, contrairement \u00e0 moi, connait le russe.<\/p>\n<p>Toujours en ce qui concerne la sonorit\u00e9, j\u2019ai trouv\u00e9 impossible d\u2019oublier la filiation du ch\u0153ur avec la tradition chorale britannique. Il aurait \u00e9t\u00e9 souhaitable que le son \u00e9th\u00e9r\u00e9 favoris\u00e9 dans cette esth\u00e9tique fasse place \u00e0 une production sonore plus ancr\u00e9e et plus riche. Heureusement, le ch\u0153ur poss\u00e8de une section de basses enviable, capable d\u2019atteindre les profondeurs prescrites, \u00e9vocatrices de cette sonorit\u00e9 russe si caract\u00e9ristique.<\/p>\n<p>&nbsp;<\/p>\n<figure id=\"attachment_62525\" aria-describedby=\"caption-attachment-62525\" style=\"width: 1200px\" class=\"wp-caption aligncenter\"><img decoding=\"async\" loading=\"lazy\" class=\"wp-image-62525 size-full\" src=\"https:\/\/www.ludwig-van.com\/montreal\/wp-content\/uploads\/sites\/3\/2019\/10\/AP_V\u00eapres-2.jpg\" alt=\"St. Andrew et St. Paul, Jean-S\u00e9bastien Vall\u00e9e, concert \u00e0 la lueur des chandelles\" width=\"1200\" height=\"827\" srcset=\"https:\/\/www.ludwig-van.com\/montreal\/wp-content\/uploads\/sites\/3\/2019\/10\/AP_V\u00eapres-2.jpg 1200w, https:\/\/www.ludwig-van.com\/montreal\/wp-content\/uploads\/sites\/3\/2019\/10\/AP_V\u00eapres-2-300x207.jpg 300w, https:\/\/www.ludwig-van.com\/montreal\/wp-content\/uploads\/sites\/3\/2019\/10\/AP_V\u00eapres-2-768x529.jpg 768w, https:\/\/www.ludwig-van.com\/montreal\/wp-content\/uploads\/sites\/3\/2019\/10\/AP_V\u00eapres-2-1024x706.jpg 1024w\" sizes=\"(max-width: 1200px) 100vw, 1200px\" \/><figcaption id=\"caption-attachment-62525\" class=\"wp-caption-text\">Les V\u00eapres de Rachmaninov par le Choeur de St. Andrew et St. Paul, samedi soir, sous la direction de Jean-S\u00e9bastien Vall\u00e9e. (Photo : No\u00e9mie Tremblay-Lamontagne)<\/figcaption><\/figure>\n<p>Saluons aussi la prestation solide du t\u00e9nor soliste <strong>Emmanuel Hassler<\/strong>. Les interventions de sa voix coffr\u00e9e \u00e9taient toujours bienvenues. \u00a0Le solo de soprano du deuxi\u00e8me mouvement a \u00e9galement \u00e9t\u00e9 bien rendu par <strong>Annamarie Popescu<\/strong> et une basse non nomm\u00e9e partageait l\u2019invocation initiale avec Hassler.<\/p>\n<h2>Prochain concert de St. Andrew et St. Paul<\/h2>\n<p>La saison musicale de <strong>St Andrew et St Paul<\/strong> se poursuit le 22 novembre prochain avec son concert b\u00e9n\u00e9fice annuel au profit de la Maison du Parc, l&rsquo;un des derniers centres d&rsquo;accueil \u00e0 Montr\u00e9al pour les personnes atteintes du VIH. \u00a0Le ch\u0153ur et l\u2019<strong>Association des musiciens de l\u2019Orchestre symphonique de Montr\u00e9al<\/strong> y pr\u00e9senteront la premi\u00e8re canadienne d\u2019une nouvelle version du Requiem de Mozart.<\/p>\n<p>On sait que Mozart est d\u00e9c\u00e9d\u00e9 avant d\u2019avoir enti\u00e8rement achev\u00e9 son Requiem et que celui-ci a depuis \u00e9t\u00e9 compl\u00e9t\u00e9 par diff\u00e9rents compositeurs. La version la plus largement connue et aim\u00e9e est celle de S\u00fcssmayr. La version de l\u2019Am\u00e9ricain <strong>Gregory Spears<\/strong> se distingue des tentatives pr\u00e9c\u00e9dentes en ce qu\u2019il se d\u00e9gage consciemment du legs de Mozart et int\u00e8gre trois nouvelles mises en musique de son cru. Les personnes curieuses de d\u00e9couvrir cette vision r\u00e9volutionnaire peuvent se procurer des billets \u00e0 l\u2019\u00e9glise ou \u00e0 la porte au co\u00fbt de 35 $ ou de 100 $. <a href=\"https:\/\/www.ludwig-van.com\/montreal\/event\/ap-music-lancien-a-rencontre-nouveau\/\" target=\"_blank\" rel=\"noopener\">D\u00c9TAILS<\/a><\/p>\n<p>&nbsp;<\/p>\n<h2>LIRE AUSSI :<\/h2>\n<p>&nbsp;<\/p>\n<blockquote class=\"wp-embedded-content\" data-secret=\"sBLOYwpQ76\"><p><a href=\"https:\/\/www.ludwig-van.com\/montreal\/2019\/10\/26\/critique-fidelio-triomphe-maison-symphonique\/\">CRITIQUE | Fidelio: coup de ma\u00eetre et triomphe \u00e0 la Maison symphonique<\/a><\/p><\/blockquote>\n<p><iframe class=\"wp-embedded-content\" sandbox=\"allow-scripts\" security=\"restricted\" style=\"position: absolute; clip: rect(1px, 1px, 1px, 1px);\" src=\"https:\/\/www.ludwig-van.com\/montreal\/2019\/10\/26\/critique-fidelio-triomphe-maison-symphonique\/embed\/#?secret=sBLOYwpQ76\" data-secret=\"sBLOYwpQ76\" width=\"600\" height=\"338\" title=\"\u00ab\u00a0CRITIQUE | Fidelio: coup de ma\u00eetre et triomphe \u00e0 la Maison symphonique\u00a0\u00bb &#8212; Ludwig Van Montreal\" frameborder=\"0\" marginwidth=\"0\" marginheight=\"0\" scrolling=\"no\"><\/iframe><\/p>\n<p>&nbsp;<\/p>\n<p>&nbsp;<\/p>\n","protected":false},"excerpt":{"rendered":"<p>Le Ch\u0153ur de Saint Andrew et Saint Paul donnait samedi soir les V\u00eapres de Rachmaninov dans une atmosph\u00e8re de recueillement \u00e9clair\u00e9e \u00e0 la lueur des chandelles. Tandis que quelques rues au sud sur Sainte-Catherine, l\u2019atmosph\u00e8re enivrante d\u2019une veill\u00e9e de samedi soir se r\u00e9pandait, \u00e0 l\u2019int\u00e9rieur de l\u2019\u00e9glise, un public nombreux \u00e9tait venu appr\u00e9cier un moment de beaut\u00e9 et d\u2019int\u00e9riorit\u00e9.<\/p>\n","protected":false},"author":55,"featured_media":62529,"comment_status":"open","ping_status":"open","sticky":false,"template":"","format":"standard","meta":{"om_disable_all_campaigns":false,"jetpack_post_was_ever_published":false},"categories":[28802,52],"tags":[28789,35906,35905,2750,35904],"yst_prominent_words":[9931,15019,9934,16616,16624,14082,35903,9811,35927,14038,35926,35925,13452,13462,12313,23723,14844,9835,27335,27450],"acf":[],"jetpack_featured_media_url":"https:\/\/www.ludwig-van.com\/montreal\/wp-content\/uploads\/sites\/3\/2019\/10\/AP_V\u00eapres-cover.jpg","jetpack_sharing_enabled":true,"jetpack_shortlink":"https:\/\/wp.me\/p9bdYt-ggm","amp_enabled":true,"_links":{"self":[{"href":"https:\/\/www.ludwig-van.com\/montreal\/wp-json\/wp\/v2\/posts\/62518"}],"collection":[{"href":"https:\/\/www.ludwig-van.com\/montreal\/wp-json\/wp\/v2\/posts"}],"about":[{"href":"https:\/\/www.ludwig-van.com\/montreal\/wp-json\/wp\/v2\/types\/post"}],"author":[{"embeddable":true,"href":"https:\/\/www.ludwig-van.com\/montreal\/wp-json\/wp\/v2\/users\/55"}],"replies":[{"embeddable":true,"href":"https:\/\/www.ludwig-van.com\/montreal\/wp-json\/wp\/v2\/comments?post=62518"}],"version-history":[{"count":12,"href":"https:\/\/www.ludwig-van.com\/montreal\/wp-json\/wp\/v2\/posts\/62518\/revisions"}],"predecessor-version":[{"id":62534,"href":"https:\/\/www.ludwig-van.com\/montreal\/wp-json\/wp\/v2\/posts\/62518\/revisions\/62534"}],"wp:featuredmedia":[{"embeddable":true,"href":"https:\/\/www.ludwig-van.com\/montreal\/wp-json\/wp\/v2\/media\/62529"}],"wp:attachment":[{"href":"https:\/\/www.ludwig-van.com\/montreal\/wp-json\/wp\/v2\/media?parent=62518"}],"wp:term":[{"taxonomy":"category","embeddable":true,"href":"https:\/\/www.ludwig-van.com\/montreal\/wp-json\/wp\/v2\/categories?post=62518"},{"taxonomy":"post_tag","embeddable":true,"href":"https:\/\/www.ludwig-van.com\/montreal\/wp-json\/wp\/v2\/tags?post=62518"},{"taxonomy":"yst_prominent_words","embeddable":true,"href":"https:\/\/www.ludwig-van.com\/montreal\/wp-json\/wp\/v2\/yst_prominent_words?post=62518"}],"curies":[{"name":"wp","href":"https:\/\/api.w.org\/{rel}","templated":true}]}}