{"id":62459,"date":"2019-10-24T12:10:21","date_gmt":"2019-10-24T16:10:21","guid":{"rendered":"https:\/\/www.ludwig-van.com\/montreal\/?p=62459"},"modified":"2019-10-24T12:19:55","modified_gmt":"2019-10-24T16:19:55","slug":"62459-fidelio-niveau-yannick-nezet-seguin","status":"publish","type":"post","link":"https:\/\/www.ludwig-van.com\/montreal\/2019\/10\/24\/62459-fidelio-niveau-yannick-nezet-seguin\/","title":{"rendered":"OP\u00c9RA | Fidelio : une distribution de tr\u00e8s haut niveau dirig\u00e9e par Yannick N\u00e9zet-S\u00e9guin"},"content":{"rendered":"<figure id=\"attachment_62475\" aria-describedby=\"caption-attachment-62475\" style=\"width: 1200px\" class=\"wp-caption aligncenter\"><img decoding=\"async\" loading=\"lazy\" class=\"size-full wp-image-62475\" src=\"https:\/\/www.ludwig-van.com\/montreal\/wp-content\/uploads\/sites\/3\/2019\/10\/fidelio_YNZ-1.jpg\" alt=\"Yannick N\u00e9zet-S\u00e9guin en train de diriger (Photo : Fran\u00e7ois Goupil)\" width=\"1200\" height=\"628\" srcset=\"https:\/\/www.ludwig-van.com\/montreal\/wp-content\/uploads\/sites\/3\/2019\/10\/fidelio_YNZ-1.jpg 1200w, https:\/\/www.ludwig-van.com\/montreal\/wp-content\/uploads\/sites\/3\/2019\/10\/fidelio_YNZ-1-300x157.jpg 300w, https:\/\/www.ludwig-van.com\/montreal\/wp-content\/uploads\/sites\/3\/2019\/10\/fidelio_YNZ-1-768x402.jpg 768w, https:\/\/www.ludwig-van.com\/montreal\/wp-content\/uploads\/sites\/3\/2019\/10\/fidelio_YNZ-1-1024x536.jpg 1024w\" sizes=\"(max-width: 1200px) 100vw, 1200px\" \/><figcaption id=\"caption-attachment-62475\" class=\"wp-caption-text\">Yannick N\u00e9zet-S\u00e9guin dirige une distribution de tr\u00e8s haut niveau dans Fidelio \u00e0 la Maison symphonique cette semaine. (Photo : Fran\u00e7ois Goupil)<\/figcaption><\/figure>\n<p>L\u2019<strong>Orchestre M\u00e9tropolitain<\/strong> et l\u2019<strong>Op\u00e9ra de Montr\u00e9al<\/strong> pr\u00e9sentent cette semaine leur premi\u00e8re co-production, <em>Fidelio<\/em>. De grandes voix des sc\u00e8nes nationale et internationale sont r\u00e9unies pour cette version concert de l\u2019unique op\u00e9ra de Beethoven. Quelques m\u00e9dias \u00e9taient convi\u00e9s, hier, \u00e0 une r\u00e9p\u00e9tition. Cet avant-go\u00fbt nous a permis de constater le tr\u00e8s haut niveau des chanteurs r\u00e9unis par <strong>Yannick N\u00e9zet-S\u00e9guin.\u00a0<\/strong><\/p>\n<p>Les grands noms de l&rsquo;art lyrique r\u00e9unis pour cette production promettent d&rsquo;\u00eatre \u00e0 la hauteur de leur r\u00e9putation. Comme <strong>Yannick N\u00e9zet-S\u00e9guin<\/strong> l&rsquo;a soulign\u00e9 avant la r\u00e9p\u00e9tition, la majorit\u00e9 de ces chanteurs a d\u00e9j\u00e0 travaill\u00e9 avec lui. La Norv\u00e9gienne <strong>Lise Davidsen<\/strong> impressionne dans le r\u00f4le complexe de Leonore\/Fidelio qui lui permet d\u2019exploiter tour \u00e0 tour les registres \u00e9clatants et nuanc\u00e9s de sa voix riche.<\/p>\n<p><strong>Kimy McLaren<\/strong> et <strong>Jean-Michel Richer<\/strong> sont tr\u00e8s bien agenc\u00e9s dans les r\u00f4les du jeune couple form\u00e9 par Marcelline et Jaquino, tandis que la voix chaleureuse de <strong>Raymond Aceto<\/strong> transmet bien la bienveillance un peu na\u00efve et terre-\u00e0-terre de Rocco, le p\u00e8re de Marcelline et gardien de la prison.<\/p>\n<p><strong>Luca Pisaroni<\/strong> sait se rendre inconfortablement autoritaire dans le r\u00f4le du m\u00e9chant Pizarro, bien que sa voix de baryton-basse n\u2019a pas sembl\u00e9 poss\u00e9der la m\u00eame profondeur que celle d\u2019Aceto. Nous n\u2019avons pas entendu <strong>Michael Schade<\/strong> dans son r\u00f4le de Florestan au cours de cette br\u00e8ve r\u00e9p\u00e9tition : ce plaisir sera r\u00e9serv\u00e9 aux d\u00e9tenteurs de billets pour les repr\u00e9sentations de vendredi soir et de dimanche apr\u00e8s-midi.<\/p>\n<p>&nbsp;<\/p>\n<figure id=\"attachment_62460\" aria-describedby=\"caption-attachment-62460\" style=\"width: 1200px\" class=\"wp-caption aligncenter\"><img decoding=\"async\" loading=\"lazy\" class=\"size-full wp-image-62460\" src=\"https:\/\/www.ludwig-van.com\/montreal\/wp-content\/uploads\/sites\/3\/2019\/10\/Lise_Davidson-credit-Ray-Burmiston.jpg\" alt=\"Lise Davidsen, soprano (Photo : Ray Burmiston)\" width=\"1200\" height=\"916\" srcset=\"https:\/\/www.ludwig-van.com\/montreal\/wp-content\/uploads\/sites\/3\/2019\/10\/Lise_Davidson-credit-Ray-Burmiston.jpg 1200w, https:\/\/www.ludwig-van.com\/montreal\/wp-content\/uploads\/sites\/3\/2019\/10\/Lise_Davidson-credit-Ray-Burmiston-300x229.jpg 300w, https:\/\/www.ludwig-van.com\/montreal\/wp-content\/uploads\/sites\/3\/2019\/10\/Lise_Davidson-credit-Ray-Burmiston-768x586.jpg 768w, https:\/\/www.ludwig-van.com\/montreal\/wp-content\/uploads\/sites\/3\/2019\/10\/Lise_Davidson-credit-Ray-Burmiston-1024x782.jpg 1024w\" sizes=\"(max-width: 1200px) 100vw, 1200px\" \/><figcaption id=\"caption-attachment-62460\" class=\"wp-caption-text\">Une voix riche pour un r\u00f4le complexe : la soprano norv\u00e9gienne Lise Davidsen chantera Fidelio vendredi soir et dimanche apr\u00e8s-midi \u00e0 la Maison symphonique. (Photo : Ray Burmiston)<\/figcaption><\/figure>\n<h2>Un op\u00e9ra \u00e0 sauvetage<\/h2>\n<p>Bas\u00e9 sur une pi\u00e8ce intitul\u00e9e <em>L\u00e9onore ou l\u2019amour conjugal<\/em> de l&rsquo;auteur Jean-Nicolas Bouilly, l\u2019op\u00e9ra raconte comment une jeune femme se d\u00e9guise en homme pour \u00eatre embauch\u00e9e dans la prison o\u00f9 est retenu son mari depuis deux ans, esp\u00e9rant ainsi pouvoir le d\u00e9livrer. La sc\u00e8ne o\u00f9 elle doit aider le gardien de la prison \u00e0 creuser la tombe de son mari condamn\u00e9 \u00e0 mort, tout en cachant son trouble pour ne pas r\u00e9v\u00e9ler son double jeu, repr\u00e9sente un des moments forts de l\u2019histoire.<\/p>\n<p>L\u2019\u0153uvre appartient au genre de l\u2019<strong>op\u00e9ra \u00e0 sauvetage<\/strong>, qui a pris son essor en France au cours de la R\u00e9volution fran\u00e7aise. C\u2019est cependant un rare cas o\u00f9 la femme vient au secours de l\u2019homme, marquant le r\u00f4le de Leonore\/Fidelio comme un des r\u00f4les f\u00e9minins les plus forts du r\u00e9pertoire. Il faut dire que l\u2019op\u00e9ra traditionnel est un genre o\u00f9 les r\u00f4les de femmes courageuses et d\u00e9termin\u00e9es, r\u00e9ussissant \u00e0 atteindre leur but sans se suicider ou sombrer dans la folie, ne sont pas l\u00e9gion.<\/p>\n<h2>Premi\u00e8re co-production<\/h2>\n<p>Pour mettre au monde ce projet, il aura fallu deux ans de pourparlers avant de r\u00e9ussir \u00e0 coordonner les horaires exigeants de tout le monde, en premier lieu bien s\u00fbr celui de <strong>Yannick N\u00e9zet-S\u00e9guin<\/strong>. \u00a0Le choix de la version concert a permis d\u2019\u00e9viter les difficult\u00e9s associ\u00e9es \u00e0 l\u2019\u00e9laboration et \u00e0 l\u2019apprentissage d\u2019une mise en sc\u00e8ne, confinant le temps de r\u00e9p\u00e9tition \u00e0 une seule semaine.<\/p>\n<p>Loin de ressentir cela comme un manque, <strong>N\u00e9zet-S\u00e9guin<\/strong> souligne qu\u2019entendre un op\u00e9ra en version concert est une exp\u00e9rience compl\u00e9mentaire \u00e0 celle de la mise en sc\u00e8ne.<\/p>\n<p>&nbsp;<\/p>\n<blockquote><p>\u00a0 \u00ab\u00a0La version concert permet de se concentrer sur l\u2019aspect purement musical pour que la musique parle avec son plein potentiel\u00a0\u00bb. &#8211; Yannick N\u00e9zet-S\u00e9guin<\/p><\/blockquote>\n<h2><\/h2>\n<p>&nbsp;<\/p>\n<p>Malgr\u00e9 les difficult\u00e9s d\u2019organisation, la collaboration entre les deux organismes est naturelle, puisqu\u2019ils sont d\u00e9j\u00e0 \u00e9troitement li\u00e9s depuis plusieurs ann\u00e9es. <strong>N\u00e9zet-S\u00e9guin<\/strong> a \u00e9t\u00e9 chef-assistant et chef de ch\u0153ur \u00e0 l\u2019<strong>Op\u00e9ra de Montr\u00e9al<\/strong> avant de devenir le directeur artistique de l\u2019<strong>Orchestre M\u00e9tropolitain<\/strong> et il est le chef ayant dirig\u00e9 le plus de productions \u00e0 l\u2019OdeM.<\/p>\n<p>\u00ab\u00a0Nous sommes toujours fiers de travailler avec\u00a0<strong>Yannick N\u00e9zet-S\u00e9guin\u00a0<\/strong>et l\u2019<strong>Orchestre M\u00e9tropolitain<\/strong>, notre orchestre principal, et nous nous r\u00e9jouissons de recevoir \u00e0 Montr\u00e9al ces tr\u00e8s grands noms de la sc\u00e8ne lyrique actuelle.\u00a0\u00bb, affirme <strong>Patrick Corrigan<\/strong>, directeur g\u00e9n\u00e9ral de l\u2019<strong>Op\u00e9ra de Montr\u00e9al<\/strong>. \u00ab\u00a0Nos deux organismes ont un r\u00e9el d\u00e9sir de continuer \u00e0 faire \u00e9voluer ce lien fort qui nous unit, afin d\u2019emmener les Montr\u00e9alais vers des sommets musicaux toujours plus hauts. \u00bb, dit <strong>Corrigan<\/strong>.<\/p>\n<h2>Ann\u00e9e Beethoven 2020<\/h2>\n<p>Soulignons que les repr\u00e9sentations de <em>Fidelio<\/em>\u00a0de cette semaine lancent les activit\u00e9s montr\u00e9alaises en lien avec l&rsquo;Ann\u00e9e Beethoven 2020. En effet, 2020 marque le 250e anniversaire de naissance du compositeur, qui sera c\u00e9l\u00e9br\u00e9 par des \u00e9v\u00e9nements sp\u00e9ciaux \u00e0 travers le monde.<\/p>\n<h3><strong>Vous voulez y aller?<\/strong><\/h3>\n<p><strong><em>Fidelio<\/em>, Maison symphonique, Vendredi 25 octobre, 19h30 et dimanche 27 octobre, 15h.<\/strong> <a href=\"https:\/\/orchestremetropolitain.com\/fr\/concert\/fidelio-de-beethoven\/\" target=\"_blank\" rel=\"noopener\">D\u00c9TAILS<\/a><\/p>\n<h2>LIRE AUSSI :<\/h2>\n<p>&nbsp;<\/p>\n<blockquote class=\"wp-embedded-content\" data-secret=\"zlyoMn7g7i\"><p><a href=\"https:\/\/www.ludwig-van.com\/montreal\/2019\/10\/22\/liszts-7-musiciens-classiques-qui-ont-commis-des-crimes\/\">LISZTS | Six musiciens classiques qui ont commis des crimes plus ou moins graves&#8230;<\/a><\/p><\/blockquote>\n<p><iframe class=\"wp-embedded-content\" sandbox=\"allow-scripts\" security=\"restricted\" style=\"position: absolute; clip: rect(1px, 1px, 1px, 1px);\" src=\"https:\/\/www.ludwig-van.com\/montreal\/2019\/10\/22\/liszts-7-musiciens-classiques-qui-ont-commis-des-crimes\/embed\/#?secret=zlyoMn7g7i\" data-secret=\"zlyoMn7g7i\" width=\"600\" height=\"338\" title=\"\u00ab\u00a0LISZTS | Six musiciens classiques qui ont commis des crimes plus ou moins graves&#8230;\u00a0\u00bb &#8212; Ludwig Van Montreal\" frameborder=\"0\" marginwidth=\"0\" marginheight=\"0\" scrolling=\"no\"><\/iframe><\/p>\n<p>&nbsp;<\/p>\n<p>&nbsp;<\/p>\n","protected":false},"excerpt":{"rendered":"<p>L\u2019Orchestre M\u00e9tropolitain et l\u2019Op\u00e9ra de Montr\u00e9al pr\u00e9sentent cette semaine leur premi\u00e8re co-production, Fidelio. De grandes voix des sc\u00e8nes nationale et internationale sont r\u00e9unies pour cette version concert de l\u2019unique op\u00e9ra de Beethoven.<\/p>\n","protected":false},"author":55,"featured_media":62475,"comment_status":"open","ping_status":"open","sticky":false,"template":"","format":"standard","meta":{"om_disable_all_campaigns":false,"jetpack_post_was_ever_published":false},"categories":[28802,10995,43],"tags":[28789,485,2498,2521,3627],"yst_prominent_words":[35825,35832,35822,35831,9869,11145,9900,35830,35827,6886,35837,11161,11452,35836,35829,17917,15701,35828,9899,9848],"acf":[],"jetpack_featured_media_url":"https:\/\/www.ludwig-van.com\/montreal\/wp-content\/uploads\/sites\/3\/2019\/10\/fidelio_YNZ-1.jpg","jetpack_sharing_enabled":true,"jetpack_shortlink":"https:\/\/wp.me\/p9bdYt-gfp","amp_enabled":true,"_links":{"self":[{"href":"https:\/\/www.ludwig-van.com\/montreal\/wp-json\/wp\/v2\/posts\/62459"}],"collection":[{"href":"https:\/\/www.ludwig-van.com\/montreal\/wp-json\/wp\/v2\/posts"}],"about":[{"href":"https:\/\/www.ludwig-van.com\/montreal\/wp-json\/wp\/v2\/types\/post"}],"author":[{"embeddable":true,"href":"https:\/\/www.ludwig-van.com\/montreal\/wp-json\/wp\/v2\/users\/55"}],"replies":[{"embeddable":true,"href":"https:\/\/www.ludwig-van.com\/montreal\/wp-json\/wp\/v2\/comments?post=62459"}],"version-history":[{"count":18,"href":"https:\/\/www.ludwig-van.com\/montreal\/wp-json\/wp\/v2\/posts\/62459\/revisions"}],"predecessor-version":[{"id":62481,"href":"https:\/\/www.ludwig-van.com\/montreal\/wp-json\/wp\/v2\/posts\/62459\/revisions\/62481"}],"wp:featuredmedia":[{"embeddable":true,"href":"https:\/\/www.ludwig-van.com\/montreal\/wp-json\/wp\/v2\/media\/62475"}],"wp:attachment":[{"href":"https:\/\/www.ludwig-van.com\/montreal\/wp-json\/wp\/v2\/media?parent=62459"}],"wp:term":[{"taxonomy":"category","embeddable":true,"href":"https:\/\/www.ludwig-van.com\/montreal\/wp-json\/wp\/v2\/categories?post=62459"},{"taxonomy":"post_tag","embeddable":true,"href":"https:\/\/www.ludwig-van.com\/montreal\/wp-json\/wp\/v2\/tags?post=62459"},{"taxonomy":"yst_prominent_words","embeddable":true,"href":"https:\/\/www.ludwig-van.com\/montreal\/wp-json\/wp\/v2\/yst_prominent_words?post=62459"}],"curies":[{"name":"wp","href":"https:\/\/api.w.org\/{rel}","templated":true}]}}