{"id":62352,"date":"2019-10-22T08:42:59","date_gmt":"2019-10-22T12:42:59","guid":{"rendered":"https:\/\/www.ludwig-van.com\/montreal\/?p=62352"},"modified":"2019-10-22T09:05:55","modified_gmt":"2019-10-22T13:05:55","slug":"choix-de-la-redaction-10-concerts-de-musique-classique-qui-pourraient-bien-vous-rendre-heureux-cette-semaine","status":"publish","type":"post","link":"https:\/\/www.ludwig-van.com\/montreal\/2019\/10\/22\/choix-de-la-redaction-10-concerts-de-musique-classique-qui-pourraient-bien-vous-rendre-heureux-cette-semaine\/","title":{"rendered":"CHOIX DE LA R\u00c9DACTION | Neuf concerts de musique classique qui pourraient bien vous rendre heureux cette semaine"},"content":{"rendered":"<figure id=\"attachment_62367\" aria-describedby=\"caption-attachment-62367\" style=\"width: 1200px\" class=\"wp-caption aligncenter\"><img decoding=\"async\" loading=\"lazy\" class=\"size-full wp-image-62367\" src=\"https:\/\/www.ludwig-van.com\/montreal\/wp-content\/uploads\/sites\/3\/2019\/10\/Choix-22-oct.jpg\" alt=\"\" width=\"1200\" height=\"629\" srcset=\"https:\/\/www.ludwig-van.com\/montreal\/wp-content\/uploads\/sites\/3\/2019\/10\/Choix-22-oct.jpg 1200w, https:\/\/www.ludwig-van.com\/montreal\/wp-content\/uploads\/sites\/3\/2019\/10\/Choix-22-oct-300x157.jpg 300w, https:\/\/www.ludwig-van.com\/montreal\/wp-content\/uploads\/sites\/3\/2019\/10\/Choix-22-oct-768x403.jpg 768w, https:\/\/www.ludwig-van.com\/montreal\/wp-content\/uploads\/sites\/3\/2019\/10\/Choix-22-oct-1024x537.jpg 1024w\" sizes=\"(max-width: 1200px) 100vw, 1200px\" \/><figcaption id=\"caption-attachment-62367\" class=\"wp-caption-text\">Luc Beaus\u00e9jour, Yannick N\u00e9zet-S\u00e9guin, Les Voix Humaines, Choeur de St. Andrew et St. Paul, Victor Julien-Laferri\u00e8re.<\/figcaption><\/figure>\n<h3>Avec des occasions de grands et de petits bonheurs, c&rsquo;est vraiment une belle semaine que nous avons en musique classique. Qu&rsquo;il s&rsquo;agisse d&rsquo;une rare pr\u00e9sentation de <em>Fidelio<\/em>, d&rsquo;une soir\u00e9e \u00e0 la chandelle ou de musique de chambre avec des interpr\u00e8tes exceptionnels, les concerts sont au rendez-vous pour embellir nos vies. Voici nos choix de la r\u00e9daction du 22 au 27 octobre 2019.<\/h3>\n<p>&nbsp;<\/p>\n<figure id=\"attachment_61714\" aria-describedby=\"caption-attachment-61714\" style=\"width: 1320px\" class=\"wp-caption aligncenter\"><img decoding=\"async\" loading=\"lazy\" class=\"size-full wp-image-61714\" src=\"https:\/\/www.ludwig-van.com\/montreal\/wp-content\/uploads\/sites\/3\/2019\/10\/London-Haydn-Quartet.jpg\" alt=\"London Haydn Quartet (Photo : David Brunetti)\" width=\"1320\" height=\"880\" srcset=\"https:\/\/www.ludwig-van.com\/montreal\/wp-content\/uploads\/sites\/3\/2019\/10\/London-Haydn-Quartet.jpg 1320w, https:\/\/www.ludwig-van.com\/montreal\/wp-content\/uploads\/sites\/3\/2019\/10\/London-Haydn-Quartet-300x200.jpg 300w, https:\/\/www.ludwig-van.com\/montreal\/wp-content\/uploads\/sites\/3\/2019\/10\/London-Haydn-Quartet-768x512.jpg 768w, https:\/\/www.ludwig-van.com\/montreal\/wp-content\/uploads\/sites\/3\/2019\/10\/London-Haydn-Quartet-1024x683.jpg 1024w\" sizes=\"(max-width: 1320px) 100vw, 1320px\" \/><figcaption id=\"caption-attachment-61714\" class=\"wp-caption-text\">London Haydn Quartet (Photo : David Brunetti)<\/figcaption><\/figure>\n<h2>Musique de chambre \u00e0 la salle Bourgie<\/h2>\n<p>Deux r\u00e9citals de musique de chambre attirent notre attention cette semaine \u00e0 la salle Bourgie : ce soir, <strong>22 octobre, 19 h 30,<\/strong> le trio Seiler Carr Laplante interpr\u00e8te des oeuvres de Maurice Ravel et de Brahms. <a href=\"https:\/\/www.mbam.qc.ca\/achats-en-ligne\/concerts\/trio-seiler-carr-laplante\/8634\/\" target=\"_blank\" rel=\"noopener\">D\u00c9TAILS.<\/a><\/p>\n<p>Le London Haydn Quartet, pour sa part, jouera sur instruments anciens le programme suivant :<\/p>\n<p>HAYDN Quatuor \u00e0 cordes en <em>r\u00e9<\/em> majeur, op. 64 no 5, \u00ab L\u2019Alouette \u00bb<br \/>\nMENDELSSOHN Quatuor \u00e0 cordes no 1 en <em>mi<\/em> b\u00e9mol majeur, op. 12<br \/>\nWEBER Quintette pour clarinette et cordes en <em>si<\/em> b\u00e9mol majeur, op. 34<\/p>\n<p><strong>Mercredi 23 octobre, 19 h 30, salle Bourgie.<\/strong> <a href=\"https:\/\/www.mbam.qc.ca\/achats-en-ligne\/concerts\/london-haydn-quartet\/8636\/?utm_campaign=london-haydn&amp;utm_medium=banner&amp;utm_source=ldvmtl\" target=\"_blank\" rel=\"noopener\">D\u00c9TAILS<\/a><\/p>\n<p>&nbsp;<\/p>\n<figure id=\"attachment_62364\" aria-describedby=\"caption-attachment-62364\" style=\"width: 1200px\" class=\"wp-caption aligncenter\"><img decoding=\"async\" loading=\"lazy\" class=\"size-full wp-image-62364\" src=\"https:\/\/www.ludwig-van.com\/montreal\/wp-content\/uploads\/sites\/3\/2019\/10\/andras_schiff_web.jpg\" alt=\"Andras Schiff\" width=\"1200\" height=\"381\" srcset=\"https:\/\/www.ludwig-van.com\/montreal\/wp-content\/uploads\/sites\/3\/2019\/10\/andras_schiff_web.jpg 1200w, https:\/\/www.ludwig-van.com\/montreal\/wp-content\/uploads\/sites\/3\/2019\/10\/andras_schiff_web-300x95.jpg 300w, https:\/\/www.ludwig-van.com\/montreal\/wp-content\/uploads\/sites\/3\/2019\/10\/andras_schiff_web-768x244.jpg 768w, https:\/\/www.ludwig-van.com\/montreal\/wp-content\/uploads\/sites\/3\/2019\/10\/andras_schiff_web-1024x325.jpg 1024w\" sizes=\"(max-width: 1200px) 100vw, 1200px\" \/><figcaption id=\"caption-attachment-62364\" class=\"wp-caption-text\">Andras Schiff. (Photo : courtoisie de l&rsquo;OSM)<\/figcaption><\/figure>\n<h2>Andr\u00e1s Schiff dirige l&rsquo;OSM<\/h2>\n<p>Le pianiste et chef hongrois dirigera l&rsquo;OSM cette semaine, alors que l&rsquo;orchestre rentre \u00e0 peine de sa tourn\u00e9e. Au programme : le Concerto no 2 de Beethoven et le Concerto pour piano en <em>r\u00e9<\/em> majeur, Hob.XVIII:11 de Haydn, les Variations sur un th\u00e8me de Haydn, de Brahms, et la Suite de danses, de\u00a0Bart\u00f3k. <strong>Les 23 et 24 octobre, 20 h, Maison symphonique<\/strong>. <a href=\"https:\/\/www.osm.ca\/fr\/concerts\/sir-andras-schiff-joue-et-dirige-losm\/\" target=\"_blank\" rel=\"noopener\">D\u00c9TAILS<\/a><\/p>\n<p>&nbsp;<\/p>\n<figure id=\"attachment_62287\" aria-describedby=\"caption-attachment-62287\" style=\"width: 1200px\" class=\"wp-caption aligncenter\"><img decoding=\"async\" loading=\"lazy\" class=\"size-full wp-image-62287\" src=\"https:\/\/www.ludwig-van.com\/montreal\/wp-content\/uploads\/sites\/3\/2017\/09\/redim_EP1_N.jpg\" alt=\"Ensemble Paramirabo : Nightfall\" width=\"1200\" height=\"675\" srcset=\"https:\/\/www.ludwig-van.com\/montreal\/wp-content\/uploads\/sites\/3\/2017\/09\/redim_EP1_N.jpg 1200w, https:\/\/www.ludwig-van.com\/montreal\/wp-content\/uploads\/sites\/3\/2017\/09\/redim_EP1_N-300x169.jpg 300w, https:\/\/www.ludwig-van.com\/montreal\/wp-content\/uploads\/sites\/3\/2017\/09\/redim_EP1_N-768x432.jpg 768w, https:\/\/www.ludwig-van.com\/montreal\/wp-content\/uploads\/sites\/3\/2017\/09\/redim_EP1_N-1024x576.jpg 1024w\" sizes=\"(max-width: 1200px) 100vw, 1200px\" \/><figcaption id=\"caption-attachment-62287\" class=\"wp-caption-text\">Ensemble Paramirabo : Nightfall<\/figcaption><\/figure>\n<h2>Ensemble Paramirabo : Nightfall<\/h2>\n<p>Dans le cadre de la S\u00e9rie Hommage de la SMCQ \u00e0 <a href=\"https:\/\/www.ludwig-van.com\/montreal\/2019\/07\/17\/compositrice-katia-makdissi-warren-metissage-musical-dans-respect\/\" target=\"_blank\" rel=\"noopener\">Katia Makdissi-Warren<\/a>, l&rsquo;<strong>Ensemble Paramirabo<\/strong> lance sa saison avec la mezzo soprano Marie-Annick B\u00e9liveau dans un programme intitul\u00e9 <em>Nightfall<\/em> qui est d\u00e9crit comme suit :\u00a0<em>L\u2019ultima sera<\/em> de Franco Donatoni et <em>O Virtus<\/em> de Katia Makdissi-Warren, vedette de l\u2019ann\u00e9e hommage de la SMCQ. On jouera \u00e9galement <em>Au fond du clo\u00eetre humide<\/em>, \u0153uvre laur\u00e9ate du Prix Jules L\u00e9ger 2014 du jeune compositeur canadien Thierry Tidrow, <em>The Deserted Churchyards<\/em> du compositeur Bent S\u00f8rensen et <em>ghosts of swallows<\/em> de Anna H\u00f6stman. Les musiciens de Paramirabo vous invitent \u00e0 un vin d\u2019honneur apr\u00e8s le concert pour c\u00e9l\u00e9brer le lancement de leur nouvel album : <strong>James O\u2019Callaghan<\/strong>: <em>Alone and Unalone.<\/em><\/p>\n<p><strong>Mercredi 23 octobre, 20 h, Chapelle historique du Bon-Pasteur.<\/strong> <a href=\"https:\/\/www.ludwig-van.com\/montreal\/event\/ensemble-paramirabo-nightfall\/\" target=\"_blank\" rel=\"noopener\">D\u00c9TAILS<\/a><\/p>\n<p>&nbsp;<\/p>\n<figure id=\"attachment_58217\" aria-describedby=\"caption-attachment-58217\" style=\"width: 1024px\" class=\"wp-caption aligncenter\"><img decoding=\"async\" loading=\"lazy\" class=\"size-full wp-image-58217\" src=\"https:\/\/www.ludwig-van.com\/montreal\/wp-content\/uploads\/sites\/3\/2019\/01\/Consort-VH-photo-Tobias-Haynes-PHOTO-PRINCIPALE.jpg\" alt=\"Consort Les Voix Humaines\" width=\"1024\" height=\"568\" srcset=\"https:\/\/www.ludwig-van.com\/montreal\/wp-content\/uploads\/sites\/3\/2019\/01\/Consort-VH-photo-Tobias-Haynes-PHOTO-PRINCIPALE.jpg 1024w, https:\/\/www.ludwig-van.com\/montreal\/wp-content\/uploads\/sites\/3\/2019\/01\/Consort-VH-photo-Tobias-Haynes-PHOTO-PRINCIPALE-300x166.jpg 300w, https:\/\/www.ludwig-van.com\/montreal\/wp-content\/uploads\/sites\/3\/2019\/01\/Consort-VH-photo-Tobias-Haynes-PHOTO-PRINCIPALE-768x426.jpg 768w\" sizes=\"(max-width: 1024px) 100vw, 1024px\" \/><figcaption id=\"caption-attachment-58217\" class=\"wp-caption-text\">Les Voix Humaines. (Photo : Tobias Haynes)<\/figcaption><\/figure>\n<h2>Les Voix Humaines<\/h2>\n<p><strong>Les Voix Humaines<\/strong> lancent leur saison \u00e0 la salle Bourgie cette semaine en ces termes : \u00ab\u00a0Parfait repr\u00e9sentant de la vague de m\u00e9lancolie qui touche l\u2019Angleterre au tournant du XVIIe si\u00e8cle, John Dowland transpose ses \u00e9tats d\u2019\u00e2me dans \u00ab sept larmes figur\u00e9es en autant de pavanes passionn\u00e9es \u00bb pr\u00e9vues pour consort de violes et d\u00e9riv\u00e9es de l\u2019air <em>Flow my tears.\u00a0\u00bb<\/em><\/p>\n<p>\u00c9galement au programme, une nouvelle oeuvre de <strong>Stacey Brown<\/strong> command\u00e9e par Early Music Vancouver pour <strong>Les Voix Humaines. Jeudi 24 octobre, 19 h 30, salle Bourgie. <\/strong><a href=\"https:\/\/www.ludwig-van.com\/montreal\/event\/voix-humaines-lachrimae-or-seven-teares-de-john-dowland\/\" target=\"_blank\" rel=\"noopener\">D\u00c9TAILS<\/a><\/p>\n<p>&nbsp;<\/p>\n<figure id=\"attachment_58098\" aria-describedby=\"caption-attachment-58098\" style=\"width: 1024px\" class=\"wp-caption aligncenter\"><img decoding=\"async\" loading=\"lazy\" class=\"size-full wp-image-58098\" src=\"https:\/\/www.ludwig-van.com\/montreal\/wp-content\/uploads\/sites\/3\/2018\/12\/Yannick-Nezet-Seguin-cr-Francois-Goupil-WEB.jpg\" alt=\"Leading with a score but no baton, YNS seemed to be breathing the music rather than beating time. (Photo: Fran\u00e7ois Goupil)\" width=\"1024\" height=\"683\" srcset=\"https:\/\/www.ludwig-van.com\/montreal\/wp-content\/uploads\/sites\/3\/2018\/12\/Yannick-Nezet-Seguin-cr-Francois-Goupil-WEB.jpg 1024w, https:\/\/www.ludwig-van.com\/montreal\/wp-content\/uploads\/sites\/3\/2018\/12\/Yannick-Nezet-Seguin-cr-Francois-Goupil-WEB-300x200.jpg 300w, https:\/\/www.ludwig-van.com\/montreal\/wp-content\/uploads\/sites\/3\/2018\/12\/Yannick-Nezet-Seguin-cr-Francois-Goupil-WEB-768x512.jpg 768w\" sizes=\"(max-width: 1024px) 100vw, 1024px\" \/><figcaption id=\"caption-attachment-58098\" class=\"wp-caption-text\">Yannick N\u00e9zet-S\u00e9guin (Photo : Fran\u00e7ois Goupil)<\/figcaption><\/figure>\n<h2>Fidelio<\/h2>\n<p>L&rsquo;unique op\u00e9ra de Beethoven est pr\u00e9sent\u00e9 en version concert par l&rsquo;<strong>Orchestre M\u00e9tropolitain<\/strong> sous la direction de <strong>Yannick N\u00e9zet-S\u00e9guin<\/strong>, en collaboration avec l&rsquo;Op\u00e9ra de Montr\u00e9al. Une distribution internationale de haut calibre incluant le Canadien <strong>Michael Schade<\/strong> (Florestan) et la Norv\u00e9gienne <strong>Lise Davidsen<\/strong> (Leonora) sera sur sc\u00e8ne. <strong>Vendredi 25 octobre, 19 h 30, et dimanche 27 octobre, 15 h, Maison symphonique<\/strong>. <a href=\"https:\/\/orchestremetropolitain.com\/fr\/concert\/fidelio-de-beethoven\/\" target=\"_blank\" rel=\"noopener\">D\u00c9TAILS<\/a><\/p>\n<p>&nbsp;<\/p>\n<figure id=\"attachment_62366\" aria-describedby=\"caption-attachment-62366\" style=\"width: 1200px\" class=\"wp-caption aligncenter\"><img decoding=\"async\" loading=\"lazy\" class=\"size-full wp-image-62366\" src=\"https:\/\/www.ludwig-van.com\/montreal\/wp-content\/uploads\/sites\/3\/2019\/10\/Choeur-St-Andrew-et-St-Paul-Tam-Lan-Truong-WEB.jpg\" alt=\"Le Ch\u0153ur St.Andrew et St.Paul. (Photo: Tam Lan Truong)\" width=\"1200\" height=\"801\" srcset=\"https:\/\/www.ludwig-van.com\/montreal\/wp-content\/uploads\/sites\/3\/2019\/10\/Choeur-St-Andrew-et-St-Paul-Tam-Lan-Truong-WEB.jpg 1200w, https:\/\/www.ludwig-van.com\/montreal\/wp-content\/uploads\/sites\/3\/2019\/10\/Choeur-St-Andrew-et-St-Paul-Tam-Lan-Truong-WEB-300x200.jpg 300w, https:\/\/www.ludwig-van.com\/montreal\/wp-content\/uploads\/sites\/3\/2019\/10\/Choeur-St-Andrew-et-St-Paul-Tam-Lan-Truong-WEB-768x513.jpg 768w, https:\/\/www.ludwig-van.com\/montreal\/wp-content\/uploads\/sites\/3\/2019\/10\/Choeur-St-Andrew-et-St-Paul-Tam-Lan-Truong-WEB-1024x684.jpg 1024w\" sizes=\"(max-width: 1200px) 100vw, 1200px\" \/><figcaption id=\"caption-attachment-62366\" class=\"wp-caption-text\">Le Ch\u0153ur de St. Andrew&rsquo;s et St. Paul. (Photo : Tam Lan Truong)<\/figcaption><\/figure>\n<h2>Les V\u00eapres de Rachmaninov \u00e0 la chandelle<\/h2>\n<p>Le Ch\u0153ur de l&rsquo;\u00e9glise St. Andrew&rsquo;s et St. Paul&rsquo;s vous invite \u00e0 une soir\u00e9e de m\u00e9ditation musicale \u00e0 la lueur des chandelles avec les V\u00eapres op. 37 de Sergue\u00ef Rachmaninov, sous la direction de Jean-S\u00e9bastien Vall\u00e9e. Contribution volontaire. <strong>Samedi 26 octobre 2019 19 h 30, \u00c9glise St. Andrew et St. Paul, 3415 Redpath. <\/strong><a href=\"https:\/\/www.standrewstpaul.com\/music\/\" target=\"_blank\" rel=\"noopener\">D\u00c9TAILS<\/a><\/p>\n<p>&nbsp;<\/p>\n<figure id=\"attachment_54921\" aria-describedby=\"caption-attachment-54921\" style=\"width: 1024px\" class=\"wp-caption aligncenter\"><img decoding=\"async\" loading=\"lazy\" class=\"size-full wp-image-54921\" src=\"https:\/\/www.ludwig-van.com\/montreal\/wp-content\/uploads\/sites\/3\/2018\/06\/Luc-Beause\u0301jour-refaite.jpg\" alt=\"\" width=\"1024\" height=\"943\" srcset=\"https:\/\/www.ludwig-van.com\/montreal\/wp-content\/uploads\/sites\/3\/2018\/06\/Luc-Beause\u0301jour-refaite.jpg 1024w, https:\/\/www.ludwig-van.com\/montreal\/wp-content\/uploads\/sites\/3\/2018\/06\/Luc-Beause\u0301jour-refaite-300x276.jpg 300w, https:\/\/www.ludwig-van.com\/montreal\/wp-content\/uploads\/sites\/3\/2018\/06\/Luc-Beause\u0301jour-refaite-768x707.jpg 768w\" sizes=\"(max-width: 1024px) 100vw, 1024px\" \/><figcaption id=\"caption-attachment-54921\" class=\"wp-caption-text\">Luc Beaus\u00e9jour. (Photo : courtoisie)<\/figcaption><\/figure>\n<h2>Clavecin en concert et Bach<\/h2>\n<p>C&rsquo;est au tour de <a href=\"https:\/\/www.ludwig-van.com\/montreal\/directory\/clavecin-en-concert\/\" target=\"_blank\" rel=\"noopener\">Clavecin en concert <\/a>de jouer des cantates de Bach dans le cadre de l&rsquo;int\u00e9grale d&rsquo;Arte Musica. Solistes : <strong>Ariadne Lih<\/strong>, soprano, <strong>Nicholas Burns<\/strong>, contret\u00e9nor, <strong>Philippe Gagn\u00e9<\/strong>, t\u00e9nor et <strong>Pierre Rancourt<\/strong>, baryton, en seront les interpr\u00e8tes. <strong>Luc Beaus\u00e9jour<\/strong> dirigera un ensemble de 14 musiciens. Au programme:<\/p>\n<p><em>Liebster Gott, wenn werd\u2019 ich sterben?<\/em>, BWV 8<br \/>\n<em>Ich will den Kreuzstab gerne tragen<\/em>, BWV 56<br \/>\n<em>Ich lasse dich nicht, du segnest mich denn<\/em>, BWV 157<\/p>\n<p><strong>Dimanche 27 octobre, 13 h 30, Salle Bourgie.<\/strong> <a href=\"https:\/\/www.mbam.qc.ca\/achats-en-ligne\/concerts\/clavecin-en-concert\/8343\/\" target=\"_blank\" rel=\"noopener\">D\u00c9TAILS<\/a><\/p>\n<p>&nbsp;<\/p>\n<figure id=\"attachment_59677\" aria-describedby=\"caption-attachment-59677\" style=\"width: 1024px\" class=\"wp-caption aligncenter\"><img decoding=\"async\" loading=\"lazy\" class=\"size-full wp-image-59677\" src=\"https:\/\/www.ludwig-van.com\/montreal\/wp-content\/uploads\/sites\/3\/2017\/12\/Victor-Julien-Laferriere\u00a9Lyodoh-Kaneko.jpg\" alt=\"Victor Julien-Laferri\u00e8re (Photo : Lyodoh Kaneko)\" width=\"1024\" height=\"768\" srcset=\"https:\/\/www.ludwig-van.com\/montreal\/wp-content\/uploads\/sites\/3\/2017\/12\/Victor-Julien-Laferriere\u00a9Lyodoh-Kaneko.jpg 1024w, https:\/\/www.ludwig-van.com\/montreal\/wp-content\/uploads\/sites\/3\/2017\/12\/Victor-Julien-Laferriere\u00a9Lyodoh-Kaneko-300x225.jpg 300w, https:\/\/www.ludwig-van.com\/montreal\/wp-content\/uploads\/sites\/3\/2017\/12\/Victor-Julien-Laferriere\u00a9Lyodoh-Kaneko-768x576.jpg 768w\" sizes=\"(max-width: 1024px) 100vw, 1024px\" \/><figcaption id=\"caption-attachment-59677\" class=\"wp-caption-text\">Victor Julien-Laferri\u00e8re (Photo : Lyodoh Kaneko)<\/figcaption><\/figure>\n<h2>Victor Julien-Laferri\u00e8re, violoncelliste<\/h2>\n<p>Laur\u00e9at de nombreux prix, dont celui du Concours Reine-Elisabeth en 2017, le violoncelliste fran\u00e7ais <strong>Victor Julien-Laferri\u00e8re<\/strong> s&rsquo;am\u00e8ne au <a href=\"https:\/\/www.ludwig-van.com\/montreal\/directory\/concerts-lmmc\/\" target=\"_blank\" rel=\"noopener\">Ladies&rsquo; Morning Musical Club<\/a> avec un programme Beethoven, Poulenc, Janacek et Rachmaninov. Il sera accompagn\u00e9 au piano par Jonas Vitaud. <strong>Dimanche 27 oct. 2019, 15h30, Salle Pollack.<\/strong> <a href=\"https:\/\/www.lmmc.ca\/fr\/concert_details.php?concert_id=203\" target=\"_blank\" rel=\"noopener\">D\u00c9TAILS<\/a><\/p>\n<p>&nbsp;<\/p>\n<h2>LIRE AUSSI :<\/h2>\n<p>&nbsp;<\/p>\n<blockquote class=\"wp-embedded-content\" data-secret=\"BCJvJ6NZXF\"><p><a href=\"https:\/\/www.ludwig-van.com\/montreal\/2019\/10\/18\/62253-nouveaux-disques-curiosite\/\">CRITIQUE | Quatre nouveaux disques qui vont piquer votre curiosit\u00e9 de m\u00e9lomane<\/a><\/p><\/blockquote>\n<p><iframe class=\"wp-embedded-content\" sandbox=\"allow-scripts\" security=\"restricted\" style=\"position: absolute; clip: rect(1px, 1px, 1px, 1px);\" src=\"https:\/\/www.ludwig-van.com\/montreal\/2019\/10\/18\/62253-nouveaux-disques-curiosite\/embed\/#?secret=BCJvJ6NZXF\" data-secret=\"BCJvJ6NZXF\" width=\"600\" height=\"338\" title=\"\u00ab\u00a0CRITIQUE | Quatre nouveaux disques qui vont piquer votre curiosit\u00e9 de m\u00e9lomane\u00a0\u00bb &#8212; Ludwig Van Montreal\" frameborder=\"0\" marginwidth=\"0\" marginheight=\"0\" scrolling=\"no\"><\/iframe><\/p>\n<p>&nbsp;<\/p>\n<p>&nbsp;<\/p>\n<p>&nbsp;<\/p>\n<p>&nbsp;<\/p>\n","protected":false},"excerpt":{"rendered":"<p>Avec des occasions de grands et de petits bonheurs, c&rsquo;est vraiment une belle semaine que nous avons en musique classique. Qu&rsquo;il s&rsquo;agisse d&rsquo;une rare pr\u00e9sentation de Fidelio, d&rsquo;une soir\u00e9e \u00e0 la chandelle ou de musique de chambre avec des interpr\u00e8tes exceptionnels, les concerts sont au rendez-vous pour embellir nos vies. Voici nos choix de la r\u00e9daction du 22 au 27 octobre 2019. <\/p>\n","protected":false},"author":51,"featured_media":62367,"comment_status":"open","ping_status":"open","sticky":false,"template":"","format":"standard","meta":{"om_disable_all_campaigns":false,"jetpack_post_was_ever_published":false},"categories":[28802,10994],"tags":[12745,2521,2542,11137],"yst_prominent_words":[9878,9863,13120,13117,13124,19342,9877,13123,13119,14977,25490,35306,35783,12698,11696,13116,13118,11695,9956,28857],"acf":[],"jetpack_featured_media_url":"https:\/\/www.ludwig-van.com\/montreal\/wp-content\/uploads\/sites\/3\/2019\/10\/Choix-22-oct.jpg","jetpack_sharing_enabled":true,"jetpack_shortlink":"https:\/\/wp.me\/p9bdYt-gdG","amp_enabled":true,"_links":{"self":[{"href":"https:\/\/www.ludwig-van.com\/montreal\/wp-json\/wp\/v2\/posts\/62352"}],"collection":[{"href":"https:\/\/www.ludwig-van.com\/montreal\/wp-json\/wp\/v2\/posts"}],"about":[{"href":"https:\/\/www.ludwig-van.com\/montreal\/wp-json\/wp\/v2\/types\/post"}],"author":[{"embeddable":true,"href":"https:\/\/www.ludwig-van.com\/montreal\/wp-json\/wp\/v2\/users\/51"}],"replies":[{"embeddable":true,"href":"https:\/\/www.ludwig-van.com\/montreal\/wp-json\/wp\/v2\/comments?post=62352"}],"version-history":[{"count":10,"href":"https:\/\/www.ludwig-van.com\/montreal\/wp-json\/wp\/v2\/posts\/62352\/revisions"}],"predecessor-version":[{"id":62377,"href":"https:\/\/www.ludwig-van.com\/montreal\/wp-json\/wp\/v2\/posts\/62352\/revisions\/62377"}],"wp:featuredmedia":[{"embeddable":true,"href":"https:\/\/www.ludwig-van.com\/montreal\/wp-json\/wp\/v2\/media\/62367"}],"wp:attachment":[{"href":"https:\/\/www.ludwig-van.com\/montreal\/wp-json\/wp\/v2\/media?parent=62352"}],"wp:term":[{"taxonomy":"category","embeddable":true,"href":"https:\/\/www.ludwig-van.com\/montreal\/wp-json\/wp\/v2\/categories?post=62352"},{"taxonomy":"post_tag","embeddable":true,"href":"https:\/\/www.ludwig-van.com\/montreal\/wp-json\/wp\/v2\/tags?post=62352"},{"taxonomy":"yst_prominent_words","embeddable":true,"href":"https:\/\/www.ludwig-van.com\/montreal\/wp-json\/wp\/v2\/yst_prominent_words?post=62352"}],"curies":[{"name":"wp","href":"https:\/\/api.w.org\/{rel}","templated":true}]}}