{"id":62191,"date":"2019-10-16T09:55:28","date_gmt":"2019-10-16T13:55:28","guid":{"rendered":"https:\/\/www.ludwig-van.com\/montreal\/?p=62191"},"modified":"2019-10-16T12:25:54","modified_gmt":"2019-10-16T16:25:54","slug":"pause-cafe-ces-compositeurs-avec-leur-chat-prouvent-musique-classique-complot-felin-mondial","status":"publish","type":"post","link":"https:\/\/www.ludwig-van.com\/montreal\/2019\/10\/16\/pause-cafe-ces-compositeurs-avec-leur-chat-prouvent-musique-classique-complot-felin-mondial\/","title":{"rendered":"PAUSE-CAF\u00c9 | Ces compositeurs avec leur chat prouvent que la musique classique est un complot f\u00e9lin mondial"},"content":{"rendered":"<figure id=\"attachment_62192\" aria-describedby=\"caption-attachment-62192\" style=\"width: 1200px\" class=\"wp-caption aligncenter\"><img decoding=\"async\" loading=\"lazy\" class=\"size-full wp-image-62192\" src=\"https:\/\/www.ludwig-van.com\/montreal\/wp-content\/uploads\/sites\/3\/2019\/10\/Ginastera-chats-cover.jpg\" alt=\"\" width=\"1200\" height=\"628\" srcset=\"https:\/\/www.ludwig-van.com\/montreal\/wp-content\/uploads\/sites\/3\/2019\/10\/Ginastera-chats-cover.jpg 1200w, https:\/\/www.ludwig-van.com\/montreal\/wp-content\/uploads\/sites\/3\/2019\/10\/Ginastera-chats-cover-300x157.jpg 300w, https:\/\/www.ludwig-van.com\/montreal\/wp-content\/uploads\/sites\/3\/2019\/10\/Ginastera-chats-cover-768x402.jpg 768w, https:\/\/www.ludwig-van.com\/montreal\/wp-content\/uploads\/sites\/3\/2019\/10\/Ginastera-chats-cover-1024x536.jpg 1024w\" sizes=\"(max-width: 1200px) 100vw, 1200px\" \/><figcaption id=\"caption-attachment-62192\" class=\"wp-caption-text\">Compositeurs avec leur chat : Alberto Ginastera.<\/figcaption><\/figure>\n<p><strong>Andrew Lloyd Webber<\/strong> a peut-\u00eatre compos\u00e9 <em>Cats<\/em>, sa c\u00e9l\u00e8bre com\u00e9die musicale, mais il ne fut pas le seul \u00e0 \u00eatre fascin\u00e9 par ce sympathique animal. En classique, les chats occupent aussi une place de choix dans le c\u0153ur des musiciens. Ces photos de compositeurs avec leur chat prouvent d&rsquo;ailleurs que la musique classique est s\u00fbrement un complot f\u00e9lin mondial!<\/p>\n<p>Pour parvenir \u00e0 leurs fins, les participants \u00e0 cette conspiration doivent adopter plusieurs fonctions, selon les besoins et les humeurs de leurs h\u00f4tes innocents. Certains gardent un \u0153il s\u00e9v\u00e8re sur le progr\u00e8s des travaux :<\/p>\n<p>&nbsp;<\/p>\n<figure id=\"attachment_62214\" aria-describedby=\"caption-attachment-62214\" style=\"width: 1200px\" class=\"wp-caption aligncenter\"><img decoding=\"async\" loading=\"lazy\" class=\"wp-image-62214 size-full\" src=\"https:\/\/www.ludwig-van.com\/montreal\/wp-content\/uploads\/sites\/3\/2019\/10\/redim_Alan-Hovhaness-et-chat.jpg\" alt=\"\" width=\"1200\" height=\"1387\" srcset=\"https:\/\/www.ludwig-van.com\/montreal\/wp-content\/uploads\/sites\/3\/2019\/10\/redim_Alan-Hovhaness-et-chat.jpg 1200w, https:\/\/www.ludwig-van.com\/montreal\/wp-content\/uploads\/sites\/3\/2019\/10\/redim_Alan-Hovhaness-et-chat-260x300.jpg 260w, https:\/\/www.ludwig-van.com\/montreal\/wp-content\/uploads\/sites\/3\/2019\/10\/redim_Alan-Hovhaness-et-chat-768x888.jpg 768w, https:\/\/www.ludwig-van.com\/montreal\/wp-content\/uploads\/sites\/3\/2019\/10\/redim_Alan-Hovhaness-et-chat-886x1024.jpg 886w\" sizes=\"(max-width: 1200px) 100vw, 1200px\" \/><figcaption id=\"caption-attachment-62214\" class=\"wp-caption-text\">Le compositeur am\u00e9ricain d&rsquo;origine arm\u00e9nienne Alan Hovhaness et son chat.<\/figcaption><\/figure>\n<p>&nbsp;<\/p>\n<figure id=\"attachment_62231\" aria-describedby=\"caption-attachment-62231\" style=\"width: 1200px\" class=\"wp-caption aligncenter\"><img decoding=\"async\" loading=\"lazy\" class=\"size-full wp-image-62231\" src=\"https:\/\/www.ludwig-van.com\/montreal\/wp-content\/uploads\/sites\/3\/2019\/10\/redim_Henry-Cowell1-et-chat-1.jpg\" alt=\"\" width=\"1200\" height=\"886\" srcset=\"https:\/\/www.ludwig-van.com\/montreal\/wp-content\/uploads\/sites\/3\/2019\/10\/redim_Henry-Cowell1-et-chat-1.jpg 1200w, https:\/\/www.ludwig-van.com\/montreal\/wp-content\/uploads\/sites\/3\/2019\/10\/redim_Henry-Cowell1-et-chat-1-300x222.jpg 300w, https:\/\/www.ludwig-van.com\/montreal\/wp-content\/uploads\/sites\/3\/2019\/10\/redim_Henry-Cowell1-et-chat-1-768x567.jpg 768w, https:\/\/www.ludwig-van.com\/montreal\/wp-content\/uploads\/sites\/3\/2019\/10\/redim_Henry-Cowell1-et-chat-1-1024x756.jpg 1024w\" sizes=\"(max-width: 1200px) 100vw, 1200px\" \/><figcaption id=\"caption-attachment-62231\" class=\"wp-caption-text\">Henry Cowell \u00e0 sa table de travail, surveill\u00e9 par ses deux chats.<\/figcaption><\/figure>\n<p>&nbsp;<\/p>\n<figure id=\"attachment_62221\" aria-describedby=\"caption-attachment-62221\" style=\"width: 1200px\" class=\"wp-caption aligncenter\"><img decoding=\"async\" loading=\"lazy\" class=\"size-full wp-image-62221\" src=\"https:\/\/www.ludwig-van.com\/montreal\/wp-content\/uploads\/sites\/3\/2019\/10\/redim_Philip-Glass-et-chat.jpg\" alt=\"\" width=\"1200\" height=\"1657\" srcset=\"https:\/\/www.ludwig-van.com\/montreal\/wp-content\/uploads\/sites\/3\/2019\/10\/redim_Philip-Glass-et-chat.jpg 1200w, https:\/\/www.ludwig-van.com\/montreal\/wp-content\/uploads\/sites\/3\/2019\/10\/redim_Philip-Glass-et-chat-217x300.jpg 217w, https:\/\/www.ludwig-van.com\/montreal\/wp-content\/uploads\/sites\/3\/2019\/10\/redim_Philip-Glass-et-chat-768x1060.jpg 768w, https:\/\/www.ludwig-van.com\/montreal\/wp-content\/uploads\/sites\/3\/2019\/10\/redim_Philip-Glass-et-chat-742x1024.jpg 742w\" sizes=\"(max-width: 1200px) 100vw, 1200px\" \/><figcaption id=\"caption-attachment-62221\" class=\"wp-caption-text\">Le chat de Philip Glass lui sugg\u00e8re (impose?) une modification.<\/figcaption><\/figure>\n<p>&nbsp;<\/p>\n<p>Certains sont en formation et ne ma\u00eetrisent pas encore l&rsquo;art du soutien doucement autoritaire.<\/p>\n<figure id=\"attachment_62227\" aria-describedby=\"caption-attachment-62227\" style=\"width: 1024px\" class=\"wp-caption aligncenter\"><img decoding=\"async\" loading=\"lazy\" class=\"wp-image-62227 size-full\" src=\"https:\/\/www.ludwig-van.com\/montreal\/wp-content\/uploads\/sites\/3\/2019\/10\/Higdon-et-son-chat-Beau.jpg\" alt=\"\" width=\"1024\" height=\"706\" srcset=\"https:\/\/www.ludwig-van.com\/montreal\/wp-content\/uploads\/sites\/3\/2019\/10\/Higdon-et-son-chat-Beau.jpg 1024w, https:\/\/www.ludwig-van.com\/montreal\/wp-content\/uploads\/sites\/3\/2019\/10\/Higdon-et-son-chat-Beau-300x207.jpg 300w, https:\/\/www.ludwig-van.com\/montreal\/wp-content\/uploads\/sites\/3\/2019\/10\/Higdon-et-son-chat-Beau-768x530.jpg 768w\" sizes=\"(max-width: 1024px) 100vw, 1024px\" \/><figcaption id=\"caption-attachment-62227\" class=\"wp-caption-text\">La compositrice Jennifer Higdon et son chat. (Photo : Candace di Carlo)<\/figcaption><\/figure>\n<p>&nbsp;<\/p>\n<p>Plusieurs comploteurs entrent en fonction seulement lors des moments de d\u00e9tente des compositeurs :<\/p>\n<p>&nbsp;<\/p>\n<figure id=\"attachment_62219\" aria-describedby=\"caption-attachment-62219\" style=\"width: 1200px\" class=\"wp-caption aligncenter\"><img decoding=\"async\" loading=\"lazy\" class=\"size-full wp-image-62219\" src=\"https:\/\/www.ludwig-van.com\/montreal\/wp-content\/uploads\/sites\/3\/2019\/10\/redim_John-Cage-et-chat.jpg\" alt=\"\" width=\"1200\" height=\"1748\" srcset=\"https:\/\/www.ludwig-van.com\/montreal\/wp-content\/uploads\/sites\/3\/2019\/10\/redim_John-Cage-et-chat.jpg 1200w, https:\/\/www.ludwig-van.com\/montreal\/wp-content\/uploads\/sites\/3\/2019\/10\/redim_John-Cage-et-chat-206x300.jpg 206w, https:\/\/www.ludwig-van.com\/montreal\/wp-content\/uploads\/sites\/3\/2019\/10\/redim_John-Cage-et-chat-768x1119.jpg 768w, https:\/\/www.ludwig-van.com\/montreal\/wp-content\/uploads\/sites\/3\/2019\/10\/redim_John-Cage-et-chat-703x1024.jpg 703w\" sizes=\"(max-width: 1200px) 100vw, 1200px\" \/><figcaption id=\"caption-attachment-62219\" class=\"wp-caption-text\">John Cage caressant son chat pendant 4&rsquo;33.<\/figcaption><\/figure>\n<p>&nbsp;<\/p>\n<figure id=\"attachment_62223\" aria-describedby=\"caption-attachment-62223\" style=\"width: 1200px\" class=\"wp-caption aligncenter\"><img decoding=\"async\" loading=\"lazy\" class=\"size-full wp-image-62223\" src=\"https:\/\/www.ludwig-van.com\/montreal\/wp-content\/uploads\/sites\/3\/2019\/10\/redim_Ralph-Vaughan-Williams-et-chat.jpg\" alt=\"\" width=\"1200\" height=\"1564\" srcset=\"https:\/\/www.ludwig-van.com\/montreal\/wp-content\/uploads\/sites\/3\/2019\/10\/redim_Ralph-Vaughan-Williams-et-chat.jpg 1200w, https:\/\/www.ludwig-van.com\/montreal\/wp-content\/uploads\/sites\/3\/2019\/10\/redim_Ralph-Vaughan-Williams-et-chat-230x300.jpg 230w, https:\/\/www.ludwig-van.com\/montreal\/wp-content\/uploads\/sites\/3\/2019\/10\/redim_Ralph-Vaughan-Williams-et-chat-768x1001.jpg 768w, https:\/\/www.ludwig-van.com\/montreal\/wp-content\/uploads\/sites\/3\/2019\/10\/redim_Ralph-Vaughan-Williams-et-chat-786x1024.jpg 786w\" sizes=\"(max-width: 1200px) 100vw, 1200px\" \/><figcaption id=\"caption-attachment-62223\" class=\"wp-caption-text\">Ralph Vaughan Williams et son chat. Heureusement, l&rsquo;alouette de <em>The Lark Ascending<\/em>\u00a0a \u00e9chapp\u00e9 aux griffes du f\u00e9lin.<\/figcaption><\/figure>\n<p>&nbsp;<\/p>\n<figure id=\"attachment_62224\" aria-describedby=\"caption-attachment-62224\" style=\"width: 1078px\" class=\"wp-caption aligncenter\"><img decoding=\"async\" loading=\"lazy\" class=\"size-full wp-image-62224\" src=\"https:\/\/www.ludwig-van.com\/montreal\/wp-content\/uploads\/sites\/3\/2019\/10\/redim_Shostakovich-et-chat-1925.jpg\" alt=\"\" width=\"1078\" height=\"2048\" srcset=\"https:\/\/www.ludwig-van.com\/montreal\/wp-content\/uploads\/sites\/3\/2019\/10\/redim_Shostakovich-et-chat-1925.jpg 1078w, https:\/\/www.ludwig-van.com\/montreal\/wp-content\/uploads\/sites\/3\/2019\/10\/redim_Shostakovich-et-chat-1925-158x300.jpg 158w, https:\/\/www.ludwig-van.com\/montreal\/wp-content\/uploads\/sites\/3\/2019\/10\/redim_Shostakovich-et-chat-1925-768x1459.jpg 768w, https:\/\/www.ludwig-van.com\/montreal\/wp-content\/uploads\/sites\/3\/2019\/10\/redim_Shostakovich-et-chat-1925-539x1024.jpg 539w\" sizes=\"(max-width: 1078px) 100vw, 1078px\" \/><figcaption id=\"caption-attachment-62224\" class=\"wp-caption-text\">Le chat de Dmitri Chostakovitch \u00e9tait malheureusement un espion \u00e0 la solde du KGB. Ici, une photo prise au temps innocent o\u00f9 le compositeur ne se doutait pas encore qu&rsquo;il dorlotait un fourbe.<\/figcaption><\/figure>\n<p>&nbsp;<\/p>\n<figure id=\"attachment_62215\" aria-describedby=\"caption-attachment-62215\" style=\"width: 1200px\" class=\"wp-caption aligncenter\"><img decoding=\"async\" loading=\"lazy\" class=\"size-full wp-image-62215\" src=\"https:\/\/www.ludwig-van.com\/montreal\/wp-content\/uploads\/sites\/3\/2019\/10\/redim_Charles-Wuorinen-et-chat.jpg\" alt=\"\" width=\"1200\" height=\"1189\" srcset=\"https:\/\/www.ludwig-van.com\/montreal\/wp-content\/uploads\/sites\/3\/2019\/10\/redim_Charles-Wuorinen-et-chat.jpg 1200w, https:\/\/www.ludwig-van.com\/montreal\/wp-content\/uploads\/sites\/3\/2019\/10\/redim_Charles-Wuorinen-et-chat-150x150.jpg 150w, https:\/\/www.ludwig-van.com\/montreal\/wp-content\/uploads\/sites\/3\/2019\/10\/redim_Charles-Wuorinen-et-chat-300x297.jpg 300w, https:\/\/www.ludwig-van.com\/montreal\/wp-content\/uploads\/sites\/3\/2019\/10\/redim_Charles-Wuorinen-et-chat-768x761.jpg 768w, https:\/\/www.ludwig-van.com\/montreal\/wp-content\/uploads\/sites\/3\/2019\/10\/redim_Charles-Wuorinen-et-chat-1024x1015.jpg 1024w\" sizes=\"(max-width: 1200px) 100vw, 1200px\" \/><figcaption id=\"caption-attachment-62215\" class=\"wp-caption-text\">Compositeurs avec leur chat : Charles Wuorinen<\/figcaption><\/figure>\n<p>&nbsp;<\/p>\n<figure id=\"attachment_62218\" aria-describedby=\"caption-attachment-62218\" style=\"width: 1200px\" class=\"wp-caption aligncenter\"><img decoding=\"async\" loading=\"lazy\" class=\"size-full wp-image-62218\" src=\"https:\/\/www.ludwig-van.com\/montreal\/wp-content\/uploads\/sites\/3\/2019\/10\/redim_Jean-Cras-et-chat.jpg\" alt=\"\" width=\"1200\" height=\"1519\" srcset=\"https:\/\/www.ludwig-van.com\/montreal\/wp-content\/uploads\/sites\/3\/2019\/10\/redim_Jean-Cras-et-chat.jpg 1200w, https:\/\/www.ludwig-van.com\/montreal\/wp-content\/uploads\/sites\/3\/2019\/10\/redim_Jean-Cras-et-chat-237x300.jpg 237w, https:\/\/www.ludwig-van.com\/montreal\/wp-content\/uploads\/sites\/3\/2019\/10\/redim_Jean-Cras-et-chat-768x972.jpg 768w, https:\/\/www.ludwig-van.com\/montreal\/wp-content\/uploads\/sites\/3\/2019\/10\/redim_Jean-Cras-et-chat-809x1024.jpg 809w\" sizes=\"(max-width: 1200px) 100vw, 1200px\" \/><figcaption id=\"caption-attachment-62218\" class=\"wp-caption-text\">Jean Cras (l&rsquo;inspiration secr\u00e8te pour le caract\u00e8re d&rsquo;Austin Powers???)<\/figcaption><\/figure>\n<p>&nbsp;<\/p>\n<figure id=\"attachment_62216\" aria-describedby=\"caption-attachment-62216\" style=\"width: 1200px\" class=\"wp-caption aligncenter\"><img decoding=\"async\" loading=\"lazy\" class=\"size-full wp-image-62216\" src=\"https:\/\/www.ludwig-van.com\/montreal\/wp-content\/uploads\/sites\/3\/2019\/10\/redim_Conlon-Nancarrow-et-chat.jpg\" alt=\"\" width=\"1200\" height=\"811\" srcset=\"https:\/\/www.ludwig-van.com\/montreal\/wp-content\/uploads\/sites\/3\/2019\/10\/redim_Conlon-Nancarrow-et-chat.jpg 1200w, https:\/\/www.ludwig-van.com\/montreal\/wp-content\/uploads\/sites\/3\/2019\/10\/redim_Conlon-Nancarrow-et-chat-300x203.jpg 300w, https:\/\/www.ludwig-van.com\/montreal\/wp-content\/uploads\/sites\/3\/2019\/10\/redim_Conlon-Nancarrow-et-chat-768x519.jpg 768w, https:\/\/www.ludwig-van.com\/montreal\/wp-content\/uploads\/sites\/3\/2019\/10\/redim_Conlon-Nancarrow-et-chat-1024x692.jpg 1024w\" sizes=\"(max-width: 1200px) 100vw, 1200px\" \/><figcaption id=\"caption-attachment-62216\" class=\"wp-caption-text\">Conlon Nancarrow, tentant d&rsquo;ignorer son chat qui le lui rend bien.<\/figcaption><\/figure>\n<p>&nbsp;<\/p>\n<figure id=\"attachment_62222\" aria-describedby=\"caption-attachment-62222\" style=\"width: 1200px\" class=\"wp-caption aligncenter\"><img decoding=\"async\" loading=\"lazy\" class=\"size-full wp-image-62222\" src=\"https:\/\/www.ludwig-van.com\/montreal\/wp-content\/uploads\/sites\/3\/2019\/10\/redim_Phil-Kline-et-chat.jpg\" alt=\"\" width=\"1200\" height=\"1600\" srcset=\"https:\/\/www.ludwig-van.com\/montreal\/wp-content\/uploads\/sites\/3\/2019\/10\/redim_Phil-Kline-et-chat.jpg 1200w, https:\/\/www.ludwig-van.com\/montreal\/wp-content\/uploads\/sites\/3\/2019\/10\/redim_Phil-Kline-et-chat-225x300.jpg 225w, https:\/\/www.ludwig-van.com\/montreal\/wp-content\/uploads\/sites\/3\/2019\/10\/redim_Phil-Kline-et-chat-768x1024.jpg 768w\" sizes=\"(max-width: 1200px) 100vw, 1200px\" \/><figcaption id=\"caption-attachment-62222\" class=\"wp-caption-text\">Toute l&rsquo;op\u00e9ration a \u00e9t\u00e9 mise en danger par ce chat maladroit qui s&rsquo;est fait prendre. On aper\u00e7oit ici le compositeur Phil Kline qui doit le tenir en place pour la photo d&rsquo;identit\u00e9 judiciaire.<\/figcaption><\/figure>\n<p>&nbsp;<\/p>\n<p>Finalement, il y a des compositeurs de qui on esp\u00e8re qu&rsquo;ils manipulent les notes mieux que les chats.<\/p>\n<p>&nbsp;<\/p>\n<figure id=\"attachment_62217\" aria-describedby=\"caption-attachment-62217\" style=\"width: 1200px\" class=\"wp-caption aligncenter\"><img decoding=\"async\" loading=\"lazy\" class=\"size-full wp-image-62217\" src=\"https:\/\/www.ludwig-van.com\/montreal\/wp-content\/uploads\/sites\/3\/2019\/10\/redim_Gabriel-Kahane-et-chat.jpg\" alt=\"\" width=\"1200\" height=\"1800\" srcset=\"https:\/\/www.ludwig-van.com\/montreal\/wp-content\/uploads\/sites\/3\/2019\/10\/redim_Gabriel-Kahane-et-chat.jpg 1200w, https:\/\/www.ludwig-van.com\/montreal\/wp-content\/uploads\/sites\/3\/2019\/10\/redim_Gabriel-Kahane-et-chat-200x300.jpg 200w, https:\/\/www.ludwig-van.com\/montreal\/wp-content\/uploads\/sites\/3\/2019\/10\/redim_Gabriel-Kahane-et-chat-768x1152.jpg 768w, https:\/\/www.ludwig-van.com\/montreal\/wp-content\/uploads\/sites\/3\/2019\/10\/redim_Gabriel-Kahane-et-chat-683x1024.jpg 683w\" sizes=\"(max-width: 1200px) 100vw, 1200px\" \/><figcaption id=\"caption-attachment-62217\" class=\"wp-caption-text\">Compositeurs avec leur chat : Gabriel Kahane<\/figcaption><\/figure>\n<p>&nbsp;<\/p>\n<figure id=\"attachment_62220\" aria-describedby=\"caption-attachment-62220\" style=\"width: 1200px\" class=\"wp-caption aligncenter\"><img decoding=\"async\" loading=\"lazy\" class=\"size-full wp-image-62220\" src=\"https:\/\/www.ludwig-van.com\/montreal\/wp-content\/uploads\/sites\/3\/2019\/10\/redim_nico-muhly-and-a-cat.jpg\" alt=\"\" width=\"1200\" height=\"1587\" srcset=\"https:\/\/www.ludwig-van.com\/montreal\/wp-content\/uploads\/sites\/3\/2019\/10\/redim_nico-muhly-and-a-cat.jpg 1200w, https:\/\/www.ludwig-van.com\/montreal\/wp-content\/uploads\/sites\/3\/2019\/10\/redim_nico-muhly-and-a-cat-227x300.jpg 227w, https:\/\/www.ludwig-van.com\/montreal\/wp-content\/uploads\/sites\/3\/2019\/10\/redim_nico-muhly-and-a-cat-768x1016.jpg 768w, https:\/\/www.ludwig-van.com\/montreal\/wp-content\/uploads\/sites\/3\/2019\/10\/redim_nico-muhly-and-a-cat-774x1024.jpg 774w\" sizes=\"(max-width: 1200px) 100vw, 1200px\" \/><figcaption id=\"caption-attachment-62220\" class=\"wp-caption-text\">Compositeurs avec leur chat : Nico Muhly<\/figcaption><\/figure>\n<p>Avec les ans, ces doux envahisseurs sont devenus de plus en plus habiles et exigeants : en 2015, ils ont pouss\u00e9 <strong>David Teie<\/strong>, compositeur et violoncelliste avec le <em>National Symphony Orchestra<\/em>, \u00e0 fonder\u00a0<em><a href=\"https:\/\/www.musicforcats.com\/\" target=\"_blank\" rel=\"noopener\">Music for Cats<\/a>.\u00a0<\/em><\/p>\n<p>Avec l&rsquo;aide de sp\u00e9cialistes en sciences animales, Teie d\u00e9veloppe une branche de musique qu&rsquo;il qualifie de \u00ab\u00a0sp\u00e9cifique par esp\u00e8ces\u00a0\u00bb (<em>species-specific music<\/em>). La campagne de financement pour son premier album de musique pour chats a r\u00e9colt\u00e9 241 651 $ sur Kickstarter, d\u00e9montrant, si vous en doutiez encore, l&rsquo;extraordinaire pouvoir de s\u00e9duction et de manipulation de ces animaux d&rsquo;apparence inoffensive.<\/p>\n<p>Il faut dire qu&rsquo;un certain compositeur humain les a provoqu\u00e9s en \u00e9crivant ce duo caricatural qui, \u00e9tant donn\u00e9 l&rsquo;humeur susceptible des chats, en a s\u00fbrement froiss\u00e9 plus d&rsquo;un :<\/p>\n<p>&nbsp;<\/p>\n<div class=\"jetpack-video-wrapper\"><span class=\"embed-youtube\" style=\"text-align:center; display: block;\"><iframe loading=\"lazy\" class=\"youtube-player\" width=\"640\" height=\"360\" src=\"https:\/\/www.youtube.com\/embed\/O5bJJviAX0c?version=3&#038;rel=1&#038;showsearch=0&#038;showinfo=1&#038;iv_load_policy=1&#038;fs=1&#038;hl=fr-FR&#038;autohide=2&#038;wmode=transparent\" allowfullscreen=\"true\" style=\"border:0;\" sandbox=\"allow-scripts allow-same-origin allow-popups allow-presentation\"><\/iframe><\/span><\/div>\n<p>&nbsp;<\/p>\n<p style=\"text-align: left;\">\n<p><em>Cet article est bas\u00e9 sur une id\u00e9e originale de Michael Vincent et est paru dans Ludwig van Toronto le 19 avril 2014 sous le titre <\/em><a href=\"https:\/\/www.ludwig-van.com\/toronto\/2014\/04\/19\/composers-and-their-cats\/\">Composers and their cat<\/a><em>. Nous lui avons ajout\u00e9 un texte de notre cru!<\/em><\/p>\n<p>&nbsp;<\/p>\n<h2 style=\"text-align: left;\">LIRE AUSSI :<\/h2>\n<p>&nbsp;<\/p>\n<blockquote class=\"wp-embedded-content\" data-secret=\"lIKYcKW9Ru\"><p><a href=\"https:\/\/www.ludwig-van.com\/montreal\/2019\/10\/12\/liszt-dix-tableaux-celebres-relies-a-la-musique-classique\/\">LISZT\u00a0| 10 tableaux c\u00e9l\u00e8bres reli\u00e9s \u00e0 la musique classique que vous devriez conna\u00eetre<\/a><\/p><\/blockquote>\n<p><iframe class=\"wp-embedded-content\" sandbox=\"allow-scripts\" security=\"restricted\" style=\"position: absolute; clip: rect(1px, 1px, 1px, 1px);\" src=\"https:\/\/www.ludwig-van.com\/montreal\/2019\/10\/12\/liszt-dix-tableaux-celebres-relies-a-la-musique-classique\/embed\/#?secret=lIKYcKW9Ru\" data-secret=\"lIKYcKW9Ru\" width=\"600\" height=\"338\" title=\"\u00ab\u00a0LISZT\u00a0| 10 tableaux c\u00e9l\u00e8bres reli\u00e9s \u00e0 la musique classique que vous devriez conna\u00eetre\u00a0\u00bb &#8212; Ludwig Van Montreal\" frameborder=\"0\" marginwidth=\"0\" marginheight=\"0\" scrolling=\"no\"><\/iframe><\/p>\n<p>&nbsp;<\/p>\n<p>&nbsp;<\/p>\n","protected":false},"excerpt":{"rendered":"<p>Ces photos de compositeurs avec leur chat prouvent bien que la musique classique est un complot mondial! Car il n&rsquo;y a pas que le \u00ab\u00a0Cats\u00a0\u00bb d&rsquo;Andrew Lloyd Weber, dans la vie!<\/p>\n","protected":false},"author":7,"featured_media":62192,"comment_status":"open","ping_status":"open","sticky":false,"template":"","format":"standard","meta":{"om_disable_all_campaigns":false,"jetpack_post_was_ever_published":false},"categories":[28802,5797,11005],"tags":[],"yst_prominent_words":[35518,35517,35570,10175,10097,11026,35519,35571,6616,9811,8757,10087,9841,35574,35572],"acf":[],"jetpack_featured_media_url":"https:\/\/www.ludwig-van.com\/montreal\/wp-content\/uploads\/sites\/3\/2019\/10\/Ginastera-chats-cover.jpg","jetpack_sharing_enabled":true,"jetpack_shortlink":"https:\/\/wp.me\/p9bdYt-gb5","amp_enabled":true,"_links":{"self":[{"href":"https:\/\/www.ludwig-van.com\/montreal\/wp-json\/wp\/v2\/posts\/62191"}],"collection":[{"href":"https:\/\/www.ludwig-van.com\/montreal\/wp-json\/wp\/v2\/posts"}],"about":[{"href":"https:\/\/www.ludwig-van.com\/montreal\/wp-json\/wp\/v2\/types\/post"}],"author":[{"embeddable":true,"href":"https:\/\/www.ludwig-van.com\/montreal\/wp-json\/wp\/v2\/users\/7"}],"replies":[{"embeddable":true,"href":"https:\/\/www.ludwig-van.com\/montreal\/wp-json\/wp\/v2\/comments?post=62191"}],"version-history":[{"count":18,"href":"https:\/\/www.ludwig-van.com\/montreal\/wp-json\/wp\/v2\/posts\/62191\/revisions"}],"predecessor-version":[{"id":62247,"href":"https:\/\/www.ludwig-van.com\/montreal\/wp-json\/wp\/v2\/posts\/62191\/revisions\/62247"}],"wp:featuredmedia":[{"embeddable":true,"href":"https:\/\/www.ludwig-van.com\/montreal\/wp-json\/wp\/v2\/media\/62192"}],"wp:attachment":[{"href":"https:\/\/www.ludwig-van.com\/montreal\/wp-json\/wp\/v2\/media?parent=62191"}],"wp:term":[{"taxonomy":"category","embeddable":true,"href":"https:\/\/www.ludwig-van.com\/montreal\/wp-json\/wp\/v2\/categories?post=62191"},{"taxonomy":"post_tag","embeddable":true,"href":"https:\/\/www.ludwig-van.com\/montreal\/wp-json\/wp\/v2\/tags?post=62191"},{"taxonomy":"yst_prominent_words","embeddable":true,"href":"https:\/\/www.ludwig-van.com\/montreal\/wp-json\/wp\/v2\/yst_prominent_words?post=62191"}],"curies":[{"name":"wp","href":"https:\/\/api.w.org\/{rel}","templated":true}]}}