{"id":62161,"date":"2019-10-15T09:36:49","date_gmt":"2019-10-15T13:36:49","guid":{"rendered":"https:\/\/www.ludwig-van.com\/montreal\/?p=62161"},"modified":"2019-10-19T14:31:09","modified_gmt":"2019-10-19T18:31:09","slug":"choix-de-la-redaction-concerts-de-musique-classique-a-montreal-et-au-quebec-cette-semaine","status":"publish","type":"post","link":"https:\/\/www.ludwig-van.com\/montreal\/2019\/10\/15\/choix-de-la-redaction-concerts-de-musique-classique-a-montreal-et-au-quebec-cette-semaine\/","title":{"rendered":"CHOIX DE LA R\u00c9DACTION | Les plus beaux concerts de musique classique \u00e0 Montr\u00e9al et ailleurs au Qu\u00e9bec cette semaine"},"content":{"rendered":"<figure id=\"attachment_62200\" aria-describedby=\"caption-attachment-62200\" style=\"width: 1200px\" class=\"wp-caption aligncenter\"><img decoding=\"async\" loading=\"lazy\" class=\"size-full wp-image-62200\" src=\"https:\/\/www.ludwig-van.com\/montreal\/wp-content\/uploads\/sites\/3\/2019\/10\/choix-7-octobre-final.jpg\" alt=\"\" width=\"1200\" height=\"629\" srcset=\"https:\/\/www.ludwig-van.com\/montreal\/wp-content\/uploads\/sites\/3\/2019\/10\/choix-7-octobre-final.jpg 1200w, https:\/\/www.ludwig-van.com\/montreal\/wp-content\/uploads\/sites\/3\/2019\/10\/choix-7-octobre-final-300x157.jpg 300w, https:\/\/www.ludwig-van.com\/montreal\/wp-content\/uploads\/sites\/3\/2019\/10\/choix-7-octobre-final-768x403.jpg 768w, https:\/\/www.ludwig-van.com\/montreal\/wp-content\/uploads\/sites\/3\/2019\/10\/choix-7-octobre-final-1024x537.jpg 1024w\" sizes=\"(max-width: 1200px) 100vw, 1200px\" \/><figcaption id=\"caption-attachment-62200\" class=\"wp-caption-text\">Marie-Laure Garnier, Serhiy Salov, Vincent Lauzer, l&rsquo;orgue de l&rsquo;\u00c9glise Immacul\u00e9e-Conception, Myriam Leblanc.<\/figcaption><\/figure>\n<p>Si l&rsquo;automne est d\u00e9j\u00e0 bien entam\u00e9 pour la plupart d&rsquo;entre nous, pour certains, c&rsquo;est encore le d\u00e9but de saison! C&rsquo;est le cas cette semaine avec <strong>Arion Orchestre Baroque<\/strong>, qui pr\u00e9sente trois concerts. Le choix sera difficile avec autant de qualit\u00e9 au programme. <strong>Voici nos choix de la r\u00e9daction pour la musique classique \u00e0 Montr\u00e9al et ailleurs au Qu\u00e9bec, du 15 au 20 octobre.\u00a0<\/strong><\/p>\n<p>&nbsp;<\/p>\n<figure id=\"attachment_58639\" aria-describedby=\"caption-attachment-58639\" style=\"width: 1024px\" class=\"wp-caption aligncenter\"><img decoding=\"async\" loading=\"lazy\" class=\"size-full wp-image-58639\" src=\"https:\/\/www.ludwig-van.com\/montreal\/wp-content\/uploads\/sites\/3\/2019\/02\/Naggar-Tremblay_Rose_photo_Brent_Calis_WEB.jpg\" alt=\"Rose Naggar-Tremblay. mezzo-soprano. (Photo: Brent Calis)\" width=\"1024\" height=\"682\" srcset=\"https:\/\/www.ludwig-van.com\/montreal\/wp-content\/uploads\/sites\/3\/2019\/02\/Naggar-Tremblay_Rose_photo_Brent_Calis_WEB.jpg 1024w, https:\/\/www.ludwig-van.com\/montreal\/wp-content\/uploads\/sites\/3\/2019\/02\/Naggar-Tremblay_Rose_photo_Brent_Calis_WEB-300x200.jpg 300w, https:\/\/www.ludwig-van.com\/montreal\/wp-content\/uploads\/sites\/3\/2019\/02\/Naggar-Tremblay_Rose_photo_Brent_Calis_WEB-768x512.jpg 768w\" sizes=\"(max-width: 1024px) 100vw, 1024px\" \/><figcaption id=\"caption-attachment-58639\" class=\"wp-caption-text\">Rose Naggar-Tremblay, mezzo-soprano. (Photo : Brent Calis)<\/figcaption><\/figure>\n<h2>Lumi\u00e8re \u00e9ternelle avec I Musici<\/h2>\n<p><a href=\"https:\/\/www.ludwig-van.com\/montreal\/directory\/i-musici-de-montreal\/\" target=\"_blank\" rel=\"noopener\">I Musici de Montr\u00e9al<\/a> lance sa saison avec \u00ab\u00a0Lumi\u00e8re \u00e9ternelle\u00a0\u00bb, un concert mettant en vedette de jeunes chanteurs et chanteuses d&rsquo;ici : <strong>Myriam Leblanc<\/strong>, <strong>Rose Naggar-Tremblay<\/strong>, <strong>Magali Simard-Gald\u00e8s<\/strong>, <strong>Jacques-Olivier Chartier<\/strong> et <strong>David Menzies<\/strong>, avec un choeur de 24 choristes. Le programme se d\u00e9marque par son originalit\u00e9, avec la premi\u00e8re nord-am\u00e9ricaine des <em>Liturgies de lumi\u00e8re<\/em> du compositeur fran\u00e7ais <strong>Guillaume Connesson.\u00a0<\/strong>On entendra aussi des pi\u00e8ces de Brahms, Vivaldi et Lauridsen. <strong>Ce soir, 19 h 30, salle Bourgie.<\/strong> <a href=\"https:\/\/imusici.com\/saison-2019-2020\/lumiere-eternelle\/\" target=\"_blank\" rel=\"noopener\">D\u00c9TAILS<\/a><\/p>\n<p>&nbsp;<\/p>\n<figure id=\"attachment_62201\" aria-describedby=\"caption-attachment-62201\" style=\"width: 1200px\" class=\"wp-caption aligncenter\"><img decoding=\"async\" loading=\"lazy\" class=\"size-full wp-image-62201\" src=\"https:\/\/www.ludwig-van.com\/montreal\/wp-content\/uploads\/sites\/3\/2019\/10\/Marie-Laure-Garnier-CeliaOneto-Bensaid-par-Aurelien-Garcia-9-3-1.jpg\" alt=\"Marie-Laure Garnier et Celia Oneto Bensaid. (Photo: Aurelien Garcia)\" width=\"1200\" height=\"1600\" srcset=\"https:\/\/www.ludwig-van.com\/montreal\/wp-content\/uploads\/sites\/3\/2019\/10\/Marie-Laure-Garnier-CeliaOneto-Bensaid-par-Aurelien-Garcia-9-3-1.jpg 1200w, https:\/\/www.ludwig-van.com\/montreal\/wp-content\/uploads\/sites\/3\/2019\/10\/Marie-Laure-Garnier-CeliaOneto-Bensaid-par-Aurelien-Garcia-9-3-1-225x300.jpg 225w, https:\/\/www.ludwig-van.com\/montreal\/wp-content\/uploads\/sites\/3\/2019\/10\/Marie-Laure-Garnier-CeliaOneto-Bensaid-par-Aurelien-Garcia-9-3-1-768x1024.jpg 768w\" sizes=\"(max-width: 1200px) 100vw, 1200px\" \/><figcaption id=\"caption-attachment-62201\" class=\"wp-caption-text\">Marie-Laure Garnier et Celia Oneto Bensaid. (Photo : Aurelien Garcia)<\/figcaption><\/figure>\n<h2>La soprano guyanaise Marie-Laure Garnier \u00e0 Bourgie<\/h2>\n<p>La soprano guyanaise <strong>Marie-Laure Garnier<\/strong> est la laur\u00e9ate de l&rsquo;Acad\u00e9mie d&rsquo;Orsay-Royaumont et la R\u00e9v\u00e9lation classique de l&rsquo;ADAMI, en France. Invit\u00e9e dans le cadre de la saison d&rsquo;<a href=\"https:\/\/www.ludwig-van.com\/montreal\/directory\/fondation-arte-musica-salle-bourgie\/\" target=\"_blank\" rel=\"noopener\">Arte Musica<\/a>, elle proposera un r\u00e9cital de m\u00e9lodies et lieder de Bolcom, Duparc, Poulenc, Schubert et Wolf en compagnie de la pianiste <strong>C\u00e9lia Oneto Bensaid<\/strong>. <strong>Mercredi 16 octobre, 19 h 30, salle Bourgie.<\/strong> <a href=\"https:\/\/www.mbam.qc.ca\/achats-en-ligne\/concerts\/marie-laure-garnier-soprano-celia-oneto-bensaid-piano\/8633\/\" target=\"_blank\" rel=\"noopener\">D\u00c9TAILS<\/a><\/p>\n<p>&nbsp;<\/p>\n<p>&nbsp;<\/p>\n<figure id=\"attachment_57413\" aria-describedby=\"caption-attachment-57413\" style=\"width: 1024px\" class=\"wp-caption aligncenter\"><img decoding=\"async\" loading=\"lazy\" class=\"size-full wp-image-57413\" src=\"https:\/\/www.ludwig-van.com\/montreal\/wp-content\/uploads\/sites\/3\/2018\/11\/Vincent-Lauzer-credit-Julien-Fauge\u0300re.jpg\" alt=\"Vincent Lauzer, fl\u00fbtiste.\" width=\"1024\" height=\"1536\" srcset=\"https:\/\/www.ludwig-van.com\/montreal\/wp-content\/uploads\/sites\/3\/2018\/11\/Vincent-Lauzer-credit-Julien-Fauge\u0300re.jpg 1024w, https:\/\/www.ludwig-van.com\/montreal\/wp-content\/uploads\/sites\/3\/2018\/11\/Vincent-Lauzer-credit-Julien-Fauge\u0300re-200x300.jpg 200w, https:\/\/www.ludwig-van.com\/montreal\/wp-content\/uploads\/sites\/3\/2018\/11\/Vincent-Lauzer-credit-Julien-Fauge\u0300re-768x1152.jpg 768w, https:\/\/www.ludwig-van.com\/montreal\/wp-content\/uploads\/sites\/3\/2018\/11\/Vincent-Lauzer-credit-Julien-Fauge\u0300re-683x1024.jpg 683w\" sizes=\"(max-width: 1024px) 100vw, 1024px\" \/><figcaption id=\"caption-attachment-57413\" class=\"wp-caption-text\">Vincent Lauzer, fl\u00fbtiste \u00e0 bec, et soliste invit\u00e9 d&rsquo;Arion Orchestre Baroque cette semaine \u00e0 la salle Bourgie. (Photo : Julien Faug\u00e8re)<\/figcaption><\/figure>\n<h2>Arion lance sa saison 19-20 avec Telemann<\/h2>\n<p><a href=\"https:\/\/www.ludwig-van.com\/montreal\/directory\/arion-orchestre-baroque\/\" target=\"_blank\" rel=\"noopener\">Arion Orchestre Baroque<\/a> inaugure sa saison cette semaine avec trois concerts \u00e0 la salle Bourgie. Le virtuose de la fl\u00fbte \u00e0 bec <strong>Vincent Lauzer<\/strong> est l&rsquo;invit\u00e9 d&rsquo;honneur de ce programme <b><i>Telemann \u00e0 Paris<\/i><\/b> qui lui permettra de d\u00e9montrer une fois de plus ce savoir-faire qui a contribu\u00e9 \u00e0 ce qu&rsquo;<strong>Arion<\/strong> obtienne un Diapason d&rsquo;or pour l&rsquo;album Vivaldi enregistr\u00e9 avec ATMA Classique, l&rsquo;an dernier. Le concert sera dirig\u00e9 par <strong>Mathieu Lussier<\/strong>. V<strong>endredi 18 octobre, 19 h 30, samedi 19 octobre, 16h et dimanche 20 octobre, 14 h.<\/strong> <a href=\"https:\/\/www.arionbaroque.com\/fr\/telemann-paris\">D\u00c9TAILS<\/a><\/p>\n<p>&nbsp;<\/p>\n<figure id=\"attachment_57011\" aria-describedby=\"caption-attachment-57011\" style=\"width: 1024px\" class=\"wp-caption aligncenter\"><img decoding=\"async\" loading=\"lazy\" class=\"size-full wp-image-57011\" src=\"https:\/\/www.ludwig-van.com\/montreal\/wp-content\/uploads\/sites\/3\/2018\/04\/MichaelSchade@-Harald-Hoffmann2018-09-27-1.jpg\" alt=\"Michael Schade\" width=\"1024\" height=\"731\" srcset=\"https:\/\/www.ludwig-van.com\/montreal\/wp-content\/uploads\/sites\/3\/2018\/04\/MichaelSchade@-Harald-Hoffmann2018-09-27-1.jpg 1024w, https:\/\/www.ludwig-van.com\/montreal\/wp-content\/uploads\/sites\/3\/2018\/04\/MichaelSchade@-Harald-Hoffmann2018-09-27-1-300x214.jpg 300w, https:\/\/www.ludwig-van.com\/montreal\/wp-content\/uploads\/sites\/3\/2018\/04\/MichaelSchade@-Harald-Hoffmann2018-09-27-1-768x548.jpg 768w\" sizes=\"(max-width: 1024px) 100vw, 1024px\" \/><figcaption id=\"caption-attachment-57011\" class=\"wp-caption-text\">Le t\u00e9nor Michael Schade. (Photo : Harald Hoffmann)<\/figcaption><\/figure>\n<h2>Schulich : r\u00e9cital de Michael Schade et musique russe \u00e0 l&rsquo;Orchestre symphonique<\/h2>\n<p>Deux \u00e9v\u00e9nements attirent notre attention cette semaine \u00e0 l&rsquo;<a href=\"https:\/\/www.ludwig-van.com\/montreal\/directory\/schulich-mcgill\/\" target=\"_blank\" rel=\"noopener\">\u00c9cole de musique Schulich de l&rsquo;Universit\u00e9 McGill\u00a0<\/a>: le r\u00e9cital du r\u00e9put\u00e9 t\u00e9nor <strong>Michael Schade<\/strong>, et le concert de l&rsquo;Orchestre symphonique de McGill. Michael Shade chantera <em>Die sch\u00f6ne M\u00fcllerin<\/em>, de Schubert, le jeudi 17 octobre, 19 h 30, \u00e0 la salle Pollack, et donnera des cours de ma\u00eetre le vendredi 18 et le samedi 20. <a href=\"https:\/\/www.ludwig-van.com\/montreal\/event\/schulich-concert-michael-schade-tenor\/\" target=\"_blank\" rel=\"noopener\">D\u00c9TAILS<\/a><\/p>\n<p><strong>L&rsquo;Orchestre symphonique de McGill<\/strong> pr\u00e9sente, pour sa part, le programme suivant sous la direction d&rsquo;Alexis Hauser avec le pianiste invit\u00e9 <strong>Timothy Ledger<\/strong>, laur\u00e9at du Concours de concertos de McGill 2018-2019.<\/p>\n<p>LERA AUERBACH Icarus<br \/>\nDONALD JOHNSTON Montreal Montr\u00e9al (arr.\/orch. Marc Beaulieu)<br \/>\nSERGUE\u00cf RACHMANINOV Rhapsodie sur un th\u00e8me de Paganini, opus 43<br \/>\nIGOR STRAVINSKY L\u2019Oiseau de feu (ballet)<\/p>\n<p><strong>Les 18 et 19 octobre, 19 h 30, salle Pollack.<\/strong> <a href=\"https:\/\/www.mcgill.ca\/music\/fr\/channels\/event\/orchestre-symphonique-de-mcgill-rachmaninov-stravinsky-johnston-299012\" target=\"_blank\" rel=\"noopener\">D\u00c9TAILS<\/a><\/p>\n<p>&nbsp;<\/p>\n<figure id=\"attachment_61942\" aria-describedby=\"caption-attachment-61942\" style=\"width: 1200px\" class=\"wp-caption aligncenter\"><img decoding=\"async\" loading=\"lazy\" class=\"size-full wp-image-61942\" src=\"https:\/\/www.ludwig-van.com\/montreal\/wp-content\/uploads\/sites\/3\/2019\/10\/Quasar_CRE\u0301DIT__Marie-Lassiat_2019_4-web.jpg\" alt=\"Quasar quatuor de saxophones\" width=\"1200\" height=\"800\" srcset=\"https:\/\/www.ludwig-van.com\/montreal\/wp-content\/uploads\/sites\/3\/2019\/10\/Quasar_CRE\u0301DIT__Marie-Lassiat_2019_4-web.jpg 1200w, https:\/\/www.ludwig-van.com\/montreal\/wp-content\/uploads\/sites\/3\/2019\/10\/Quasar_CRE\u0301DIT__Marie-Lassiat_2019_4-web-300x200.jpg 300w, https:\/\/www.ludwig-van.com\/montreal\/wp-content\/uploads\/sites\/3\/2019\/10\/Quasar_CRE\u0301DIT__Marie-Lassiat_2019_4-web-768x512.jpg 768w, https:\/\/www.ludwig-van.com\/montreal\/wp-content\/uploads\/sites\/3\/2019\/10\/Quasar_CRE\u0301DIT__Marie-Lassiat_2019_4-web-1024x683.jpg 1024w\" sizes=\"(max-width: 1200px) 100vw, 1200px\" \/><figcaption id=\"caption-attachment-61942\" class=\"wp-caption-text\">Quasar (Photo : Marie Lassiat)<\/figcaption><\/figure>\n<h2>Quasar a 25 ans : bon anniversaire!<\/h2>\n<p>Le quatuor de saxophones Quasar souligne ses 25 ans cette semaine \u00e0 la Chapelle historique du Bon-Pasteur. Des pi\u00e8ces d&rsquo;Andr\u00e9 Hamel, Pierre Jodlowsky et une cr\u00e9ation de Gordon Williamson sont au programme. Nous leur souhaitons un bon anniversaire.<strong> Jeudi 17 octobre, 19 h 30, Chapelle historique du Bon-Pasteur. Entr\u00e9e gratuite avec laisser-passer. <\/strong><a href=\"https:\/\/quasar4.com\/fr\/concert\/un-pour-tous-et-tous-pour-un\" target=\"_blank\" rel=\"noopener\">D\u00c9TAILS<\/a><\/p>\n<p>&nbsp;<\/p>\n<figure id=\"attachment_62169\" aria-describedby=\"caption-attachment-62169\" style=\"width: 1200px\" class=\"wp-caption aligncenter\"><img decoding=\"async\" loading=\"lazy\" class=\"size-full wp-image-62169\" src=\"https:\/\/www.ludwig-van.com\/montreal\/wp-content\/uploads\/sites\/3\/2019\/10\/Orgue-Immacul\u00e9e-Conception-3.jpg\" alt=\"Orgue de l'\u00c9glise Immacul\u00e9e-Conception, Montr\u00e9al, Qc. (Photo: courtoisie du CIOC)\" width=\"1200\" height=\"628\" srcset=\"https:\/\/www.ludwig-van.com\/montreal\/wp-content\/uploads\/sites\/3\/2019\/10\/Orgue-Immacul\u00e9e-Conception-3.jpg 1200w, https:\/\/www.ludwig-van.com\/montreal\/wp-content\/uploads\/sites\/3\/2019\/10\/Orgue-Immacul\u00e9e-Conception-3-300x157.jpg 300w, https:\/\/www.ludwig-van.com\/montreal\/wp-content\/uploads\/sites\/3\/2019\/10\/Orgue-Immacul\u00e9e-Conception-3-768x402.jpg 768w, https:\/\/www.ludwig-van.com\/montreal\/wp-content\/uploads\/sites\/3\/2019\/10\/Orgue-Immacul\u00e9e-Conception-3-1024x536.jpg 1024w\" sizes=\"(max-width: 1200px) 100vw, 1200px\" \/><figcaption id=\"caption-attachment-62169\" class=\"wp-caption-text\">L&rsquo;orgue de l&rsquo;\u00c9glise Immacul\u00e9e-Conception, Montr\u00e9al, Qc. (Photo : courtoisie du CIOC)<\/figcaption><\/figure>\n<h2>Le Grand Festival d&rsquo;orgue 2019 se poursuit<\/h2>\n<p>Le Grand Festival d&rsquo;orgue 2019 du Concours international d&rsquo;orgue du Canada se poursuit jusqu&rsquo;au 1er novembre. Cette semaine, les principaux concerts \u00e0 signaler sont:<\/p>\n<p><strong>18 octobre, 20 h, \u00c9glise de l&rsquo;Immacul\u00e9e-Conception :<\/strong> <strong>Els Biesemans<\/strong>, la laur\u00e9ate du Prix Bach du CIOC 2008 pr\u00e9sente des extraits de l&rsquo;Offrande musicale.<\/p>\n<p><strong>19 octobre, 16 h, \u00c9glise Unie Mountainside :\u00a0<\/strong> Concert anniversaire de l&rsquo;orgue Beckerath avec quatre organistes.<\/p>\n<p><strong>19 octobre, 19 h, \u00c9glise du Tr\u00e8s Saint-Nom-de-J\u00e9sus : Duo Majoya <\/strong>(pi\u00e8ces canadiennes pour quatre mains)<\/p>\n<p><strong>20 octobre, 20 h, Grand S\u00e9minaire :<\/strong> Rome Babylone, Josquin et les Borgia, musique de la Renaissance avec le ch\u0153ur Schola Ville-Marie.<\/p>\n<p><a href=\"http:\/\/www.ciocm.org\/events2\/\" target=\"_blank\" rel=\"noopener\">D\u00c9TAILS<\/a><\/p>\n<p>&nbsp;<\/p>\n<figure id=\"attachment_61707\" aria-describedby=\"caption-attachment-61707\" style=\"width: 2046px\" class=\"wp-caption aligncenter\"><img decoding=\"async\" loading=\"lazy\" class=\"size-full wp-image-61707\" src=\"https:\/\/www.ludwig-van.com\/montreal\/wp-content\/uploads\/sites\/3\/2019\/10\/Marie-Nicole-Lemieux-Six-media-2.jpg\" alt=\"Marie-Nicole Lemieux (Photo : courtoisie de SIX M\u00e9dia)\" width=\"2046\" height=\"2048\" srcset=\"https:\/\/www.ludwig-van.com\/montreal\/wp-content\/uploads\/sites\/3\/2019\/10\/Marie-Nicole-Lemieux-Six-media-2.jpg 2046w, https:\/\/www.ludwig-van.com\/montreal\/wp-content\/uploads\/sites\/3\/2019\/10\/Marie-Nicole-Lemieux-Six-media-2-150x150.jpg 150w, https:\/\/www.ludwig-van.com\/montreal\/wp-content\/uploads\/sites\/3\/2019\/10\/Marie-Nicole-Lemieux-Six-media-2-300x300.jpg 300w, https:\/\/www.ludwig-van.com\/montreal\/wp-content\/uploads\/sites\/3\/2019\/10\/Marie-Nicole-Lemieux-Six-media-2-768x769.jpg 768w, https:\/\/www.ludwig-van.com\/montreal\/wp-content\/uploads\/sites\/3\/2019\/10\/Marie-Nicole-Lemieux-Six-media-2-1024x1024.jpg 1024w\" sizes=\"(max-width: 2046px) 100vw, 2046px\" \/><figcaption id=\"caption-attachment-61707\" class=\"wp-caption-text\">Marie-Nicole Lemieux (Photo : courtoisie de SIX M\u00e9dia)<\/figcaption><\/figure>\n<h2>Marie-Nicole Lemieux poursuit sa tourn\u00e9e au Qu\u00e9bec<\/h2>\n<p><strong>Marie-Nicole Lemieux<\/strong> poursuit sa tourn\u00e9e au Qu\u00e9bec avec le com\u00e9dien <strong>Raymond Cloutier<\/strong> et le pianiste <strong>Daniel Blumenthal<\/strong> pour pr\u00e9senter leur spectacle,<em><strong> L&rsquo;Invitation au voyage,<\/strong><\/em> m\u00e9lodies fran\u00e7aises et po\u00e9sie de Charles Baudelaire. Ils seront de passage cette semaine \u00e0 <a href=\"https:\/\/www.lecarre150.com\/spectacle\/detail\/Marie-Nicole-Lemieux-\/Linvitation-au-voyage--Baudelaire-en-paroles\/16-10-2019-20-00\" target=\"_blank\" rel=\"noopener\">Victoriaville (16 octobre<\/a>), <a href=\"https:\/\/www.theatredelaville.qc.ca\/programmation\/marie-nicole-lemieux\/\" target=\"_blank\" rel=\"noopener\">Longueuil (17 octobre)<\/a>, <a href=\"http:\/\/www.orford.mu\/concerts-et-evenements\/marie-nicole-lemieux-linvitation-au-voyage\/\" target=\"_blank\" rel=\"noopener\">Orford (18 octobre)<\/a> et <a href=\"https:\/\/www.ovation.qc.ca\/Billets\/ChoixSpecDate.asp?CodeSalleSpectacle=2301F2&amp;CodeRepresentation=2303IF&amp;CodeSiteClient=000012&amp;Lang=FR\" target=\"_blank\" rel=\"noopener\">Terrebonne (20 octobre)<\/a>.<\/p>\n<p><a href=\"https:\/\/www.ludwig-van.com\/montreal\/2019\/10\/06\/critique-marie-nicole-lemieux-baudelaire\/\" target=\"_blank\" rel=\"noopener\">LIRE NOTRE CRITIQUE DU SPECTACLE DE MARIE-NICOLE LEMIEUX<\/a><\/p>\n<p>&nbsp;<\/p>\n<figure id=\"attachment_60963\" aria-describedby=\"caption-attachment-60963\" style=\"width: 1024px\" class=\"wp-caption aligncenter\"><img decoding=\"async\" loading=\"lazy\" class=\"size-full wp-image-60963\" src=\"https:\/\/www.ludwig-van.com\/montreal\/wp-content\/uploads\/sites\/3\/2017\/09\/7-nov-et-5-dec_Elinor_Frey_cre\u0301dit_E\u0301lisabeth_Delage.jpg\" alt=\"Elinor Frey\" width=\"1024\" height=\"731\" srcset=\"https:\/\/www.ludwig-van.com\/montreal\/wp-content\/uploads\/sites\/3\/2017\/09\/7-nov-et-5-dec_Elinor_Frey_cre\u0301dit_E\u0301lisabeth_Delage.jpg 1024w, https:\/\/www.ludwig-van.com\/montreal\/wp-content\/uploads\/sites\/3\/2017\/09\/7-nov-et-5-dec_Elinor_Frey_cre\u0301dit_E\u0301lisabeth_Delage-300x214.jpg 300w, https:\/\/www.ludwig-van.com\/montreal\/wp-content\/uploads\/sites\/3\/2017\/09\/7-nov-et-5-dec_Elinor_Frey_cre\u0301dit_E\u0301lisabeth_Delage-768x548.jpg 768w\" sizes=\"(max-width: 1024px) 100vw, 1024px\" \/><figcaption id=\"caption-attachment-60963\" class=\"wp-caption-text\">Elinor Frey (Photo : Elizabeth Delage)<\/figcaption><\/figure>\n<h2>Les Suites pour violoncelle de Bach<\/h2>\n<p>Les <a href=\"https:\/\/www.ludwig-van.com\/montreal\/directory\/moments-musicaux\/\" target=\"_blank\" rel=\"noopener\">Moments Musicaux<\/a> re\u00e7oivent la violoncelliste <strong>Elinor Frey<\/strong>, qui interpr\u00e8te les Suites pour violoncelle seul de Bach 2, 4 et 6. Il s&rsquo;agit du second volet de l&rsquo;int\u00e9grale entam\u00e9e l&rsquo;an dernier. <strong>Dimanche 20 octobre, 15 h \u00c9glise de la Visitation<\/strong>. <a href=\"http:\/\/www.momentsmusicaux.ca\/portfolio\/suitespourvioloncelleseul-2019\/\" target=\"_blank\" rel=\"noopener\">D\u00c9TAILS<\/a><\/p>\n<p>&nbsp;<\/p>\n<figure id=\"attachment_53681\" aria-describedby=\"caption-attachment-53681\" style=\"width: 1024px\" class=\"wp-caption aligncenter\"><img decoding=\"async\" loading=\"lazy\" class=\"size-full wp-image-53681\" src=\"https:\/\/www.ludwig-van.com\/montreal\/wp-content\/uploads\/sites\/3\/2018\/04\/serhiy-salov-credit_julie_beauchemin.jpg\" alt=\"Serhiy Salov\" width=\"1024\" height=\"683\" srcset=\"https:\/\/www.ludwig-van.com\/montreal\/wp-content\/uploads\/sites\/3\/2018\/04\/serhiy-salov-credit_julie_beauchemin.jpg 1024w, https:\/\/www.ludwig-van.com\/montreal\/wp-content\/uploads\/sites\/3\/2018\/04\/serhiy-salov-credit_julie_beauchemin-300x200.jpg 300w, https:\/\/www.ludwig-van.com\/montreal\/wp-content\/uploads\/sites\/3\/2018\/04\/serhiy-salov-credit_julie_beauchemin-768x512.jpg 768w\" sizes=\"(max-width: 1024px) 100vw, 1024px\" \/><figcaption id=\"caption-attachment-53681\" class=\"wp-caption-text\">Le pianiste Serhiy Salov est l&rsquo;invit\u00e9 de l&rsquo;Orchestre symphonique de Trois-Rivi\u00e8res, cette semaine. (Photo : Julie Beauchemin)<\/figcaption><\/figure>\n<h2>Musique russe \u00e0 Trois-Rivi\u00e8res<\/h2>\n<p>Le pianiste virtuose <strong>Serhiy Salov<\/strong> est le soliste invit\u00e9 de l&rsquo;<a href=\"https:\/\/www.ludwig-van.com\/montreal\/directory\/orchestre-symphonique-de-trois-rivieres\/\" target=\"_blank\" rel=\"noopener\">Orchestre symphonique de Trois-Rivi\u00e8res<\/a>, qui nous propose le concert \u00ab\u00a0<strong>\u00c9blouissante Russie<\/strong>\u00a0\u00bb sous la direction de son nouveau directeur artistique, <a href=\"https:\/\/www.ludwig-van.com\/montreal\/2019\/02\/08\/nouvelle-jean-claude-picard-nomme-directeur-artistique-de-lorchestre-symphonique-de-trois-rivieres\/\" target=\"_blank\" rel=\"noopener\">Jean-Claude Picard<\/a>. Au programme, le <em>Carnaval romain<\/em> de Berlioz, le Concerto pour piano no 3 de Prokofiev, et la Symphonie no 4 de Tcha\u00efkovski. <strong>Le dimanche 20 octobre, 14 h 30, salle J. Antonio Thompson de Trois-Rivi\u00e8res.<\/strong> <a href=\"http:\/\/www.ostr.ca\/programmation\/concerts\/eblouissante-russie\/144\" target=\"_blank\" rel=\"noopener\">D\u00c9TAILS<\/a><\/p>\n<p><b>Nombre d&rsquo;autres concerts de musique classique sont pr\u00e9sent\u00e9s cette semaine \u00e0 Montr\u00e9al, Qu\u00e9bec et ailleurs. Nous vous invitons \u00e0 consulter notre <a href=\"https:\/\/www.ludwig-van.com\/montreal\/events\/\" target=\"_blank\" rel=\"noopener\">calendrier de concerts<\/a> pour en voir d&rsquo;autres.\u00a0<\/b><\/p>\n<p>Pour savoir comment devenir membre de Ludwig van Montr\u00e9al et avoir une page personnalis\u00e9e ainsi que vos concerts sur notre site, \u00e9crivez-nous \u00e0 <strong>caroline@ludwig-van.com\u00a0<\/strong><\/p>\n<h2>LIRE AUSSI :<\/h2>\n<blockquote class=\"wp-embedded-content\" data-secret=\"mw5dbNs6uT\"><p><a href=\"https:\/\/www.ludwig-van.com\/montreal\/2019\/10\/12\/liszt-dix-tableaux-celebres-relies-a-la-musique-classique\/\">LISZT\u00a0| 10 tableaux c\u00e9l\u00e8bres reli\u00e9s \u00e0 la musique classique que vous devriez conna\u00eetre<\/a><\/p><\/blockquote>\n<p><iframe class=\"wp-embedded-content\" sandbox=\"allow-scripts\" security=\"restricted\" style=\"position: absolute; clip: rect(1px, 1px, 1px, 1px);\" src=\"https:\/\/www.ludwig-van.com\/montreal\/2019\/10\/12\/liszt-dix-tableaux-celebres-relies-a-la-musique-classique\/embed\/#?secret=mw5dbNs6uT\" data-secret=\"mw5dbNs6uT\" width=\"600\" height=\"338\" title=\"\u00ab\u00a0LISZT\u00a0| 10 tableaux c\u00e9l\u00e8bres reli\u00e9s \u00e0 la musique classique que vous devriez conna\u00eetre\u00a0\u00bb &#8212; Ludwig Van Montreal\" frameborder=\"0\" marginwidth=\"0\" marginheight=\"0\" scrolling=\"no\"><\/iframe><\/p>\n<p>&nbsp;<\/p>\n<p>&nbsp;<\/p>\n<p>&nbsp;<\/p>\n<p>&nbsp;<\/p>\n<p>&nbsp;<\/p>\n","protected":false},"excerpt":{"rendered":"<p>Choix de la r\u00e9daction Ludwig van Montr\u00e9al: les plus beaux concerts de musique classique \u00e0 Montr\u00e9al et ailleurs au Qu\u00e9bec du 15 au 20 octobre 2019. <\/p>\n","protected":false},"author":51,"featured_media":62200,"comment_status":"open","ping_status":"open","sticky":false,"template":"","format":"standard","meta":{"om_disable_all_campaigns":false,"jetpack_post_was_ever_published":false},"categories":[28802,10994],"tags":[28789,15468,20645],"yst_prominent_words":[13371,13370,9878,9863,13120,13117,13445,35525,35524,35523,9877,13123,13119,35527,35526,35487,11696,13116,13118,35464],"acf":[],"jetpack_featured_media_url":"https:\/\/www.ludwig-van.com\/montreal\/wp-content\/uploads\/sites\/3\/2019\/10\/choix-7-octobre-final.jpg","jetpack_sharing_enabled":true,"jetpack_shortlink":"https:\/\/wp.me\/p9bdYt-gaB","amp_enabled":true,"_links":{"self":[{"href":"https:\/\/www.ludwig-van.com\/montreal\/wp-json\/wp\/v2\/posts\/62161"}],"collection":[{"href":"https:\/\/www.ludwig-van.com\/montreal\/wp-json\/wp\/v2\/posts"}],"about":[{"href":"https:\/\/www.ludwig-van.com\/montreal\/wp-json\/wp\/v2\/types\/post"}],"author":[{"embeddable":true,"href":"https:\/\/www.ludwig-van.com\/montreal\/wp-json\/wp\/v2\/users\/51"}],"replies":[{"embeddable":true,"href":"https:\/\/www.ludwig-van.com\/montreal\/wp-json\/wp\/v2\/comments?post=62161"}],"version-history":[{"count":9,"href":"https:\/\/www.ludwig-van.com\/montreal\/wp-json\/wp\/v2\/posts\/62161\/revisions"}],"predecessor-version":[{"id":62337,"href":"https:\/\/www.ludwig-van.com\/montreal\/wp-json\/wp\/v2\/posts\/62161\/revisions\/62337"}],"wp:featuredmedia":[{"embeddable":true,"href":"https:\/\/www.ludwig-van.com\/montreal\/wp-json\/wp\/v2\/media\/62200"}],"wp:attachment":[{"href":"https:\/\/www.ludwig-van.com\/montreal\/wp-json\/wp\/v2\/media?parent=62161"}],"wp:term":[{"taxonomy":"category","embeddable":true,"href":"https:\/\/www.ludwig-van.com\/montreal\/wp-json\/wp\/v2\/categories?post=62161"},{"taxonomy":"post_tag","embeddable":true,"href":"https:\/\/www.ludwig-van.com\/montreal\/wp-json\/wp\/v2\/tags?post=62161"},{"taxonomy":"yst_prominent_words","embeddable":true,"href":"https:\/\/www.ludwig-van.com\/montreal\/wp-json\/wp\/v2\/yst_prominent_words?post=62161"}],"curies":[{"name":"wp","href":"https:\/\/api.w.org\/{rel}","templated":true}]}}