{"id":61817,"date":"2019-10-07T09:37:05","date_gmt":"2019-10-07T13:37:05","guid":{"rendered":"https:\/\/www.ludwig-van.com\/montreal\/?p=61817"},"modified":"2019-10-07T14:20:23","modified_gmt":"2019-10-07T18:20:23","slug":"nouvelle-violons-rescapes-de-seconde-guerre-mondiale-oncert-lorchestre-metropolitain","status":"publish","type":"post","link":"https:\/\/www.ludwig-van.com\/montreal\/2019\/10\/07\/nouvelle-violons-rescapes-de-seconde-guerre-mondiale-oncert-lorchestre-metropolitain\/","title":{"rendered":"NOUVELLE  | Huit \u00ab\u00a0Violons de l&rsquo;Espoir\u00a0\u00bb rescap\u00e9s de l&rsquo;Holocauste seront jou\u00e9s par l&rsquo;Orchestre M\u00e9tropolitain"},"content":{"rendered":"<figure id=\"attachment_61818\" aria-describedby=\"caption-attachment-61818\" style=\"width: 1200px\" class=\"wp-caption aligncenter\"><img decoding=\"async\" loading=\"lazy\" class=\"wp-image-61818 size-full\" src=\"https:\/\/www.ludwig-van.com\/montreal\/wp-content\/uploads\/sites\/3\/2019\/10\/Violons-espoir-cover-final.jpg\" alt=\"Amnon Weinstein, luthier\" width=\"1200\" height=\"628\" srcset=\"https:\/\/www.ludwig-van.com\/montreal\/wp-content\/uploads\/sites\/3\/2019\/10\/Violons-espoir-cover-final.jpg 1200w, https:\/\/www.ludwig-van.com\/montreal\/wp-content\/uploads\/sites\/3\/2019\/10\/Violons-espoir-cover-final-300x157.jpg 300w, https:\/\/www.ludwig-van.com\/montreal\/wp-content\/uploads\/sites\/3\/2019\/10\/Violons-espoir-cover-final-768x402.jpg 768w, https:\/\/www.ludwig-van.com\/montreal\/wp-content\/uploads\/sites\/3\/2019\/10\/Violons-espoir-cover-final-1024x536.jpg 1024w\" sizes=\"(max-width: 1200px) 100vw, 1200px\" \/><figcaption id=\"caption-attachment-61818\" class=\"wp-caption-text\">Le luthier isra\u00e9lien Amnon Weinstein a pass\u00e9 vingt ans \u00e0 restaurer des violons rescap\u00e9s de la Seconde Guerre mondiale. (Photos : courtoisie)<\/figcaption><\/figure>\n<p>Les <strong>Violons de l&rsquo;Espoir<\/strong>, une pr\u00e9cieuse collection de violons ayant \u00e9chapp\u00e9 \u00e0 la destruction pendant la Seconde Guerre mondiale et restaur\u00e9s, seront en d\u00e9monstration pour la premi\u00e8re fois au Canada et jou\u00e9s \u00e0 l&rsquo;occasion d&rsquo;un concert avec l&rsquo;<strong>Orchestre M\u00e9tropolitain<\/strong>, le 2 novembre prochain \u00e0 la Maison symphonique.<\/p>\n<p>Ces violons, qui appartenaient \u00e0 des musiciens juifs avant et durant l&rsquo;Holocauste, ont r\u00e9sist\u00e9 aux pogroms, aux camps de concentration et \u00e0 l\u2019usure du temps. Ils ont \u00e9t\u00e9 restaur\u00e9s par le luthier isra\u00e9lien\u00a0<strong>Amnon Weinstein<\/strong> et par son fils <strong>Avshalom<\/strong>, qui ont remis en \u00e9tat une collection de 70 instruments. Huit d&rsquo;entre eux seront jou\u00e9s lors de ce concert de l&rsquo;<strong>Orchestre M\u00e9tropolitain<\/strong> pr\u00e9sent\u00e9 par le <strong>Mus\u00e9e de l&rsquo;Holocauste de Montr\u00e9al<\/strong>. Le luthier a entrepris ce travail de restauration il y a vingt ans dans son atelier, \u00e0 Tel Aviv.<\/p>\n<p>Pass\u00e9s de main en main jusqu&rsquo;\u00e0 aujourd&rsquo;hui, ces instruments sont de v\u00e9ritables t\u00e9moins de l&rsquo;Histoire. <strong>Amnon Weinstein<\/strong> s&rsquo;est donn\u00e9 la mission de retrouver tous ces violons et de les sauver pour entretenir la m\u00e9moire des victimes tout en portant un message d&rsquo;espoir et de paix.<\/p>\n<p>On connait des d\u00e9tails sur l&rsquo;origine de certains des huit violons que l&rsquo;on pourra entendre \u00e0 la Maison symphonique. L&rsquo;un d&rsquo;entre eux, identifi\u00e9 comme \u00ab\u00a0The Hecht Violin\u00a0\u00bb appartenait \u00e0 une famille juive, les Hecht, ayant fui l&rsquo;Allemagne pour s&rsquo;\u00e9tablir \u00e0 Amsterdam, aux Pays-Bas, lorsque les nazis ont pris le pouvoir.<\/p>\n<p>En 1943, les nazis avaient arr\u00eat\u00e9 la plupart des Juifs d&rsquo;Amsterdam pour les d\u00e9porter \u00e0 Westerbork, un camp de transition situ\u00e9 aux Pays-Bas, pour les envoyer ensuite \u00e0 <strong>Auschwitz.<\/strong> Fanny Hecht, la m\u00e8re de famille, craignait que les siens soient aussi arr\u00eat\u00e9s. Elle confia le violon \u00e0 sa voisine chr\u00e9tienne, une d\u00e9nomm\u00e9e Helena Visser.<\/p>\n<p>Peu de temps apr\u00e8s, la famille Hecht fut captur\u00e9e par les nazis et aucun de ses membres ne surv\u00e9cut. Le violon des Hecht fut conserv\u00e9 par la famille Visser pendant 74 ans. Ils souhaitaient le donner \u00e0 une famille juive. Lorsqu&rsquo;ils ont entendu parler des Violons de l&rsquo;Espoir, ils ont pris l&rsquo;avion pour Isra\u00ebl et ils en ont fait don \u00e0 <strong>Amnon Weinstein<\/strong>.<\/p>\n<p>Ceci n&rsquo;est qu&rsquo;un exemple des histoires incroyables qu&rsquo;ont v\u00e9cues ces violons venus d&rsquo;un peu partout en Europe, et du destin tragique de leurs propri\u00e9taires.<\/p>\n<h2>Concert des Violons de l&rsquo;Espoir<\/h2>\n<p>Ce concert du 2 novembre \u00e0 la Maison symphonique sera un hommage aux victimes de l\u2019Holocauste \u00e0 l\u2019occasion du 75e anniversaire de la lib\u00e9ration des Pays-Bas par les Forces arm\u00e9es canadiennes. En 1944, l&rsquo;Arm\u00e9e canadienne a combattu les forces allemandes qui \u00e9taient install\u00e9es sur les berges du fleuve Escaut, aux Pays-Bas, ce qui permit de lib\u00e9rer le port d&rsquo;Anvers, en Belgique, dont l&rsquo;acc\u00e8s \u00e9tait essentiel au ravitaillement des Alli\u00e9s.<\/p>\n<p>\u00c0 l&rsquo;occasion de ce concert dirig\u00e9 par le chef n\u00e9erlandais <strong>Vincent de Kort<\/strong>, on pourra entendre des \u0153uvres de Jean-S\u00e9bastien Bach, Mendelssohn, Mahler, Jocelyn Morlock, ainsi que la premi\u00e8re de <em>Journaux de guerre d\u2019enfants<\/em> du compositeur canadien, <strong>Jaap Nico Hamburger<\/strong>, qui est le <a href=\"https:\/\/www.ludwig-van.com\/montreal\/2019\/07\/18\/nouvelle-nouveau-compositeur-residence-mecenat-musica\/\" target=\"_blank\" rel=\"noopener\">nouveau compositeur en r\u00e9sidence de M\u00e9c\u00e9nat Musica<\/a>.<\/p>\n<p>Cette nouvelle symphonie du compositeur de Vancouver s\u2019inspire d\u2019une compilation de journaux intimes d\u2019adolescents assassin\u00e9s pendant la guerre, ainsi que d\u2019une visite au M\u00e9morial des enfants de Yad Vashem. Participeront \u00e9galement au concert la soprano <strong>Sharon Azrieli<\/strong> et le cantor <strong>Gideon Zelermyer. <\/strong>L&rsquo;ensemble <strong>Voces Bor\u00e9ales<\/strong> fera \u00e9galement partie du concert.<\/p>\n<p><strong>Les Violons de l&rsquo;Espoir, Orchestre M\u00e9tropolitain, 2 novembre 2019, 19 h 30, Maison symphonique.\u00a0<\/strong><\/p>\n<p><a href=\"https:\/\/placedesarts.com\/fr\/evenement\/les-violons-de-lespoir\" target=\"_blank\" rel=\"noopener\">POUR PLUS DE D\u00c9TAILS ET DES BILLETS POUR CE CONCERT DES VIOLONS DE L&rsquo;ESPOIR.<\/a><\/p>\n<h2>LIRE AUSSI :<\/h2>\n<blockquote class=\"wp-embedded-content\" data-secret=\"jTyBxeaXl7\"><p><a href=\"https:\/\/www.ludwig-van.com\/montreal\/2019\/10\/03\/concerts-bach-before-bedtime-announces-exciting-new-season\/\">CONCERTS | Bach Before Bedtime Announces Exciting New Season<\/a><\/p><\/blockquote>\n<p><iframe class=\"wp-embedded-content\" sandbox=\"allow-scripts\" security=\"restricted\" style=\"position: absolute; clip: rect(1px, 1px, 1px, 1px);\" src=\"https:\/\/www.ludwig-van.com\/montreal\/2019\/10\/03\/concerts-bach-before-bedtime-announces-exciting-new-season\/embed\/#?secret=jTyBxeaXl7\" data-secret=\"jTyBxeaXl7\" width=\"600\" height=\"338\" title=\"\u00ab\u00a0CONCERTS | Bach Before Bedtime Announces Exciting New Season\u00a0\u00bb &#8212; Ludwig Van Montreal\" frameborder=\"0\" marginwidth=\"0\" marginheight=\"0\" scrolling=\"no\"><\/iframe><\/p>\n<p>&nbsp;<\/p>\n<p>&nbsp;<\/p>\n<p>&nbsp;<\/p>\n<p>&nbsp;<\/p>\n<p>&nbsp;<\/p>\n<p>&nbsp;<\/p>\n","protected":false},"excerpt":{"rendered":"<p>Les Violons de l&rsquo;Espoir, une pr\u00e9cieuse collection de violons ayant \u00e9chapp\u00e9 \u00e0 la destruction pendant la Seconde Guerre mondiale et restaur\u00e9s, seront en d\u00e9monstration pour la premi\u00e8re fois au Canada et jou\u00e9s \u00e0 l&rsquo;occasion d&rsquo;un concert avec l&rsquo;Orchestre M\u00e9tropolitain, le 2 novembre prochain \u00e0 la Maison symphonique. <\/p>\n","protected":false},"author":51,"featured_media":61818,"comment_status":"open","ping_status":"open","sticky":false,"template":"","format":"standard","meta":{"om_disable_all_campaigns":false,"jetpack_post_was_ever_published":false},"categories":[28802,10956,10992],"tags":[28789,35013],"yst_prominent_words":[35014,35000,7202,35018,35017,35021,35011,35020,35009,35006,35003,35008,35005,35004,9869,11452,35010,35007,9975,35002],"acf":[],"jetpack_featured_media_url":"https:\/\/www.ludwig-van.com\/montreal\/wp-content\/uploads\/sites\/3\/2019\/10\/Violons-espoir-cover-final.jpg","jetpack_sharing_enabled":true,"jetpack_shortlink":"https:\/\/wp.me\/p9bdYt-g53","amp_enabled":true,"_links":{"self":[{"href":"https:\/\/www.ludwig-van.com\/montreal\/wp-json\/wp\/v2\/posts\/61817"}],"collection":[{"href":"https:\/\/www.ludwig-van.com\/montreal\/wp-json\/wp\/v2\/posts"}],"about":[{"href":"https:\/\/www.ludwig-van.com\/montreal\/wp-json\/wp\/v2\/types\/post"}],"author":[{"embeddable":true,"href":"https:\/\/www.ludwig-van.com\/montreal\/wp-json\/wp\/v2\/users\/51"}],"replies":[{"embeddable":true,"href":"https:\/\/www.ludwig-van.com\/montreal\/wp-json\/wp\/v2\/comments?post=61817"}],"version-history":[{"count":11,"href":"https:\/\/www.ludwig-van.com\/montreal\/wp-json\/wp\/v2\/posts\/61817\/revisions"}],"predecessor-version":[{"id":61908,"href":"https:\/\/www.ludwig-van.com\/montreal\/wp-json\/wp\/v2\/posts\/61817\/revisions\/61908"}],"wp:featuredmedia":[{"embeddable":true,"href":"https:\/\/www.ludwig-van.com\/montreal\/wp-json\/wp\/v2\/media\/61818"}],"wp:attachment":[{"href":"https:\/\/www.ludwig-van.com\/montreal\/wp-json\/wp\/v2\/media?parent=61817"}],"wp:term":[{"taxonomy":"category","embeddable":true,"href":"https:\/\/www.ludwig-van.com\/montreal\/wp-json\/wp\/v2\/categories?post=61817"},{"taxonomy":"post_tag","embeddable":true,"href":"https:\/\/www.ludwig-van.com\/montreal\/wp-json\/wp\/v2\/tags?post=61817"},{"taxonomy":"yst_prominent_words","embeddable":true,"href":"https:\/\/www.ludwig-van.com\/montreal\/wp-json\/wp\/v2\/yst_prominent_words?post=61817"}],"curies":[{"name":"wp","href":"https:\/\/api.w.org\/{rel}","templated":true}]}}