{"id":61793,"date":"2019-10-06T21:13:23","date_gmt":"2019-10-07T01:13:23","guid":{"rendered":"https:\/\/www.ludwig-van.com\/montreal\/?p=61793"},"modified":"2019-10-07T15:38:57","modified_gmt":"2019-10-07T19:38:57","slug":"choix-de-la-redaction-10-concerts-de-musique-classique-a-decouvrir-au-quebec-cette-semaine","status":"publish","type":"post","link":"https:\/\/www.ludwig-van.com\/montreal\/2019\/10\/06\/choix-de-la-redaction-10-concerts-de-musique-classique-a-decouvrir-au-quebec-cette-semaine\/","title":{"rendered":"CHOIX DE LA R\u00c9DACTION  | 10 concerts de musique classique \u00e0 d\u00e9couvrir au Qu\u00e9bec cette semaine"},"content":{"rendered":"<figure id=\"attachment_61802\" aria-describedby=\"caption-attachment-61802\" style=\"width: 1200px\" class=\"wp-caption aligncenter\"><img decoding=\"async\" loading=\"lazy\" class=\"size-full wp-image-61802\" src=\"https:\/\/www.ludwig-van.com\/montreal\/wp-content\/uploads\/sites\/3\/2019\/10\/Choix-r\u00e9daction-7-octobre.jpg\" alt=\"\" width=\"1200\" height=\"629\" srcset=\"https:\/\/www.ludwig-van.com\/montreal\/wp-content\/uploads\/sites\/3\/2019\/10\/Choix-r\u00e9daction-7-octobre.jpg 1200w, https:\/\/www.ludwig-van.com\/montreal\/wp-content\/uploads\/sites\/3\/2019\/10\/Choix-r\u00e9daction-7-octobre-300x157.jpg 300w, https:\/\/www.ludwig-van.com\/montreal\/wp-content\/uploads\/sites\/3\/2019\/10\/Choix-r\u00e9daction-7-octobre-768x403.jpg 768w, https:\/\/www.ludwig-van.com\/montreal\/wp-content\/uploads\/sites\/3\/2019\/10\/Choix-r\u00e9daction-7-octobre-1024x537.jpg 1024w\" sizes=\"(max-width: 1200px) 100vw, 1200px\" \/><figcaption id=\"caption-attachment-61802\" class=\"wp-caption-text\">St\u00e9phane T\u00e9treault, Alondra de la Para, Marie-Nicole Lemieux, M\u00e9lanie L\u00e9onard, Jean-Fran\u00e7ois Rivest. (Photos : Luc Robitaille, Felix Broede, SIX Media, Robert Provencher, courtoisie)<\/figcaption><\/figure>\n<h3 style=\"text-align: center;\"><\/h3>\n<h3>Bien que l&rsquo;OSM soit en tourn\u00e9e en Am\u00e9rique du Sud, les concerts de musique classique ne manquent pas pour autant cette semaine. <strong>Voici nos choix de la r\u00e9daction, du 7 au 13 octobre.\u00a0<\/strong><\/h3>\n<p>&nbsp;<\/p>\n<figure id=\"attachment_61706\" aria-describedby=\"caption-attachment-61706\" style=\"width: 2019px\" class=\"wp-caption aligncenter\"><img decoding=\"async\" loading=\"lazy\" class=\"size-full wp-image-61706\" src=\"https:\/\/www.ludwig-van.com\/montreal\/wp-content\/uploads\/sites\/3\/2019\/10\/Marie-Nicole-Lemieux-Six-media-1.jpg\" alt=\"Marie-Nicole Lemieux (Photo : courtoisie de SIX M\u00e9dia)\" width=\"2019\" height=\"2048\" srcset=\"https:\/\/www.ludwig-van.com\/montreal\/wp-content\/uploads\/sites\/3\/2019\/10\/Marie-Nicole-Lemieux-Six-media-1.jpg 2019w, https:\/\/www.ludwig-van.com\/montreal\/wp-content\/uploads\/sites\/3\/2019\/10\/Marie-Nicole-Lemieux-Six-media-1-296x300.jpg 296w, https:\/\/www.ludwig-van.com\/montreal\/wp-content\/uploads\/sites\/3\/2019\/10\/Marie-Nicole-Lemieux-Six-media-1-768x779.jpg 768w, https:\/\/www.ludwig-van.com\/montreal\/wp-content\/uploads\/sites\/3\/2019\/10\/Marie-Nicole-Lemieux-Six-media-1-1010x1024.jpg 1010w\" sizes=\"(max-width: 2019px) 100vw, 2019px\" \/><figcaption id=\"caption-attachment-61706\" class=\"wp-caption-text\">Marie-Nicole Lemieux (Photo : courtoisie de SIX M\u00e9dia)<\/figcaption><\/figure>\n<h2>L&rsquo;Invitation au voyage de Marie-Nicole Lemieux<\/h2>\n<p>La contralto qu\u00e9b\u00e9coise <strong>Marie-Nicole Lemieux<\/strong> poursuit sa tourn\u00e9e de dix villes du Qu\u00e9bec entam\u00e9e la semaine derni\u00e8re \u00e0 la salle Bourgie avec son spectacle m\u00ealant musique, po\u00e9sie et th\u00e9\u00e2tre en compagnie de l&rsquo;acteur <strong>Raymond Cloutier<\/strong> et du pianiste <strong>Daniel Blumenthal<\/strong>, <em>L&rsquo;Invitation au voyage<\/em>, un programme autour des po\u00e8mes de <strong>Charles Baudelaire.<\/strong> Cette semaine, le trio s&rsquo;arr\u00eatera \u00e0 Qu\u00e9bec (d\u00e9j\u00e0 complet), <a href=\"https:\/\/www.spectart.com\/programmation\/detail.php?di=1474&amp;sid=3&amp;dis=3\" target=\"_blank\" rel=\"noopener\">Rimouski <\/a>(9 octobre), <a href=\"https:\/\/theatregillesvigneault.tuxedobillet.com\/main\/marie-nicole-lemieux\" target=\"_blank\" rel=\"noopener\">Saint-J\u00e9r\u00f4me <\/a>(11 octobre), et <a href=\"https:\/\/spec.qc.ca\/spectacle\/marie-nicole-lemieux-et-raymond-cloutier\" target=\"_blank\" rel=\"noopener\">Saint-Jean-sur-Richelieu<\/a> (13 octobre).<\/p>\n<p><a href=\"https:\/\/www.ludwig-van.com\/montreal\/2019\/10\/06\/critique-marie-nicole-lemieux-baudelaire\/\" target=\"_blank\" rel=\"noopener\">LIRE NOTRE CRITIQUE DU SPECTACLE L&rsquo;INVITATION AU VOYAGE DE MARIE-NICOLE LEMIEUX<\/a><\/p>\n<p>&nbsp;<\/p>\n<p>&nbsp;<\/p>\n<p>&nbsp;<\/p>\n<figure id=\"attachment_47330\" aria-describedby=\"caption-attachment-47330\" style=\"width: 1024px\" class=\"wp-caption aligncenter\"><img decoding=\"async\" loading=\"lazy\" class=\"wp-image-47330 size-full\" src=\"https:\/\/www.ludwig-van.com\/montreal\/wp-content\/uploads\/sites\/3\/2017\/09\/Alain-Lefevre-2.jpg\" alt=\"Alain Lef\u00e8vre, pianiste\" width=\"1024\" height=\"1466\" srcset=\"https:\/\/www.ludwig-van.com\/montreal\/wp-content\/uploads\/sites\/3\/2017\/09\/Alain-Lefevre-2.jpg 1024w, https:\/\/www.ludwig-van.com\/montreal\/wp-content\/uploads\/sites\/3\/2017\/09\/Alain-Lefevre-2-210x300.jpg 210w, https:\/\/www.ludwig-van.com\/montreal\/wp-content\/uploads\/sites\/3\/2017\/09\/Alain-Lefevre-2-768x1100.jpg 768w, https:\/\/www.ludwig-van.com\/montreal\/wp-content\/uploads\/sites\/3\/2017\/09\/Alain-Lefevre-2-715x1024.jpg 715w\" sizes=\"(max-width: 1024px) 100vw, 1024px\" \/><figcaption id=\"caption-attachment-47330\" class=\"wp-caption-text\">Alain Lef\u00e8vre, pianiste. (Photo : courtoisie).<\/figcaption><\/figure>\n<h2>Qu\u00e9bec : Alain Lef\u00e8vre en concert \u00e0 l&rsquo;OSQ<\/h2>\n<p><strong>Alain Lef\u00e8vre<\/strong> joue le Concerto no 5 \u00ab\u00a0Empereur\u00a0\u00bb de Beethoven avec l&rsquo;<strong>Orchestre symphonique de Qu\u00e9bec<\/strong> cette semaine, deux fois le m\u00eame jour. La repr\u00e9sentation du soir \u00e0 19 h 30 affichant complet, une suppl\u00e9mentaire a \u00e9t\u00e9 ajout\u00e9e en matin\u00e9e \u00e0 10 h 30. Aussi au programme, des extraits du Songe d&rsquo;une nuit d&rsquo;\u00e9t\u00e9, de Mendelssohn. Sous la direction de <strong>Julien Masmondet.\u00a0 Mercredi 9 octobre, 10 h 30 et 19 h 30, Palais-Montcalm.<\/strong> <a href=\"https:\/\/www.osq.org\/concerts\/supplementaire-alain-lefevre-joue-l-empereur\/\" target=\"_blank\" rel=\"noopener\">D\u00c9TAILS<\/a><\/p>\n<p>&nbsp;<\/p>\n<figure id=\"attachment_61710\" aria-describedby=\"caption-attachment-61710\" style=\"width: 1200px\" class=\"wp-caption aligncenter\"><img decoding=\"async\" loading=\"lazy\" class=\"size-full wp-image-61710\" src=\"https:\/\/www.ludwig-van.com\/montreal\/wp-content\/uploads\/sites\/3\/2019\/10\/Ravel-transatlantique-e1570037785413.jpg\" alt=\"Percussions Claviers de Lyon (Photo : C\u00e9dric Rouilliat)\" width=\"1200\" height=\"745\" \/><figcaption id=\"caption-attachment-61710\" class=\"wp-caption-text\">Percussions Claviers de Lyon (Photo : C\u00e9dric Rouilliat)<\/figcaption><\/figure>\n<h2>Ravel transatlantique<\/h2>\n<p>Les <strong>Percussions claviers de Lyon<\/strong>, avec la pianiste <strong>H\u00e9l\u00e8ne Tysman<\/strong>, pr\u00e9sentent le concert <em>Ravel transatlantique<\/em>, avec un programme Ravel et Gershwin, comprenant des arrangements de\u00a0<em>Gaspard de la nuit<\/em> et <em>Rhapsody in Blue<\/em>. <strong>Mercredi 9 octobre, 19 h 30, salle Bourgie.<\/strong> <a href=\"https:\/\/www.mbam.qc.ca\/achats-en-ligne\/concerts\/ravel-transatlantique-les-percussions-claviers-de-lyon\/8631\/\" target=\"_blank\" rel=\"noopener\">D\u00c9TAILS<\/a><\/p>\n<p>&nbsp;<\/p>\n<p>&nbsp;<\/p>\n<figure id=\"attachment_60970\" aria-describedby=\"caption-attachment-60970\" style=\"width: 1024px\" class=\"wp-caption aligncenter\"><img decoding=\"async\" loading=\"lazy\" class=\"wp-image-60970 size-full\" src=\"https:\/\/www.ludwig-van.com\/montreal\/wp-content\/uploads\/sites\/3\/2017\/09\/10-oct-Philippe-Gagne\u0301-cre\u0301dit-Pierre-E\u0301tienne-Bergeron.jpg\" alt=\"Philippe Gagne\u0301\" width=\"1024\" height=\"731\" srcset=\"https:\/\/www.ludwig-van.com\/montreal\/wp-content\/uploads\/sites\/3\/2017\/09\/10-oct-Philippe-Gagne\u0301-cre\u0301dit-Pierre-E\u0301tienne-Bergeron.jpg 1024w, https:\/\/www.ludwig-van.com\/montreal\/wp-content\/uploads\/sites\/3\/2017\/09\/10-oct-Philippe-Gagne\u0301-cre\u0301dit-Pierre-E\u0301tienne-Bergeron-300x214.jpg 300w, https:\/\/www.ludwig-van.com\/montreal\/wp-content\/uploads\/sites\/3\/2017\/09\/10-oct-Philippe-Gagne\u0301-cre\u0301dit-Pierre-E\u0301tienne-Bergeron-768x548.jpg 768w\" sizes=\"(max-width: 1024px) 100vw, 1024px\" \/><figcaption id=\"caption-attachment-60970\" class=\"wp-caption-text\">Philippe Gagn\u00e9, t\u00e9nor. (Photo : Pierre-\u00c9tienne Bergeron)<\/figcaption><\/figure>\n<h2>Musique pour la chambre du roi<\/h2>\n<p><strong>Philippe Gagn\u00e9<\/strong>, t\u00e9nor, <strong>M\u00e9lisande Corriveau<\/strong> \u00e0 la viole de gambe, et <strong>Eric Milnes<\/strong> au clavecin pr\u00e9sentent <em>Musique pour la chambre du roi<\/em>, un programme d&rsquo;\u0153uvres de Marin Marais et de Marc-Antoine Charpentier. <strong>Jeudi 10 octobre, 19 h 30, Chapelle historique du Bon-Pasteur.<\/strong> <a href=\"https:\/\/www.ludwig-van.com\/montreal\/event\/chapelle-historique-pasteur-musique-chambre-roi\/\" target=\"_blank\" rel=\"noopener\">D\u00c9TAILS<\/a><\/p>\n<p>&nbsp;<\/p>\n<p>&nbsp;<\/p>\n<figure id=\"attachment_48759\" aria-describedby=\"caption-attachment-48759\" style=\"width: 1024px\" class=\"wp-caption aligncenter\"><img decoding=\"async\" loading=\"lazy\" class=\"wp-image-48759 size-full\" src=\"https:\/\/www.ludwig-van.com\/montreal\/wp-content\/uploads\/sites\/3\/2017\/10\/Stephane_Tetreault_credit_Luc_Robitaille_web.jpg\" alt=\"St\u00e9phane T\u00e9treault, violoncelliste. (Cr\u00e9dit: Luc Robitaille)\" width=\"1024\" height=\"769\" srcset=\"https:\/\/www.ludwig-van.com\/montreal\/wp-content\/uploads\/sites\/3\/2017\/10\/Stephane_Tetreault_credit_Luc_Robitaille_web.jpg 1024w, https:\/\/www.ludwig-van.com\/montreal\/wp-content\/uploads\/sites\/3\/2017\/10\/Stephane_Tetreault_credit_Luc_Robitaille_web-300x225.jpg 300w, https:\/\/www.ludwig-van.com\/montreal\/wp-content\/uploads\/sites\/3\/2017\/10\/Stephane_Tetreault_credit_Luc_Robitaille_web-768x577.jpg 768w\" sizes=\"(max-width: 1024px) 100vw, 1024px\" \/><figcaption id=\"caption-attachment-48759\" class=\"wp-caption-text\">St\u00e9phane T\u00e9treault, violoncelliste. (Cr\u00e9dit : Luc Robitaille)<\/figcaption><\/figure>\n<h2>M\u00e9lanie L\u00e9onard et St\u00e9phane T\u00e9treault aux Violons du Roy<\/h2>\n<p>La cheffe qu\u00e9b\u00e9coise M\u00e9lanie L\u00e9onard dirige cette semaine les Violons du Roy dans <em>Beaut\u00e9s bor\u00e9ales<\/em>, un programme d\u00e9di\u00e9 aux compositeurs scandinaves et russes. Le violoncelliste St\u00e9phane T\u00e9treault participe au concert avec la pi\u00e8ce <em>Klabutne<\/em> (qui signifie \u00ab\u00a0pr\u00e9sence\u00a0\u00bb) pour violoncelle et orchestre \u00e0 cordes du letton <strong>Peter Vasks. Le jeudi 10 octobre, 14 h, Palais Montcalm, et le vendredi 11 octobre, 19 h 30, Salle Bourgie.\u00a0<\/strong><a href=\"http:\/\/www.violonsduroy.com\/fr\/evenements\/beautes-boreales-avec-stephane-tetreault\/2019-10-10-14-00\" target=\"_blank\" rel=\"noopener\">D\u00c9TAILS<\/a><\/p>\n<p>&nbsp;<\/p>\n<p>&nbsp;<\/p>\n<figure id=\"attachment_61794\" aria-describedby=\"caption-attachment-61794\" style=\"width: 1200px\" class=\"wp-caption aligncenter\"><img decoding=\"async\" loading=\"lazy\" class=\"wp-image-61794 size-full\" src=\"https:\/\/www.ludwig-van.com\/montreal\/wp-content\/uploads\/sites\/3\/2019\/10\/Alondra-de-la-Para-cr-Felix-Broede-web-1.jpg\" alt=\"Alondra de la Parra, conductor, cheffe d'orchestre\" width=\"1200\" height=\"800\" srcset=\"https:\/\/www.ludwig-van.com\/montreal\/wp-content\/uploads\/sites\/3\/2019\/10\/Alondra-de-la-Para-cr-Felix-Broede-web-1.jpg 1200w, https:\/\/www.ludwig-van.com\/montreal\/wp-content\/uploads\/sites\/3\/2019\/10\/Alondra-de-la-Para-cr-Felix-Broede-web-1-300x200.jpg 300w, https:\/\/www.ludwig-van.com\/montreal\/wp-content\/uploads\/sites\/3\/2019\/10\/Alondra-de-la-Para-cr-Felix-Broede-web-1-768x512.jpg 768w, https:\/\/www.ludwig-van.com\/montreal\/wp-content\/uploads\/sites\/3\/2019\/10\/Alondra-de-la-Para-cr-Felix-Broede-web-1-1024x683.jpg 1024w\" sizes=\"(max-width: 1200px) 100vw, 1200px\" \/><figcaption id=\"caption-attachment-61794\" class=\"wp-caption-text\">La cheffe d&rsquo;orchestre mexicaine Alondra de la Parra dirigera l&rsquo;Orchestre M\u00e9tropolitain cette semaine. (Photo : F\u00e9lix Broede)<\/figcaption><\/figure>\n<h2>Alondra de la Parra dirige l&rsquo;Orchestre M\u00e9tropolitain<\/h2>\n<p>La cheffe d&rsquo;orchestre mexicaine <strong>Alondra de la Parra<\/strong> dirige l&rsquo;<strong>Orchestre M\u00e9tropolitain<\/strong> dans la Symphonie no 9 \u00ab\u00a0Nouveau monde\u00a0\u00bb de Dvo\u0159\u00e1k, <em>Appalachian Springs<\/em> de Copland, et une cr\u00e9ation : un Concerto pour cor anglais de la compositrice canadienne\u00a0Karen Sunabacka. Soliste : <strong>M\u00e9lanie Harel<\/strong>. <strong>Le jeudi 10 octobre, Maison symphonique, le 11 octobre \u00e0 Pointe-Claire,\u00a0le 12 octobre \u00e0 Ahuntsic-Cartierville et le 13 octobre \u00e0 Rosemont-La Petite-Patrie, .<\/strong> <a href=\"https:\/\/orchestremetropolitain.com\/fr\/concert\/symphonie-nouveau-monde\/\" target=\"_blank\" rel=\"noopener\">D\u00c9TAILS<\/a><\/p>\n<p>&nbsp;<\/p>\n<figure id=\"attachment_47990\" aria-describedby=\"caption-attachment-47990\" style=\"width: 700px\" class=\"wp-caption aligncenter\"><img decoding=\"async\" loading=\"lazy\" class=\"wp-image-47990 size-full\" src=\"https:\/\/www.ludwig-van.com\/montreal\/wp-content\/uploads\/sites\/3\/2017\/09\/OUM_AngeDestin_Rivest_UdeM_14oct17-1.jpg\" alt=\"Jean-Fran\u00e7ois Rivest \" width=\"700\" height=\"467\" srcset=\"https:\/\/www.ludwig-van.com\/montreal\/wp-content\/uploads\/sites\/3\/2017\/09\/OUM_AngeDestin_Rivest_UdeM_14oct17-1.jpg 700w, https:\/\/www.ludwig-van.com\/montreal\/wp-content\/uploads\/sites\/3\/2017\/09\/OUM_AngeDestin_Rivest_UdeM_14oct17-1-300x200.jpg 300w\" sizes=\"(max-width: 700px) 100vw, 700px\" \/><figcaption id=\"caption-attachment-47990\" class=\"wp-caption-text\">Jean-Fran\u00e7ois Rivest (Photo : courtoisie)<\/figcaption><\/figure>\n<h2>Chostakovitch et la <em>Gloire sovi\u00e9tique<\/em> \u00e0 l&rsquo;OUM<\/h2>\n<p>Le premier grand concert de l&rsquo;<strong>Orchestre symphonique de l&rsquo;Universit\u00e9 de Montr\u00e9al<\/strong> se d\u00e9roulera sous le th\u00e8me des compositeurs sovi\u00e9tiques, avec l&rsquo;extraordinaire Symphonie no 5 de Chostakovitch et une version pour fl\u00fbte (transcription de Jean-Pierre Rampal) du Concerto pour violon d&rsquo;Aram Khatchatourian avec la fl\u00fbtiste <strong>Jaena Kim<\/strong>, 1er prix du Concours de concerto 2019 de l&rsquo;OUM. Aussi au programme, une cr\u00e9ation d&rsquo;une pi\u00e8ce de <strong>Benoit Groulx<\/strong>, 1er prix du Concours de composition\u00a0 2019 de l&rsquo;OUM. <strong>Samedi 12 octobre, 19 h 30, Salle Claude-Champagne.<\/strong> <a href=\"https:\/\/calendrier.umontreal.ca\/musique\/?com=detail&amp;eID=877261\" target=\"_blank\" rel=\"noopener\">D\u00c9TAILS<\/a><\/p>\n<p>&nbsp;<\/p>\n<figure id=\"attachment_50235\" aria-describedby=\"caption-attachment-50235\" style=\"width: 700px\" class=\"wp-caption aligncenter\"><img decoding=\"async\" loading=\"lazy\" class=\"size-full wp-image-50235\" src=\"https:\/\/www.ludwig-van.com\/montreal\/wp-content\/uploads\/sites\/3\/2017\/12\/Le-grenier-des-Molinari.jpg\" alt=\"Le grenier des Molinari\" width=\"700\" height=\"395\" srcset=\"https:\/\/www.ludwig-van.com\/montreal\/wp-content\/uploads\/sites\/3\/2017\/12\/Le-grenier-des-Molinari.jpg 700w, https:\/\/www.ludwig-van.com\/montreal\/wp-content\/uploads\/sites\/3\/2017\/12\/Le-grenier-des-Molinari-300x169.jpg 300w\" sizes=\"(max-width: 700px) 100vw, 700px\" \/><figcaption id=\"caption-attachment-50235\" class=\"wp-caption-text\">Le Grenier des Molinari, un concert pour toute la famille pr\u00e9sent\u00e9 cette semaine (Illustration : Lorraine Beaudoin)<\/figcaption><\/figure>\n<h2>Le Grenier des Molinari<\/h2>\n<p>Voici la pr\u00e9misse de ce conte musical, cr\u00e9ation des\u00a0<strong>Jeunesses Musicales Canada<\/strong> :<\/p>\n<p><em>S\u00e9bastien habite avec son grand-papa, un passionn\u00e9 des toiles du peintre Guido Molinari. Il en collectionne tellement qu\u2019il y en a jusque dans le grenier! Craignant qu\u2019en vieillissant, son grand-p\u00e8re ne puisse plus voir les couleurs de ses peintures pr\u00e9f\u00e9r\u00e9es, S\u00e9bastien invite trois musiciens \u00e0 le rejoindre dans le grenier, dans l\u2019espoir de transformer les pr\u00e9cieuses \u0153uvres de Molinari en musique.<\/em><\/p>\n<p>Avec le Quatuor Molinari.<strong>\u00a0Le dimanche 13 octobre, 11 h, Piano Nobile de la salle Wilfrid-Pelletier, Place des arts.<\/strong> <a href=\"https:\/\/placedesarts.com\/fr\/evenement\/le-grenier-des-molinari\" target=\"_blank\" rel=\"noopener\">D\u00c9TAILS<\/a><\/p>\n<p>&nbsp;<\/p>\n<figure id=\"attachment_61809\" aria-describedby=\"caption-attachment-61809\" style=\"width: 1200px\" class=\"wp-caption aligncenter\"><img decoding=\"async\" loading=\"lazy\" class=\"wp-image-61809 size-full\" src=\"https:\/\/www.ludwig-van.com\/montreal\/wp-content\/uploads\/sites\/3\/2019\/10\/denis-matsuev-pro-musica-web-1.jpg\" alt=\"\" width=\"1200\" height=\"800\" \/><figcaption id=\"caption-attachment-61809\" class=\"wp-caption-text\">Denis Matsuev, pianiste. (Photo : courtoisie)<\/figcaption><\/figure>\n<h2>Denis Matsuev en r\u00e9cital \u00e0 Pro Musica<\/h2>\n<p>Le pianiste russe Denis Matsuev, que l&rsquo;on a entendu en septembre au concert inaugural de l&rsquo;OSM, est de retour avec un r\u00e9cital Liszt et Stravinsky. La fameuse Sonate en <em>si<\/em> mineur de Liszt est au programme! <strong>Dimanche 13 octobre, 14 h 30, Maison symphonique. <\/strong><a href=\"http:\/\/promusica.qc.ca\/saison-2019-2020\/denis-matsuev\/\" target=\"_blank\" rel=\"noopener\">D\u00c9TAILS<\/a><\/p>\n<p>&nbsp;<\/p>\n<figure id=\"attachment_47861\" aria-describedby=\"caption-attachment-47861\" style=\"width: 1024px\" class=\"wp-caption aligncenter\"><img decoding=\"async\" loading=\"lazy\" class=\"size-full wp-image-47861\" src=\"https:\/\/www.ludwig-van.com\/montreal\/wp-content\/uploads\/sites\/3\/2017\/09\/Oratoire-soire\u0301e-_Samuel-Martin-1.jpg\" alt=\"Petits chanteurs pour un concert traditionnel de No\u00ebl. (Cr\u00e9dit photo: Samuel Martin)\" width=\"1024\" height=\"678\" srcset=\"https:\/\/www.ludwig-van.com\/montreal\/wp-content\/uploads\/sites\/3\/2017\/09\/Oratoire-soire\u0301e-_Samuel-Martin-1.jpg 1024w, https:\/\/www.ludwig-van.com\/montreal\/wp-content\/uploads\/sites\/3\/2017\/09\/Oratoire-soire\u0301e-_Samuel-Martin-1-300x199.jpg 300w, https:\/\/www.ludwig-van.com\/montreal\/wp-content\/uploads\/sites\/3\/2017\/09\/Oratoire-soire\u0301e-_Samuel-Martin-1-768x509.jpg 768w\" sizes=\"(max-width: 1024px) 100vw, 1024px\" \/><figcaption id=\"caption-attachment-47861\" class=\"wp-caption-text\">Oratoire Saint-Joseph (Cr\u00e9dit : Samuel Martin)<\/figcaption><\/figure>\n<h2>Concert d&rsquo;orgue \u00e0 l&rsquo;Oratoire Saint-Joseph<\/h2>\n<p>Les dimanches apr\u00e8s-midis, l&rsquo;Oratoire Saint-Joseph du Mont-Royal pr\u00e9sente des concerts \u00e0 15 h 30 (contribution volontaire), en collaboration avec le Concours international d&rsquo;orgue du Canada. Cette semaine : un r\u00e9cital d&rsquo;orgue avec <strong>James Mellichamp<\/strong>. <strong>Dimanche 13 octobre, 15 h 30, Oratoire Saint-Joseph.\u00a0<\/strong><\/p>\n<h2>LIRE AUSSI :<\/h2>\n<p>&nbsp;<\/p>\n<blockquote class=\"wp-embedded-content\" data-secret=\"dVWY6eJxWr\"><p><a href=\"https:\/\/www.ludwig-van.com\/montreal\/2019\/10\/07\/nouvelle-violons-rescapes-de-seconde-guerre-mondiale-oncert-lorchestre-metropolitain\/\">NOUVELLE  | Huit \u00ab\u00a0Violons de l&rsquo;Espoir\u00a0\u00bb rescap\u00e9s de l&rsquo;Holocauste seront jou\u00e9s par l&rsquo;Orchestre M\u00e9tropolitain<\/a><\/p><\/blockquote>\n<p><iframe class=\"wp-embedded-content\" sandbox=\"allow-scripts\" security=\"restricted\" style=\"position: absolute; clip: rect(1px, 1px, 1px, 1px);\" src=\"https:\/\/www.ludwig-van.com\/montreal\/2019\/10\/07\/nouvelle-violons-rescapes-de-seconde-guerre-mondiale-oncert-lorchestre-metropolitain\/embed\/#?secret=dVWY6eJxWr\" data-secret=\"dVWY6eJxWr\" width=\"600\" height=\"338\" title=\"\u00ab\u00a0NOUVELLE  | Huit \u00ab\u00a0Violons de l&rsquo;Espoir\u00a0\u00bb rescap\u00e9s de l&rsquo;Holocauste seront jou\u00e9s par l&rsquo;Orchestre M\u00e9tropolitain\u00a0\u00bb &#8212; Ludwig Van Montreal\" frameborder=\"0\" marginwidth=\"0\" marginheight=\"0\" scrolling=\"no\"><\/iframe><\/p>\n<p>&nbsp;<\/p>\n<p>&nbsp;<\/p>\n<p>&nbsp;<\/p>\n<p>&nbsp;<\/p>\n<p>&nbsp;<\/p>\n<p>&nbsp;<\/p>\n<p>&nbsp;<\/p>\n","protected":false},"excerpt":{"rendered":"<p>Bien que l&rsquo;OSM soit en tourn\u00e9e en Am\u00e9rique du Sud, les concerts de musique classique ne manquent pas pour autant cette semaine. Voici nos choix de la r\u00e9daction, du 7 au 13 octobre. <\/p>\n","protected":false},"author":51,"featured_media":61802,"comment_status":"open","ping_status":"open","sticky":false,"template":"","format":"standard","meta":{"om_disable_all_campaigns":false,"jetpack_post_was_ever_published":false},"categories":[28802,10994],"tags":[28789,11882],"yst_prominent_words":[34984,9878,9863,13120,13117,34968,34965,35015,34985,9877,13123,13119,34975,34982,35016,11696,13116,13118,34986,34983],"acf":[],"jetpack_featured_media_url":"https:\/\/www.ludwig-van.com\/montreal\/wp-content\/uploads\/sites\/3\/2019\/10\/Choix-r\u00e9daction-7-octobre.jpg","jetpack_sharing_enabled":true,"jetpack_shortlink":"https:\/\/wp.me\/p9bdYt-g4F","amp_enabled":true,"_links":{"self":[{"href":"https:\/\/www.ludwig-van.com\/montreal\/wp-json\/wp\/v2\/posts\/61793"}],"collection":[{"href":"https:\/\/www.ludwig-van.com\/montreal\/wp-json\/wp\/v2\/posts"}],"about":[{"href":"https:\/\/www.ludwig-van.com\/montreal\/wp-json\/wp\/v2\/types\/post"}],"author":[{"embeddable":true,"href":"https:\/\/www.ludwig-van.com\/montreal\/wp-json\/wp\/v2\/users\/51"}],"replies":[{"embeddable":true,"href":"https:\/\/www.ludwig-van.com\/montreal\/wp-json\/wp\/v2\/comments?post=61793"}],"version-history":[{"count":16,"href":"https:\/\/www.ludwig-van.com\/montreal\/wp-json\/wp\/v2\/posts\/61793\/revisions"}],"predecessor-version":[{"id":61910,"href":"https:\/\/www.ludwig-van.com\/montreal\/wp-json\/wp\/v2\/posts\/61793\/revisions\/61910"}],"wp:featuredmedia":[{"embeddable":true,"href":"https:\/\/www.ludwig-van.com\/montreal\/wp-json\/wp\/v2\/media\/61802"}],"wp:attachment":[{"href":"https:\/\/www.ludwig-van.com\/montreal\/wp-json\/wp\/v2\/media?parent=61793"}],"wp:term":[{"taxonomy":"category","embeddable":true,"href":"https:\/\/www.ludwig-van.com\/montreal\/wp-json\/wp\/v2\/categories?post=61793"},{"taxonomy":"post_tag","embeddable":true,"href":"https:\/\/www.ludwig-van.com\/montreal\/wp-json\/wp\/v2\/tags?post=61793"},{"taxonomy":"yst_prominent_words","embeddable":true,"href":"https:\/\/www.ludwig-van.com\/montreal\/wp-json\/wp\/v2\/yst_prominent_words?post=61793"}],"curies":[{"name":"wp","href":"https:\/\/api.w.org\/{rel}","templated":true}]}}