{"id":61604,"date":"2019-09-30T18:24:01","date_gmt":"2019-09-30T22:24:01","guid":{"rendered":"https:\/\/www.ludwig-van.com\/montreal\/?p=61604"},"modified":"2019-10-05T00:27:26","modified_gmt":"2019-10-05T04:27:26","slug":"nouvelle-grande-soprano-jessye-norman-nest-plus","status":"publish","type":"post","link":"https:\/\/www.ludwig-van.com\/montreal\/2019\/09\/30\/nouvelle-grande-soprano-jessye-norman-nest-plus\/","title":{"rendered":"NOUVELLE  | La grande soprano Jessye Norman n&rsquo;est plus"},"content":{"rendered":"<figure id=\"attachment_53423\" aria-describedby=\"caption-attachment-53423\" style=\"width: 1024px\" class=\"wp-caption aligncenter\"><img decoding=\"async\" loading=\"lazy\" class=\"size-full wp-image-53423\" src=\"https:\/\/www.ludwig-van.com\/montreal\/wp-content\/uploads\/sites\/3\/2018\/04\/Jessye-Norman-C.-Friedman-1024x673.jpg\" alt=\"Jessye Norman (Cr\u00e9dit: C. Friedmann)\" width=\"1024\" height=\"673\" srcset=\"https:\/\/www.ludwig-van.com\/montreal\/wp-content\/uploads\/sites\/3\/2018\/04\/Jessye-Norman-C.-Friedman-1024x673.jpg 1024w, https:\/\/www.ludwig-van.com\/montreal\/wp-content\/uploads\/sites\/3\/2018\/04\/Jessye-Norman-C.-Friedman-1024x673-300x197.jpg 300w, https:\/\/www.ludwig-van.com\/montreal\/wp-content\/uploads\/sites\/3\/2018\/04\/Jessye-Norman-C.-Friedman-1024x673-768x505.jpg 768w\" sizes=\"(max-width: 1024px) 100vw, 1024px\" \/><figcaption id=\"caption-attachment-53423\" class=\"wp-caption-text\">D\u00e9c\u00e8s de Jessye Norman, 1945-2019 (Cr\u00e9dit: C. Friedmann)<\/figcaption><\/figure>\n<p>C&rsquo;est avec consternation que nous venons d&rsquo;apprendre le d\u00e9c\u00e8s de la grande soprano am\u00e9ricaine <strong>Jessye Norman<\/strong>, survenu aujourd&rsquo;hui, 30 septembre, \u00e0 7 h 54 \u00e0 l&rsquo;H\u00f4pital Mount Sinai St.Luke&rsquo;s de New York, entour\u00e9e de ses proches. Elle \u00e9tait \u00e2g\u00e9e de 74 ans.<\/p>\n<p><strong>Jessye Norman<\/strong> est d\u00e9c\u00e9d\u00e9e d&rsquo;un choc septique et d&rsquo;une d\u00e9faillance d&rsquo;organes multiples, cons\u00e9quences d&rsquo;une blessure de la mo\u00eblle \u00e9pini\u00e8re survenue en 2015.<\/p>\n<p>Sa famille a fait la d\u00e9claration suivante par voie de communiqu\u00e9:<\/p>\n<p>\u00ab\u00a0Nous sommes tellement fiers des accomplissements musicaux de Jessye, et l&rsquo;inspiration qu&rsquo;elle a procur\u00e9 au public partout dans le monde demeurer une source de joie. Nous sommes \u00e9galement fiers de ses actions humanitaires qui ont cibl\u00e9 des enjeux tels que la faim, l&rsquo;itin\u00e9rance, le d\u00e9veloppement de la jeunesse, les arts, la culture et l&rsquo;\u00e9ducation.\u00a0\u00bb<\/p>\n<p>En f\u00e9vrier dernier, <strong>Jessye Norman<\/strong> accordait une entrevue \u00e0 notre collaborateur, Joseph So, pour Ludwig van Toronto. Elle s&rsquo;\u00e9tait d\u00e9plac\u00e9e dans la Ville Reine \u00e0 l&rsquo;occasion de la r\u00e9ception du Prix Glenn Gould, dont elle \u00e9tait la premi\u00e8re femme et la premi\u00e8re chanteuse d&rsquo;op\u00e9ra \u00e0 en \u00eatre laur\u00e9ate.<\/p>\n<p><a href=\"https:\/\/www.ludwig-van.com\/toronto\/2019\/02\/08\/interview-jessye-norman-a-force-of-nature\/\" target=\"_blank\" rel=\"noopener\">LIRE L&rsquo;ENTREVUE AVEC JESSYE NORMAN.\u00a0<\/a><\/p>\n<p>Toutes nos condol\u00e9ances aux proches de <strong>Jessye Norman<\/strong> ainsi qu&rsquo;au monde lyrique et \u00e0 ceux qui, comme nous, l&rsquo;ont toujours admir\u00e9e.<\/p>\n<p>Repose en paix,<strong> Jessye Norman.<\/strong><\/p>\n<p>&nbsp;<\/p>\n<div class=\"jetpack-video-wrapper\"><span class=\"embed-youtube\" style=\"text-align:center; display: block;\"><iframe loading=\"lazy\" class=\"youtube-player\" width=\"640\" height=\"360\" src=\"https:\/\/www.youtube.com\/embed\/jOIAi2XwuWo?version=3&#038;rel=1&#038;showsearch=0&#038;showinfo=1&#038;iv_load_policy=1&#038;fs=1&#038;hl=fr-FR&#038;autohide=2&#038;wmode=transparent\" allowfullscreen=\"true\" style=\"border:0;\" sandbox=\"allow-scripts allow-same-origin allow-popups allow-presentation\"><\/iframe><\/span><\/div>\n<p>&nbsp;<\/p>\n","protected":false},"excerpt":{"rendered":"<p>C&rsquo;est avec consternation que nous venons d&rsquo;apprendre le d\u00e9c\u00e8s de la grande soprano am\u00e9ricaine Jessye Norman, survenu aujourd&rsquo;hui, 30 septembre<\/p>\n","protected":false},"author":51,"featured_media":53423,"comment_status":"open","ping_status":"open","sticky":false,"template":"","format":"standard","meta":{"om_disable_all_campaigns":false,"jetpack_post_was_ever_published":false},"categories":[28802,10956,10992,41],"tags":[28789,21301],"yst_prominent_words":[18955,34754,10583,9323],"acf":[],"jetpack_featured_media_url":"https:\/\/www.ludwig-van.com\/montreal\/wp-content\/uploads\/sites\/3\/2018\/04\/Jessye-Norman-C.-Friedman-1024x673.jpg","jetpack_sharing_enabled":true,"jetpack_shortlink":"https:\/\/wp.me\/p9bdYt-g1C","amp_enabled":true,"_links":{"self":[{"href":"https:\/\/www.ludwig-van.com\/montreal\/wp-json\/wp\/v2\/posts\/61604"}],"collection":[{"href":"https:\/\/www.ludwig-van.com\/montreal\/wp-json\/wp\/v2\/posts"}],"about":[{"href":"https:\/\/www.ludwig-van.com\/montreal\/wp-json\/wp\/v2\/types\/post"}],"author":[{"embeddable":true,"href":"https:\/\/www.ludwig-van.com\/montreal\/wp-json\/wp\/v2\/users\/51"}],"replies":[{"embeddable":true,"href":"https:\/\/www.ludwig-van.com\/montreal\/wp-json\/wp\/v2\/comments?post=61604"}],"version-history":[{"count":9,"href":"https:\/\/www.ludwig-van.com\/montreal\/wp-json\/wp\/v2\/posts\/61604\/revisions"}],"predecessor-version":[{"id":61771,"href":"https:\/\/www.ludwig-van.com\/montreal\/wp-json\/wp\/v2\/posts\/61604\/revisions\/61771"}],"wp:featuredmedia":[{"embeddable":true,"href":"https:\/\/www.ludwig-van.com\/montreal\/wp-json\/wp\/v2\/media\/53423"}],"wp:attachment":[{"href":"https:\/\/www.ludwig-van.com\/montreal\/wp-json\/wp\/v2\/media?parent=61604"}],"wp:term":[{"taxonomy":"category","embeddable":true,"href":"https:\/\/www.ludwig-van.com\/montreal\/wp-json\/wp\/v2\/categories?post=61604"},{"taxonomy":"post_tag","embeddable":true,"href":"https:\/\/www.ludwig-van.com\/montreal\/wp-json\/wp\/v2\/tags?post=61604"},{"taxonomy":"yst_prominent_words","embeddable":true,"href":"https:\/\/www.ludwig-van.com\/montreal\/wp-json\/wp\/v2\/yst_prominent_words?post=61604"}],"curies":[{"name":"wp","href":"https:\/\/api.w.org\/{rel}","templated":true}]}}