{"id":61530,"date":"2019-09-30T09:30:26","date_gmt":"2019-09-30T13:30:26","guid":{"rendered":"https:\/\/www.ludwig-van.com\/montreal\/?p=61530"},"modified":"2019-10-01T16:07:21","modified_gmt":"2019-10-01T20:07:21","slug":"choix-de-la-redaction-10-concerts-classiques-a-ne-pas-manquer-cette-semaine-au-quebec","status":"publish","type":"post","link":"https:\/\/www.ludwig-van.com\/montreal\/2019\/09\/30\/choix-de-la-redaction-10-concerts-classiques-a-ne-pas-manquer-cette-semaine-au-quebec\/","title":{"rendered":"CHOIX DE LA R\u00c9DACTION | 10 concerts classiques \u00e0 ne pas manquer cette semaine au Qu\u00e9bec"},"content":{"rendered":"<figure id=\"attachment_61571\" aria-describedby=\"caption-attachment-61571\" style=\"width: 1200px\" class=\"wp-caption aligncenter\"><img decoding=\"async\" loading=\"lazy\" class=\"size-full wp-image-61571\" src=\"https:\/\/www.ludwig-van.com\/montreal\/wp-content\/uploads\/sites\/3\/2019\/09\/Choix-red-30.jpg\" alt=\"Marie-Nicole Lemieux, Pascal G. Berardi, Alc\u00e9e Chriss, Philippe Prud'homme, Amy Hillis et Meagan Milatz. (Photos: )\" width=\"1200\" height=\"629\" srcset=\"https:\/\/www.ludwig-van.com\/montreal\/wp-content\/uploads\/sites\/3\/2019\/09\/Choix-red-30.jpg 1200w, https:\/\/www.ludwig-van.com\/montreal\/wp-content\/uploads\/sites\/3\/2019\/09\/Choix-red-30-300x157.jpg 300w, https:\/\/www.ludwig-van.com\/montreal\/wp-content\/uploads\/sites\/3\/2019\/09\/Choix-red-30-768x403.jpg 768w, https:\/\/www.ludwig-van.com\/montreal\/wp-content\/uploads\/sites\/3\/2019\/09\/Choix-red-30-1024x537.jpg 1024w\" sizes=\"(max-width: 1200px) 100vw, 1200px\" \/><figcaption id=\"caption-attachment-61571\" class=\"wp-caption-text\">Marie-Nicole Lemieux, Pascal G. Berardi, Alc\u00e9e Chriss, Philippe Prud&rsquo;homme, Amy Hillis et Meagan Milatz. (Photos : courtoisie)<\/figcaption><\/figure>\n<p>La musique classique \u00e0 Montr\u00e9al et dans le reste du Qu\u00e9bec se porte bien cet automne! D\u00e9couvrez nos Choix de la r\u00e9daction <strong>du 30 septembre au 6 octobre.\u00a0<\/strong><\/p>\n<p>&nbsp;<\/p>\n<figure id=\"attachment_55859\" aria-describedby=\"caption-attachment-55859\" style=\"width: 1024px\" class=\"wp-caption aligncenter\"><img decoding=\"async\" loading=\"lazy\" class=\"size-full wp-image-55859\" src=\"https:\/\/www.ludwig-van.com\/montreal\/wp-content\/uploads\/sites\/3\/2017\/09\/UdeM-10_ConcertOUM_Marie-Nicole_Lemieux_13avril19_900px.jpg\" alt=\"Marie-Nicole Lemieux\" width=\"1024\" height=\"768\" srcset=\"https:\/\/www.ludwig-van.com\/montreal\/wp-content\/uploads\/sites\/3\/2017\/09\/UdeM-10_ConcertOUM_Marie-Nicole_Lemieux_13avril19_900px.jpg 1024w, https:\/\/www.ludwig-van.com\/montreal\/wp-content\/uploads\/sites\/3\/2017\/09\/UdeM-10_ConcertOUM_Marie-Nicole_Lemieux_13avril19_900px-300x225.jpg 300w, https:\/\/www.ludwig-van.com\/montreal\/wp-content\/uploads\/sites\/3\/2017\/09\/UdeM-10_ConcertOUM_Marie-Nicole_Lemieux_13avril19_900px-768x576.jpg 768w\" sizes=\"(max-width: 1024px) 100vw, 1024px\" \/><figcaption id=\"caption-attachment-55859\" class=\"wp-caption-text\">Marie-Nicole Lemieux. (Photo : courtoisie)<\/figcaption><\/figure>\n<h2>L&rsquo;invitation de Marie-Nicole<\/h2>\n<p>C&rsquo;est sans contredit l&rsquo;\u00e9v\u00e9nement de la semaine : <strong>Marie-Nicole Lemieux<\/strong> lance sa tourn\u00e9e de r\u00e9citals au Qu\u00e9bec \u00e0 la salle Bourgie. Son r\u00e9cital de m\u00e9lodies d\u00e9di\u00e9 \u00e0 Charles Baudelaire, \u00ab\u00a0<strong>L&rsquo;invitation au voyage<\/strong>\u00a0\u00bb se fait avec le com\u00e9dien <strong>Raymond Cloutier<\/strong>, qui incarne le po\u00e8te. Au piano : <strong>Daniel Blumenthal. <\/strong><\/p>\n<p><strong>\u00c0 la salle Bourgie, les 2 et 3 octobre, 19 h 30. \u00a0<\/strong><\/p>\n<p>H\u00e9las! Les deux repr\u00e9sentations \u00e0 la salle Bourgie sont compl\u00e8tes, ainsi que celles du Club Musical \u00e0 Qu\u00e9bec le 7 octobre,, mais vous pouvez vous rattraper en y allant dans une des autres villes, soit Beloeil (6 octobre), Rimouski (9 octobre), Saint-J\u00e9r\u00f4me (11 octobre), Saint-Jean-sur-Richelieu (13 octobre), Victoriaville (16 octobre), Longueuil (17 octobre), Orford (18 octobre), Terrebonne (20 octobre). <a href=\"https:\/\/stationbleue.com\/artistes.f\/lemieux_marienicole.concerts.php\" target=\"_blank\" rel=\"noopener\">D\u00c9TAILS DE LA TOURN\u00c9E SUR LE SITE DE L&rsquo;AGENCE STATION BLEUE.\u00a0<\/a><\/p>\n<p>&nbsp;<\/p>\n<figure id=\"attachment_54622\" aria-describedby=\"caption-attachment-54622\" style=\"width: 1024px\" class=\"wp-caption aligncenter\"><img decoding=\"async\" loading=\"lazy\" class=\"size-full wp-image-54622\" src=\"https:\/\/www.ludwig-van.com\/montreal\/wp-content\/uploads\/sites\/3\/2018\/06\/SCM-Photo-de-couverture-cre\u0301dit-photo-Vincent-Dore\u0301-Millet.jpg\" alt=\"Soci\u00e9t\u00e9 de concerts de Montr\u00e9al\" width=\"1024\" height=\"683\" srcset=\"https:\/\/www.ludwig-van.com\/montreal\/wp-content\/uploads\/sites\/3\/2018\/06\/SCM-Photo-de-couverture-cre\u0301dit-photo-Vincent-Dore\u0301-Millet.jpg 1024w, https:\/\/www.ludwig-van.com\/montreal\/wp-content\/uploads\/sites\/3\/2018\/06\/SCM-Photo-de-couverture-cre\u0301dit-photo-Vincent-Dore\u0301-Millet-300x200.jpg 300w, https:\/\/www.ludwig-van.com\/montreal\/wp-content\/uploads\/sites\/3\/2018\/06\/SCM-Photo-de-couverture-cre\u0301dit-photo-Vincent-Dore\u0301-Millet-768x512.jpg 768w\" sizes=\"(max-width: 1024px) 100vw, 1024px\" \/><figcaption id=\"caption-attachment-54622\" class=\"wp-caption-text\">Ch\u0153ur de la Soci\u00e9t\u00e9 de concerts de Montr\u00e9al. (Photo : Vincent Dor\u00e9)<\/figcaption><\/figure>\n<h2>Au Ch\u0153ur de Montr\u00e9al<\/h2>\n<p>La Soci\u00e9t\u00e9 de concerts de Montr\u00e9al et son ch\u0153ur pr\u00e9sentent \u00ab\u00a0Au Ch\u0153ur de Montr\u00e9al\u00a0\u00bb un programme de musique qu\u00e9b\u00e9coise sous la direction de Pascal G. Berardi. C&rsquo;est le d\u00e9but d&rsquo;une s\u00e9rie montr\u00e9alaise de 4 concerts dans les maisons de la culture. <strong>Mardi 1er octobre, 19 h 30, Maison de la culture Janine-Suto.<\/strong> <a href=\"https:\/\/www.scmontreal.ca\/choeur\" target=\"_blank\" rel=\"noopener\">D\u00c9TAILS.\u00a0<\/a><\/p>\n<p>&nbsp;<\/p>\n<figure id=\"attachment_61572\" aria-describedby=\"caption-attachment-61572\" style=\"width: 1200px\" class=\"wp-caption aligncenter\"><img decoding=\"async\" loading=\"lazy\" class=\"wp-image-61572 size-full\" src=\"https:\/\/www.ludwig-van.com\/montreal\/wp-content\/uploads\/sites\/3\/2019\/09\/MelanieLeonard-WestmountPhotographyRobertProvencher-1200.jpg\" alt=\"M\u00e9lanie L\u00e9onard, cheffe d'orchestre. (Photo : Westmount Photography, Robert Provencher\" width=\"1200\" height=\"800\" srcset=\"https:\/\/www.ludwig-van.com\/montreal\/wp-content\/uploads\/sites\/3\/2019\/09\/MelanieLeonard-WestmountPhotographyRobertProvencher-1200.jpg 1200w, https:\/\/www.ludwig-van.com\/montreal\/wp-content\/uploads\/sites\/3\/2019\/09\/MelanieLeonard-WestmountPhotographyRobertProvencher-1200-300x200.jpg 300w, https:\/\/www.ludwig-van.com\/montreal\/wp-content\/uploads\/sites\/3\/2019\/09\/MelanieLeonard-WestmountPhotographyRobertProvencher-1200-768x512.jpg 768w, https:\/\/www.ludwig-van.com\/montreal\/wp-content\/uploads\/sites\/3\/2019\/09\/MelanieLeonard-WestmountPhotographyRobertProvencher-1200-1024x683.jpg 1024w\" sizes=\"(max-width: 1200px) 100vw, 1200px\" \/><figcaption id=\"caption-attachment-61572\" class=\"wp-caption-text\">M\u00e9lanie L\u00e9onard, cheffe d&rsquo;orchestre. (Photo : Westmount Photography, Robert Provencher)<\/figcaption><\/figure>\n<h2>D\u00e9buts de M\u00e9lanie L\u00e9onard aux Violons du Roy<\/h2>\n<p>La flamboyante cheffe d&rsquo;orchestre <strong>M\u00e9lanie L\u00e9onard<\/strong> collabore pour la premi\u00e8re fois avec les <strong>Violons du Roy<\/strong> dans un programme intitul\u00e9 Mozart en Scandinavie. Un des c\u00e9l\u00e8bres Divertimento de Mozart est entour\u00e9 des musiques nordiques de Grieg, Nielsen et Sibelius. <strong>Samedi 5 octobre, 14 h, Palais-Montcalm.<\/strong> <a href=\"http:\/\/www.violonsduroy.com\/fr\/evenements\/mozart-en-scandinavie\/2019-10-05-14-00?fbclid=IwAR19NiBAnbBbWXyxjIsXlj_hpEAREXmpQaFLu84Q7xOdeyzEoc4bN1RPQeA\" target=\"_blank\" rel=\"noopener\">D\u00c9TAILS.<\/a><\/p>\n<p>&nbsp;<\/p>\n<figure id=\"attachment_49743\" aria-describedby=\"caption-attachment-49743\" style=\"width: 1024px\" class=\"wp-caption aligncenter\"><img decoding=\"async\" loading=\"lazy\" class=\"size-full wp-image-49743\" src=\"https:\/\/www.ludwig-van.com\/montreal\/wp-content\/uploads\/sites\/3\/2017\/11\/Alcee-Chriss_web.jpg\" alt=\"L'organiste Alc\u00e9e Chriss, laur\u00e9at du CIOC. (Photo : courtoisie)\" width=\"1024\" height=\"1536\" srcset=\"https:\/\/www.ludwig-van.com\/montreal\/wp-content\/uploads\/sites\/3\/2017\/11\/Alcee-Chriss_web.jpg 1024w, https:\/\/www.ludwig-van.com\/montreal\/wp-content\/uploads\/sites\/3\/2017\/11\/Alcee-Chriss_web-200x300.jpg 200w, https:\/\/www.ludwig-van.com\/montreal\/wp-content\/uploads\/sites\/3\/2017\/11\/Alcee-Chriss_web-768x1152.jpg 768w, https:\/\/www.ludwig-van.com\/montreal\/wp-content\/uploads\/sites\/3\/2017\/11\/Alcee-Chriss_web-683x1024.jpg 683w\" sizes=\"(max-width: 1024px) 100vw, 1024px\" \/><figcaption id=\"caption-attachment-49743\" class=\"wp-caption-text\">L&rsquo;organiste Alc\u00e9e Chriss, laur\u00e9at du CIOC. (Photo : courtoisie)<\/figcaption><\/figure>\n<h2>L&rsquo;art de l&rsquo;orgue<\/h2>\n<p>Le Grand Festival d&rsquo;orgue 2019 se poursuit cette semaine avec plusieurs grands concerts. <strong>L&rsquo;Orchestre classique de Montr\u00e9al<\/strong> se joint au festival avec le Ch\u0153ur de la congr\u00e9gation\u00a0Shaar Hashomayim sous la direction du chef d\u2019orchestre <strong>Ro\u00ef Azoulay<\/strong>, et le chantre\u00a0<strong>Gideon Zelermyer<\/strong>. Au Grand orgue Pierre-B\u00e9ique : <strong>Alc\u00e9e Chriss<\/strong>, laur\u00e9at du CIOC en 2017, et <strong>Jean-Willy Kunz<\/strong>. En pr\u00e9lude \u00e0 ce concert, on pourra aussi entendre le pianiste Antoine Rivard-Landry, \u00e0 14 h 15. <strong>L&rsquo;art de l&rsquo;orgue, dimanche 6 octobre, 15 h, Maison symphonique.\u00a0<\/strong><\/p>\n<p><a href=\"https:\/\/www.ludwig-van.com\/montreal\/2019\/09\/23\/ocm-festival-orgue-art-orgue\/\" target=\"_blank\" rel=\"noopener\">PLUS DE D\u00c9TAILS SUR CE CONCERT<\/a><\/p>\n<p><a href=\"http:\/\/www.ciocm.org\/\" target=\"_blank\" rel=\"noopener\">PROGRAMMATION DU GRAND FESTIVAL D&rsquo;ORGUE 2019<\/a><\/p>\n<p>&nbsp;<\/p>\n<figure id=\"attachment_61542\" aria-describedby=\"caption-attachment-61542\" style=\"width: 1200px\" class=\"wp-caption aligncenter\"><img decoding=\"async\" loading=\"lazy\" class=\"size-full wp-image-61542\" src=\"https:\/\/www.ludwig-van.com\/montreal\/wp-content\/uploads\/sites\/3\/2019\/09\/Philippe-Prudhomme-cr-Amelie-Fortin-WEB.jpg\" alt=\"Philippe Prud'homme, pianiste. (Photo: Am\u00e9lie Fortin)\" width=\"1200\" height=\"800\" srcset=\"https:\/\/www.ludwig-van.com\/montreal\/wp-content\/uploads\/sites\/3\/2019\/09\/Philippe-Prudhomme-cr-Amelie-Fortin-WEB.jpg 1200w, https:\/\/www.ludwig-van.com\/montreal\/wp-content\/uploads\/sites\/3\/2019\/09\/Philippe-Prudhomme-cr-Amelie-Fortin-WEB-300x200.jpg 300w, https:\/\/www.ludwig-van.com\/montreal\/wp-content\/uploads\/sites\/3\/2019\/09\/Philippe-Prudhomme-cr-Amelie-Fortin-WEB-768x512.jpg 768w, https:\/\/www.ludwig-van.com\/montreal\/wp-content\/uploads\/sites\/3\/2019\/09\/Philippe-Prudhomme-cr-Amelie-Fortin-WEB-1024x683.jpg 1024w\" sizes=\"(max-width: 1200px) 100vw, 1200px\" \/><figcaption id=\"caption-attachment-61542\" class=\"wp-caption-text\">Philippe Prud&rsquo;homme, pianiste. (Photo: Am\u00e9lie Fortin)<\/figcaption><\/figure>\n<h2>Les ann\u00e9es folles \u00e0 l&rsquo;OSL<\/h2>\n<p>Le pianiste Philippe Prud&rsquo;homme est le soliste invit\u00e9 de l&rsquo;Orchestre symphonique de Laval dans Rhapsody in Blue, de Gershwin, pour ce concert \u00ab\u00a0Les ann\u00e9es folles\u00a0\u00bb qui comprend aussi des pi\u00e8ces de Satie, Claude Champagne, Ravel et Sibelius. Sous la direction d&rsquo;<strong>Alain Trudel. Mardi 2 octobre, 19 h 30, salle Andr\u00e9-Mathieu.\u00a0<\/strong><a href=\"https:\/\/www.osl.qc.ca\/fr\/concerts\/les-anne\u0301es-folles\" target=\"_blank\" rel=\"noopener\">D\u00c9TAILS<\/a><\/p>\n<p>Une partie de ce programme sera aussi \u00e0 l&rsquo;affiche du concert \u00ab\u00a0B\u00e9b\u00e9 musique\u00a0\u00bb dans l&rsquo;apr\u00e8s-midi, \u00e0 13 h 30. <a href=\"https:\/\/www.osl.qc.ca\/fr\/concerts\/les-ann\u00e9es-folles\" target=\"_blank\" rel=\"noopener\">D\u00c9TAILS<\/a><\/p>\n<p><a href=\"https:\/\/www.ludwig-van.com\/montreal\/2019\/09\/28\/rencontre-philippe-prudhomme-scrupule\/\" target=\"_blank\" rel=\"noopener\">LIRE NOTRE ENTRETIEN AVEC PHILIPPE PRUD&rsquo;HOMME<\/a><\/p>\n<p>&nbsp;<\/p>\n<figure id=\"attachment_61556\" aria-describedby=\"caption-attachment-61556\" style=\"width: 600px\" class=\"wp-caption aligncenter\"><img decoding=\"async\" loading=\"lazy\" class=\"size-full wp-image-61556\" src=\"https:\/\/www.ludwig-van.com\/montreal\/wp-content\/uploads\/sites\/3\/2019\/09\/Amy-Hillis-Meagan-Milatz_credit-donald-robitaille-osa.jpg\" alt=\"Amy Hillis et Meagan Milatz. (Photo: Donald Robitaille OSA)\" width=\"600\" height=\"900\" srcset=\"https:\/\/www.ludwig-van.com\/montreal\/wp-content\/uploads\/sites\/3\/2019\/09\/Amy-Hillis-Meagan-Milatz_credit-donald-robitaille-osa.jpg 600w, https:\/\/www.ludwig-van.com\/montreal\/wp-content\/uploads\/sites\/3\/2019\/09\/Amy-Hillis-Meagan-Milatz_credit-donald-robitaille-osa-200x300.jpg 200w\" sizes=\"(max-width: 600px) 100vw, 600px\" \/><figcaption id=\"caption-attachment-61556\" class=\"wp-caption-text\">Amy Hillis et Meagan Milatz. (Photo: Donald Robitaille OSA)<\/figcaption><\/figure>\n<h2>D\u00e9buts des concerts ap\u00e9ro aux JMC<\/h2>\n<p>La sympathique formule des concerts ap\u00e9ro des Jeunesses Musicales Canada permet de prendre un verre et de grignoter quelques bouch\u00e9es avant les concerts, qui pr\u00e9sentent des jeunes artistes d&rsquo;ici. Cette semaine: <strong>Amy Hillis<\/strong> au violon et <strong>Meagan Milatz<\/strong> au piano dans le programme \u00ab\u00a0Jonctions: une sensibilit\u00e9 canadienne\u00a0\u00bb avec des pi\u00e8ces de Mozart, Andr\u00e9 Mathieu et Claude Debussy. <strong>Jeudi 3 octobre, 18 h 00 (ap\u00e9ro) et 19 h 00 (d\u00e9but du r\u00e9cital), salle Joseph-Rouleau des JMC.<\/strong> <a href=\"https:\/\/www.jmcanada.ca\/fr\/concerts\/jonctions-une-sensibilite-canadienne\/\" target=\"_blank\" rel=\"noopener\">D\u00c9TAILS<\/a><\/p>\n<p>&nbsp;<\/p>\n<figure id=\"attachment_61573\" aria-describedby=\"caption-attachment-61573\" style=\"width: 768px\" class=\"wp-caption aligncenter\"><img decoding=\"async\" loading=\"lazy\" class=\"size-full wp-image-61573\" src=\"https:\/\/www.ludwig-van.com\/montreal\/wp-content\/uploads\/sites\/3\/2019\/09\/Klo-Pelgag.jpg\" alt=\"\" width=\"768\" height=\"960\" srcset=\"https:\/\/www.ludwig-van.com\/montreal\/wp-content\/uploads\/sites\/3\/2019\/09\/Klo-Pelgag.jpg 768w, https:\/\/www.ludwig-van.com\/montreal\/wp-content\/uploads\/sites\/3\/2019\/09\/Klo-Pelgag-240x300.jpg 240w\" sizes=\"(max-width: 768px) 100vw, 768px\" \/><figcaption id=\"caption-attachment-61573\" class=\"wp-caption-text\">Kl\u00f4 Pelgag. (Photo: page Facebook de l&rsquo;\u00e9v\u00e9nement)<\/figcaption><\/figure>\n<h2>Qu\u00e9bec: Kl\u00f4 Pelgag \u00e0 l&rsquo;OSQ<\/h2>\n<p>L&rsquo;autrice-compositrice interpr\u00e8te <strong>Kl\u00f4 Pelgag,<\/strong> gagnante du prix de l&rsquo;interpr\u00e8te f\u00e9minine de l&rsquo;ann\u00e9e au gala de l&rsquo;ADISQ en 2018, est l&rsquo;invit\u00e9e d&rsquo;honneur de deux concerts \u00e0 l&rsquo;Orchestre symphonique de Qu\u00e9bec. Un concert sous la direction de Nicolas Ellis. <strong>Les 3 et 4 octobre, 20 h, Grand-Th\u00e9\u00e2tre de Qu\u00e9bec.<\/strong> <a href=\"https:\/\/www.osq.org\/categorie-concerts\/saison-2019-2020\/\" target=\"_blank\" rel=\"noopener\">D\u00c9TAILS<\/a><\/p>\n<p>&nbsp;<\/p>\n<figure id=\"attachment_57396\" aria-describedby=\"caption-attachment-57396\" style=\"width: 636px\" class=\"wp-caption aligncenter\"><img decoding=\"async\" loading=\"lazy\" class=\"size-full wp-image-57396\" src=\"https:\/\/www.ludwig-van.com\/montreal\/wp-content\/uploads\/sites\/3\/2018\/11\/Fl\u00fbte-Alors-Julien-Faug\u00e8re.jpg\" alt=\"Fl\u00fbte Alors!\" width=\"636\" height=\"480\" srcset=\"https:\/\/www.ludwig-van.com\/montreal\/wp-content\/uploads\/sites\/3\/2018\/11\/Fl\u00fbte-Alors-Julien-Faug\u00e8re.jpg 636w, https:\/\/www.ludwig-van.com\/montreal\/wp-content\/uploads\/sites\/3\/2018\/11\/Fl\u00fbte-Alors-Julien-Faug\u00e8re-300x226.jpg 300w\" sizes=\"(max-width: 636px) 100vw, 636px\" \/><figcaption id=\"caption-attachment-57396\" class=\"wp-caption-text\">Fl\u00fbte Alors! (Photo: Julien Faug\u00e8re)<\/figcaption><\/figure>\n<h2>Fl\u00fbtes \u00e0 bec sans fronti\u00e8res<\/h2>\n<p>L&rsquo;ensemble Fl\u00fbte Alors! pr\u00e9sente Fl\u00fbtes \u00e0 bec sans fronti\u00e8res, un programme explorant les univers sonores contemporains d&rsquo;Asie, d&rsquo;Am\u00e9rique du Nord, d&rsquo;Afrique et d&rsquo;Europe.<strong> Samedi 5 octobre, 20 h, salle Joseph-Rouleau des JMC.<\/strong> <a href=\"http:\/\/flutealors.com\/concerts\/\" target=\"_blank\" rel=\"noopener\">D\u00c9TAILS<\/a><\/p>\n<p>&nbsp;<\/p>\n<p>&nbsp;<\/p>\n<figure id=\"attachment_59675\" aria-describedby=\"caption-attachment-59675\" style=\"width: 1024px\" class=\"wp-caption aligncenter\"><img decoding=\"async\" loading=\"lazy\" class=\"size-full wp-image-59675\" src=\"https:\/\/www.ludwig-van.com\/montreal\/wp-content\/uploads\/sites\/3\/2017\/12\/Quatuor-Herme\u0300s\u00a9Jean-Baptiste-Millot.jpg\" alt=\"Quatuor Herme\u0300s\" width=\"1024\" height=\"682\" srcset=\"https:\/\/www.ludwig-van.com\/montreal\/wp-content\/uploads\/sites\/3\/2017\/12\/Quatuor-Herme\u0300s\u00a9Jean-Baptiste-Millot.jpg 1024w, https:\/\/www.ludwig-van.com\/montreal\/wp-content\/uploads\/sites\/3\/2017\/12\/Quatuor-Herme\u0300s\u00a9Jean-Baptiste-Millot-300x200.jpg 300w, https:\/\/www.ludwig-van.com\/montreal\/wp-content\/uploads\/sites\/3\/2017\/12\/Quatuor-Herme\u0300s\u00a9Jean-Baptiste-Millot-768x512.jpg 768w\" sizes=\"(max-width: 1024px) 100vw, 1024px\" \/><figcaption id=\"caption-attachment-59675\" class=\"wp-caption-text\">Le Quatuor Herm\u00e8s. (Photo: Jean-Baptiste Millot)<\/figcaption><\/figure>\n<h2>Le Quatuor Herm\u00e8s au LMMC<\/h2>\n<p>Form\u00e9 en 2008 par quatre laur\u00e9ats du Conservatoire National Sup\u00e9rieur de Musique de Lyon (France), le <strong>Quatuor Herm\u00e8s<\/strong> a obtenu le 1er prix des concours internationaux de Lyon, en 2009, et de Gen\u00e8ve en 2011. Au programme: Beethoven, Hahn et Dvorak. <strong>Dimanche 6 octobre, 15 h 30, salle Pollack.<\/strong> <a href=\"http:\/\/www.lmmc.ca\/fr\/concert_details.php?concert_id=202\" target=\"_blank\" rel=\"noopener\">D\u00c9TAILS<\/a><\/p>\n<p>&nbsp;<\/p>\n<figure id=\"attachment_60962\" aria-describedby=\"caption-attachment-60962\" style=\"width: 1024px\" class=\"wp-caption aligncenter\"><img decoding=\"async\" loading=\"lazy\" class=\"size-full wp-image-60962\" src=\"https:\/\/www.ludwig-van.com\/montreal\/wp-content\/uploads\/sites\/3\/2017\/09\/6-oct-Magali-Simard-Galdes-cre\u0301dit-Brent-Calis.jpg\" alt=\"Magali Simard-Galdes\" width=\"1024\" height=\"731\" srcset=\"https:\/\/www.ludwig-van.com\/montreal\/wp-content\/uploads\/sites\/3\/2017\/09\/6-oct-Magali-Simard-Galdes-cre\u0301dit-Brent-Calis.jpg 1024w, https:\/\/www.ludwig-van.com\/montreal\/wp-content\/uploads\/sites\/3\/2017\/09\/6-oct-Magali-Simard-Galdes-cre\u0301dit-Brent-Calis-300x214.jpg 300w, https:\/\/www.ludwig-van.com\/montreal\/wp-content\/uploads\/sites\/3\/2017\/09\/6-oct-Magali-Simard-Galdes-cre\u0301dit-Brent-Calis-768x548.jpg 768w\" sizes=\"(max-width: 1024px) 100vw, 1024px\" \/><figcaption id=\"caption-attachment-60962\" class=\"wp-caption-text\">Magali Gald\u00e8s-Simard, soprano. (Photo: Brent Calis)<\/figcaption><\/figure>\n<h2>Magali Gald\u00e8s-Simard en r\u00e9cital<\/h2>\n<p>La talentueuse soprano Magali Gald\u00e8s-Simard sera en r\u00e9cital accompagn\u00e9e de Marie-\u00c8ve Scarfone. Au programme: des oeuvres de Villa-Lobos, Turina et Ginastera.<strong> Dimanche 6 octobre, 15 h, Chapelle historique du Bon-Pasteur. Gratuit avec laisser-passer.<\/strong> <a href=\"https:\/\/www.accesculture.com\/activite\/RECITAL_POUR_VOIX_ET_PIANO\" target=\"_blank\" rel=\"noopener\">D\u00c9TAILS<\/a><\/p>\n<h2>LIRE AUSSI:<\/h2>\n<p>&nbsp;<\/p>\n<blockquote class=\"wp-embedded-content\" data-secret=\"DDOi6qQ07X\"><p><a href=\"https:\/\/www.ludwig-van.com\/montreal\/2019\/09\/23\/ocm-festival-orgue-art-orgue\/\">CONCERT | L&rsquo;Orchestre classique de Montr\u00e9al et le Grand Festival d&rsquo;orgue 2019 pr\u00e9sentent \u00ab\u00a0L&rsquo;Art de l&rsquo;orgue\u00a0\u00bb<\/a><\/p><\/blockquote>\n<p><iframe class=\"wp-embedded-content\" sandbox=\"allow-scripts\" security=\"restricted\" style=\"position: absolute; clip: rect(1px, 1px, 1px, 1px);\" src=\"https:\/\/www.ludwig-van.com\/montreal\/2019\/09\/23\/ocm-festival-orgue-art-orgue\/embed\/#?secret=DDOi6qQ07X\" data-secret=\"DDOi6qQ07X\" width=\"600\" height=\"338\" title=\"\u00ab\u00a0CONCERT | L&rsquo;Orchestre classique de Montr\u00e9al et le Grand Festival d&rsquo;orgue 2019 pr\u00e9sentent \u00ab\u00a0L&rsquo;Art de l&rsquo;orgue\u00a0\u00bb\u00a0\u00bb &#8212; Ludwig Van Montreal\" frameborder=\"0\" marginwidth=\"0\" marginheight=\"0\" scrolling=\"no\"><\/iframe><\/p>\n<p>&nbsp;<\/p>\n<p>&nbsp;<\/p>\n<p>&nbsp;<\/p>\n<p>&nbsp;<\/p>\n<p>&nbsp;<\/p>\n<p>&nbsp;<\/p>\n","protected":false},"excerpt":{"rendered":"<p>La musique classique \u00e0 Montr\u00e9al et dans le reste du Qu\u00e9bec se porte bien cet automne! D\u00e9couvrez nos Choix de la r\u00e9daction du 30 septembre au 6 octobre. <\/p>\n","protected":false},"author":51,"featured_media":61571,"comment_status":"open","ping_status":"open","sticky":false,"template":"","format":"standard","meta":{"om_disable_all_campaigns":false,"jetpack_post_was_ever_published":false},"categories":[28802,10994],"tags":[28789,11882],"yst_prominent_words":[9863,34445,34697,34696,15093,34691,34690,15094,34693,34695,34694,34698,33580,9877,34692,26703,11696,13116,34699,23279],"acf":[],"jetpack_featured_media_url":"https:\/\/www.ludwig-van.com\/montreal\/wp-content\/uploads\/sites\/3\/2019\/09\/Choix-red-30.jpg","jetpack_sharing_enabled":true,"jetpack_shortlink":"https:\/\/wp.me\/p9bdYt-g0q","amp_enabled":true,"_links":{"self":[{"href":"https:\/\/www.ludwig-van.com\/montreal\/wp-json\/wp\/v2\/posts\/61530"}],"collection":[{"href":"https:\/\/www.ludwig-van.com\/montreal\/wp-json\/wp\/v2\/posts"}],"about":[{"href":"https:\/\/www.ludwig-van.com\/montreal\/wp-json\/wp\/v2\/types\/post"}],"author":[{"embeddable":true,"href":"https:\/\/www.ludwig-van.com\/montreal\/wp-json\/wp\/v2\/users\/51"}],"replies":[{"embeddable":true,"href":"https:\/\/www.ludwig-van.com\/montreal\/wp-json\/wp\/v2\/comments?post=61530"}],"version-history":[{"count":13,"href":"https:\/\/www.ludwig-van.com\/montreal\/wp-json\/wp\/v2\/posts\/61530\/revisions"}],"predecessor-version":[{"id":61661,"href":"https:\/\/www.ludwig-van.com\/montreal\/wp-json\/wp\/v2\/posts\/61530\/revisions\/61661"}],"wp:featuredmedia":[{"embeddable":true,"href":"https:\/\/www.ludwig-van.com\/montreal\/wp-json\/wp\/v2\/media\/61571"}],"wp:attachment":[{"href":"https:\/\/www.ludwig-van.com\/montreal\/wp-json\/wp\/v2\/media?parent=61530"}],"wp:term":[{"taxonomy":"category","embeddable":true,"href":"https:\/\/www.ludwig-van.com\/montreal\/wp-json\/wp\/v2\/categories?post=61530"},{"taxonomy":"post_tag","embeddable":true,"href":"https:\/\/www.ludwig-van.com\/montreal\/wp-json\/wp\/v2\/tags?post=61530"},{"taxonomy":"yst_prominent_words","embeddable":true,"href":"https:\/\/www.ludwig-van.com\/montreal\/wp-json\/wp\/v2\/yst_prominent_words?post=61530"}],"curies":[{"name":"wp","href":"https:\/\/api.w.org\/{rel}","templated":true}]}}