{"id":61335,"date":"2019-09-23T09:13:34","date_gmt":"2019-09-23T13:13:34","guid":{"rendered":"https:\/\/www.ludwig-van.com\/montreal\/?p=61335"},"modified":"2019-09-23T10:07:16","modified_gmt":"2019-09-23T14:07:16","slug":"choix-de-la-redaction-concerts-classiques-recolte-abondante","status":"publish","type":"post","link":"https:\/\/www.ludwig-van.com\/montreal\/2019\/09\/23\/choix-de-la-redaction-concerts-classiques-recolte-abondante\/","title":{"rendered":"CHOIX DE LA R\u00c9DACTION | Choisissez vos concerts parmi une r\u00e9colte plus qu&rsquo;abondante!"},"content":{"rendered":"<figure id=\"attachment_61361\" aria-describedby=\"caption-attachment-61361\" style=\"width: 1200px\" class=\"wp-caption aligncenter\"><img decoding=\"async\" loading=\"lazy\" class=\"wp-image-61361 size-full\" src=\"https:\/\/www.ludwig-van.com\/montreal\/wp-content\/uploads\/sites\/3\/2019\/09\/Choix-redac-23-sept.jpg\" alt=\"\" width=\"1200\" height=\"629\" srcset=\"https:\/\/www.ludwig-van.com\/montreal\/wp-content\/uploads\/sites\/3\/2019\/09\/Choix-redac-23-sept.jpg 1200w, https:\/\/www.ludwig-van.com\/montreal\/wp-content\/uploads\/sites\/3\/2019\/09\/Choix-redac-23-sept-300x157.jpg 300w, https:\/\/www.ludwig-van.com\/montreal\/wp-content\/uploads\/sites\/3\/2019\/09\/Choix-redac-23-sept-768x403.jpg 768w, https:\/\/www.ludwig-van.com\/montreal\/wp-content\/uploads\/sites\/3\/2019\/09\/Choix-redac-23-sept-1024x537.jpg 1024w\" sizes=\"(max-width: 1200px) 100vw, 1200px\" \/><figcaption id=\"caption-attachment-61361\" class=\"wp-caption-text\">Anne-Sophie Mutter, Quasar, Marina Thibeault, Quatuor Molinari, Alain Lef\u00e8vre. (Photos : Bastian Achard, Georges Dutil, Matthew Perrin et courtoisie)<\/figcaption><\/figure>\n<p>La r\u00e9colte automnale de concerts classiques est encore une fois abondante! Les Journ\u00e9es de la culture, entre autres, offrent plusieurs occasions d&rsquo;\u00e9largir ses horizons musicaux sans se ruiner. Voici nos <strong>Choix de la r\u00e9daction pour la semaine du 23 au 29 septembre<\/strong>.<\/p>\n<p><strong>\u00a0<\/strong><\/p>\n<h2><strong>Les profs de l\u2019UdeM en concert<\/strong><\/h2>\n<p>Les professeurs de la Facult\u00e9 de musique de l\u2019Universit\u00e9 de Montr\u00e9al reprennent leur s\u00e9rie r\u00e9guli\u00e8re de concerts gratuits cette semaine. Bartok, Pousseur, Sokolovi\u0107 et Beethoven seront interpr\u00e9t\u00e9s par\u00a0<strong>Laura Andriani<\/strong> et <strong>Julien Oberson<\/strong>, violons, <strong>Yukari Cousineau<\/strong>\u00a0au violon et \u00e0 l&rsquo;alto et <strong>Yegor Dyachkov <\/strong>au\u00a0violoncelle.\u00a0<strong>Mardi 24 septembre, 19h30, salle Claude-Champagne.\u00a0<\/strong><a href=\"https:\/\/www.facebook.com\/events\/363259817888430\/\" target=\"_blank\" rel=\"noopener\">D\u00c9TAILS<\/a><\/p>\n<p>&nbsp;<\/p>\n<figure id=\"attachment_53814\" aria-describedby=\"caption-attachment-53814\" style=\"width: 1024px\" class=\"wp-caption aligncenter\"><img decoding=\"async\" loading=\"lazy\" class=\"size-full wp-image-53814\" src=\"https:\/\/www.ludwig-van.com\/montreal\/wp-content\/uploads\/sites\/3\/2018\/05\/Anne-Sophie-Mutter-\u00a9-bastian-achard-web.jpg\" alt=\"Anne-Sophie Mutter. (Cr\u00e9dit: Bastian Achard)\" width=\"1024\" height=\"683\" srcset=\"https:\/\/www.ludwig-van.com\/montreal\/wp-content\/uploads\/sites\/3\/2018\/05\/Anne-Sophie-Mutter-\u00a9-bastian-achard-web.jpg 1024w, https:\/\/www.ludwig-van.com\/montreal\/wp-content\/uploads\/sites\/3\/2018\/05\/Anne-Sophie-Mutter-\u00a9-bastian-achard-web-300x200.jpg 300w, https:\/\/www.ludwig-van.com\/montreal\/wp-content\/uploads\/sites\/3\/2018\/05\/Anne-Sophie-Mutter-\u00a9-bastian-achard-web-768x512.jpg 768w\" sizes=\"(max-width: 1024px) 100vw, 1024px\" \/><figcaption id=\"caption-attachment-53814\" class=\"wp-caption-text\">Anne-Sophie Mutter. (Photo : Bastian Achard)<\/figcaption><\/figure>\n<h2><strong>Anne-Sophie Mutter joue Beethoven<\/strong><\/h2>\n<p>La reine incontest\u00e9e du violon joue deux soirs avec l\u2019OSM \u00e0 Montr\u00e9al. <strong>Anne-Sophie Mutter<\/strong> interpr\u00e9tera le Concerto pour violon de Beethoven, et l\u2019OSM pr\u00e9sentera le <em>Quatuor op. 25<\/em> de Brahms dans la version orchestr\u00e9e par Schoenberg. Une rencontre musicale de haut niveau qui sera dirig\u00e9e par le chef <strong>Cristian M\u0103celaru. <\/strong>Les <em>City Scenes<\/em> de <strong>Karim Al-Zand<\/strong> s\u2019invitent au programme.\u00a0<strong>Mardi 24 et mercredi 25 septembre, 20h, Maison symphonique<\/strong><strong>.\u00a0<\/strong><a href=\"https:\/\/www.osm.ca\/fr\/concerts\/la-prodigieuse-anne-sophie-mutter-joue-beethoven\/\" target=\"_blank\" rel=\"noopener\">D\u00c9TAILS<\/a><\/p>\n<p>&nbsp;<\/p>\n<figure id=\"attachment_54027\" aria-describedby=\"caption-attachment-54027\" style=\"width: 1024px\" class=\"wp-caption aligncenter\"><img decoding=\"async\" loading=\"lazy\" class=\"wp-image-54027 size-full\" src=\"https:\/\/www.ludwig-van.com\/montreal\/wp-content\/uploads\/sites\/3\/2018\/05\/2018_Molinari5654_web.jpg\" alt=\"Quatuor Molinari (Photo : courtoisie)\" width=\"1024\" height=\"683\" srcset=\"https:\/\/www.ludwig-van.com\/montreal\/wp-content\/uploads\/sites\/3\/2018\/05\/2018_Molinari5654_web.jpg 1024w, https:\/\/www.ludwig-van.com\/montreal\/wp-content\/uploads\/sites\/3\/2018\/05\/2018_Molinari5654_web-300x200.jpg 300w, https:\/\/www.ludwig-van.com\/montreal\/wp-content\/uploads\/sites\/3\/2018\/05\/2018_Molinari5654_web-768x512.jpg 768w\" sizes=\"(max-width: 1024px) 100vw, 1024px\" \/><figcaption id=\"caption-attachment-54027\" class=\"wp-caption-text\">Quatuor Molinari (Photo : courtoisie)<\/figcaption><\/figure>\n<h2><strong>Le Quatuor selon G\u00f3recki<\/strong><\/h2>\n<p>Le <strong>Quatuor Molinari<\/strong> pr\u00e9sente l\u2019\u00e9v\u00e9nement <em>Le Quatuor selon G\u00f3recki<\/em>, soit l\u2019int\u00e9grale des trois grands quatuors du compositeur polonais <strong>Henryk G\u00f3recki<\/strong>. Des tableaux du peintre <strong>Marc S\u00e9guin<\/strong> projet\u00e9s sur la sc\u00e8ne illustreront chacun des mouvements des quatuors. Le compositeur <strong>Vincent Collard<\/strong> pr\u00e9sente la vie et l&rsquo;oeuvre du compositeur dans une conf\u00e9rence pr\u00e9-concert \u00e0 19h.\u00a0<strong>Mercredi 25 septembre, 19h30, Conservatoire de Montr\u00e9al. <\/strong><a href=\"https:\/\/quatuormolinari.qc.ca\/event\/le-quatuor-selon-gorecki\/\" target=\"_blank\" rel=\"noopener\">D\u00c9TAILS<\/a><\/p>\n<h2><strong>Histoires de guitares<\/strong><\/h2>\n<p>Un concert conf\u00e9rence autour des guitares classiques avec le guitariste <strong>David Jacques<\/strong> ? Voil\u00e0 bien une occasion unique de d\u00e9couvrir l&rsquo;histoire d&rsquo;une dizaine de guitares de collection et, surtout, de les entendre, parfaitement restaur\u00e9es, et ce, chacune dans son r\u00e9pertoire propre. Comme celle de Mauro Giuliani, le compositeur ami de Paganini. <strong>Mercredi 25 septembre, 19h30, Salle Bourgie.\u00a0<\/strong><a href=\"https:\/\/www.mbam.qc.ca\/achats-en-ligne\/concerts\/histoires-de-guitares\/8628\/\" target=\"_blank\" rel=\"noopener\">D\u00c9TAILS<\/a><\/p>\n<h2><strong>Musique de chambre Allegra avec Anne Eggleston<\/strong><\/h2>\n<p>Le <em>Quatuor pour piano et cordes<\/em> d\u2019Anne Eggleston sera interpr\u00e9t\u00e9 avec les <em>Trois madrigaux pour violon et alto<\/em> de Martin\u016f et deux \u0153uvres de Brahms lors d\u2019un concert de musique de chambre Allegra avec <strong>Dorothy Fieldman Fraiberg<\/strong> au piano, <strong>Simon Aldrich<\/strong> \u00e0 la clarinette, <strong>Alexander Lozowski<\/strong> et <strong>Am\u00e9lie Benoit Bastien<\/strong> aux violons,<strong> Elvira Misbakhova<\/strong> et <strong>Jean Ren\u00e9<\/strong> \u00e0 l\u2019alto, et <strong>Sheila Hannigan<\/strong> au violoncelle.\u00a0<strong>Mercredi 25 septembre, 20 h, Salle Tanna Schulich\/McGill.\u00a0<\/strong><a href=\"https:\/\/musiquedechambreallegra.com\/saison-2019-2020\" target=\"_blank\" rel=\"noopener\">D\u00c9TAILS<\/a><\/p>\n<p>&nbsp;<\/p>\n<figure id=\"attachment_57097\" aria-describedby=\"caption-attachment-57097\" style=\"width: 1024px\" class=\"wp-caption aligncenter\"><img decoding=\"async\" loading=\"lazy\" class=\"size-full wp-image-57097\" src=\"https:\/\/www.ludwig-van.com\/montreal\/wp-content\/uploads\/sites\/3\/2017\/09\/CameronCrozman5-photo-Red-Rubber-Studio.jpg\" alt=\"Cameron Crozman\" width=\"1024\" height=\"683\" srcset=\"https:\/\/www.ludwig-van.com\/montreal\/wp-content\/uploads\/sites\/3\/2017\/09\/CameronCrozman5-photo-Red-Rubber-Studio.jpg 1024w, https:\/\/www.ludwig-van.com\/montreal\/wp-content\/uploads\/sites\/3\/2017\/09\/CameronCrozman5-photo-Red-Rubber-Studio-300x200.jpg 300w, https:\/\/www.ludwig-van.com\/montreal\/wp-content\/uploads\/sites\/3\/2017\/09\/CameronCrozman5-photo-Red-Rubber-Studio-768x512.jpg 768w\" sizes=\"(max-width: 1024px) 100vw, 1024px\" \/><figcaption id=\"caption-attachment-57097\" class=\"wp-caption-text\">Cameron Crozman. (Photo : Red Rubber Studio)<\/figcaption><\/figure>\n<h2><strong>Cameron Crozman ouvre la 36e saison d\u2019I Musici<\/strong><\/h2>\n<p>R\u00e9v\u00e9lation Radio-Canada musique classique 2019-2020, <strong>Cameron Crozman<\/strong> inaugurera la s\u00e9rie I Concertini en interpr\u00e9tant des airs allant de Roussel \u00e0 Debussy, de Faur\u00e9 \u00e0 Saint-S\u00e4ens en visitant certains de leurs contemporains comme Piern\u00e9, Offenbach, Ropartz, Boulanger, Koechlin, etc., dans une salle Bourgie repens\u00e9e avec, au centre, l\u2019orchestre<strong> I Musici<\/strong> dirig\u00e9 par <strong>Jean-Marie Zeitouni<\/strong>. Le violoncelliste joue sur un instrument espagnol datant de 1769\u00a0 portant le surnom de \u00ab\u00a0El Tibur\u00f3n\u00a0\u00bb, le requin, qui lui est pr\u00eat\u00e9 par le Conseil des arts du Canada.\u00a0<strong>Jeudi 26 septembre, 11h et 18h, Salle Bourgie.\u00a0<\/strong><a href=\"https:\/\/imusici.com\/saison-2019-2020\/cameron-crozman-le-violoncelle-francais\/\" target=\"_blank\" rel=\"noopener\">D\u00c9TAILS<\/a><\/p>\n<p>&nbsp;<\/p>\n<figure id=\"attachment_61299\" aria-describedby=\"caption-attachment-61299\" style=\"width: 1200px\" class=\"wp-caption aligncenter\"><img decoding=\"async\" loading=\"lazy\" class=\"size-full wp-image-61299\" src=\"https:\/\/www.ludwig-van.com\/montreal\/wp-content\/uploads\/sites\/3\/2019\/09\/Mathieu-Gaudet-semi-profil_redimensionn\u00e9e.jpg\" alt=\"\" width=\"1200\" height=\"800\" srcset=\"https:\/\/www.ludwig-van.com\/montreal\/wp-content\/uploads\/sites\/3\/2019\/09\/Mathieu-Gaudet-semi-profil_redimensionn\u00e9e.jpg 1200w, https:\/\/www.ludwig-van.com\/montreal\/wp-content\/uploads\/sites\/3\/2019\/09\/Mathieu-Gaudet-semi-profil_redimensionn\u00e9e-300x200.jpg 300w, https:\/\/www.ludwig-van.com\/montreal\/wp-content\/uploads\/sites\/3\/2019\/09\/Mathieu-Gaudet-semi-profil_redimensionn\u00e9e-768x512.jpg 768w, https:\/\/www.ludwig-van.com\/montreal\/wp-content\/uploads\/sites\/3\/2019\/09\/Mathieu-Gaudet-semi-profil_redimensionn\u00e9e-1024x683.jpg 1024w\" sizes=\"(max-width: 1200px) 100vw, 1200px\" \/><figcaption id=\"caption-attachment-61299\" class=\"wp-caption-text\">Le pianiste Mathieu Gaudet (Photo : Fran\u00e7ois Desjardins)<\/figcaption><\/figure>\n<h2>Mathieu Gaudet et le Q<strong>uatuor Arthur-Leblanc<\/strong><\/h2>\n<p>Compos\u00e9 des violonistes <strong>Hibiki Kobayashi<\/strong> et <strong>Brett Molzan<\/strong>, de l\u2019altiste <strong>Jean-Luc Plourde\u00a0<\/strong>et\u00a0du violoncelliste <strong>Ryan Molzan<\/strong>, auxquels s&rsquo;ajoutera le pianiste <strong>Mathieu Gaudet<\/strong>, le Quatuor Arthur-Leblanc pr\u00e9sentera le Quatuor en si b\u00e9mol majeur, opus 18, no 6 de Beethoven et le Quintette pour piano et cordes no 2 en do mineur, opus 115 de Faur\u00e9 lors d\u2019un concert gratuit \u00e0 la Chapelle historique du Bon-Pasteur.\u00a0<strong>Jeudi 26 septembre, 19h30, Chapelle historique du Bon-Pasteur.\u00a0<\/strong><a href=\"https:\/\/www.ludwig-van.com\/montreal\/event\/chapelle-historique-pasteur-quatuor-arthur-leblanc\/\" target=\"_blank\" rel=\"noopener\">D\u00c9TAILS<\/a><\/p>\n<p>&nbsp;<\/p>\n<figure id=\"attachment_58087\" aria-describedby=\"caption-attachment-58087\" style=\"width: 1024px\" class=\"wp-caption aligncenter\"><img decoding=\"async\" loading=\"lazy\" class=\"size-full wp-image-58087\" src=\"https:\/\/www.ludwig-van.com\/montreal\/wp-content\/uploads\/sites\/3\/2018\/12\/Jacques-Lacombe-cr-Steve-J-Sherman.jpg\" alt=\"Jacques Lacombe dirigera War Requiem, de Britten, \u00e0 la Maison symphonique. (Photo: Steve J. Sherman)\" width=\"1024\" height=\"682\" srcset=\"https:\/\/www.ludwig-van.com\/montreal\/wp-content\/uploads\/sites\/3\/2018\/12\/Jacques-Lacombe-cr-Steve-J-Sherman.jpg 1024w, https:\/\/www.ludwig-van.com\/montreal\/wp-content\/uploads\/sites\/3\/2018\/12\/Jacques-Lacombe-cr-Steve-J-Sherman-300x200.jpg 300w, https:\/\/www.ludwig-van.com\/montreal\/wp-content\/uploads\/sites\/3\/2018\/12\/Jacques-Lacombe-cr-Steve-J-Sherman-768x512.jpg 768w\" sizes=\"(max-width: 1024px) 100vw, 1024px\" \/><figcaption id=\"caption-attachment-58087\" class=\"wp-caption-text\">Jacques Lacombe. (Photo : Steve J. Sherman)<\/figcaption><\/figure>\n<h2><strong>Jacques Lacombe dirige Brahms<\/strong><\/h2>\n<p>La <em>Symphonie No 4<\/em> de Brahms sera la pi\u00e8ce de r\u00e9sistance de ce concert comprenant \u00e9galement le Concerto pour violoncelle no 1 de Chostakovitch avec le violoncelliste <strong>Bruno Tobon <\/strong>au<strong> Conservatoire de musique de Montr\u00e9al.\u00a0<\/strong><strong>Jeudi 26 septembre, 19h30, Salle Marguerite-Bourgeoys.\u00a0<\/strong><a href=\"http:\/\/www.conservatoire.gouv.qc.ca\/reseau\/conservatoire-de-musique\/montreal\/programmation\/calendrier\/article\/jacques-lacombe-dirige-brahms\">D\u00c9TAILS<\/a><\/p>\n<h2><strong>Qu\u00e9bec: Soir\u00e9e russe \u00e0 l&rsquo;OSQ<\/strong><\/h2>\n<p>\u00c0 Qu\u00e9bec, la musique russe envahira les cintres du Grand Th\u00e9\u00e2tre puisque le flamboyant Concerto pour violon de Tcha\u00efkovski sera interpr\u00e9t\u00e9 par le talentueux <strong>Blake Pouliot<\/strong> et l\u2019<strong>Orchestre Symphonique de Qu\u00e9bec<\/strong> sous la direction de <strong>Pierre Bleuse<\/strong>, conjointement \u00e0 l\u2019<em>Ouverture sur des th\u00e8mes russes<\/em> de Rimski-Korsakov et \u00e0 la version 1919 de <em>L\u2019Oiseau de feu<\/em> de Stravinski.\u00a0<strong>Jeudi 26 septembre \u00e0 19h30, Grand Th\u00e9\u00e2tre de Qu\u00e9bec.\u00a0<\/strong><a href=\"https:\/\/www.osq.org\/categorie-concerts\/saison-2019-2020\/\">D\u00c9TAILS<\/a><\/p>\n<p>&nbsp;<\/p>\n<p><img decoding=\"async\" loading=\"lazy\" class=\"aligncenter size-full wp-image-60974\" src=\"https:\/\/www.ludwig-van.com\/montreal\/wp-content\/uploads\/sites\/3\/2017\/09\/17-oct-Quatuor-Quasar-cre\u0301dit-Georges-Dutil.jpg\" alt=\"Quatuor Quasar (Photo : courtoisie)\" width=\"1024\" height=\"683\" srcset=\"https:\/\/www.ludwig-van.com\/montreal\/wp-content\/uploads\/sites\/3\/2017\/09\/17-oct-Quatuor-Quasar-cre\u0301dit-Georges-Dutil.jpg 1024w, https:\/\/www.ludwig-van.com\/montreal\/wp-content\/uploads\/sites\/3\/2017\/09\/17-oct-Quatuor-Quasar-cre\u0301dit-Georges-Dutil-300x200.jpg 300w, https:\/\/www.ludwig-van.com\/montreal\/wp-content\/uploads\/sites\/3\/2017\/09\/17-oct-Quatuor-Quasar-cre\u0301dit-Georges-Dutil-768x512.jpg 768w\" sizes=\"(max-width: 1024px) 100vw, 1024px\" \/><\/p>\n<h2><strong>Quasar n\u2019est pas un robot<\/strong><\/h2>\n<p><em>Je ne suis pas un robot<\/em>, le tout premier \u00ab\u00a0technop\u00e9raballet tragi-comique exp\u00e9rimental\u00a0\u00bb, est une collaboration entre le quatuor de saxophones <strong>Quasar<\/strong>, les Escales improbables de Montr\u00e9al et Totem Contemporain. L&rsquo;oeuvre veut explorer la relation intime qui s&rsquo;\u00e9tablit entre les humains et leurs machines.\u00a0<strong>Jeudi 26 septembre et vendredi 27 septembre \u00e0 19h, Camp \u00c9thel.\u00a0<\/strong><a href=\"https:\/\/quasar4.com\/\" target=\"_blank\" rel=\"noopener\">D\u00c9TAILS<\/a><\/p>\n<p>&nbsp;<\/p>\n<figure id=\"attachment_60857\" aria-describedby=\"caption-attachment-60857\" style=\"width: 1200px\" class=\"wp-caption aligncenter\"><img decoding=\"async\" loading=\"lazy\" class=\"size-full wp-image-60857\" src=\"https:\/\/www.ludwig-van.com\/montreal\/wp-content\/uploads\/sites\/3\/2019\/08\/Orgue-Pipe-Dreams-WEB.jpg\" alt=\"\" width=\"1200\" height=\"656\" srcset=\"https:\/\/www.ludwig-van.com\/montreal\/wp-content\/uploads\/sites\/3\/2019\/08\/Orgue-Pipe-Dreams-WEB.jpg 1200w, https:\/\/www.ludwig-van.com\/montreal\/wp-content\/uploads\/sites\/3\/2019\/08\/Orgue-Pipe-Dreams-WEB-300x164.jpg 300w, https:\/\/www.ludwig-van.com\/montreal\/wp-content\/uploads\/sites\/3\/2019\/08\/Orgue-Pipe-Dreams-WEB-768x420.jpg 768w, https:\/\/www.ludwig-van.com\/montreal\/wp-content\/uploads\/sites\/3\/2019\/08\/Orgue-Pipe-Dreams-WEB-1024x560.jpg 1024w\" sizes=\"(max-width: 1200px) 100vw, 1200px\" \/><figcaption id=\"caption-attachment-60857\" class=\"wp-caption-text\">Le documentaire sur l&rsquo;orgue Jeux d&rsquo;orgue est pr\u00e9sent\u00e9 en avant-premi\u00e8re cette semaine. (Photo : courtoisie)<\/figcaption><\/figure>\n<h2><strong>Le Festival d&rsquo;orgue CIOC, \u00e0 L\u00e9vis et \u00e0 Montr\u00e9al<\/strong><\/h2>\n<p>Le <strong>Festival du Concours international d&rsquo;orgue du Canada<\/strong>\u00a0bat son plein jusqu\u2019au 1<sup>er<\/sup> novembre et met en valeurs autant les orgues du Qu\u00e9bec que les talents qui en jouent. Le concert du 27 septembre, \u00e9v\u00e9nement exclusif en deux parties, pr\u00e9sentera le documentaire <em>Jeux d&rsquo;orgue<\/em> de <strong>Stacey Tenenbaum<\/strong> qui suit 5 jeunes organistes au prestigieux Concours International d&rsquo;orgue du Canada. Puis les organistes <strong>Alc\u00e9e Chriss<\/strong>, gagnant du Concours d&rsquo;orgue en 2017,\u00a0et <strong>Pierre-Antoine Rivard<\/strong> partageront la sc\u00e8ne avec la soprano <strong>Lili Lorenzana-Bilodeau<\/strong> pour une d\u00e9couverte nouvelle de l&rsquo;orgue.<\/p>\n<p>D\u2019autres \u00e9v\u00e8nements du Festival du CIOC sont \u00e0 d\u00e9couvrir \u00e0 l\u2019occasion des Journ\u00e9es de la Culture\u00a0: un atelier Orgelkids (15h, Gesu) et deux concerts gratuits de <strong>M\u00e1ria Bud\u00e1\u010dov\u00e1<\/strong> (le 28 \u00e0 16h30 au Gesu) et \u00e0 la Chapelle Notre-Dame-de-Bon-Secours (le 29 \u00e0 15h).\u00a0<strong>Vendredi 27 septembre, 19h30, \u00c9glise Notre-Dame-de-L\u00e9vis.\u00a0<\/strong><a href=\"http:\/\/www.ciocm.org\/events2?event_id=202\" target=\"_blank\" rel=\"noopener\">D\u00c9TAILS<\/a><\/p>\n<p>&nbsp;<\/p>\n<figure id=\"attachment_60424\" aria-describedby=\"caption-attachment-60424\" style=\"width: 1500px\" class=\"wp-caption aligncenter\"><img decoding=\"async\" loading=\"lazy\" class=\"size-full wp-image-60424\" src=\"https:\/\/www.ludwig-van.com\/montreal\/wp-content\/uploads\/sites\/3\/2019\/07\/Katia_crop_Credit-Jer\u00f4me-Bertrand.jpg\" alt=\"\" width=\"1500\" height=\"1316\" \/><figcaption id=\"caption-attachment-60424\" class=\"wp-caption-text\">Katia Makdissi-Warren. (Photo : J\u00e9r\u00f4me Bertrand)<\/figcaption><\/figure>\n<h2><strong>Razzia(s)<\/strong><\/h2>\n<p>Sous ce titre, la <strong>Soci\u00e9t\u00e9 de musique contemporaine du Qu\u00e9bec<\/strong> inaugure la 7e \u00e9dition de la S\u00e9rie hommage, consacr\u00e9e cette saison \u00e0 <strong>Katia Makdissi-Warren<\/strong>, avec un concert gratuit \u00e0 inspiration orientale comprenant trois \u0153uvres de la compositrice, une \u0153uvre du regrett\u00e9 <strong>Claude Vivier<\/strong> \u00e9voquant la Chine de Marco Polo, et une cr\u00e9ation de <strong>Keiko Devaux<\/strong> pour ensemble et kanun. Fond\u00e9 et dirig\u00e9 par Katia Makdissi-Warren, l\u2019ensemble <strong>Okto\u00e9cho<\/strong> partagera la sc\u00e8ne avec l\u2019ensemble de la SMCQ se la sc\u00e8ne, sous les baguettes de la compositrice elle-m\u00eame, de <strong>Walter Boudreau<\/strong> et de <strong>V\u00e9ronique Lussier<\/strong>, pour la premi\u00e8re fois \u00e0 la SMCQ.\u00a0<strong>Vendredi 27 septembre, 19h30, Salle Pierre-Mercure.\u00a0<\/strong><a href=\"http:\/\/smcq.qc.ca\/smcq\/fr\/evenement\/41673\/Razzia\" target=\"_blank\" rel=\"noopener\">D\u00c9TAILS<\/a><\/p>\n<p>&nbsp;<\/p>\n<figure id=\"attachment_48438\" aria-describedby=\"caption-attachment-48438\" style=\"width: 1024px\" class=\"wp-caption aligncenter\"><img decoding=\"async\" loading=\"lazy\" class=\"size-full wp-image-48438\" src=\"https:\/\/www.ludwig-van.com\/montreal\/wp-content\/uploads\/sites\/3\/2017\/10\/Alain-Lefe\u0300vre-Pleins-Feux-sur-les-Territoires-Nordiques..jpg\" alt=\"Alain Lef\u00e8vre (Photo: courtoisie)\" width=\"1024\" height=\"576\" srcset=\"https:\/\/www.ludwig-van.com\/montreal\/wp-content\/uploads\/sites\/3\/2017\/10\/Alain-Lefe\u0300vre-Pleins-Feux-sur-les-Territoires-Nordiques..jpg 1024w, https:\/\/www.ludwig-van.com\/montreal\/wp-content\/uploads\/sites\/3\/2017\/10\/Alain-Lefe\u0300vre-Pleins-Feux-sur-les-Territoires-Nordiques.-300x169.jpg 300w, https:\/\/www.ludwig-van.com\/montreal\/wp-content\/uploads\/sites\/3\/2017\/10\/Alain-Lefe\u0300vre-Pleins-Feux-sur-les-Territoires-Nordiques.-768x432.jpg 768w\" sizes=\"(max-width: 1024px) 100vw, 1024px\" \/><figcaption id=\"caption-attachment-48438\" class=\"wp-caption-text\">Alain Lef\u00e8vre (Photo : courtoisie)<\/figcaption><\/figure>\n<h2><strong>Un concert b\u00e9n\u00e9fice d&rsquo;Alain Lef\u00e8vre<\/strong><\/h2>\n<p>Lors d\u2019une soir\u00e9e toute sp\u00e9ciale, au profit des Foyers de la Cr\u00e9ation, un centre d&rsquo;h\u00e9bergement permanent et de r\u00e9pits \u0153uvrant aupr\u00e8s d&rsquo;adultes autistes et de personnes vivant avec une d\u00e9ficience intellectuelle, <strong>Alain Lef\u00e8vre<\/strong> pr\u00e9sentera en premi\u00e8re montr\u00e9alaise les nouvelles pi\u00e8ces de son prochain album de compositions intitul\u00e9 OPUS 7, \u00e0 para\u00eetre en 2020 (Warner Classics).\u00a0<strong>Samedi 28 septembre \u00e0 19h30, \u00c9glise Saint-Pierre Claver.\u00a0<\/strong><a href=\"https:\/\/lepointdevente.com\/billets\/ff8190928001\" target=\"_blank\" rel=\"noopener\">D\u00c9TAILS<\/a><\/p>\n<p>&nbsp;<\/p>\n<figure id=\"attachment_53376\" aria-describedby=\"caption-attachment-53376\" style=\"width: 1024px\" class=\"wp-caption aligncenter\"><img decoding=\"async\" loading=\"lazy\" class=\"size-full wp-image-53376\" src=\"https:\/\/www.ludwig-van.com\/montreal\/wp-content\/uploads\/sites\/3\/2018\/04\/ViolonsDuRoy_JonathanCohen_cAtwoodPhotographie-2a.jpg\" alt=\"Jonathan Cohen\" width=\"1024\" height=\"576\" srcset=\"https:\/\/www.ludwig-van.com\/montreal\/wp-content\/uploads\/sites\/3\/2018\/04\/ViolonsDuRoy_JonathanCohen_cAtwoodPhotographie-2a.jpg 1024w, https:\/\/www.ludwig-van.com\/montreal\/wp-content\/uploads\/sites\/3\/2018\/04\/ViolonsDuRoy_JonathanCohen_cAtwoodPhotographie-2a-300x169.jpg 300w, https:\/\/www.ludwig-van.com\/montreal\/wp-content\/uploads\/sites\/3\/2018\/04\/ViolonsDuRoy_JonathanCohen_cAtwoodPhotographie-2a-768x432.jpg 768w\" sizes=\"(max-width: 1024px) 100vw, 1024px\" \/><figcaption id=\"caption-attachment-53376\" class=\"wp-caption-text\">Jonathan Cohen. (Photo : C. Atwood photographie)<\/figcaption><\/figure>\n<h2><strong>Magnificats avec les Violons du Roy<\/strong><\/h2>\n<p>Trois en un ! Trois Bach (Johann Sebastian, Carl-Philippe-Emmanuel et Johann-Christian) et trois <em>Magnificat<\/em> dans une seule et m\u00eame soir\u00e9e ! C\u2019est le d\u00e9fi fou propos\u00e9 dans le cadre du Festival Bach de Montr\u00e9al. Le chef <strong>Jonathan Cohen<\/strong> dirigera les soprani <strong>H\u00e9l\u00e8ne Guilmette<\/strong> et <strong>Myriam Leblanc<\/strong>, le contre-t\u00e9nor <strong>Anthony Roth Costanzo,<\/strong> le t\u00e9nor <strong>Thomas Walker<\/strong>, le baryton <strong>Christian Immler<\/strong>, les <strong>Violons du Roy<\/strong>\u00a0et la <strong>Chapelle de Qu\u00e9bec<\/strong> pour interpr\u00e9ter ces \u0153uvres embl\u00e9matiques de la famille Bach. <strong>Mercredi 25 septembre, 20h, Palais Montcalm<\/strong>. <a href=\"http:\/\/www.violonsduroy.com\/fr\/evenements\/magnificat\/2019-09-25-20-00\" target=\"_blank\" rel=\"noopener\">D\u00c9TAILS<\/a> et\u00a0<strong>Samedi 28 septembre, 19h30, Maison Symphonique.\u00a0<\/strong><a href=\"http:\/\/www.violonsduroy.com\/fr\/evenements\/magnificat\/2019-09-28-19-30\" target=\"_blank\" rel=\"noopener\">D\u00c9TAILS<\/a><\/p>\n<p>&nbsp;<\/p>\n<figure id=\"attachment_53142\" aria-describedby=\"caption-attachment-53142\" style=\"width: 1024px\" class=\"wp-caption aligncenter\"><img decoding=\"async\" loading=\"lazy\" class=\"size-full wp-image-53142\" src=\"https:\/\/www.ludwig-van.com\/montreal\/wp-content\/uploads\/sites\/3\/2018\/04\/Marina-Thibeault-by-Matthew-Perrin-1.jpg\" alt=\"Marina Thibeault\" width=\"1024\" height=\"1534\" srcset=\"https:\/\/www.ludwig-van.com\/montreal\/wp-content\/uploads\/sites\/3\/2018\/04\/Marina-Thibeault-by-Matthew-Perrin-1.jpg 1024w, https:\/\/www.ludwig-van.com\/montreal\/wp-content\/uploads\/sites\/3\/2018\/04\/Marina-Thibeault-by-Matthew-Perrin-1-200x300.jpg 200w, https:\/\/www.ludwig-van.com\/montreal\/wp-content\/uploads\/sites\/3\/2018\/04\/Marina-Thibeault-by-Matthew-Perrin-1-768x1151.jpg 768w, https:\/\/www.ludwig-van.com\/montreal\/wp-content\/uploads\/sites\/3\/2018\/04\/Marina-Thibeault-by-Matthew-Perrin-1-684x1024.jpg 684w\" sizes=\"(max-width: 1024px) 100vw, 1024px\" \/><figcaption id=\"caption-attachment-53142\" class=\"wp-caption-text\">Marina Thibeault (Photo : Matthew Perrin)<\/figcaption><\/figure>\n<h2><strong>Berlioz en Italie<\/strong><\/h2>\n<p>Hector Berlioz (<em>Harold en Italie<\/em> et <em>Le Carnaval romain<\/em>), certes, mais aussi Violet Archer (<em>Po\u00e8me pour orchestre<\/em>) et Ottorino Respighi (<em>Pins de Rome<\/em>)\u00a0: voici tout un programme \u00e0 l\u2019italienne pour commencer la saison, interpr\u00e9t\u00e9 par l\u2019Orchestre M\u00e9tropolitain et la soliste invit\u00e9e <strong>Marina Thibeault<\/strong> sous la direction de <strong>Yannick N\u00e9zet-S\u00e9guin<\/strong>. Une Italie dansante, festive, expansive, mais aussi empreinte de moments de grande brillance et d\u2019introspection et tout un \u00e9ventail de couleurs sonores.\u00a0<strong>Samedi 28 septembre, 19h30, \u00c9glise Sainte-Claire (Hochelaga-Maisonneuve) et d<\/strong><strong>imanche 29 septembre, 15h, Maison symphonique.\u00a0<\/strong><a href=\"https:\/\/orchestremetropolitain.com\/fr\/concert\/berlioz-en-italie\/\">D\u00c9TAILS<\/a><\/p>\n<h2><strong>Tentez la cantate !<\/strong><\/h2>\n<p>Arte Musica poursuit la pr\u00e9sentation en concert de l\u2019int\u00e9grale des cantates sacr\u00e9es de J. S. Bach. Dirig\u00e9s par <strong>Julian Wachner<\/strong>, le <strong>Trinity Baroque Orchestra<\/strong> et les <strong>solistes du Ch\u0153ur de l&rsquo;\u00e9glise Trinity Wall Street<\/strong>\u00a0. Chaque concert pr\u00e9sente ainsi une cantate du jour pour lequel elle a \u00e9t\u00e9 \u00e9crite. De courtes r\u00e9p\u00e9tition ont lieu 45 minutes avant chaque concert pour vous exercer \u00e0 chanter le choral final d\u2019une des cantates, qui est repris en ch\u0153ur par le public.\u00a0<strong>Dimanche 29 septembre, 14h30, Salle Bourgie.\u00a0<\/strong><a href=\"https:\/\/www.mbam.qc.ca\/achats-en-ligne\/concerts\/trinity-baroque-orchestra-choir-of-trinity-wall-street\/8342\/\" target=\"_blank\" rel=\"noopener\">D\u00c9TAILS<\/a><\/p>\n<h2><strong>Tuyaux et pistons au Palais Montcalm<\/strong><\/h2>\n<p>Les trompettistes <strong>Trent Sanheim<\/strong> et <strong>Richard Stoelzel<\/strong> accompagneront <strong>Denis Gagn\u00e9<\/strong> \u00e0 l\u2019orgue Casavant du Palais Montcalm lors des Journ\u00e9es de la Culture. Au programme Vivaldi, Bach, DuCommun, etc.; entr\u00e9e libre.\u00a0<strong>Dimanche 29 septembre, 15h, salle Raoul-Jobin.\u00a0<\/strong><a href=\"http:\/\/www.palaismontcalm.ca\/concert-spectacle-quebec\/ea2019-orgue-en-orgue\/\" target=\"_blank\" rel=\"noopener\">D\u00c9TAILS<\/a><\/p>\n<p>&nbsp;<\/p>\n<figure id=\"attachment_57272\" aria-describedby=\"caption-attachment-57272\" style=\"width: 1024px\" class=\"wp-caption aligncenter\"><img decoding=\"async\" loading=\"lazy\" class=\"size-full wp-image-57272\" src=\"https:\/\/www.ludwig-van.com\/montreal\/wp-content\/uploads\/sites\/3\/2018\/11\/SMAM_groupe_\u00a9Katya-Konioukhova-WEB.jpg\" alt=\"Studio de musique ancienne de Montr\u00e9al\" width=\"1024\" height=\"685\" srcset=\"https:\/\/www.ludwig-van.com\/montreal\/wp-content\/uploads\/sites\/3\/2018\/11\/SMAM_groupe_\u00a9Katya-Konioukhova-WEB.jpg 1024w, https:\/\/www.ludwig-van.com\/montreal\/wp-content\/uploads\/sites\/3\/2018\/11\/SMAM_groupe_\u00a9Katya-Konioukhova-WEB-300x201.jpg 300w, https:\/\/www.ludwig-van.com\/montreal\/wp-content\/uploads\/sites\/3\/2018\/11\/SMAM_groupe_\u00a9Katya-Konioukhova-WEB-768x514.jpg 768w\" sizes=\"(max-width: 1024px) 100vw, 1024px\" \/><figcaption id=\"caption-attachment-57272\" class=\"wp-caption-text\">Le Studio de musique ancienne de Montr\u00e9al. (Photo : Katya Konioukhova)<\/figcaption><\/figure>\n<h2><b>La\u00a0<i>Perfection polyphonique\u00a0<\/i>du SMAM<\/b><\/h2>\n<p>Le <strong>Studio de musique ancienne de Montr\u00e9al<\/strong> ouvre sa 45e saison avec le concert\u00a0<i>Perfection polyphonique<\/i>\u00a0en pr\u00e9sentant un floril\u00e8ge de joyaux de la polyphonie vocale d\u2019un ch\u0153ur a cappella dirig\u00e9 par <strong>Andrew McAnerney<\/strong>. On y entendra des \u0153uvres des grands ma\u00eetres du style polyphonique\u00a0: Josquin des Pr\u00e9s, Palestrina, Lassus, Victoria et Lotti. Une \u0153uvre bouleversante du compositeur \u00e9cossais <strong>James MacMillan<\/strong> (n\u00e9 en 1959) parach\u00e8vera cette polyphonie parfaite.\u00a0<b>Dimanche 29 septembre, 15h, \u00c9glise Saint-L\u00e9on de Westmount.\u00a0<\/b><a href=\"http:\/\/smamontreal.ca\/01-perfection-polyphonique\/\" target=\"_blank\" rel=\"noopener\">D\u00c9TAILS<\/a><\/p>\n<p>&nbsp;<\/p>\n<h2>LIRE AUSSI :<\/h2>\n<blockquote class=\"wp-embedded-content\" data-secret=\"NGZGac44LF\"><p><a href=\"https:\/\/www.ludwig-van.com\/montreal\/2019\/09\/10\/nouvelle-une-nouvelle-production-du-fantome-de-lopera-en-francais-au-theatre-st-denis-en-janvier\/\">NOUVELLE  | Une nouvelle production du Fant\u00f4me de l&rsquo;op\u00e9ra en fran\u00e7ais cet hiver \u00e0 Montr\u00e9al et \u00e0 Qu\u00e9bec<\/a><\/p><\/blockquote>\n<p><iframe class=\"wp-embedded-content\" sandbox=\"allow-scripts\" security=\"restricted\" style=\"position: absolute; clip: rect(1px, 1px, 1px, 1px);\" src=\"https:\/\/www.ludwig-van.com\/montreal\/2019\/09\/10\/nouvelle-une-nouvelle-production-du-fantome-de-lopera-en-francais-au-theatre-st-denis-en-janvier\/embed\/#?secret=NGZGac44LF\" data-secret=\"NGZGac44LF\" width=\"600\" height=\"338\" title=\"\u00ab\u00a0NOUVELLE  | Une nouvelle production du Fant\u00f4me de l&rsquo;op\u00e9ra en fran\u00e7ais cet hiver \u00e0 Montr\u00e9al et \u00e0 Qu\u00e9bec\u00a0\u00bb &#8212; Ludwig Van Montreal\" frameborder=\"0\" marginwidth=\"0\" marginheight=\"0\" scrolling=\"no\"><\/iframe><\/p>\n<p>&nbsp;<\/p>\n<p>&nbsp;<\/p>\n<p>&nbsp;<\/p>\n<p>&nbsp;<\/p>\n<p>&nbsp;<\/p>\n","protected":false},"excerpt":{"rendered":"<p>La r\u00e9colte automnale de concerts classiques est encore une fois abondante! Les Journ\u00e9es de la culture, entre autres, offrent plusieurs occasions d&rsquo;\u00e9largir ses horizons musicaux sans se ruiner. Voici nos Choix de la r\u00e9daction pour la semaine du 23 au 29 septembre.<\/p>\n","protected":false},"author":71,"featured_media":61361,"comment_status":"open","ping_status":"open","sticky":false,"template":"","format":"standard","meta":{"om_disable_all_campaigns":false,"jetpack_post_was_ever_published":false},"categories":[28802,10994],"tags":[28789,11882],"yst_prominent_words":[34426,34425,12250,34384,34400,34382,34399,26055,21565,34381,34397,34443,21568,34383,34420,10554,10557,34398,34392,34419],"acf":[],"jetpack_featured_media_url":"https:\/\/www.ludwig-van.com\/montreal\/wp-content\/uploads\/sites\/3\/2019\/09\/Choix-redac-23-sept.jpg","jetpack_sharing_enabled":true,"jetpack_shortlink":"https:\/\/wp.me\/p9bdYt-fXh","amp_enabled":true,"_links":{"self":[{"href":"https:\/\/www.ludwig-van.com\/montreal\/wp-json\/wp\/v2\/posts\/61335"}],"collection":[{"href":"https:\/\/www.ludwig-van.com\/montreal\/wp-json\/wp\/v2\/posts"}],"about":[{"href":"https:\/\/www.ludwig-van.com\/montreal\/wp-json\/wp\/v2\/types\/post"}],"author":[{"embeddable":true,"href":"https:\/\/www.ludwig-van.com\/montreal\/wp-json\/wp\/v2\/users\/71"}],"replies":[{"embeddable":true,"href":"https:\/\/www.ludwig-van.com\/montreal\/wp-json\/wp\/v2\/comments?post=61335"}],"version-history":[{"count":18,"href":"https:\/\/www.ludwig-van.com\/montreal\/wp-json\/wp\/v2\/posts\/61335\/revisions"}],"predecessor-version":[{"id":61399,"href":"https:\/\/www.ludwig-van.com\/montreal\/wp-json\/wp\/v2\/posts\/61335\/revisions\/61399"}],"wp:featuredmedia":[{"embeddable":true,"href":"https:\/\/www.ludwig-van.com\/montreal\/wp-json\/wp\/v2\/media\/61361"}],"wp:attachment":[{"href":"https:\/\/www.ludwig-van.com\/montreal\/wp-json\/wp\/v2\/media?parent=61335"}],"wp:term":[{"taxonomy":"category","embeddable":true,"href":"https:\/\/www.ludwig-van.com\/montreal\/wp-json\/wp\/v2\/categories?post=61335"},{"taxonomy":"post_tag","embeddable":true,"href":"https:\/\/www.ludwig-van.com\/montreal\/wp-json\/wp\/v2\/tags?post=61335"},{"taxonomy":"yst_prominent_words","embeddable":true,"href":"https:\/\/www.ludwig-van.com\/montreal\/wp-json\/wp\/v2\/yst_prominent_words?post=61335"}],"curies":[{"name":"wp","href":"https:\/\/api.w.org\/{rel}","templated":true}]}}