{"id":61254,"date":"2019-09-16T07:50:21","date_gmt":"2019-09-16T11:50:21","guid":{"rendered":"https:\/\/www.ludwig-van.com\/montreal\/?p=61254"},"modified":"2019-09-17T11:43:28","modified_gmt":"2019-09-17T15:43:28","slug":"choix-de-la-redaction-3","status":"publish","type":"post","link":"https:\/\/www.ludwig-van.com\/montreal\/2019\/09\/16\/choix-de-la-redaction-3\/","title":{"rendered":"CHOIX DE LA R\u00c9DACTION  | 15 \u00e9v\u00e9nements de musique classique pour vous tenir bien occup\u00e9s cette semaine"},"content":{"rendered":"<figure id=\"attachment_61260\" aria-describedby=\"caption-attachment-61260\" style=\"width: 1200px\" class=\"wp-caption aligncenter\"><img decoding=\"async\" loading=\"lazy\" class=\"size-full wp-image-61260\" src=\"https:\/\/www.ludwig-van.com\/montreal\/wp-content\/uploads\/sites\/3\/2019\/09\/LvM-choix-16-septembre-cover.jpg\" alt=\"\" width=\"1200\" height=\"675\" srcset=\"https:\/\/www.ludwig-van.com\/montreal\/wp-content\/uploads\/sites\/3\/2019\/09\/LvM-choix-16-septembre-cover.jpg 1200w, https:\/\/www.ludwig-van.com\/montreal\/wp-content\/uploads\/sites\/3\/2019\/09\/LvM-choix-16-septembre-cover-300x169.jpg 300w, https:\/\/www.ludwig-van.com\/montreal\/wp-content\/uploads\/sites\/3\/2019\/09\/LvM-choix-16-septembre-cover-768x432.jpg 768w, https:\/\/www.ludwig-van.com\/montreal\/wp-content\/uploads\/sites\/3\/2019\/09\/LvM-choix-16-septembre-cover-1024x576.jpg 1024w\" sizes=\"(max-width: 1200px) 100vw, 1200px\" \/><figcaption id=\"caption-attachment-61260\" class=\"wp-caption-text\">Sc\u00e8ne d&rsquo;Eug\u00e8ne On\u00e9guine, Orchestre symphonique de McGill, Kent Nagano, Jacques Lacombe, Suzie LeBlanc. (Photos : Yves Renaud, Tam Lan Truong, courtoisie)<\/figcaption><\/figure>\n<p>Les m\u00e9lomanes qui criaient famine les semaines pass\u00e9es auront l\u2019embarras du choix cette semaine tant les propositions musicales sont nombreuses, mais surtout vari\u00e9es : op\u00e9ratique, classique, romantique, filmique, th\u00e9\u00e2trale, contemporaine, exotique, wagn\u00e9rienne et\u2026 vid\u00e9o-ludique! Voici nos <strong>Choix de la r\u00e9daction en musique classique,<\/strong> <strong>du 16 au 22 septembre 2019.<\/strong><\/p>\n<p>&nbsp;<\/p>\n<figure id=\"attachment_50018\" aria-describedby=\"caption-attachment-50018\" style=\"width: 1024px\" class=\"wp-caption aligncenter\"><img decoding=\"async\" loading=\"lazy\" class=\"size-full wp-image-50018\" src=\"https:\/\/www.ludwig-van.com\/montreal\/wp-content\/uploads\/sites\/3\/2017\/11\/20171126-20h27m38s.jpg\" alt=\"L'Orchestre M\u00e9tropolitain a re\u00e7u un accueil chaleureux du public \u00e0 Dortmund, en Allemagne, point de d\u00e9part de sa tourn\u00e9e europ\u00e9enne. (Cr\u00e9dit: Fran\u00e7ois Goupil)\" width=\"1024\" height=\"612\" srcset=\"https:\/\/www.ludwig-van.com\/montreal\/wp-content\/uploads\/sites\/3\/2017\/11\/20171126-20h27m38s.jpg 1024w, https:\/\/www.ludwig-van.com\/montreal\/wp-content\/uploads\/sites\/3\/2017\/11\/20171126-20h27m38s-300x179.jpg 300w, https:\/\/www.ludwig-van.com\/montreal\/wp-content\/uploads\/sites\/3\/2017\/11\/20171126-20h27m38s-768x459.jpg 768w\" sizes=\"(max-width: 1024px) 100vw, 1024px\" \/><figcaption id=\"caption-attachment-50018\" class=\"wp-caption-text\">L&rsquo;Orchestre M\u00e9tropolitain. (Photo : Fran\u00e7ois Goupil)<\/figcaption><\/figure>\n<h2><em>Ensemble<\/em>, un documentaire sur l\u2019Orchestre M\u00e9tropolitain<\/h2>\n<p>\u00c0 l&rsquo;automne 2017, l&rsquo;<strong>Orchestre M\u00e9tropolitain<\/strong> de Montr\u00e9al entamait sa premi\u00e8re tourn\u00e9e internationale dans les plus prestigieuses salles d&rsquo;Europe. Cette s\u00e9rie de concerts se voulait le couronnement dans la relation riche qui unit les musiciens et leur chef, <strong>Yannick N\u00e9zet-S\u00e9guin<\/strong>. Sur quatre saisons, le documentariste <strong>Jean-Nicolas Orhon<\/strong> a suivi la pr\u00e9paration de cette aventure et s&rsquo;est immisc\u00e9 dans le quotidien de l&rsquo;orchestre. Le film <em>Ensemble<\/em> (Canada-Qu\u00e9bec, 2018, 92 min.) sera projet\u00e9 en VO fran\u00e7aise. <strong>Lundi 16 septembre, 16h et 19h30, Th\u00e9\u00e2tre Outremont.\u00a0<\/strong><\/p>\n<p><a href=\"https:\/\/www.ludwig-van.com\/montreal\/2018\/12\/01\/critique-film-ensemble-lorchestre-metropolitain-concentre-demotions-de-musique\/\" target=\"_blank\" rel=\"noopener\">LIRE NOTRE CRITIQUE DE CE DOCUMENTAIRE<\/a><\/p>\n<p>&nbsp;<\/p>\n<figure id=\"attachment_58087\" aria-describedby=\"caption-attachment-58087\" style=\"width: 1024px\" class=\"wp-caption aligncenter\"><img decoding=\"async\" loading=\"lazy\" class=\"size-full wp-image-58087\" src=\"https:\/\/www.ludwig-van.com\/montreal\/wp-content\/uploads\/sites\/3\/2018\/12\/Jacques-Lacombe-cr-Steve-J-Sherman.jpg\" alt=\"Jacques Lacombe dirigera War Requiem, de Britten, \u00e0 la Maison symphonique. (Photo: Steve J. Sherman)\" width=\"1024\" height=\"682\" srcset=\"https:\/\/www.ludwig-van.com\/montreal\/wp-content\/uploads\/sites\/3\/2018\/12\/Jacques-Lacombe-cr-Steve-J-Sherman.jpg 1024w, https:\/\/www.ludwig-van.com\/montreal\/wp-content\/uploads\/sites\/3\/2018\/12\/Jacques-Lacombe-cr-Steve-J-Sherman-300x200.jpg 300w, https:\/\/www.ludwig-van.com\/montreal\/wp-content\/uploads\/sites\/3\/2018\/12\/Jacques-Lacombe-cr-Steve-J-Sherman-768x512.jpg 768w\" sizes=\"(max-width: 1024px) 100vw, 1024px\" \/><figcaption id=\"caption-attachment-58087\" class=\"wp-caption-text\">Jacques Lacombe. (Photo : Steve J. Sherman)<\/figcaption><\/figure>\n<h2>Jacques Lacombe dirige Brahms<\/h2>\n<p>La Symphonie no 4 de Brahms sera la pi\u00e8ce de r\u00e9sistance de ce concert de l&rsquo;<strong>Orchestre symphonique du Conservatoire de musique<\/strong> <strong>de Montr\u00e9al<\/strong> comprenant \u00e9galement le Concerto pour violoncelle no 1 de Chostakovitch avec le violoncelliste <strong>Bruno Tobon<\/strong>. <strong>Jeudi 26 septembre, 19h30, salle Marguerite-Bourgeoys du Coll\u00e8ge Regina Assumpta. <\/strong><a href=\"http:\/\/www.conservatoire.gouv.qc.ca\/reseau\/conservatoire-de-musique\/montreal\/actualites\/nouvelles\/article\/concert-d-ouverture-avec-l-11294\" target=\"_blank\" rel=\"noopener\">D\u00c9TAILS<\/a><\/p>\n<p>&nbsp;<\/p>\n<p>&nbsp;<\/p>\n<figure id=\"attachment_60791\" aria-describedby=\"caption-attachment-60791\" style=\"width: 1200px\" class=\"wp-caption aligncenter\"><img decoding=\"async\" loading=\"lazy\" class=\"size-full wp-image-60791\" src=\"https:\/\/www.ludwig-van.com\/montreal\/wp-content\/uploads\/sites\/3\/2019\/08\/Mona-Golabek-The-Pianist-courtoisie-de-Hershey-Felder-Presents-WEB.jpg\" alt=\"Mona Golabek dans The Pianist fo Willesden Lane (Photo: courtoisie de Hershey Felder Presents)\" width=\"1200\" height=\"800\" srcset=\"https:\/\/www.ludwig-van.com\/montreal\/wp-content\/uploads\/sites\/3\/2019\/08\/Mona-Golabek-The-Pianist-courtoisie-de-Hershey-Felder-Presents-WEB.jpg 1200w, https:\/\/www.ludwig-van.com\/montreal\/wp-content\/uploads\/sites\/3\/2019\/08\/Mona-Golabek-The-Pianist-courtoisie-de-Hershey-Felder-Presents-WEB-300x200.jpg 300w, https:\/\/www.ludwig-van.com\/montreal\/wp-content\/uploads\/sites\/3\/2019\/08\/Mona-Golabek-The-Pianist-courtoisie-de-Hershey-Felder-Presents-WEB-768x512.jpg 768w, https:\/\/www.ludwig-van.com\/montreal\/wp-content\/uploads\/sites\/3\/2019\/08\/Mona-Golabek-The-Pianist-courtoisie-de-Hershey-Felder-Presents-WEB-1024x683.jpg 1024w\" sizes=\"(max-width: 1200px) 100vw, 1200px\" \/><figcaption id=\"caption-attachment-60791\" class=\"wp-caption-text\">Mona Golabek dans <em>The Pianist of Willesden Lane<\/em> (Photo : courtoisie de Hershey Felder Presents)<\/figcaption><\/figure>\n<h2>Un piano pour survivre<\/h2>\n<p>D&rsquo;apr\u00e8s le livre <em>The Children of Willesden Lane<\/em> de <strong>Mona Golabek<\/strong> et <strong>Lee Cohen<\/strong>, la pi\u00e8ce de th\u00e9\u00e2tre <em>The Pianist of Willesden Lane<\/em> raconte en musique un voyage d&rsquo;espoir et de survie.\u00a0 L&rsquo;histoire vraie de <strong>Lisa Jura\u00a0<\/strong>raconte comment, gr\u00e2ce \u00e0 son talent musical pr\u00e9coce, la\u00a0jeune Juive a pu fuir Vienne sous le joug nazi pour se retrouver \u00e0 Londres durant la Blitzkrieg. Dans ce spectacle inspirant, la fille de Lisa Jura<strong>, Mona Golabek<\/strong> interpr\u00e8te des musiques de Debussy, Bach, Grieg, Beethoven et Chopin, tout en partageant l&rsquo;histoire fascinante de sa m\u00e8re.<br \/>\n<strong>Du lundi 16 au jeudi 20 et le samedi 21 septembre \u00e0 20h, avec une suppl\u00e9mentaire le mercredi 18 septembre \u00e0 13h (rel\u00e2che les vendredis), puis le dimanche 22 septembre \u00e0 14h et 19h30 au Centre Segal (jusqu\u2019au 29 septembre). <\/strong><a href=\"https:\/\/segalcentre.org\/en\/shows\/2019-2020\/the-pianist-of-willesden-lane\" target=\"_blank\" rel=\"noopener\">D\u00c9TAILS.<\/a><\/p>\n<p>&nbsp;<\/p>\n<figure id=\"attachment_61230\" aria-describedby=\"caption-attachment-61230\" style=\"width: 1200px\" class=\"wp-caption aligncenter\"><img decoding=\"async\" loading=\"lazy\" class=\"size-full wp-image-61230\" src=\"https:\/\/www.ludwig-van.com\/montreal\/wp-content\/uploads\/sites\/3\/2019\/09\/Etienne-Dupuis-Nicole-Car-cr-Yves-Renaud-WEB.jpg\" alt=\"\u00c9tienne Dupuis et Nicole Car dans Eug\u00e8ne On\u00e9guine, Op\u00e9ra de Montr\u00e9al, septembre 2019. (Photo: Yves Renaud)\" width=\"1200\" height=\"800\" srcset=\"https:\/\/www.ludwig-van.com\/montreal\/wp-content\/uploads\/sites\/3\/2019\/09\/Etienne-Dupuis-Nicole-Car-cr-Yves-Renaud-WEB.jpg 1200w, https:\/\/www.ludwig-van.com\/montreal\/wp-content\/uploads\/sites\/3\/2019\/09\/Etienne-Dupuis-Nicole-Car-cr-Yves-Renaud-WEB-300x200.jpg 300w, https:\/\/www.ludwig-van.com\/montreal\/wp-content\/uploads\/sites\/3\/2019\/09\/Etienne-Dupuis-Nicole-Car-cr-Yves-Renaud-WEB-768x512.jpg 768w, https:\/\/www.ludwig-van.com\/montreal\/wp-content\/uploads\/sites\/3\/2019\/09\/Etienne-Dupuis-Nicole-Car-cr-Yves-Renaud-WEB-1024x683.jpg 1024w\" sizes=\"(max-width: 1200px) 100vw, 1200px\" \/><figcaption id=\"caption-attachment-61230\" class=\"wp-caption-text\">\u00c9tienne Dupuis et Nicole Car dans <em>Eug\u00e8ne On\u00e9guine<\/em>, Op\u00e9ra de Montr\u00e9al, septembre 2019. (Photo : Yves Renaud)<\/figcaption><\/figure>\n<h2><em>Eug\u00e8ne On\u00e9guine<\/em> se poursuit<\/h2>\n<p>L&rsquo;excellente production d&rsquo;<em>Eug\u00e8ne On\u00e9guine<\/em>, de Tcha\u00efkovski, se poursuit \u00e0 l&rsquo;Op\u00e9ra de Montr\u00e9al avec <strong>\u00c9tienne Dupuis<\/strong>, <strong>Nicole Car<\/strong> et plusieurs autres chanteurs formidables. <strong>Les 17, 19 et 22 septembre, 19 h 30, salle Wilfrid-Pelletier.<\/strong> <a href=\"https:\/\/www.operademontreal.com\/programmation\/eugene-oneguine\" target=\"_blank\" rel=\"noopener\">D\u00c9TAILS<\/a><\/p>\n<p><a href=\"https:\/\/www.ludwig-van.com\/montreal\/2019\/09\/15\/critique-eugene-oneguine-a-lopera-de-montreal-une-reussite-sur-toute-la-ligne\/\" target=\"_blank\" rel=\"noopener\">LIRE NOTRE CRITIQUE DE LA PRODUCTION<\/a><\/p>\n<p><a href=\"https:\/\/www.ludwig-van.com\/montreal\/2019\/09\/14\/opera-etienne-dupuis-et-nicole-car-dans-eugene-oneguine-lopera-a-deux-cest-mieux\/\" target=\"_blank\" rel=\"noopener\">LIRE NOTRE ENTRETIEN AVEC \u00c9TIENNE DUPUIS<\/a><\/p>\n<p>&nbsp;<\/p>\n<figure id=\"attachment_54914\" aria-describedby=\"caption-attachment-54914\" style=\"width: 1024px\" class=\"wp-caption aligncenter\"><img decoding=\"async\" loading=\"lazy\" class=\"size-full wp-image-54914\" src=\"https:\/\/www.ludwig-van.com\/montreal\/wp-content\/uploads\/sites\/3\/2018\/06\/Kent-Nagano3-refaite.jpg\" alt=\"Kent Nagano. (Photo: courtoisie de l'OSM)\" width=\"1024\" height=\"576\" srcset=\"https:\/\/www.ludwig-van.com\/montreal\/wp-content\/uploads\/sites\/3\/2018\/06\/Kent-Nagano3-refaite.jpg 1024w, https:\/\/www.ludwig-van.com\/montreal\/wp-content\/uploads\/sites\/3\/2018\/06\/Kent-Nagano3-refaite-300x169.jpg 300w, https:\/\/www.ludwig-van.com\/montreal\/wp-content\/uploads\/sites\/3\/2018\/06\/Kent-Nagano3-refaite-768x432.jpg 768w\" sizes=\"(max-width: 1024px) 100vw, 1024px\" \/><figcaption id=\"caption-attachment-54914\" class=\"wp-caption-text\">Kent Nagano. (Photo : courtoisie de l&rsquo;OSM)<\/figcaption><\/figure>\n<h2>Chostakovitch et Mahler \u00e0 la Maison symphonique<\/h2>\n<p>La Symphonie no 13 \u00ab\u00a0Babi Yar\u00a0\u00bb de Chostakovitch, dirig\u00e9e par <strong>Kent Nagano <\/strong>: voil\u00e0 bien trois noms tr\u00e8s invitants pour une grande soir\u00e9e, avec l&rsquo;OSM, le Ch\u0153ur de l\u2019OSM et la basse\u00a0<strong>Alexander Vinogradov<\/strong>, ainsi que le pianiste <strong>Denis Matsuev<\/strong> qui interpr\u00e9tera la <em>Rhapsodie sur un th\u00e8me de Paganini de Rachmaninov<\/em>. \u00c2mes sensibles, ne pas s\u2019abstenir\u2026<br \/>\n<strong>Mardi 17 septembre \u00e0 19h, et mercredi 18 septembre \u00e0 20h, Maison symphonique<\/strong>. <a href=\"https:\/\/www.osm.ca\/fr\/concerts\/concert-douverture-kent-nagano-dirige-la-symphonie-babi-yar-de-chostakovitch\/\" target=\"_blank\" rel=\"noopener\">D\u00c9TAILS<\/a><\/p>\n<p><strong>L&rsquo;OSM<\/strong>, qui commence d\u00e9cid\u00e9ment sa saison avec des \u0153uvres monumentales, remonte sur sc\u00e8ne les 19 (20 h) et 21 septembre (14 h 30), cette fois pour la Symphonie no 5 de Mahler. <a href=\"https:\/\/www.osm.ca\/fr\/concerts\/kent-nagano-et-la-symphonie-n-5-de-mahler\/\" target=\"_blank\" rel=\"noopener\">D\u00c9TAILS<\/a><\/p>\n<p>&nbsp;<\/p>\n<figure id=\"attachment_61258\" aria-describedby=\"caption-attachment-61258\" style=\"width: 800px\" class=\"wp-caption aligncenter\"><img decoding=\"async\" loading=\"lazy\" class=\"size-full wp-image-61258\" src=\"https:\/\/www.ludwig-van.com\/montreal\/wp-content\/uploads\/sites\/3\/2019\/09\/Luca-Borato.png\" alt=\"https:\/\/www.mbam.qc.ca\/achats-en-ligne\/concerts\/jamais-trop-classique\/8560\/\" width=\"800\" height=\"800\" srcset=\"https:\/\/www.ludwig-van.com\/montreal\/wp-content\/uploads\/sites\/3\/2019\/09\/Luca-Borato.png 800w, https:\/\/www.ludwig-van.com\/montreal\/wp-content\/uploads\/sites\/3\/2019\/09\/Luca-Borato-150x150.png 150w, https:\/\/www.ludwig-van.com\/montreal\/wp-content\/uploads\/sites\/3\/2019\/09\/Luca-Borato-300x300.png 300w, https:\/\/www.ludwig-van.com\/montreal\/wp-content\/uploads\/sites\/3\/2019\/09\/Luca-Borato-768x768.png 768w\" sizes=\"(max-width: 800px) 100vw, 800px\" \/><figcaption id=\"caption-attachment-61258\" class=\"wp-caption-text\">Luca Borato, pianiste. (Photo : courtoisie)<\/figcaption><\/figure>\n<h2>Luca Buratto joue Schumann<\/h2>\n<p>The Guardian l\u2019a qualifi\u00e9 de \u00ab pianiste \u00e0 suivre \u00bb et The Telegraph, de \u00ab virtuose hors du commun \u00bb. Laur\u00e9at en 2015 du Concours international de piano Honens, \u00e0 Calgary, <strong>Luca Buratto<\/strong> sera en concert pour la premi\u00e8re fois \u00e0 Montr\u00e9al dans un programme tout Schumann. <strong>Mercredi 18 septembre, \u00e0 19h30, salle Bourgie<\/strong> <a href=\"https:\/\/www.mbam.qc.ca\/achats-en-ligne\/concerts\/luca-buratto-piano\/8626\/\" target=\"_blank\" rel=\"noopener\">D\u00c9TAILS<\/a><\/p>\n<p>&nbsp;<\/p>\n<figure id=\"attachment_60565\" aria-describedby=\"caption-attachment-60565\" style=\"width: 1200px\" class=\"wp-caption aligncenter\"><img decoding=\"async\" loading=\"lazy\" class=\"size-full wp-image-60565\" src=\"https:\/\/www.ludwig-van.com\/montreal\/wp-content\/uploads\/sites\/3\/2019\/07\/Francis-Battah-web.jpg\" alt=\"Francis Battah, compositeur. (Photo: )\" width=\"1200\" height=\"801\" srcset=\"https:\/\/www.ludwig-van.com\/montreal\/wp-content\/uploads\/sites\/3\/2019\/07\/Francis-Battah-web.jpg 1200w, https:\/\/www.ludwig-van.com\/montreal\/wp-content\/uploads\/sites\/3\/2019\/07\/Francis-Battah-web-300x200.jpg 300w, https:\/\/www.ludwig-van.com\/montreal\/wp-content\/uploads\/sites\/3\/2019\/07\/Francis-Battah-web-768x513.jpg 768w, https:\/\/www.ludwig-van.com\/montreal\/wp-content\/uploads\/sites\/3\/2019\/07\/Francis-Battah-web-1024x684.jpg 1024w\" sizes=\"(max-width: 1200px) 100vw, 1200px\" \/><figcaption id=\"caption-attachment-60565\" class=\"wp-caption-text\">Francis Battah, compositeur. (Photo : courtoisie )<\/figcaption><\/figure>\n<h2>La musique de Francis Battah<\/h2>\n<p>Une soir\u00e9e enti\u00e8rement d\u00e9di\u00e9e \u00e0 la musique contemporaine avec les pianistes de la rel\u00e8ve <strong>Antoine-Rivard Landry<\/strong> et <strong>Philippe Prud\u2019homme<\/strong> permettra aux m\u00e9lomanes de plonger dans l\u2019univers de <strong>Francis Battah<\/strong>, un jeune compositeur de 24 ans, \u00e0 la crois\u00e9e de la musique contemporaine, du jazz et de la tradition classique occidentale. Le pianiste <strong>Serhiy Salov<\/strong> sera \u00e9galement de la partie. <strong>Mercredi 18 septembre \u00e0 19h30, Chapelle historique du Bon-Pasteur <\/strong><a href=\"https:\/\/lepointdevente.com\/billets\/francisbattahpiano\" target=\"_blank\" rel=\"noopener\">D\u00c9TAILS<\/a><\/p>\n<p><a href=\"https:\/\/www.ludwig-van.com\/montreal\/2019\/07\/30\/nouvelle-francis-battah-remporte-deux-prix-au-concours-international-de-composition-antonin-dvorak\/\" target=\"_blank\" rel=\"noopener\">LIRE NOTRE ENTREVUE AVEC FRANCIS BATTAH<\/a><\/p>\n<p>&nbsp;<\/p>\n<figure id=\"attachment_54949\" aria-describedby=\"caption-attachment-54949\" style=\"width: 1024px\" class=\"wp-caption aligncenter\"><img decoding=\"async\" loading=\"lazy\" class=\"size-full wp-image-54949\" src=\"https:\/\/www.ludwig-van.com\/montreal\/wp-content\/uploads\/sites\/3\/2018\/06\/Suzie-Leblanc-c-Orford-refaite.jpg\" alt=\"Suzie LeBlanc. (Photo: courtoisie)\" width=\"1024\" height=\"683\" srcset=\"https:\/\/www.ludwig-van.com\/montreal\/wp-content\/uploads\/sites\/3\/2018\/06\/Suzie-Leblanc-c-Orford-refaite.jpg 1024w, https:\/\/www.ludwig-van.com\/montreal\/wp-content\/uploads\/sites\/3\/2018\/06\/Suzie-Leblanc-c-Orford-refaite-300x200.jpg 300w, https:\/\/www.ludwig-van.com\/montreal\/wp-content\/uploads\/sites\/3\/2018\/06\/Suzie-Leblanc-c-Orford-refaite-768x512.jpg 768w\" sizes=\"(max-width: 1024px) 100vw, 1024px\" \/><figcaption id=\"caption-attachment-54949\" class=\"wp-caption-text\">Suzie LeBlanc. (Photo : courtoisie)<\/figcaption><\/figure>\n<h2>Paris-\u00c9dimbourg avec Les Bor\u00e9ades<\/h2>\n<p><strong>Les Bor\u00e9ades<\/strong> lancent leur saison avec un premier concert d\u00e9di\u00e9 aux \u0153uvres de\u00a0Cl\u00e9rambault, Leclair, Barsanti, Geminiani et Haydn. Cinq musiciens et la soprano <strong>Suzie LeBlanc<\/strong> vous invitent dans un salon parisien pour entendre notamment la dramatique cantate <em>Orph\u00e9e<\/em> de Cl\u00e9rambault, puis en \u00c9cosse pour constater combien les musiques populaires de cette contr\u00e9e ont fascin\u00e9 les musiciens \u00e9trangers qui, de Geminiani \u00e0 Haydn, ont s\u00e9journ\u00e9 dans les \u00eeles Britanniques. <strong>Jeudi 19 septembre, 19 h 30, salle de concert du Conservatoire.<\/strong> <a href=\"https:\/\/www.boreades.com\/saison-2019-2020\/paris-edimbourg\/\" target=\"_blank\" rel=\"noopener\">D\u00c9TAILS<\/a><\/p>\n<p>&nbsp;<\/p>\n<p>&nbsp;<\/p>\n<figure id=\"attachment_56986\" aria-describedby=\"caption-attachment-56986\" style=\"width: 1024px\" class=\"wp-caption aligncenter\"><img decoding=\"async\" loading=\"lazy\" class=\"size-full wp-image-56986\" src=\"https:\/\/www.ludwig-van.com\/montreal\/wp-content\/uploads\/sites\/3\/2018\/04\/FabienGabel_@MaisonSimons_2019-03-20-1.jpg\" alt=\"Fabien Gabel\" width=\"1024\" height=\"640\" srcset=\"https:\/\/www.ludwig-van.com\/montreal\/wp-content\/uploads\/sites\/3\/2018\/04\/FabienGabel_@MaisonSimons_2019-03-20-1.jpg 1024w, https:\/\/www.ludwig-van.com\/montreal\/wp-content\/uploads\/sites\/3\/2018\/04\/FabienGabel_@MaisonSimons_2019-03-20-1-300x188.jpg 300w, https:\/\/www.ludwig-van.com\/montreal\/wp-content\/uploads\/sites\/3\/2018\/04\/FabienGabel_@MaisonSimons_2019-03-20-1-768x480.jpg 768w\" sizes=\"(max-width: 1024px) 100vw, 1024px\" \/><figcaption id=\"caption-attachment-56986\" class=\"wp-caption-text\">Le chef Fabien Gabel. (Photo : courtoisie Maison Simons)<\/figcaption><\/figure>\n<h2>Qu\u00e9bec :\u00a0 Petra Lang ouvre la saison de l\u2019OSQ<\/h2>\n<p>Dans la capitale nationale, <strong>l\u2019Orchestre symphonique de Qu\u00e9bec<\/strong> et son chef <strong>Fabien Gabel<\/strong> ouvrent la saison 2019-2020 en accueillant la soprano allemande <strong>Petra Lang<\/strong> dans un programme consacr\u00e9 aux \u0153uvres de Richard Wagner. La salle Louis-Fr\u00e9chette du Grand Th\u00e9\u00e2tre de Qu\u00e9bec vibrera aux airs du <em>Cr\u00e9puscule des dieux<\/em>, de <em>La Walkyrie<\/em>, <em>Lohengrin<\/em>, <em>Tristan et Isolde<\/em>, et quelques autres&#8230; Une classe de ma\u00eetre (ouverte \u00e0 tous, gratuite et sans r\u00e9servation) pr\u00e9c\u00e9dera le concert du 19 septembre au Studio 29 du Conservatoire de musique de Qu\u00e9bec. <strong>Mercredi 18 et jeudi 19 septembre \u00e0 20h, salle Louis-Fr\u00e9chette<\/strong> <a href=\"https:\/\/www.osq.org\/\" target=\"_blank\" rel=\"noopener\">D\u00c9TAILS<\/a><\/p>\n<p>&nbsp;<\/p>\n<figure id=\"attachment_55865\" aria-describedby=\"caption-attachment-55865\" style=\"width: 700px\" class=\"wp-caption aligncenter\"><img decoding=\"async\" loading=\"lazy\" class=\"size-full wp-image-55865\" src=\"https:\/\/www.ludwig-van.com\/montreal\/wp-content\/uploads\/sites\/3\/2018\/08\/Burden_Anna_OSM.jpg\" alt=\"Anna Burden\" width=\"700\" height=\"400\" srcset=\"https:\/\/www.ludwig-van.com\/montreal\/wp-content\/uploads\/sites\/3\/2018\/08\/Burden_Anna_OSM.jpg 700w, https:\/\/www.ludwig-van.com\/montreal\/wp-content\/uploads\/sites\/3\/2018\/08\/Burden_Anna_OSM-300x171.jpg 300w\" sizes=\"(max-width: 700px) 100vw, 700px\" \/><figcaption id=\"caption-attachment-55865\" class=\"wp-caption-text\">Anna Burden. (Photo : courtoisie de l&rsquo;OSM)<\/figcaption><\/figure>\n<h2>Jamais trop classique !<\/h2>\n<p>Les musiciens de l\u2019OSM\u00a0<strong>Olivier Thouin<\/strong> et <strong>Alexander Read<\/strong> au violon, <strong>Victor Fournelle-Blain<\/strong> \u00e0 l\u2019alto, <strong>Anna Burden<\/strong> au violoncelle et <strong>Ali Kian Yazdanfar<\/strong> \u00e0 la contrebasse interpr\u00e9teront des \u0153uvres de Beethoven (duo des Lunettes), Haydn (Les Quintes) et Onslow (Quintette en do majeur no 26, op. 67). <strong>Vendredi 20 septembre \u00e0 18h30, salle Bourgie<\/strong> <a href=\"https:\/\/www.mbam.qc.ca\/achats-en-ligne\/concerts\/jamais-trop-classique\/8560\/\" target=\"_blank\" rel=\"noopener\">D\u00c9TAILS<\/a><\/p>\n<p>&nbsp;<\/p>\n<figure id=\"attachment_47903\" aria-describedby=\"caption-attachment-47903\" style=\"width: 1024px\" class=\"wp-caption aligncenter\"><img decoding=\"async\" loading=\"lazy\" class=\"size-full wp-image-47903\" src=\"https:\/\/www.ludwig-van.com\/montreal\/wp-content\/uploads\/sites\/3\/2017\/09\/MGSO-wide-shot-cred-Tam-Lan-Truong-2.jpg\" alt=\"L\u2019Orchestre symphonique de McGill est \u00e0 surveiller cette saison, tout comme sa programmation \u00e9clectique qui promet de belles d\u00e9couvertes musicales. (Cr\u00e9dit photo: Tam-Lan Truong)\" width=\"1024\" height=\"683\" srcset=\"https:\/\/www.ludwig-van.com\/montreal\/wp-content\/uploads\/sites\/3\/2017\/09\/MGSO-wide-shot-cred-Tam-Lan-Truong-2.jpg 1024w, https:\/\/www.ludwig-van.com\/montreal\/wp-content\/uploads\/sites\/3\/2017\/09\/MGSO-wide-shot-cred-Tam-Lan-Truong-2-300x200.jpg 300w, https:\/\/www.ludwig-van.com\/montreal\/wp-content\/uploads\/sites\/3\/2017\/09\/MGSO-wide-shot-cred-Tam-Lan-Truong-2-768x512.jpg 768w\" sizes=\"(max-width: 1024px) 100vw, 1024px\" \/><figcaption id=\"caption-attachment-47903\" class=\"wp-caption-text\">L\u2019Orchestre symphonique de McGill (Photo : Tam-Lan Truong)<\/figcaption><\/figure>\n<h2>De Weber \u00e0 Hindemith \u00e0 McGill<\/h2>\n<p>Sous la direction d\u2019<strong>Alexis Hauser<\/strong>, l\u2019<strong>Orchestre symphonique de McGill<\/strong> pr\u00e9sente le concert <em>From Weber to Hindemith<\/em> avec la mezzo-soprano <strong>Annamaria Popescu<\/strong> \u00e0 l\u2019\u00c9cole de musique Schulich de l\u2019Universit\u00e9 McGill. Les m\u00e9lomanes pourront appr\u00e9cier l\u2019<em>Invitation \u00e0 la valse<\/em> de Carl Maria von Weber, <em>Le Tombeau de Couperin<\/em> de Maurice Ravel, les Quatre Chants dans le style populaire (<em>Vier Lieder im Volkston<\/em>) op. 73 d\u2019Anton\u00edn Dvo\u0159\u00e1k, les Pr\u00e9lude et Fugue sur B-A-C-H de Franz Liszt, et les M\u00e9tamorphoses symphoniques sur des th\u00e8mes de Carl Maria von Weber de Paul Hindemith. <strong>Vendredi 20 septembre et samedi 21 septembre \u00e0 19h30, salle Pollack <\/strong><a href=\"https:\/\/www.mcgill.ca\/music\/channels\/event\/mcgill-symphony-orchestra-weber-hindemith-299006\" target=\"_blank\" rel=\"noopener\">D\u00c9TAILS<\/a><\/p>\n<p>&nbsp;<\/p>\n<p>&nbsp;<\/p>\n<figure id=\"attachment_54279\" aria-describedby=\"caption-attachment-54279\" style=\"width: 1024px\" class=\"wp-caption aligncenter\"><img decoding=\"async\" loading=\"lazy\" class=\"size-full wp-image-54279\" src=\"https:\/\/www.ludwig-van.com\/montreal\/wp-content\/uploads\/sites\/3\/2018\/05\/Pentaedre-principale-Cre\u0301dit-photo@Annie-E\u0301thier.jpg\" alt=\"Penta\u00e8dre\" width=\"1024\" height=\"707\" srcset=\"https:\/\/www.ludwig-van.com\/montreal\/wp-content\/uploads\/sites\/3\/2018\/05\/Pentaedre-principale-Cre\u0301dit-photo@Annie-E\u0301thier.jpg 1024w, https:\/\/www.ludwig-van.com\/montreal\/wp-content\/uploads\/sites\/3\/2018\/05\/Pentaedre-principale-Cre\u0301dit-photo@Annie-E\u0301thier-300x207.jpg 300w, https:\/\/www.ludwig-van.com\/montreal\/wp-content\/uploads\/sites\/3\/2018\/05\/Pentaedre-principale-Cre\u0301dit-photo@Annie-E\u0301thier-768x530.jpg 768w\" sizes=\"(max-width: 1024px) 100vw, 1024px\" \/><figcaption id=\"caption-attachment-54279\" class=\"wp-caption-text\">Penta\u00e8dre. (Photo: Annie \u00c9thier)<\/figcaption><\/figure>\n<h2>Penta\u00e8dre<\/h2>\n<p><strong>Penta\u00e8dre<\/strong> lance sa saison avec deux si\u00e8cles de musique originale pour quintette \u00e0 vent avec des \u0153uvres de Danzi, Lachner, Maslanka et en premi\u00e8re mondiale, une cr\u00e9ation de Miguel Del Aguila, Am\u00e9ricain d\u2019origine uruguayenne. <strong>Vendredi 20 septembre, 19 h 30, salle de concert du Conservatoire.<\/strong> <a href=\"https:\/\/www.ludwig-van.com\/montreal\/event\/pentaedre-pentaedre-solo\/\" target=\"_blank\" rel=\"noopener\">D\u00c9TAILS<\/a><\/p>\n<p>&nbsp;<\/p>\n<figure id=\"attachment_60915\" aria-describedby=\"caption-attachment-60915\" style=\"width: 700px\" class=\"wp-caption aligncenter\"><img decoding=\"async\" loading=\"lazy\" class=\"size-full wp-image-60915\" src=\"https:\/\/www.ludwig-van.com\/montreal\/wp-content\/uploads\/sites\/3\/2017\/09\/Ensemble-Caprice-Pre\u0300s-du-soleil.jpg\" alt=\"Matthias Maute et Kiya Tabassian - Pre\u0300s du soleil\" width=\"700\" height=\"499\" srcset=\"https:\/\/www.ludwig-van.com\/montreal\/wp-content\/uploads\/sites\/3\/2017\/09\/Ensemble-Caprice-Pre\u0300s-du-soleil.jpg 700w, https:\/\/www.ludwig-van.com\/montreal\/wp-content\/uploads\/sites\/3\/2017\/09\/Ensemble-Caprice-Pre\u0300s-du-soleil-300x214.jpg 300w\" sizes=\"(max-width: 700px) 100vw, 700px\" \/><figcaption id=\"caption-attachment-60915\" class=\"wp-caption-text\">Matthias Maute et Kiya Tabassian.<\/figcaption><\/figure>\n<h2>Ensembles Caprice et Constantinople<\/h2>\n<p>Les deux ensembles se r\u00e9unissent pour pr\u00e9senter un concert d\u00e9di\u00e9 \u00e0 l&rsquo;<em>Ars subtilior,<\/em> style musical complexe et raffin\u00e9 suivant l\u2019<em>Ars Nova<\/em> du Moyen \u00c2ge. Des compositions extraites du Livre vermeil de Montserrat et des compositeurs Matteo di Perugia, Johannes Ciconia ainsi que d&rsquo;autres, avec la soprano\u00a0<strong>Rebecca Dowd<\/strong> et le chanteur <strong>Kiya Tabassian<\/strong>.<strong> Samedi 21 septembre, 20 h, salle Bourgie. <\/strong><a href=\"https:\/\/www.ludwig-van.com\/montreal\/event\/ensemble-caprice-pres-du-soleil\/\" target=\"_blank\" rel=\"noopener\">D\u00c9TAILS<\/a><\/p>\n<p>&nbsp;<\/p>\n<p style=\"text-align: center;\"><img decoding=\"async\" loading=\"lazy\" class=\"aligncenter size-full wp-image-61257\" src=\"https:\/\/www.ludwig-van.com\/montreal\/wp-content\/uploads\/sites\/3\/2019\/09\/Hero-of-the-past.png\" alt=\"\" width=\"820\" height=\"340\" srcset=\"https:\/\/www.ludwig-van.com\/montreal\/wp-content\/uploads\/sites\/3\/2019\/09\/Hero-of-the-past.png 820w, https:\/\/www.ludwig-van.com\/montreal\/wp-content\/uploads\/sites\/3\/2019\/09\/Hero-of-the-past-300x124.png 300w, https:\/\/www.ludwig-van.com\/montreal\/wp-content\/uploads\/sites\/3\/2019\/09\/Hero-of-the-past-768x318.png 768w\" sizes=\"(max-width: 820px) 100vw, 820px\" \/><\/p>\n<h2>Orchestre de Jeux Vid\u00e9o<\/h2>\n<p>Apr\u00e8s l&rsquo;\u00e9norme succ\u00e8s du concert <em>Hero of the Past<\/em> \u00e0 guichets ferm\u00e9s en juin dernier, l&rsquo;<strong>Orchestre de jeux vid\u00e9o<\/strong> propose une suppl\u00e9mentaire de ce concert \u00e9pique d\u00e9di\u00e9 \u00e0 la franchise qui a marqu\u00e9 l&rsquo;univers des jeux vid\u00e9o : <em>The Legend of Zelda<\/em>! Accompagn\u00e9 d&rsquo;une centaine de choristes et d&rsquo;un \u00e9clairage circonstanciel dans la majestueuse \u00e9glise Saint-Jean-Baptiste, l&rsquo;orchestre interpr\u00e9tera des opus incontournables de la s\u00e9rie tels que <em>Ocarina of Time, Majora&rsquo;s Mask, Wind Waker<\/em>, le tout r\u00e9cent <em>Breath of the Wild<\/em> et une pi\u00e8ce originale en trois volets pour <em>A link to the Past.<\/em> <strong>Samedi 21 septembre \u00e0 19h30, \u00e9glise Saint-Jean-Baptiste<\/strong> <a href=\"https:\/\/orchestre-ojv.ca\/fr\/concerts\/hero-of-the-past\" target=\"_blank\" rel=\"noopener\">D\u00c9TAILS<\/a><\/p>\n<h2>LIRE AUSSI :<\/h2>\n<p>&nbsp;<\/p>\n<blockquote class=\"wp-embedded-content\" data-secret=\"z2WCXo5R2r\"><p><a href=\"https:\/\/www.ludwig-van.com\/montreal\/2019\/09\/10\/nouvelle-une-nouvelle-production-du-fantome-de-lopera-en-francais-au-theatre-st-denis-en-janvier\/\">NOUVELLE  | Une nouvelle production du Fant\u00f4me de l&rsquo;op\u00e9ra en fran\u00e7ais cet hiver \u00e0 Montr\u00e9al et \u00e0 Qu\u00e9bec<\/a><\/p><\/blockquote>\n<p><iframe class=\"wp-embedded-content\" sandbox=\"allow-scripts\" security=\"restricted\" style=\"position: absolute; clip: rect(1px, 1px, 1px, 1px);\" src=\"https:\/\/www.ludwig-van.com\/montreal\/2019\/09\/10\/nouvelle-une-nouvelle-production-du-fantome-de-lopera-en-francais-au-theatre-st-denis-en-janvier\/embed\/#?secret=z2WCXo5R2r\" data-secret=\"z2WCXo5R2r\" width=\"600\" height=\"338\" title=\"\u00ab\u00a0NOUVELLE  | Une nouvelle production du Fant\u00f4me de l&rsquo;op\u00e9ra en fran\u00e7ais cet hiver \u00e0 Montr\u00e9al et \u00e0 Qu\u00e9bec\u00a0\u00bb &#8212; Ludwig Van Montreal\" frameborder=\"0\" marginwidth=\"0\" marginheight=\"0\" scrolling=\"no\"><\/iframe><\/p>\n<p>&nbsp;<\/p>\n<p>&nbsp;<\/p>\n<p>&nbsp;<\/p>\n","protected":false},"excerpt":{"rendered":"<p>Les m\u00e9lomanes qui criaient famine les semaines pass\u00e9es auront l\u2019embarras du choix cette semaine tant les propositions musicales sont nombreuses mais surtout vari\u00e9es : jazz, op\u00e9ra, classique, romantique, filmique, th\u00e9\u00e2trale, contemporaine, exotique, wagn\u00e9rienne et\u2026 vid\u00e9o-ludique! Voici nos Choix de la r\u00e9daction du 16 au 22 septembre 2019.<\/p>\n","protected":false},"author":71,"featured_media":61260,"comment_status":"open","ping_status":"open","sticky":false,"template":"","format":"standard","meta":{"om_disable_all_campaigns":false,"jetpack_post_was_ever_published":false},"categories":[28802,10994],"tags":[],"yst_prominent_words":[9863,13120,13123,17506,34298,34299,33514,14774,33512,21568,15096,34303,34300,10554,26017,26016,26019,33511,33510,34308],"acf":[],"jetpack_featured_media_url":"https:\/\/www.ludwig-van.com\/montreal\/wp-content\/uploads\/sites\/3\/2019\/09\/LvM-choix-16-septembre-cover.jpg","jetpack_sharing_enabled":true,"jetpack_shortlink":"https:\/\/wp.me\/p9bdYt-fVY","amp_enabled":true,"_links":{"self":[{"href":"https:\/\/www.ludwig-van.com\/montreal\/wp-json\/wp\/v2\/posts\/61254"}],"collection":[{"href":"https:\/\/www.ludwig-van.com\/montreal\/wp-json\/wp\/v2\/posts"}],"about":[{"href":"https:\/\/www.ludwig-van.com\/montreal\/wp-json\/wp\/v2\/types\/post"}],"author":[{"embeddable":true,"href":"https:\/\/www.ludwig-van.com\/montreal\/wp-json\/wp\/v2\/users\/71"}],"replies":[{"embeddable":true,"href":"https:\/\/www.ludwig-van.com\/montreal\/wp-json\/wp\/v2\/comments?post=61254"}],"version-history":[{"count":12,"href":"https:\/\/www.ludwig-van.com\/montreal\/wp-json\/wp\/v2\/posts\/61254\/revisions"}],"predecessor-version":[{"id":61290,"href":"https:\/\/www.ludwig-van.com\/montreal\/wp-json\/wp\/v2\/posts\/61254\/revisions\/61290"}],"wp:featuredmedia":[{"embeddable":true,"href":"https:\/\/www.ludwig-van.com\/montreal\/wp-json\/wp\/v2\/media\/61260"}],"wp:attachment":[{"href":"https:\/\/www.ludwig-van.com\/montreal\/wp-json\/wp\/v2\/media?parent=61254"}],"wp:term":[{"taxonomy":"category","embeddable":true,"href":"https:\/\/www.ludwig-van.com\/montreal\/wp-json\/wp\/v2\/categories?post=61254"},{"taxonomy":"post_tag","embeddable":true,"href":"https:\/\/www.ludwig-van.com\/montreal\/wp-json\/wp\/v2\/tags?post=61254"},{"taxonomy":"yst_prominent_words","embeddable":true,"href":"https:\/\/www.ludwig-van.com\/montreal\/wp-json\/wp\/v2\/yst_prominent_words?post=61254"}],"curies":[{"name":"wp","href":"https:\/\/api.w.org\/{rel}","templated":true}]}}