{"id":61165,"date":"2019-09-13T09:17:44","date_gmt":"2019-09-13T13:17:44","guid":{"rendered":"https:\/\/www.ludwig-van.com\/montreal\/?p=61165"},"modified":"2019-09-14T12:08:36","modified_gmt":"2019-09-14T16:08:36","slug":"anniversaire-ludwig-van-montreal-deux-ans-deja-nos-10-meilleurs-articles-765","status":"publish","type":"post","link":"https:\/\/www.ludwig-van.com\/montreal\/2019\/09\/13\/anniversaire-ludwig-van-montreal-deux-ans-deja-nos-10-meilleurs-articles-765\/","title":{"rendered":"ANNIVERSAIRE | Ludwig van Montr\u00e9al, deux ans d\u00e9j\u00e0: un TOP-10 de nos meilleurs articles depuis le d\u00e9but"},"content":{"rendered":"<p style=\"text-align: center;\"><img decoding=\"async\" loading=\"lazy\" class=\"aligncenter size-full wp-image-61166\" src=\"https:\/\/www.ludwig-van.com\/montreal\/wp-content\/uploads\/sites\/3\/2019\/09\/anniversaire-cover.jpg\" alt=\"\" width=\"1200\" height=\"629\" srcset=\"https:\/\/www.ludwig-van.com\/montreal\/wp-content\/uploads\/sites\/3\/2019\/09\/anniversaire-cover.jpg 1200w, https:\/\/www.ludwig-van.com\/montreal\/wp-content\/uploads\/sites\/3\/2019\/09\/anniversaire-cover-300x157.jpg 300w, https:\/\/www.ludwig-van.com\/montreal\/wp-content\/uploads\/sites\/3\/2019\/09\/anniversaire-cover-768x403.jpg 768w, https:\/\/www.ludwig-van.com\/montreal\/wp-content\/uploads\/sites\/3\/2019\/09\/anniversaire-cover-1024x537.jpg 1024w\" sizes=\"(max-width: 1200px) 100vw, 1200px\" \/><\/p>\n<p>&nbsp;<\/p>\n<p><strong>Ludwig van Montr\u00e9al<\/strong> aura deux ans demain, le 14 septembre 2019. Depuis notre lancement, nous avons publi\u00e9 pas moins de <strong>750 articles!<\/strong> S&rsquo;il est difficile d&rsquo;en choisir seulement 10 pour construire un palmar\u00e8s \u00e0 partir d&rsquo;une aussi vaste production, voici tout de m\u00eame nos favoris, qui ont aussi \u00e9t\u00e9 parmi les plus lus. Si ce ne les avez pas lu au moment de leur parution, il est toujours temps de les d\u00e9couvrir, puisque la plupart traitent de sujets encore d&rsquo;actualit\u00e9 ou m\u00eame, intemporels.<\/p>\n<p>J&rsquo;en profite pour remercier nos collaborateurs pour leur d\u00e9vouement et leur excellent travail. Merci aussi \u00e0 tous nos membres et annonceurs qui rendent cette entreprise possible. Grand merci \u00e0 notre \u00e9diteur, <strong>Michael Vincent<\/strong>, pour son soutien ind\u00e9fectible.<\/p>\n<p>Et surtout, merci \u00e0 vous, chers lecteurs, d&rsquo;\u00eatre toujours au rendez-vous! Longue vie \u00e0 Ludwig Van!<\/p>\n<h2>Chant et science<\/h2>\n<p>Cet article de l&rsquo;excellente <strong>Anya Wassenberg<\/strong>, d&rsquo;abord publi\u00e9 en anglais sur Ludwig van Toronto est le second plus lu de toute l&rsquo;histoire de LvM.<\/p>\n<p>&nbsp;<\/p>\n<blockquote class=\"wp-embedded-content\" data-secret=\"Mtv1wCVNQW\"><p><a href=\"https:\/\/www.ludwig-van.com\/montreal\/2018\/01\/02\/dossier-vous-croyez-etre-incapable-de-chanter-la-science-vous-donne-tort\/\">DOSSIER | Vous croyez \u00eatre incapable de chanter? La science vous donne tort.<\/a><\/p><\/blockquote>\n<p><iframe class=\"wp-embedded-content\" sandbox=\"allow-scripts\" security=\"restricted\" style=\"position: absolute; clip: rect(1px, 1px, 1px, 1px);\" src=\"https:\/\/www.ludwig-van.com\/montreal\/2018\/01\/02\/dossier-vous-croyez-etre-incapable-de-chanter-la-science-vous-donne-tort\/embed\/#?secret=Mtv1wCVNQW\" data-secret=\"Mtv1wCVNQW\" width=\"600\" height=\"338\" title=\"\u00ab\u00a0DOSSIER | Vous croyez \u00eatre incapable de chanter? La science vous donne tort.\u00a0\u00bb &#8212; Ludwig Van Montreal\" frameborder=\"0\" marginwidth=\"0\" marginheight=\"0\" scrolling=\"no\"><\/iframe><\/p>\n<p>&nbsp;<\/p>\n<h2>Adieux \u00e0 Claude Gingras<\/h2>\n<p>Le 30 d\u00e9cembre 2018, le critique musical de La Presse, <strong>Claude Gingras<\/strong>, quittait ce monde. L&rsquo;ayant c\u00f4toy\u00e9 pendant des ann\u00e9es lorsque j&rsquo;\u00e9tais pigiste au m\u00eame journal, nos relations ont connu des hauts et des bas, comme en t\u00e9moigne cet article \u00e9crit alors que je venais tout juste d&rsquo;apprendre son d\u00e9c\u00e8s. Un t\u00e9moignage qui m&rsquo;a valu \u00e9norm\u00e9ment de commentaires positifs.<\/p>\n<p>&nbsp;<\/p>\n<blockquote class=\"wp-embedded-content\" data-secret=\"ETP1AUsHEb\"><p><a href=\"https:\/\/www.ludwig-van.com\/montreal\/2018\/12\/30\/in-memoriam-critique-musical-claude-gingras-decede\/\">IN MEMORIAM  | Le critique musical Claude Gingras est d\u00e9c\u00e9d\u00e9<\/a><\/p><\/blockquote>\n<p><iframe class=\"wp-embedded-content\" sandbox=\"allow-scripts\" security=\"restricted\" style=\"position: absolute; clip: rect(1px, 1px, 1px, 1px);\" src=\"https:\/\/www.ludwig-van.com\/montreal\/2018\/12\/30\/in-memoriam-critique-musical-claude-gingras-decede\/embed\/#?secret=ETP1AUsHEb\" data-secret=\"ETP1AUsHEb\" width=\"600\" height=\"338\" title=\"\u00ab\u00a0IN MEMORIAM  | Le critique musical Claude Gingras est d\u00e9c\u00e9d\u00e9\u00a0\u00bb &#8212; Ludwig Van Montreal\" frameborder=\"0\" marginwidth=\"0\" marginheight=\"0\" scrolling=\"no\"><\/iframe><\/p>\n<h2>Odile Gruet, copiste<\/h2>\n<p>Ce portrait d&rsquo;<strong>Odile Gruet<\/strong> a beaucoup plu \u00e0 nos lecteurs, avec raison, car y d\u00e9couvre le m\u00e9connu et fascinant m\u00e9tier de copiste.<\/p>\n<p>&nbsp;<\/p>\n<blockquote class=\"wp-embedded-content\" data-secret=\"vk20s1K2u5\"><p><a href=\"https:\/\/www.ludwig-van.com\/montreal\/2018\/01\/25\/vies-en-musique-odile-gruet-copiste-un-metier-en-voie-de-disparition\/\">VIES EN MUSIQUE | Odile Gruet, copiste: un m\u00e9tier en voie de disparition<\/a><\/p><\/blockquote>\n<p><iframe class=\"wp-embedded-content\" sandbox=\"allow-scripts\" security=\"restricted\" style=\"position: absolute; clip: rect(1px, 1px, 1px, 1px);\" src=\"https:\/\/www.ludwig-van.com\/montreal\/2018\/01\/25\/vies-en-musique-odile-gruet-copiste-un-metier-en-voie-de-disparition\/embed\/#?secret=vk20s1K2u5\" data-secret=\"vk20s1K2u5\" width=\"600\" height=\"338\" title=\"\u00ab\u00a0VIES EN MUSIQUE | Odile Gruet, copiste: un m\u00e9tier en voie de disparition\u00a0\u00bb &#8212; Ludwig Van Montreal\" frameborder=\"0\" marginwidth=\"0\" marginheight=\"0\" scrolling=\"no\"><\/iframe><\/p>\n<p>&nbsp;<\/p>\n<h2>Entretien avec le grand Penderecki<\/h2>\n<p>Il fallait le souligner: c&rsquo;est une chance incroyable pour nous d&rsquo;avoir publi\u00e9 cet entretien avec le grand compositeur, obtenue par nul autre qu&rsquo;<a href=\"https:\/\/www.ludwig-van.com\/montreal\/author\/arthur-kaptainis\/\" target=\"_blank\" rel=\"noopener\">Arthur Kaptainis.\u00a0<\/a><\/p>\n<p>&nbsp;<\/p>\n<blockquote class=\"wp-embedded-content\" data-secret=\"9w3kXvm7Me\"><p><a href=\"https:\/\/www.ludwig-van.com\/montreal\/2018\/07\/21\/krzysztof-penderecki-what-happened-to-the-composers\/\">INTERVIEW  | Krzysztof Penderecki: \u201cWhat happened to the composers?\u201d<\/a><\/p><\/blockquote>\n<p><iframe class=\"wp-embedded-content\" sandbox=\"allow-scripts\" security=\"restricted\" style=\"position: absolute; clip: rect(1px, 1px, 1px, 1px);\" src=\"https:\/\/www.ludwig-van.com\/montreal\/2018\/07\/21\/krzysztof-penderecki-what-happened-to-the-composers\/embed\/#?secret=9w3kXvm7Me\" data-secret=\"9w3kXvm7Me\" width=\"600\" height=\"338\" title=\"\u00ab\u00a0INTERVIEW  | Krzysztof Penderecki: \u201cWhat happened to the composers?\u201d\u00a0\u00bb &#8212; Ludwig Van Montreal\" frameborder=\"0\" marginwidth=\"0\" marginheight=\"0\" scrolling=\"no\"><\/iframe><\/p>\n<h2>La musique et ses effets sur le stress<\/h2>\n<p>Notre ch\u00e8re <a href=\"https:\/\/www.ludwig-van.com\/montreal\/author\/rebeccaanneclark\/\" target=\"_blank\" rel=\"noopener\">Rebecca Anne Clark<\/a> n&rsquo;a pas souvent le temps d&rsquo;\u00e9crire, mais quand elle le fait, elle le fait bien! Ce dossier tr\u00e8s fouill\u00e9 sur les effets de la musique sur le stress en est un excellent exemple.<\/p>\n<p>&nbsp;<\/p>\n<blockquote class=\"wp-embedded-content\" data-secret=\"tfACGrjaWY\"><p><a href=\"https:\/\/www.ludwig-van.com\/montreal\/2017\/12\/27\/music-and-you-mindfulness-and-music-how-making-music-can-help-reduce-stress\/\">MUSIC AND YOU | Mindfulness and Music: How Making Music Can Help Reduce Stress<\/a><\/p><\/blockquote>\n<p><iframe class=\"wp-embedded-content\" sandbox=\"allow-scripts\" security=\"restricted\" style=\"position: absolute; clip: rect(1px, 1px, 1px, 1px);\" src=\"https:\/\/www.ludwig-van.com\/montreal\/2017\/12\/27\/music-and-you-mindfulness-and-music-how-making-music-can-help-reduce-stress\/embed\/#?secret=tfACGrjaWY\" data-secret=\"tfACGrjaWY\" width=\"600\" height=\"338\" title=\"\u00ab\u00a0MUSIC AND YOU | Mindfulness and Music: How Making Music Can Help Reduce Stress\u00a0\u00bb &#8212; Ludwig Van Montreal\" frameborder=\"0\" marginwidth=\"0\" marginheight=\"0\" scrolling=\"no\"><\/iframe><\/p>\n<h2>Au mus\u00e9e avec un compositeur<\/h2>\n<p>J&rsquo;affectionne particuli\u00e8rement cet article, tant pour les choses int\u00e9ressantes qu&rsquo;il nous apprend sur le compositeur <strong>\u00c9ric Champagne<\/strong>, que pour le contexte unique dans lequel il s&rsquo;est d\u00e9roul\u00e9, pendant notre voyage en Europe avec l&rsquo;Orchestre M\u00e9tropolitain en tourn\u00e9e, en 2017, aux tous d\u00e9buts de Ludwig van Montr\u00e9al.<\/p>\n<p>&nbsp;<\/p>\n<blockquote class=\"wp-embedded-content\" data-secret=\"p8ImqH25Op\"><p><a href=\"https:\/\/www.ludwig-van.com\/montreal\/2017\/12\/19\/entretien-visite-eric-champagne-rijksmuseum-rencontre-playmobil\/\">ENTRETIEN | Ma visite avec \u00c9ric Champagne au Rijksmuseum et notre rencontre avec un Playmobil<\/a><\/p><\/blockquote>\n<p><iframe class=\"wp-embedded-content\" sandbox=\"allow-scripts\" security=\"restricted\" style=\"position: absolute; clip: rect(1px, 1px, 1px, 1px);\" src=\"https:\/\/www.ludwig-van.com\/montreal\/2017\/12\/19\/entretien-visite-eric-champagne-rijksmuseum-rencontre-playmobil\/embed\/#?secret=p8ImqH25Op\" data-secret=\"p8ImqH25Op\" width=\"600\" height=\"338\" title=\"\u00ab\u00a0ENTRETIEN | Ma visite avec \u00c9ric Champagne au Rijksmuseum et notre rencontre avec un Playmobil\u00a0\u00bb &#8212; Ludwig Van Montreal\" frameborder=\"0\" marginwidth=\"0\" marginheight=\"0\" scrolling=\"no\"><\/iframe><\/p>\n<h2><\/h2>\n<h2>Rare entretien avec Patrick Wedd<\/h2>\n<p>Un rare entretien avec le regrett\u00e9 <a href=\"https:\/\/www.ludwig-van.com\/montreal\/2019\/05\/21\/in-memoriam-patrick-wedd-grand-musicien-a-quitte\/\" target=\"_blank\" rel=\"noopener\">Patrick Wedd,<\/a> d\u00e9c\u00e9d\u00e9 en mai dernier, qui nous parle de l&rsquo;orgue de l&rsquo;\u00e9glise Christ Church.<\/p>\n<p>&nbsp;<\/p>\n<p>&nbsp;<\/p>\n<blockquote class=\"wp-embedded-content\" data-secret=\"f2bfHIVqDJ\"><p><a href=\"https:\/\/www.ludwig-van.com\/montreal\/2017\/12\/14\/50360-secret-life-of-instruments-many-sides-of-christ-church-karl-wilhelm-organ\/\">THE SECRET LIFE OF INSTRUMENTS | The Many Sides of Christ Church&rsquo;s Karl Wilhelm Organ<\/a><\/p><\/blockquote>\n<p><iframe class=\"wp-embedded-content\" sandbox=\"allow-scripts\" security=\"restricted\" style=\"position: absolute; clip: rect(1px, 1px, 1px, 1px);\" src=\"https:\/\/www.ludwig-van.com\/montreal\/2017\/12\/14\/50360-secret-life-of-instruments-many-sides-of-christ-church-karl-wilhelm-organ\/embed\/#?secret=f2bfHIVqDJ\" data-secret=\"f2bfHIVqDJ\" width=\"600\" height=\"338\" title=\"\u00ab\u00a0THE SECRET LIFE OF INSTRUMENTS | The Many Sides of Christ Church&rsquo;s Karl Wilhelm Organ\u00a0\u00bb &#8212; Ludwig Van Montreal\" frameborder=\"0\" marginwidth=\"0\" marginheight=\"0\" scrolling=\"no\"><\/iframe><\/p>\n<h2>Fl\u00fbte de fl\u00fbtes!<\/h2>\n<p>Collaboratrice de Ludwig van Montr\u00e9al depuis notre lancement, <strong>B\u00e9atrice Cadrin<\/strong> nous fait d\u00e9couvrir la collection de fl\u00fbtes \u00e0 bec de <strong>Vincent Lauzer.\u00a0<\/strong><\/p>\n<p>&nbsp;<\/p>\n<blockquote class=\"wp-embedded-content\" data-secret=\"R2w6BWjt5a\"><p><a href=\"https:\/\/www.ludwig-van.com\/montreal\/2017\/09\/18\/les-flutes-enchantees-de-vincent-lauzer\/\">LA VIE SECR\u00c8TE DES INSTRUMENTS | Les fl\u00fbtes enchant\u00e9es de Vincent Lauzer<\/a><\/p><\/blockquote>\n<p><iframe class=\"wp-embedded-content\" sandbox=\"allow-scripts\" security=\"restricted\" style=\"position: absolute; clip: rect(1px, 1px, 1px, 1px);\" src=\"https:\/\/www.ludwig-van.com\/montreal\/2017\/09\/18\/les-flutes-enchantees-de-vincent-lauzer\/embed\/#?secret=R2w6BWjt5a\" data-secret=\"R2w6BWjt5a\" width=\"600\" height=\"338\" title=\"\u00ab\u00a0LA VIE SECR\u00c8TE DES INSTRUMENTS | Les fl\u00fbtes enchant\u00e9es de Vincent Lauzer\u00a0\u00bb &#8212; Ludwig Van Montreal\" frameborder=\"0\" marginwidth=\"0\" marginheight=\"0\" scrolling=\"no\"><\/iframe><\/p>\n<h2>La vie secr\u00e8te des pianos publics<\/h2>\n<p>Qu&rsquo;arrive-t-il aux pianos publics de Montr\u00e9al en hiver? <strong>Fr\u00e9d\u00e9ric Cardin<\/strong> enqu\u00eate.<\/p>\n<p>&nbsp;<\/p>\n<blockquote class=\"wp-embedded-content\" data-secret=\"CftxR5hXSu\"><p><a href=\"https:\/\/www.ludwig-van.com\/montreal\/2018\/02\/22\/pianos-publics-musique-dans-lair\/\">DOSSIERS | Pianos publics de Montr\u00e9al : Il y a de la musique dans l&rsquo;air!<\/a><\/p><\/blockquote>\n<p><iframe class=\"wp-embedded-content\" sandbox=\"allow-scripts\" security=\"restricted\" style=\"position: absolute; clip: rect(1px, 1px, 1px, 1px);\" src=\"https:\/\/www.ludwig-van.com\/montreal\/2018\/02\/22\/pianos-publics-musique-dans-lair\/embed\/#?secret=CftxR5hXSu\" data-secret=\"CftxR5hXSu\" width=\"600\" height=\"338\" title=\"\u00ab\u00a0DOSSIERS | Pianos publics de Montr\u00e9al : Il y a de la musique dans l&rsquo;air!\u00a0\u00bb &#8212; Ludwig Van Montreal\" frameborder=\"0\" marginwidth=\"0\" marginheight=\"0\" scrolling=\"no\"><\/iframe><\/p>\n<h2>Rocambolesques aventures d&rsquo;un orchestre<\/h2>\n<p>Je ne pouvais pas ne pas inclure cette aventure rocambolesque de l&rsquo;<strong>Orchestre de la Francophonie<\/strong>, dont je fus t\u00e9moin en direct lors de mon voyage en Cor\u00e9e avec l&rsquo;Orchestre en 2018.<\/p>\n<p>&nbsp;<\/p>\n<blockquote class=\"wp-embedded-content\" data-secret=\"Gchr2ovz9X\"><p><a href=\"https:\/\/www.ludwig-van.com\/montreal\/2018\/09\/06\/critique-4\/\">CRITIQUE  | Cor\u00e9e: l&rsquo;Orchestre de la Francophonie surmonte l&rsquo;adversit\u00e9<\/a><\/p><\/blockquote>\n<p><iframe class=\"wp-embedded-content\" sandbox=\"allow-scripts\" security=\"restricted\" style=\"position: absolute; clip: rect(1px, 1px, 1px, 1px);\" src=\"https:\/\/www.ludwig-van.com\/montreal\/2018\/09\/06\/critique-4\/embed\/#?secret=Gchr2ovz9X\" data-secret=\"Gchr2ovz9X\" width=\"600\" height=\"338\" title=\"\u00ab\u00a0CRITIQUE  | Cor\u00e9e: l&rsquo;Orchestre de la Francophonie surmonte l&rsquo;adversit\u00e9\u00a0\u00bb &#8212; Ludwig Van Montreal\" frameborder=\"0\" marginwidth=\"0\" marginheight=\"0\" scrolling=\"no\"><\/iframe><\/p>\n<p>&nbsp;<\/p>\n<p>Ceci n&rsquo;est qu&rsquo;un modeste \u00e9chantillon du travail accompli par notre \u00e9quipe en deux ans. Restez avec nous, car nos aventures sont bien loin d&rsquo;\u00eatre termin\u00e9es!<\/p>\n<h2>LIRE AUSSI:<\/h2>\n<p>&nbsp;<\/p>\n<blockquote class=\"wp-embedded-content\" data-secret=\"JGbsgApIxo\"><p><a href=\"https:\/\/www.ludwig-van.com\/montreal\/2019\/09\/05\/vies-musique-musica-camerata-demi-siecle-de-musique-de-chambre-de-lenergie-continuer\/\">VIES EN MUSIQUE  | Musica Camerata : un demi-si\u00e8cle de musique et une \u00e9mouvante histoire de famille<\/a><\/p><\/blockquote>\n<p><iframe class=\"wp-embedded-content\" sandbox=\"allow-scripts\" security=\"restricted\" style=\"position: absolute; clip: rect(1px, 1px, 1px, 1px);\" src=\"https:\/\/www.ludwig-van.com\/montreal\/2019\/09\/05\/vies-musique-musica-camerata-demi-siecle-de-musique-de-chambre-de-lenergie-continuer\/embed\/#?secret=JGbsgApIxo\" data-secret=\"JGbsgApIxo\" width=\"600\" height=\"338\" title=\"\u00ab\u00a0VIES EN MUSIQUE  | Musica Camerata : un demi-si\u00e8cle de musique et une \u00e9mouvante histoire de famille\u00a0\u00bb &#8212; Ludwig Van Montreal\" frameborder=\"0\" marginwidth=\"0\" marginheight=\"0\" scrolling=\"no\"><\/iframe><\/p>\n<p>&nbsp;<\/p>\n<p>&nbsp;<\/p>\n<p>&nbsp;<\/p>\n<p>&nbsp;<\/p>\n<p>&nbsp;<\/p>\n<p>&nbsp;<\/p>\n<p>&nbsp;<\/p>\n<p>&nbsp;<\/p>\n<p>&nbsp;<\/p>\n<p>&nbsp;<\/p>\n<p>&nbsp;<\/p>\n<p>&nbsp;<\/p>\n<p>&nbsp;<\/p>\n<p>&nbsp;<\/p>\n","protected":false},"excerpt":{"rendered":"<p>Ludwig van Montr\u00e9al aura deux ans demain, le 14 septembre 2019. Depuis notre lancement, nous avons publi\u00e9 pas moins de 765 articles! S&rsquo;il est difficile d&rsquo;en choisir seulement 10 pour construire un palmar\u00e8s \u00e0 partir d&rsquo;une aussi vaste production, voici tout de m\u00eame nos favoris, qui ont aussi \u00e9t\u00e9 parmi les plus lus.<\/p>\n","protected":false},"author":51,"featured_media":61166,"comment_status":"open","ping_status":"open","sticky":false,"template":"","format":"standard","meta":{"om_disable_all_campaigns":false,"jetpack_post_was_ever_published":false},"categories":[28802,10956,5797],"tags":[28789],"yst_prominent_words":[10479,10426,13254,20306,10097,34169,25731,34166,9810,9788,9787,9812,7694,17774,14092,19041,23535,34170,9809,9804],"acf":[],"jetpack_featured_media_url":"https:\/\/www.ludwig-van.com\/montreal\/wp-content\/uploads\/sites\/3\/2019\/09\/anniversaire-cover.jpg","jetpack_sharing_enabled":true,"jetpack_shortlink":"https:\/\/wp.me\/p9bdYt-fUx","amp_enabled":true,"_links":{"self":[{"href":"https:\/\/www.ludwig-van.com\/montreal\/wp-json\/wp\/v2\/posts\/61165"}],"collection":[{"href":"https:\/\/www.ludwig-van.com\/montreal\/wp-json\/wp\/v2\/posts"}],"about":[{"href":"https:\/\/www.ludwig-van.com\/montreal\/wp-json\/wp\/v2\/types\/post"}],"author":[{"embeddable":true,"href":"https:\/\/www.ludwig-van.com\/montreal\/wp-json\/wp\/v2\/users\/51"}],"replies":[{"embeddable":true,"href":"https:\/\/www.ludwig-van.com\/montreal\/wp-json\/wp\/v2\/comments?post=61165"}],"version-history":[{"count":8,"href":"https:\/\/www.ludwig-van.com\/montreal\/wp-json\/wp\/v2\/posts\/61165\/revisions"}],"predecessor-version":[{"id":61209,"href":"https:\/\/www.ludwig-van.com\/montreal\/wp-json\/wp\/v2\/posts\/61165\/revisions\/61209"}],"wp:featuredmedia":[{"embeddable":true,"href":"https:\/\/www.ludwig-van.com\/montreal\/wp-json\/wp\/v2\/media\/61166"}],"wp:attachment":[{"href":"https:\/\/www.ludwig-van.com\/montreal\/wp-json\/wp\/v2\/media?parent=61165"}],"wp:term":[{"taxonomy":"category","embeddable":true,"href":"https:\/\/www.ludwig-van.com\/montreal\/wp-json\/wp\/v2\/categories?post=61165"},{"taxonomy":"post_tag","embeddable":true,"href":"https:\/\/www.ludwig-van.com\/montreal\/wp-json\/wp\/v2\/tags?post=61165"},{"taxonomy":"yst_prominent_words","embeddable":true,"href":"https:\/\/www.ludwig-van.com\/montreal\/wp-json\/wp\/v2\/yst_prominent_words?post=61165"}],"curies":[{"name":"wp","href":"https:\/\/api.w.org\/{rel}","templated":true}]}}