{"id":60865,"date":"2019-08-26T13:54:25","date_gmt":"2019-08-26T17:54:25","guid":{"rendered":"https:\/\/www.ludwig-van.com\/montreal\/?p=60865"},"modified":"2019-10-08T20:57:27","modified_gmt":"2019-10-09T00:57:27","slug":"saison-19-20-lecole-de-musique-schulich-annonce-programmation-saison-2019-2020","status":"publish","type":"post","link":"https:\/\/www.ludwig-van.com\/montreal\/2019\/08\/26\/saison-19-20-lecole-de-musique-schulich-annonce-programmation-saison-2019-2020\/","title":{"rendered":"SAISON 19-20 | L\u2019\u00c9cole de musique Schulich annonce sa programmation pour la saison 2019-2020"},"content":{"rendered":"<figure id=\"attachment_60866\" aria-describedby=\"caption-attachment-60866\" style=\"width: 1200px\" class=\"wp-caption aligncenter\"><img decoding=\"async\" loading=\"lazy\" class=\"size-full wp-image-60866\" src=\"https:\/\/www.ludwig-van.com\/montreal\/wp-content\/uploads\/sites\/3\/2019\/08\/McGill-Symphony-Orchestra-credit-Dominick-Gravel-WEB.jpg\" alt=\"Des musiciens de l'Orchestre symphonique de McGill. (Photo: Dominick Gravel)\" width=\"1200\" height=\"800\" srcset=\"https:\/\/www.ludwig-van.com\/montreal\/wp-content\/uploads\/sites\/3\/2019\/08\/McGill-Symphony-Orchestra-credit-Dominick-Gravel-WEB.jpg 1200w, https:\/\/www.ludwig-van.com\/montreal\/wp-content\/uploads\/sites\/3\/2019\/08\/McGill-Symphony-Orchestra-credit-Dominick-Gravel-WEB-300x200.jpg 300w, https:\/\/www.ludwig-van.com\/montreal\/wp-content\/uploads\/sites\/3\/2019\/08\/McGill-Symphony-Orchestra-credit-Dominick-Gravel-WEB-768x512.jpg 768w, https:\/\/www.ludwig-van.com\/montreal\/wp-content\/uploads\/sites\/3\/2019\/08\/McGill-Symphony-Orchestra-credit-Dominick-Gravel-WEB-1024x683.jpg 1024w\" sizes=\"(max-width: 1200px) 100vw, 1200px\" \/><figcaption id=\"caption-attachment-60866\" class=\"wp-caption-text\">Des musiciens de l&rsquo;Orchestre symphonique de McGill, \u00e0 l&rsquo;\u00c9cole de musique Schulich. (Photo: Dominick Gravel)<\/figcaption><\/figure>\n<p>Chaque ann\u00e9e, l\u2019<strong>\u00c9cole de musique Schulich de l\u2019Universit\u00e9 McGill<\/strong> organise plus de 600 \u00e9v\u00e9nements couvrant tout le spectre musical. L\u2019\u00c9cole Schulich est fi\u00e8re d\u2019annoncer sa programmation compl\u00e8te pour la saison 2019-2020 au cours de laquelle le public pourra notamment assister \u00e0 des concerts, pr\u00e9sentations, concours et conf\u00e9rences, avec \u00e0 l\u2019avant-sc\u00e8ne des \u00e9tudiants, professeurs et invit\u00e9s de marque\u2009!<\/p>\n<p>Le calendrier ci-dessous souligne quelques-uns des \u00e9v\u00e9nements qui se d\u00e9rouleront \u00e0 Schulich au cours du trimestre d\u2019automne. Le calendrier complet de la programmation pour l\u2019ann\u00e9e se trouve sur le <a href=\"https:\/\/mcgill.ca\/music\/fr\" target=\"_blank\" rel=\"noopener\">calendrier des \u00e9v\u00e9nements de Schulich en ligne<\/a>.<\/p>\n<p>&#8211; <strong>Les 20 et 21 septembre \u00e0 19 h 30<\/strong>. Orchestre symphonique de McGill avec <strong>Annamaria Popescu<\/strong>. Salle Pollack, 20 $ \/ 15 $<\/p>\n<p>Venez entendre, entre autres, la premi\u00e8re canadienne de l\u2019arrangement pour orchestre par Rainer Bischof des <em>Quatre chansons dans le style populaire<\/em> de Dvo\u0159\u00e1k et le <em>Pr\u00e9lude et Fugue sur B-A-C-H<\/em> de Franz Liszt.<\/p>\n<p>&#8211; <strong>Le 27 septembre \u00e0 19 h 30<\/strong>. Orchestre \u00e0 vent de McGill en collaboration avec la Musique du Royal 22e R\u00e9giment. Salle Pollack, Entr\u00e9e libre<\/p>\n<p>Pr\u00e9sent\u00e9 dans le cadre des <strong>Journ\u00e9es de la culture<\/strong>, cet \u00e9v\u00e9nement est le premier de deux concerts avec ensembles militaires cette saison.<\/p>\n<p>&#8211; <strong>Le 6 octobre \u00e0 21 h.<\/strong> Ensemble de musique contemporaine de McGill : Triple Duplex. La Sala Rossa, Entr\u00e9e libre<\/p>\n<p>Proposant en majeure partie des \u0153uvres du compositeur fran\u00e7ais <strong>Samuel Sighicelli<\/strong>, ce concert se d\u00e9roulera dans un lieu chaleureux hors campus.<\/p>\n<p>&#8211; Le 17 octobre \u00e0 19 h 30. Schulich en concert : Michael Schade (artiste invit\u00e9 du fonds Catherine Thornhill Steele). Salle Pollack, 18 $ \/ 12 $<\/p>\n<p>Le t\u00e9nor <strong>Michael Schade<\/strong> pr\u00e9sente le cycle de Franz Schubert <em>Die sch\u00f6ne M\u00fcllerin<\/em> accompagn\u00e9 du pianiste Prof. <strong>Michael McMahon<\/strong>.<\/p>\n<p>&#8211; <strong>Le 23 octobre \u00e0 17 h<\/strong>. Recherche en lumi\u00e8re : <em>What Does Glamour Sound Like?<\/em> avec le Prof. <strong>Lloyd Whitesell.<\/strong> Salle Tanna Schulich, Entr\u00e9e libre<\/p>\n<p>&nbsp;<\/p>\n<figure id=\"attachment_60867\" aria-describedby=\"caption-attachment-60867\" style=\"width: 1200px\" class=\"wp-caption aligncenter\"><img decoding=\"async\" loading=\"lazy\" class=\"size-full wp-image-60867\" src=\"https:\/\/www.ludwig-van.com\/montreal\/wp-content\/uploads\/sites\/3\/2019\/08\/Research-Alive-credit-Tam-Lan-Truong-WEB.jpg\" alt=\"Par des pr\u00e9sentations collaboratives, cette s\u00e9rie rassemble chercheurs et interpr\u00e8tes sur une m\u00eame sc\u00e8ne. (Photo: Tam Lan Truong)\" width=\"1200\" height=\"801\" srcset=\"https:\/\/www.ludwig-van.com\/montreal\/wp-content\/uploads\/sites\/3\/2019\/08\/Research-Alive-credit-Tam-Lan-Truong-WEB.jpg 1200w, https:\/\/www.ludwig-van.com\/montreal\/wp-content\/uploads\/sites\/3\/2019\/08\/Research-Alive-credit-Tam-Lan-Truong-WEB-300x200.jpg 300w, https:\/\/www.ludwig-van.com\/montreal\/wp-content\/uploads\/sites\/3\/2019\/08\/Research-Alive-credit-Tam-Lan-Truong-WEB-768x513.jpg 768w, https:\/\/www.ludwig-van.com\/montreal\/wp-content\/uploads\/sites\/3\/2019\/08\/Research-Alive-credit-Tam-Lan-Truong-WEB-1024x684.jpg 1024w\" sizes=\"(max-width: 1200px) 100vw, 1200px\" \/><figcaption id=\"caption-attachment-60867\" class=\"wp-caption-text\">Par des pr\u00e9sentations collaboratives, cette s\u00e9rie rassemble chercheurs et interpr\u00e8tes sur une m\u00eame sc\u00e8ne \u00e0 l&rsquo;\u00c9cole de musique Schulich. (Photo: Tam Lan Truong)<\/figcaption><\/figure>\n<p>Par des pr\u00e9sentations collaboratives, cette s\u00e9rie rassemble chercheurs et interpr\u00e8tes sur une m\u00eame sc\u00e8ne. <a href=\"https:\/\/mcgill.ca\/music\/events\/webcasts\" target=\"_blank\" rel=\"noopener\">Cet \u00e9v\u00e9nement sera webdiffus\u00e9.<\/a><\/p>\n<p>&#8211; <strong>Le 1er novembre \u00e0 17 h<\/strong>. 5 \u00e0 7 Musical : La musique fran\u00e7aise pour hautbois, basson et piano. Hall d\u2019entr\u00e9e du Pavillon de musique Elizabeth Wirth, Entr\u00e9e libre<br \/>\nD\u00e9compressez apr\u00e8s le travail au son de la musique des professeurs Theodore Baskin (hautbois), St\u00e9phane L\u00e9vesque (basson) et St\u00e9phane Lemelin (piano) tout en profitant du bar payant.<\/p>\n<p>&nbsp;<\/p>\n<figure id=\"attachment_60871\" aria-describedby=\"caption-attachment-60871\" style=\"width: 1200px\" class=\"wp-caption aligncenter\"><img decoding=\"async\" loading=\"lazy\" class=\"size-full wp-image-60871\" src=\"https:\/\/www.ludwig-van.com\/montreal\/wp-content\/uploads\/sites\/3\/2019\/08\/Choirs-credit-Tam-Lan-Truong-WEB.jpg\" alt=\"Le Choeur de chambre Schulich. (Photo: Tam Lan Truong)\" width=\"1200\" height=\"801\" srcset=\"https:\/\/www.ludwig-van.com\/montreal\/wp-content\/uploads\/sites\/3\/2019\/08\/Choirs-credit-Tam-Lan-Truong-WEB.jpg 1200w, https:\/\/www.ludwig-van.com\/montreal\/wp-content\/uploads\/sites\/3\/2019\/08\/Choirs-credit-Tam-Lan-Truong-WEB-300x200.jpg 300w, https:\/\/www.ludwig-van.com\/montreal\/wp-content\/uploads\/sites\/3\/2019\/08\/Choirs-credit-Tam-Lan-Truong-WEB-768x513.jpg 768w, https:\/\/www.ludwig-van.com\/montreal\/wp-content\/uploads\/sites\/3\/2019\/08\/Choirs-credit-Tam-Lan-Truong-WEB-1024x684.jpg 1024w\" sizes=\"(max-width: 1200px) 100vw, 1200px\" \/><figcaption id=\"caption-attachment-60871\" class=\"wp-caption-text\">Le Choeur de chambre Schulich. (Photo: Tam Lan Truong)<\/figcaption><\/figure>\n<p>&#8211; <strong>Les 4, 10 et 12 novembre.<\/strong> Ch\u0153ur de chambre Schulich : Souvenir et r\u00e9conciliation.<br \/>\nSuivez ce ch\u0153ur de chambre d\u2019exception lors de concerts \u00e0 la Trinity St-Paul\u2019s United Church and Centre for Faith, Justice and the Arts de Toronto (le 4 novembre \u00e0 19 h 30), au Carleton Dominion-Chalmers Centre \u00e0 Ottawa (le 10 novembre \u00e0 19 h) et \u00e0 la Salle Pollack de Schulich (le 12 novembre \u00e0 19 h 30).<\/p>\n<p>&nbsp;<\/p>\n<figure id=\"attachment_60868\" aria-describedby=\"caption-attachment-60868\" style=\"width: 1200px\" class=\"wp-caption aligncenter\"><img decoding=\"async\" loading=\"lazy\" class=\"size-full wp-image-60868\" src=\"https:\/\/www.ludwig-van.com\/montreal\/wp-content\/uploads\/sites\/3\/2019\/08\/Opera-McGill-credit-Brent-Calis-WEB.jpg\" alt=\"Chaque ann\u00e9e, Opera McGill pr\u00e9sente des productions d'op\u00e9ra avec d\u00e9cors et costumes. (Photo: Brent Callis)\" width=\"1200\" height=\"800\" srcset=\"https:\/\/www.ludwig-van.com\/montreal\/wp-content\/uploads\/sites\/3\/2019\/08\/Opera-McGill-credit-Brent-Calis-WEB.jpg 1200w, https:\/\/www.ludwig-van.com\/montreal\/wp-content\/uploads\/sites\/3\/2019\/08\/Opera-McGill-credit-Brent-Calis-WEB-300x200.jpg 300w, https:\/\/www.ludwig-van.com\/montreal\/wp-content\/uploads\/sites\/3\/2019\/08\/Opera-McGill-credit-Brent-Calis-WEB-768x512.jpg 768w, https:\/\/www.ludwig-van.com\/montreal\/wp-content\/uploads\/sites\/3\/2019\/08\/Opera-McGill-credit-Brent-Calis-WEB-1024x683.jpg 1024w\" sizes=\"(max-width: 1200px) 100vw, 1200px\" \/><figcaption id=\"caption-attachment-60868\" class=\"wp-caption-text\">Chaque ann\u00e9e, Opera McGill de l&rsquo;\u00c9cole de musique Schulich pr\u00e9sente des productions d&rsquo;op\u00e9ra avec d\u00e9cors et costumes. (Photo: Brent Callis)<\/figcaption><\/figure>\n<p>&#8211; <strong>Les 8 et 9 novembre \u00e0 19 h 30 et le 10 novembre \u00e0 14 h.<\/strong> Op\u00e9ra McGill : <em>La clemenza di Tito<\/em>. Salle Pollack, 30 $ \/ 20 $<\/p>\n<p>Cette histoire classique de vengeance et de r\u00e9demption prendra vie gr\u00e2ce \u00e0 une collaboration avec l\u2019orchestre de chambre montr\u00e9alais Pronto Musica. <a href=\"https:\/\/mcgill.ca\/music\/events\/webcasts\" target=\"_blank\" rel=\"noopener\">Cet \u00e9v\u00e9nement sera webdiffus\u00e9.<\/a><\/p>\n<p>&#8211; <strong>Le 13 novembre \u00e0 19 h 30<\/strong>. Orchestre baroque de McGill avec Cappella Antica : Musique du Grand Si\u00e8cle. Salle Pollack, 18 $ \/ 12 $<\/p>\n<p>Venez entendre des \u0153uvres phares de l\u2019\u00e8re baroque de notamment Jean-Baptiste Lully et Marc-Antoine Charpentier, le tout sur des instruments d\u2019\u00e9poque.<\/p>\n<p>&nbsp;<\/p>\n<figure id=\"attachment_60869\" aria-describedby=\"caption-attachment-60869\" style=\"width: 1200px\" class=\"wp-caption aligncenter\"><img decoding=\"async\" loading=\"lazy\" class=\"size-full wp-image-60869\" src=\"https:\/\/www.ludwig-van.com\/montreal\/wp-content\/uploads\/sites\/3\/2019\/08\/Golden-Violin-Award-credit-Tam-Lan-Truong-WEB.jpg\" alt=\"Le Violon d'or est un concours organis\u00e9 annuellement \u00e0 l'\u00c9cole de musique Schulich de McGill. (Photo: Tam Lan Truong)\" width=\"1200\" height=\"800\" srcset=\"https:\/\/www.ludwig-van.com\/montreal\/wp-content\/uploads\/sites\/3\/2019\/08\/Golden-Violin-Award-credit-Tam-Lan-Truong-WEB.jpg 1200w, https:\/\/www.ludwig-van.com\/montreal\/wp-content\/uploads\/sites\/3\/2019\/08\/Golden-Violin-Award-credit-Tam-Lan-Truong-WEB-300x200.jpg 300w, https:\/\/www.ludwig-van.com\/montreal\/wp-content\/uploads\/sites\/3\/2019\/08\/Golden-Violin-Award-credit-Tam-Lan-Truong-WEB-768x512.jpg 768w, https:\/\/www.ludwig-van.com\/montreal\/wp-content\/uploads\/sites\/3\/2019\/08\/Golden-Violin-Award-credit-Tam-Lan-Truong-WEB-1024x683.jpg 1024w\" sizes=\"(max-width: 1200px) 100vw, 1200px\" \/><figcaption id=\"caption-attachment-60869\" class=\"wp-caption-text\">Le Violon d&rsquo;or est un concours organis\u00e9 annuellement \u00e0 l&rsquo;\u00c9cole de musique Schulich de McGill. (Photo: Tam Lan Truong)<\/figcaption><\/figure>\n<p>&#8211; <strong>Le 15 novembre \u00e0 19 h<\/strong>. Prix du violon d\u2019or 2019-2020. Salle Pollack, Entr\u00e9e libre<br \/>\nC\u00e9l\u00e9brez l\u2019excellence sur sc\u00e8ne \u00e0 Schulich alors que des \u00e9tudiants en cordes de talent se produisent pour la chance de gagner un prix de 25\u2009000 $. Cet \u00e9v\u00e9nement sera webdiffus\u00e9.<\/p>\n<p>&nbsp;<\/p>\n<figure id=\"attachment_60870\" aria-describedby=\"caption-attachment-60870\" style=\"width: 1200px\" class=\"wp-caption aligncenter\"><img decoding=\"async\" loading=\"lazy\" class=\"size-full wp-image-60870\" src=\"https:\/\/www.ludwig-van.com\/montreal\/wp-content\/uploads\/sites\/3\/2019\/08\/Jazz-Orchestra-I-credit-Tam-Lan-Truong-WEB.jpg\" alt=\"L'Orchestre de jazz de McGill. (Photo: Tam Lan Truong)\" width=\"1200\" height=\"801\" srcset=\"https:\/\/www.ludwig-van.com\/montreal\/wp-content\/uploads\/sites\/3\/2019\/08\/Jazz-Orchestra-I-credit-Tam-Lan-Truong-WEB.jpg 1200w, https:\/\/www.ludwig-van.com\/montreal\/wp-content\/uploads\/sites\/3\/2019\/08\/Jazz-Orchestra-I-credit-Tam-Lan-Truong-WEB-300x200.jpg 300w, https:\/\/www.ludwig-van.com\/montreal\/wp-content\/uploads\/sites\/3\/2019\/08\/Jazz-Orchestra-I-credit-Tam-Lan-Truong-WEB-768x513.jpg 768w, https:\/\/www.ludwig-van.com\/montreal\/wp-content\/uploads\/sites\/3\/2019\/08\/Jazz-Orchestra-I-credit-Tam-Lan-Truong-WEB-1024x684.jpg 1024w\" sizes=\"(max-width: 1200px) 100vw, 1200px\" \/><figcaption id=\"caption-attachment-60870\" class=\"wp-caption-text\">L&rsquo;Orchestre de jazz de McGill, \u00e0 l&rsquo;\u00c9cole de musique Schulich. (Photo: Tam Lan Truong)<\/figcaption><\/figure>\n<p>&#8211; <strong>Le 4 d\u00e9cembre \u00e0 19 h 30<\/strong>. Orchestre de jazz de McGill I. Salle Tanna Schulich, 18 $ \/ 12 $<br \/>\nMettez-vous dans l\u2019esprit des f\u00eates avec l\u2019arrangement pour big band par Duke Ellington et Billy Strayhorn <em>The Nutcracker Suite<\/em> de Tcha\u00efkovski.<\/p>\n<p>Vous ne pouvez pas assister aux concerts en personne\u2009? Profitez d\u2019une s\u00e9lection de concerts offerts en ligne gr\u00e2ce aux webdiffusions haute d\u00e9finition en direct de Schulich. D\u00e9couvrez la liste compl\u00e8te des \u00e9v\u00e9nements webdiffus\u00e9s ici.<\/p>\n<p>Vous voulez deux billets pour deux \u00e9v\u00e9nements de l\u2019<strong>Orchestre symphonique de McGill<\/strong> de l\u2019automne 2019\u2009? Participez \u00e0 <a href=\"https:\/\/www.facebook.com\/SchulichMusic\/\" target=\"_blank\" rel=\"noopener\">notre concours sur Facebook<\/a> jusqu\u2019au 8 septembre \u00e0 23 h 59 pour courir la chance de gagner\u2009!<\/p>\n<p><strong><em>La publication de ce communiqu\u00e9 est un privil\u00e8ge r\u00e9serv\u00e9 aux membres de Ludwig van Montr\u00e9al. Pour savoir comment devenir membre de notre communaut\u00e9 musicale, \u00e9crivez-nous \u00e0 caroline@ludwig-van.com\u00a0<\/em><\/strong><\/p>\n<p>&nbsp;<\/p>\n<p>&nbsp;<\/p>\n","protected":false},"excerpt":{"rendered":"<p>Chaque ann\u00e9e, l\u2019\u00c9cole de musique Schulich de l\u2019Universit\u00e9 McGill organise plus de 600 \u00e9v\u00e9nements couvrant tout le spectre musical. L\u2019\u00c9cole Schulich est fi\u00e8re d\u2019annoncer sa programmation compl\u00e8te pour la saison 2019-2020 <\/p>\n","protected":false},"author":7,"featured_media":60866,"comment_status":"open","ping_status":"open","sticky":false,"template":"","format":"standard","meta":{"om_disable_all_campaigns":false,"jetpack_post_was_ever_published":false},"categories":[28802],"tags":[28789,6402],"yst_prominent_words":[9878,9863,33723,9877,10386,10376,35273,10571,12000,11995,11993,31895,31893,33722,10375,33718,11998,23498,33724,23363],"acf":[],"jetpack_featured_media_url":"https:\/\/www.ludwig-van.com\/montreal\/wp-content\/uploads\/sites\/3\/2019\/08\/McGill-Symphony-Orchestra-credit-Dominick-Gravel-WEB.jpg","jetpack_sharing_enabled":true,"jetpack_shortlink":"https:\/\/wp.me\/p9bdYt-fPH","amp_enabled":true,"_links":{"self":[{"href":"https:\/\/www.ludwig-van.com\/montreal\/wp-json\/wp\/v2\/posts\/60865"}],"collection":[{"href":"https:\/\/www.ludwig-van.com\/montreal\/wp-json\/wp\/v2\/posts"}],"about":[{"href":"https:\/\/www.ludwig-van.com\/montreal\/wp-json\/wp\/v2\/types\/post"}],"author":[{"embeddable":true,"href":"https:\/\/www.ludwig-van.com\/montreal\/wp-json\/wp\/v2\/users\/7"}],"replies":[{"embeddable":true,"href":"https:\/\/www.ludwig-van.com\/montreal\/wp-json\/wp\/v2\/comments?post=60865"}],"version-history":[{"count":3,"href":"https:\/\/www.ludwig-van.com\/montreal\/wp-json\/wp\/v2\/posts\/60865\/revisions"}],"predecessor-version":[{"id":62002,"href":"https:\/\/www.ludwig-van.com\/montreal\/wp-json\/wp\/v2\/posts\/60865\/revisions\/62002"}],"wp:featuredmedia":[{"embeddable":true,"href":"https:\/\/www.ludwig-van.com\/montreal\/wp-json\/wp\/v2\/media\/60866"}],"wp:attachment":[{"href":"https:\/\/www.ludwig-van.com\/montreal\/wp-json\/wp\/v2\/media?parent=60865"}],"wp:term":[{"taxonomy":"category","embeddable":true,"href":"https:\/\/www.ludwig-van.com\/montreal\/wp-json\/wp\/v2\/categories?post=60865"},{"taxonomy":"post_tag","embeddable":true,"href":"https:\/\/www.ludwig-van.com\/montreal\/wp-json\/wp\/v2\/tags?post=60865"},{"taxonomy":"yst_prominent_words","embeddable":true,"href":"https:\/\/www.ludwig-van.com\/montreal\/wp-json\/wp\/v2\/yst_prominent_words?post=60865"}],"curies":[{"name":"wp","href":"https:\/\/api.w.org\/{rel}","templated":true}]}}