{"id":60687,"date":"2019-08-19T14:57:59","date_gmt":"2019-08-19T18:57:59","guid":{"rendered":"https:\/\/www.ludwig-van.com\/montreal\/?p=60687"},"modified":"2019-08-19T15:08:50","modified_gmt":"2019-08-19T19:08:50","slug":"choix-de-redaction-finissez-lete-douceur-concerts-classiques-emballants","status":"publish","type":"post","link":"https:\/\/www.ludwig-van.com\/montreal\/2019\/08\/19\/choix-de-redaction-finissez-lete-douceur-concerts-classiques-emballants\/","title":{"rendered":"CHOIX DE LA R\u00c9DACTION  | Finissez l&rsquo;\u00e9t\u00e9 en douceur avec ces concerts classiques emballants"},"content":{"rendered":"<p style=\"text-align: center;\"><img decoding=\"async\" loading=\"lazy\" class=\"aligncenter size-full wp-image-60688\" src=\"https:\/\/www.ludwig-van.com\/montreal\/wp-content\/uploads\/sites\/3\/2019\/08\/Choix-19-aout.jpg\" alt=\"\" width=\"1200\" height=\"675\" srcset=\"https:\/\/www.ludwig-van.com\/montreal\/wp-content\/uploads\/sites\/3\/2019\/08\/Choix-19-aout.jpg 1200w, https:\/\/www.ludwig-van.com\/montreal\/wp-content\/uploads\/sites\/3\/2019\/08\/Choix-19-aout-300x169.jpg 300w, https:\/\/www.ludwig-van.com\/montreal\/wp-content\/uploads\/sites\/3\/2019\/08\/Choix-19-aout-768x432.jpg 768w, https:\/\/www.ludwig-van.com\/montreal\/wp-content\/uploads\/sites\/3\/2019\/08\/Choix-19-aout-1024x576.jpg 1024w\" sizes=\"(max-width: 1200px) 100vw, 1200px\" \/><\/p>\n<p>La rentr\u00e9e scolaire s\u2019amorce doucement et entre les achats de fournitures scolaires et des articles de sport n\u00e9cessaires \u00e0 l\u2019enseignement, gardons une petite place pour la culture musicale autant pour se d\u00e9tendre que pour former les esprits \u00e0 la beaut\u00e9 du monde, parce qu\u2019il y a encore beaucoup de beaux rendez-vous musicaux \u00e0 se mettre\u2026 sous l\u2019oreille! Du 19 au 25 ao\u00fbt.<\/p>\n<h2>Espace de rencontre avec Aznavour et l&rsquo;Arm\u00e9nie<\/h2>\n<p>Gr\u00e2ce aux cordes d\u2019Am\u00e9lie Lamontagne, Ana Drobac, Nayiri Piloyan et Sophie Coderre, le <strong>Quatuor Rhapsodie<\/strong> fera r\u00e9sonner les m\u00e9lodies de Charles Aznavour et des \u0153uvres de compositeurs arm\u00e9niens (Komitas, Khachaturian, Babajanian, Shoujounian) <strong>le mardi 20 ao\u00fbt, \u00e0 20 h, \u00c9glise Apostolique arm\u00e9nienne Sourp Hagop (3401, Olivar-Asselin) <\/strong>dans le cadre d&rsquo;Ahuntsic en fugue. Le concert sera pr\u00e9c\u00e9d\u00e9 d\u2019une visite facultative du centre d\u00e8s 19 h. <a href=\"https:\/\/www.ludwig-van.com\/montreal\/event\/concerts-ahuntsic-fugue-espace-de-rencontre-aznavour-larmenie\/\" target=\"_blank\" rel=\"noopener\">D\u00c9TAILS<\/a><\/p>\n<p style=\"text-align: center;\"><img decoding=\"async\" loading=\"lazy\" class=\"aligncenter size-full wp-image-60591\" src=\"https:\/\/www.ludwig-van.com\/montreal\/wp-content\/uploads\/sites\/3\/2019\/08\/Barbier.jpg\" alt=\"\" width=\"960\" height=\"502\" srcset=\"https:\/\/www.ludwig-van.com\/montreal\/wp-content\/uploads\/sites\/3\/2019\/08\/Barbier.jpg 960w, https:\/\/www.ludwig-van.com\/montreal\/wp-content\/uploads\/sites\/3\/2019\/08\/Barbier-300x157.jpg 300w, https:\/\/www.ludwig-van.com\/montreal\/wp-content\/uploads\/sites\/3\/2019\/08\/Barbier-768x402.jpg 768w\" sizes=\"(max-width: 960px) 100vw, 960px\" \/><\/p>\n<h2>Le Barbier de S\u00e9ville<\/h2>\n<p>L\u2019organisme Op\u00e9ra dans le parc pr\u00e9sente <em>Il Barbiere di Siviglia<\/em>, une adaptation de l&rsquo;op\u00e9ra de Gioacchino Rossini au Parc Girouard \u00e0 Notre-Dame-de-Gr\u00e2ce le <strong>mercredi 21 ao\u00fbt \u00e0 19 h <\/strong>dans une mise en sc\u00e8ne de Fran\u00e7ois Racine avec Pascale Verstrepen \u00e0 la direction et au piano avec Vincent Ranallo, Claudine Ledoux, Thomas McLeay, Dominic Veilleux et plusieurs autres chanteurs d\u2019ici. <a href=\"https:\/\/www.facebook.com\/events\/2293732197611189\/\" target=\"_blank\" rel=\"noopener\">D\u00c9TAILS<\/a><\/p>\n<p>&nbsp;<\/p>\n<p style=\"text-align: center;\"><img decoding=\"async\" loading=\"lazy\" class=\"aligncenter size-full wp-image-60587\" src=\"https:\/\/www.ludwig-van.com\/montreal\/wp-content\/uploads\/sites\/3\/2019\/08\/Oratoire.jpg\" alt=\"\" width=\"511\" height=\"341\" srcset=\"https:\/\/www.ludwig-van.com\/montreal\/wp-content\/uploads\/sites\/3\/2019\/08\/Oratoire.jpg 511w, https:\/\/www.ludwig-van.com\/montreal\/wp-content\/uploads\/sites\/3\/2019\/08\/Oratoire-300x200.jpg 300w\" sizes=\"(max-width: 511px) 100vw, 511px\" \/><\/p>\n<h2>Un tango au coucher du soleil<\/h2>\n<p>Interpr\u00e9t\u00e9es par le Collectif de musique Mont-Royal, Les Quatre Saisons de Buenos Aires d\u2019Astor Piazzolla rythmeront le coucher du soleil le mercredi 21 ao\u00fbt \u00e0 19 h sur la terrasse de l\u2019Oratoire Saint-Joseph. <a href=\"https:\/\/www.saint-joseph.org\/fr\/culture\/\" target=\"_blank\" rel=\"noopener\">D\u00c9TAILS<\/a><\/p>\n<p>&nbsp;<\/p>\n<figure id=\"attachment_59333\" aria-describedby=\"caption-attachment-59333\" style=\"width: 700px\" class=\"wp-caption aligncenter\"><img decoding=\"async\" loading=\"lazy\" class=\"size-full wp-image-59333\" src=\"https:\/\/www.ludwig-van.com\/montreal\/wp-content\/uploads\/sites\/3\/2019\/04\/APMusic-Event-Organ-Intermezzi-credit-Jonathan-Oldengarm-calendrier.jpeg\" alt=\"\" width=\"700\" height=\"519\" srcset=\"https:\/\/www.ludwig-van.com\/montreal\/wp-content\/uploads\/sites\/3\/2019\/04\/APMusic-Event-Organ-Intermezzi-credit-Jonathan-Oldengarm-calendrier.jpeg 700w, https:\/\/www.ludwig-van.com\/montreal\/wp-content\/uploads\/sites\/3\/2019\/04\/APMusic-Event-Organ-Intermezzi-credit-Jonathan-Oldengarm-calendrier-300x222.jpeg 300w\" sizes=\"(max-width: 700px) 100vw, 700px\" \/><figcaption id=\"caption-attachment-59333\" class=\"wp-caption-text\">Photo: Jonathan Oldengarm<\/figcaption><\/figure>\n<h2>Midis \u00e0 l&rsquo;orgue<\/h2>\n<p>Chaque jeudi jusqu\u2019au 29 ao\u00fbt, l\u2019\u00e9glise \u00c9glise Saint-Andrew &amp; Saint-Paul propose un concert d\u2019orgue gratuit (contribution volontaire) \u00e0 midi. Reconnus dans le monde, les organistes invit\u00e9s mettent \u00e0 l\u2019honneur les 7 000 tuyaux de son orgue Casavant. Parmi les plus imposants au Canada, il est positionn\u00e9 pour que le public puisse en appr\u00e9cier le talent au clavier et au p\u00e9dalier. Ainsi, cet instrument monumental accueillera <strong>Jonathan Oldengarm<\/strong> et le t\u00e9nor <strong>Patrick McGill<\/strong> le <strong>jeudi 22 ao\u00fbt \u00e0 12h.<\/strong> David Henning (\u00c9tats-Unis) cl\u00f4turera la saison le 29. <a href=\"https:\/\/www.ludwig-van.com\/montreal\/event\/ap-music-intermedes-a-lorgue-patrick-mcgill-tenor-jonathan-oldengarm-organ\/\" target=\"_blank\" rel=\"noopener\">D\u00c9TAILS<\/a><\/p>\n<p>&nbsp;<\/p>\n<figure id=\"attachment_47964\" aria-describedby=\"caption-attachment-47964\" style=\"width: 1024px\" class=\"wp-caption aligncenter\"><img decoding=\"async\" loading=\"lazy\" class=\"size-full wp-image-47964\" src=\"https:\/\/www.ludwig-van.com\/montreal\/wp-content\/uploads\/sites\/3\/2017\/09\/Bilodeau_Philippe_Stirnweiss_MOD.jpg\" alt=\"Le compositeur Julien Bilodeau. (Cr\u00e9dit photo: Philippe Stirnweiis).\" width=\"1024\" height=\"682\" srcset=\"https:\/\/www.ludwig-van.com\/montreal\/wp-content\/uploads\/sites\/3\/2017\/09\/Bilodeau_Philippe_Stirnweiss_MOD.jpg 1024w, https:\/\/www.ludwig-van.com\/montreal\/wp-content\/uploads\/sites\/3\/2017\/09\/Bilodeau_Philippe_Stirnweiss_MOD-300x200.jpg 300w, https:\/\/www.ludwig-van.com\/montreal\/wp-content\/uploads\/sites\/3\/2017\/09\/Bilodeau_Philippe_Stirnweiss_MOD-768x512.jpg 768w\" sizes=\"(max-width: 1024px) 100vw, 1024px\" \/><figcaption id=\"caption-attachment-47964\" class=\"wp-caption-text\">Le compositeur Julien Bilodeau. (Cr\u00e9dit photo: Philippe Stirnweiis).<\/figcaption><\/figure>\n<h2>D&rsquo;espace et de temps<\/h2>\n<p>Dans un immense loft industriel, neuf musiciens serviront des \u0153uvres du XVIIe au XXIe si\u00e8cle (Vivaldi, Debussy, Ligeti, Beffa) et la cr\u00e9ation d&rsquo;une commande d\u2019Ahuntsic en Fugue au compositeur qu\u00e9b\u00e9cois <strong>Julien Bilodeau<\/strong>, inspir\u00e9e de l&rsquo;\u00e9volution du quartier Chabanel, et interpr\u00e9t\u00e9e par le Quatuor \u00e0 cordes Andara et le Quintette \u00e0 vent Choros, le <strong>jeudi 22 ao\u00fbt \u00e0 20 h au 433 rue Chabanel (Tour Nord,3e \u00e9tage). <\/strong><a href=\"https:\/\/www.ludwig-van.com\/montreal\/event\/concerts-ahuntsic-fugue-despace-de-temps\/\" target=\"_blank\" rel=\"noopener\">D\u00c9TAILS<\/a><\/p>\n<h2>MISQA: cinq quatuors en cinq jours (la suite)<\/h2>\n<p>L\u2019Acad\u00e9mie Internationale de Quatuor \u00e0 Cordes de McGill (MISQA) reprend ses concerts le jeudi 22 ao\u00fbt \u00e0 19 h, salle Pollack avec le Quatuor Viano (Haydn et Bart\u00f3k), puis le Quatuor Vera (Beethoven : Razumovsky); et le vendredi 23, m\u00eame salle, m\u00eame heure, o\u00f9 le Quatuor Barbican jouera Mozart et Jan\u00e1\u010dek (Sonate \u00e0 Kreutzer) alors que le Quatuor Simply jouera Schubert (La Jeune Fille et la Mort). En invitant l\u2019altiste Mathieu Herzog, le Quatuor Noga pr\u00e9sentera lors du concert de cl\u00f4ture des \u0153uvres de Haydn, Bart\u00f3k et Mendelssohn le samedi 24 Ao\u00fbt \u00e0 19 h, salle Pollack <a href=\"https:\/\/www.misqa.com\/\" target=\"_blank\" rel=\"noopener\">D\u00c9TAILS<\/a><\/p>\n<p>&nbsp;<\/p>\n<figure id=\"attachment_54879\" aria-describedby=\"caption-attachment-54879\" style=\"width: 1024px\" class=\"wp-caption aligncenter\"><img decoding=\"async\" loading=\"lazy\" class=\"size-full wp-image-54879\" src=\"https:\/\/www.ludwig-van.com\/montreal\/wp-content\/uploads\/sites\/3\/2018\/06\/AndreanneBRISSONPAQUIN_creditPierreEtienneBergeron-refaite.jpg\" alt=\"Andr\u00e9anne Brisson-Paquin, soprano. (Photo: Pierre-\u00c9tienne Bergeron)\" width=\"1024\" height=\"685\" srcset=\"https:\/\/www.ludwig-van.com\/montreal\/wp-content\/uploads\/sites\/3\/2018\/06\/AndreanneBRISSONPAQUIN_creditPierreEtienneBergeron-refaite.jpg 1024w, https:\/\/www.ludwig-van.com\/montreal\/wp-content\/uploads\/sites\/3\/2018\/06\/AndreanneBRISSONPAQUIN_creditPierreEtienneBergeron-refaite-300x201.jpg 300w, https:\/\/www.ludwig-van.com\/montreal\/wp-content\/uploads\/sites\/3\/2018\/06\/AndreanneBRISSONPAQUIN_creditPierreEtienneBergeron-refaite-768x514.jpg 768w\" sizes=\"(max-width: 1024px) 100vw, 1024px\" \/><figcaption id=\"caption-attachment-54879\" class=\"wp-caption-text\">Andr\u00e9anne Brisson-Paquin, soprano. (Photo: Pierre-\u00c9tienne Bergeron)<\/figcaption><\/figure>\n<h2>Dans l&rsquo;espace des Nuits d&rsquo;\u00e9t\u00e9 de Berlioz<\/h2>\n<p>En cette ann\u00e9e du 150e anniversaire du d\u00e9c\u00e8s d&rsquo;Hector Berlioz, Ahuntsic en Fugue pr\u00e9sente Les nuits d&rsquo;\u00e9t\u00e9 dans une adaptation pour quintette \u00e0 vent et voix. Le grand Sextuor de Francis Poulenc avec piano et les Chants d&rsquo;Auvergne de Canteloube compl\u00e9teront ce programme interpr\u00e9t\u00e9 par le Quintette \u00e0 vent Choros, le pianiste Francis Perron et la soprano Andr\u00e9anne Brisson Paquin, le vendredi 23 ao\u00fbt \u00e0 20 h, \u00c9glise de la Visitation (1847, Gouin Est). <a href=\"https:\/\/www.ludwig-van.com\/montreal\/event\/concerts-ahuntsic-fugue-lespace-nuits-dete-de-berlioz\/\" target=\"_blank\" rel=\"noopener\">D\u00c9TAILS<\/a><\/p>\n<p>&nbsp;<\/p>\n<figure id=\"attachment_52387\" aria-describedby=\"caption-attachment-52387\" style=\"width: 1024px\" class=\"wp-caption aligncenter\"><img decoding=\"async\" loading=\"lazy\" class=\"size-full wp-image-52387\" src=\"https:\/\/www.ludwig-van.com\/montreal\/wp-content\/uploads\/sites\/3\/2018\/03\/JM-Dube\u0301-photo-cre\u0301dit-Crila-Laforest.jpg\" alt=\"\" width=\"1024\" height=\"682\" srcset=\"https:\/\/www.ludwig-van.com\/montreal\/wp-content\/uploads\/sites\/3\/2018\/03\/JM-Dube\u0301-photo-cre\u0301dit-Crila-Laforest.jpg 1024w, https:\/\/www.ludwig-van.com\/montreal\/wp-content\/uploads\/sites\/3\/2018\/03\/JM-Dube\u0301-photo-cre\u0301dit-Crila-Laforest-300x200.jpg 300w, https:\/\/www.ludwig-van.com\/montreal\/wp-content\/uploads\/sites\/3\/2018\/03\/JM-Dube\u0301-photo-cre\u0301dit-Crila-Laforest-768x512.jpg 768w\" sizes=\"(max-width: 1024px) 100vw, 1024px\" \/><figcaption id=\"caption-attachment-52387\" class=\"wp-caption-text\">Jean-Michel Dub\u00e9, pianiste. (Photo: Crila Laforest)<\/figcaption><\/figure>\n<h2>Espace des \u00e9motions romantiques<\/h2>\n<p>Le concert de cl\u00f4ture de la 6e saison <strong>d\u2019Ahuntsic<\/strong> <strong>en Fugue<\/strong> rassemblera le pianiste <strong>Jean-Michel Dub\u00e9<\/strong> et le <strong>Quatuor Andara<\/strong> qui interpr\u00e9teront des \u0153uvres de Robert Schumann et Andr\u00e9 Mathieu, le <strong>samedi 24 ao\u00fbt \u00e0 20 h, salle Marguerite-Bourgeoys du Coll\u00e8ge Regina Assumpta (1750, Sauriol Est).<\/strong> <a href=\"https:\/\/www.ludwig-van.com\/montreal\/event\/concerts-ahuntsic-fugue-romantisme-espace-emotions\/\" target=\"_blank\" rel=\"noopener\">D\u00c9TAILS<\/a><\/p>\n<p>&nbsp;<\/p>\n<figure id=\"attachment_47861\" aria-describedby=\"caption-attachment-47861\" style=\"width: 1024px\" class=\"wp-caption aligncenter\"><img decoding=\"async\" loading=\"lazy\" class=\"size-full wp-image-47861\" src=\"https:\/\/www.ludwig-van.com\/montreal\/wp-content\/uploads\/sites\/3\/2017\/09\/Oratoire-soire\u0301e-_Samuel-Martin-1.jpg\" alt=\"Petits chanteurs pour un concert traditionnel de No\u00ebl. (Cr\u00e9dit photo: Samuel Martin)\" width=\"1024\" height=\"678\" srcset=\"https:\/\/www.ludwig-van.com\/montreal\/wp-content\/uploads\/sites\/3\/2017\/09\/Oratoire-soire\u0301e-_Samuel-Martin-1.jpg 1024w, https:\/\/www.ludwig-van.com\/montreal\/wp-content\/uploads\/sites\/3\/2017\/09\/Oratoire-soire\u0301e-_Samuel-Martin-1-300x199.jpg 300w, https:\/\/www.ludwig-van.com\/montreal\/wp-content\/uploads\/sites\/3\/2017\/09\/Oratoire-soire\u0301e-_Samuel-Martin-1-768x509.jpg 768w\" sizes=\"(max-width: 1024px) 100vw, 1024px\" \/><figcaption id=\"caption-attachment-47861\" class=\"wp-caption-text\">Oratoire Saint-Joseph (Cr\u00e9dit : Samuel Martin)<\/figcaption><\/figure>\n<h2>L\u2019\u00e9t\u00e9 s\u2019ach\u00e8ve \u00e0 l\u2019ombre de l\u2019orgue<\/h2>\n<p>L\u2019Oratoire Saint-Joseph propose ses deux derniers concerts d\u2019orgue du dimanche de l&rsquo;\u00e9t\u00e9 \u00e0 la basilique avec <strong>M\u00e1ria Bud\u00e1cov\u00e1<\/strong> (Slovaquie) qui interpr\u00e8tera des \u0153uvres de Bach, Brahms, Durufl\u00e9 et Vierne, ce dimanche 25 ao\u00fbt \u00e0 15 h 30; puis <strong>David Henning<\/strong> (\u00c9tats-Unis) le 1er septembre. <a href=\"https:\/\/www.saint-joseph.org\/fr\/culture\/l-oratoire-en-musique\/concerts-du-dimanche\/\" target=\"_blank\" rel=\"noopener\">D\u00c9TAILS<\/a><\/p>\n<h2>LIRE AUSSI:<\/h2>\n<p>&nbsp;<\/p>\n<blockquote class=\"wp-embedded-content\" data-secret=\"VVbagkZ27v\"><p><a href=\"https:\/\/www.ludwig-van.com\/montreal\/2019\/07\/20\/femmes-virtuoses-avec-infusion-baroque\/\">\u00c0 D\u00c9COUVRIR | Histoires de femmes avec Infusion Baroque<\/a><\/p><\/blockquote>\n<p><iframe class=\"wp-embedded-content\" sandbox=\"allow-scripts\" security=\"restricted\" style=\"position: absolute; clip: rect(1px, 1px, 1px, 1px);\" src=\"https:\/\/www.ludwig-van.com\/montreal\/2019\/07\/20\/femmes-virtuoses-avec-infusion-baroque\/embed\/#?secret=VVbagkZ27v\" data-secret=\"VVbagkZ27v\" width=\"600\" height=\"338\" title=\"\u00ab\u00a0\u00c0 D\u00c9COUVRIR | Histoires de femmes avec Infusion Baroque\u00a0\u00bb &#8212; Ludwig Van Montreal\" frameborder=\"0\" marginwidth=\"0\" marginheight=\"0\" scrolling=\"no\"><\/iframe><\/p>\n<p>&nbsp;<\/p>\n<p>&nbsp;<\/p>\n<p>&nbsp;<\/p>\n<p>&nbsp;<\/p>\n<p>&nbsp;<\/p>\n","protected":false},"excerpt":{"rendered":"<p>La rentr\u00e9e scolaire s\u2019amorce doucement et entre les achats de fournitures scolaires et des articles de sport n\u00e9cessaires \u00e0 l\u2019enseignement, gardons une petite place pour la culture musicale autant pour se d\u00e9tendre que pour former les esprits \u00e0 la beaut\u00e9 du monde, parce qu\u2019il y a encore beaucoup de beaux rendez-vous musicaux \u00e0 se mettre\u2026 sous l\u2019oreille! Du 19 au 25 ao\u00fbt.<\/p>\n","protected":false},"author":71,"featured_media":60688,"comment_status":"open","ping_status":"open","sticky":false,"template":"","format":"standard","meta":{"om_disable_all_campaigns":false,"jetpack_post_was_ever_published":false},"categories":[28802,10994],"tags":[28789,23551],"yst_prominent_words":[9878,20140,33405,27243,33407,33404,33342,33250,33335,21241,33341,33402,25285,33410,23475,33406,33409,33403,19974,33408],"acf":[],"jetpack_featured_media_url":"https:\/\/www.ludwig-van.com\/montreal\/wp-content\/uploads\/sites\/3\/2019\/08\/Choix-19-aout.jpg","jetpack_sharing_enabled":true,"jetpack_shortlink":"https:\/\/wp.me\/p9bdYt-fMP","amp_enabled":true,"_links":{"self":[{"href":"https:\/\/www.ludwig-van.com\/montreal\/wp-json\/wp\/v2\/posts\/60687"}],"collection":[{"href":"https:\/\/www.ludwig-van.com\/montreal\/wp-json\/wp\/v2\/posts"}],"about":[{"href":"https:\/\/www.ludwig-van.com\/montreal\/wp-json\/wp\/v2\/types\/post"}],"author":[{"embeddable":true,"href":"https:\/\/www.ludwig-van.com\/montreal\/wp-json\/wp\/v2\/users\/71"}],"replies":[{"embeddable":true,"href":"https:\/\/www.ludwig-van.com\/montreal\/wp-json\/wp\/v2\/comments?post=60687"}],"version-history":[{"count":4,"href":"https:\/\/www.ludwig-van.com\/montreal\/wp-json\/wp\/v2\/posts\/60687\/revisions"}],"predecessor-version":[{"id":60692,"href":"https:\/\/www.ludwig-van.com\/montreal\/wp-json\/wp\/v2\/posts\/60687\/revisions\/60692"}],"wp:featuredmedia":[{"embeddable":true,"href":"https:\/\/www.ludwig-van.com\/montreal\/wp-json\/wp\/v2\/media\/60688"}],"wp:attachment":[{"href":"https:\/\/www.ludwig-van.com\/montreal\/wp-json\/wp\/v2\/media?parent=60687"}],"wp:term":[{"taxonomy":"category","embeddable":true,"href":"https:\/\/www.ludwig-van.com\/montreal\/wp-json\/wp\/v2\/categories?post=60687"},{"taxonomy":"post_tag","embeddable":true,"href":"https:\/\/www.ludwig-van.com\/montreal\/wp-json\/wp\/v2\/tags?post=60687"},{"taxonomy":"yst_prominent_words","embeddable":true,"href":"https:\/\/www.ludwig-van.com\/montreal\/wp-json\/wp\/v2\/yst_prominent_words?post=60687"}],"curies":[{"name":"wp","href":"https:\/\/api.w.org\/{rel}","templated":true}]}}