{"id":60585,"date":"2019-08-06T10:21:24","date_gmt":"2019-08-06T14:21:24","guid":{"rendered":"https:\/\/www.ludwig-van.com\/montreal\/?p=60585"},"modified":"2019-08-07T15:52:57","modified_gmt":"2019-08-07T19:52:57","slug":"choix-de-la-redaction-concerts-classiques-les-essentiels-de-la-semaine","status":"publish","type":"post","link":"https:\/\/www.ludwig-van.com\/montreal\/2019\/08\/06\/choix-de-la-redaction-concerts-classiques-les-essentiels-de-la-semaine\/","title":{"rendered":"CHOIX DE LA R\u00c9DACTION | Concerts classiques: les essentiels de la semaine"},"content":{"rendered":"<figure id=\"attachment_60576\" aria-describedby=\"caption-attachment-60576\" style=\"width: 1200px\" class=\"wp-caption aligncenter\"><img decoding=\"async\" loading=\"lazy\" class=\"size-full wp-image-60576\" src=\"https:\/\/www.ludwig-van.com\/montreal\/wp-content\/uploads\/sites\/3\/2019\/08\/OSM_Symphonie-Vir\u00e9e_Nathalie-Guy-WEB.jpg\" alt=\"\" width=\"1200\" height=\"800\" srcset=\"https:\/\/www.ludwig-van.com\/montreal\/wp-content\/uploads\/sites\/3\/2019\/08\/OSM_Symphonie-Vir\u00e9e_Nathalie-Guy-WEB.jpg 1200w, https:\/\/www.ludwig-van.com\/montreal\/wp-content\/uploads\/sites\/3\/2019\/08\/OSM_Symphonie-Vir\u00e9e_Nathalie-Guy-WEB-300x200.jpg 300w, https:\/\/www.ludwig-van.com\/montreal\/wp-content\/uploads\/sites\/3\/2019\/08\/OSM_Symphonie-Vir\u00e9e_Nathalie-Guy-WEB-768x512.jpg 768w, https:\/\/www.ludwig-van.com\/montreal\/wp-content\/uploads\/sites\/3\/2019\/08\/OSM_Symphonie-Vir\u00e9e_Nathalie-Guy-WEB-1024x683.jpg 1024w\" sizes=\"(max-width: 1200px) 100vw, 1200px\" \/><figcaption id=\"caption-attachment-60576\" class=\"wp-caption-text\">La Symphonie de la Vir\u00e9e au Complexe Desjardins, en 2018, sous la direction d&rsquo;Adam Johnson. (Photo: Nathalie Guy)<\/figcaption><\/figure>\n<p>Cette semaine,\u00a0 de nombreux m\u00e9lomanes attendent \u00e9videmment tous avec impatience la Vir\u00e9e classique de l&rsquo;OSM, dont le coup d&rsquo;envoi sera donn\u00e9 au Parc olympique, mercredi soir. Mais d&rsquo;autres activit\u00e9s musicales se poursuivent un peu partout. Nos suggestions, du 6 au 11 ao\u00fbt.<\/p>\n<p>&nbsp;<\/p>\n<figure id=\"attachment_56144\" aria-describedby=\"caption-attachment-56144\" style=\"width: 1024px\" class=\"wp-caption aligncenter\"><img decoding=\"async\" loading=\"lazy\" class=\"size-full wp-image-56144\" src=\"https:\/\/www.ludwig-van.com\/montreal\/wp-content\/uploads\/sites\/3\/2018\/08\/OSM-Parc-olympique-2018-AntoineSaito-web.jpg\" alt=\"L'OSM donnait son concert annuel gratuit au Parc Olympique, le 29 ao\u00fbt 2018, sous la direction de Kent Nagano. (Cr\u00e9dit: Antoine Saito)\" width=\"1024\" height=\"682\" srcset=\"https:\/\/www.ludwig-van.com\/montreal\/wp-content\/uploads\/sites\/3\/2018\/08\/OSM-Parc-olympique-2018-AntoineSaito-web.jpg 1024w, https:\/\/www.ludwig-van.com\/montreal\/wp-content\/uploads\/sites\/3\/2018\/08\/OSM-Parc-olympique-2018-AntoineSaito-web-300x200.jpg 300w, https:\/\/www.ludwig-van.com\/montreal\/wp-content\/uploads\/sites\/3\/2018\/08\/OSM-Parc-olympique-2018-AntoineSaito-web-768x512.jpg 768w\" sizes=\"(max-width: 1024px) 100vw, 1024px\" \/><figcaption id=\"caption-attachment-56144\" class=\"wp-caption-text\">L&rsquo;OSM donnait son concert annuel gratuit au Parc Olympique, le 29 ao\u00fbt 2018, sous la direction de Kent Nagano. (Cr\u00e9dit: Antoine Saito)<\/figcaption><\/figure>\n<h2>La Vir\u00e9e classique OSM 2019<\/h2>\n<p>Des dizaines de concerts en salle \u00e0 prix abordable et des activit\u00e9s gratuites \u00e0 profusion, et de nombreux concerts gratuits: voil\u00e0 ce qui vous attend \u00e0 la Vir\u00e9e classique OSM. Le tout commence demain soir, mercredi 7 ao\u00fbt, avec le <em>Requiem<\/em> de Verdi au parc olympique, et se poursuit <strong>du 9 au 11<\/strong>, principalement \u00e0 la Place des arts et au Complexe Desjardins. Pour plus de d\u00e9tails, lisez nos deux articles sur la Vir\u00e9e ci-dessous:<\/p>\n<p><a href=\"https:\/\/www.ludwig-van.com\/montreal\/2019\/07\/25\/guide-viree-classique-2019-trois-itineraies-musicaux\/\" target=\"_blank\" rel=\"noopener\">Guide Ludwig Van de la Vir\u00e9e classique<\/a><\/p>\n<p><a href=\"https:\/\/www.ludwig-van.com\/montreal\/2019\/08\/01\/dossier-symphonie-de-viree-musique-reve-de-kent-nagano\/\" target=\"_blank\" rel=\"noopener\">Survol des activit\u00e9s gratuites<\/a><\/p>\n<p><a href=\"https:\/\/www.osm.ca\/fr\/vireeclassique\/\" target=\"_blank\" rel=\"noopener\">Programmation compl\u00e8te de la Vir\u00e9e<\/a><\/p>\n<p>&nbsp;<\/p>\n<figure id=\"attachment_60519\" aria-describedby=\"caption-attachment-60519\" style=\"width: 1200px\" class=\"wp-caption aligncenter\"><img decoding=\"async\" loading=\"lazy\" class=\"size-full wp-image-60519\" src=\"https:\/\/www.ludwig-van.com\/montreal\/wp-content\/uploads\/sites\/3\/2019\/07\/Yannick-OM_MontRoyal_MarcAndre-WEB.jpg\" alt=\"Yannick N\u00e9zet-S\u00e9guin dirigeant l'OM au pied du mont Royal, 25 juillet 2019. (Photo: Marc-Andr\u00e9 Donato)\" width=\"1200\" height=\"707\" srcset=\"https:\/\/www.ludwig-van.com\/montreal\/wp-content\/uploads\/sites\/3\/2019\/07\/Yannick-OM_MontRoyal_MarcAndre-WEB.jpg 1200w, https:\/\/www.ludwig-van.com\/montreal\/wp-content\/uploads\/sites\/3\/2019\/07\/Yannick-OM_MontRoyal_MarcAndre-WEB-300x177.jpg 300w, https:\/\/www.ludwig-van.com\/montreal\/wp-content\/uploads\/sites\/3\/2019\/07\/Yannick-OM_MontRoyal_MarcAndre-WEB-768x452.jpg 768w, https:\/\/www.ludwig-van.com\/montreal\/wp-content\/uploads\/sites\/3\/2019\/07\/Yannick-OM_MontRoyal_MarcAndre-WEB-1024x603.jpg 1024w\" sizes=\"(max-width: 1200px) 100vw, 1200px\" \/><figcaption id=\"caption-attachment-60519\" class=\"wp-caption-text\">Yannick N\u00e9zet-S\u00e9guin dirigeant l&rsquo;OM au pied du mont Royal, 25 juillet 2019. (Photo: Marc-Andr\u00e9 Donato)<\/figcaption><\/figure>\n<h2>Orchestre M\u00e9tropolitain: concerts ext\u00e9rieurs gratuits<\/h2>\n<p>L&rsquo;OM poursuit sa s\u00e9rie de concerts ext\u00e9rieurs gratuits dans divers parcs de Montr\u00e9al et aux alentours. <strong>Ce soir, 6 ao\u00fbt,<\/strong> ils seront \u00e0 l&rsquo;\u00cele-des-S\u0153urs au Parc West Vancouver.<b> Vendredi, 9 ao\u00fbt,<\/b> \u00e0 Notre-Dame-de-l&rsquo;\u00cele-Perrot (Parc historique de la Pointe-du-Moulin), et <strong>samedi (10 ao\u00fbt)<\/strong> ils font un petit voyage \u00e0 Granby, au Parc Daniel-Johnson). Le tout sous la direction de <strong>Yannick N\u00e9zet-S\u00e9guin<\/strong>. Au programme: extraits de la Suite no 1 Peer Gynt, de Grieg, et Symphonie no 5 de Tcha\u00efkovski. <a href=\"https:\/\/orchestremetropolitain.com\/fr\/concerts\/saison-estivale-2019\/\" target=\"_blank\" rel=\"noopener\">D\u00c9TAILS<\/a><\/p>\n<p>&nbsp;<\/p>\n<figure id=\"attachment_60586\" aria-describedby=\"caption-attachment-60586\" style=\"width: 638px\" class=\"wp-caption aligncenter\"><img decoding=\"async\" loading=\"lazy\" class=\"size-full wp-image-60586\" src=\"https:\/\/www.ludwig-van.com\/montreal\/wp-content\/uploads\/sites\/3\/2019\/08\/Lukas-Geniusas.png\" alt=\"Lukas Geniusas, pianiste. (Photo: courtoisie)\" width=\"638\" height=\"433\" srcset=\"https:\/\/www.ludwig-van.com\/montreal\/wp-content\/uploads\/sites\/3\/2019\/08\/Lukas-Geniusas.png 638w, https:\/\/www.ludwig-van.com\/montreal\/wp-content\/uploads\/sites\/3\/2019\/08\/Lukas-Geniusas-300x204.png 300w\" sizes=\"(max-width: 638px) 100vw, 638px\" \/><figcaption id=\"caption-attachment-60586\" class=\"wp-caption-text\">Lukas Geniusas, pianiste. (Photo: courtoisie)<\/figcaption><\/figure>\n<h2>Lukas Geniusas \u00e0 Orford Musique<\/h2>\n<p><strong>Lukas Geniusas<\/strong> est un pianiste fantastique et qui m\u00e9rite certainement que l&rsquo;on se d\u00e9place \u00e0 Orford pour l&rsquo;entendre, le <strong>samedi 10 ao\u00fbt, \u00e0 20 h, salle Gilles-Lefebvre<\/strong>. <a href=\"http:\/\/www.orford.mu\/concerts-et-evenements\/poesie-de-lukas-geniusas\/\" target=\"_blank\" rel=\"noopener\">D\u00c9TAILS <\/a><\/p>\n<p>Au programme:<\/p>\n<p>SCARLATTI, S\u00e9lection de sonates<br \/>\nCHOPIN, Sonate pour piano no 3 en si mineur, op. 58<br \/>\nTCHA\u00cfKOVSKI, Dumka, op. 59<\/p>\n<p>La veille au soir, vendredi 9 ao\u00fbt, les <strong>Violons du Roy<\/strong> sont aussi \u00e0 Orford pour le concert S\u00e9r\u00e9nades. <a href=\"http:\/\/www.orford.mu\/concerts-et-evenements\/les-violons-du-roy-serenades\/\" target=\"_blank\" rel=\"noopener\">D\u00c9TAILS.\u00a0<\/a><\/p>\n<p><a href=\"http:\/\/www.orford.mu\/concerts-et-evenements\/\" target=\"_blank\" rel=\"noopener\">VOIR TOUS LES CONCERTS D&rsquo;ORFORD MUSIQUE<\/a><\/p>\n<h2><\/h2>\n<figure id=\"attachment_60557\" aria-describedby=\"caption-attachment-60557\" style=\"width: 1200px\" class=\"wp-caption aligncenter\"><img decoding=\"async\" loading=\"lazy\" class=\"size-full wp-image-60557\" src=\"https:\/\/www.ludwig-van.com\/montreal\/wp-content\/uploads\/sites\/3\/2019\/07\/ICAV-2019-cr-Pierre-\u00c9tienne-Bergeron-WEB-1.jpg\" alt=\"ICAV 2019\" width=\"1200\" height=\"800\" srcset=\"https:\/\/www.ludwig-van.com\/montreal\/wp-content\/uploads\/sites\/3\/2019\/07\/ICAV-2019-cr-Pierre-\u00c9tienne-Bergeron-WEB-1.jpg 1200w, https:\/\/www.ludwig-van.com\/montreal\/wp-content\/uploads\/sites\/3\/2019\/07\/ICAV-2019-cr-Pierre-\u00c9tienne-Bergeron-WEB-1-300x200.jpg 300w, https:\/\/www.ludwig-van.com\/montreal\/wp-content\/uploads\/sites\/3\/2019\/07\/ICAV-2019-cr-Pierre-\u00c9tienne-Bergeron-WEB-1-768x512.jpg 768w, https:\/\/www.ludwig-van.com\/montreal\/wp-content\/uploads\/sites\/3\/2019\/07\/ICAV-2019-cr-Pierre-\u00c9tienne-Bergeron-WEB-1-1024x683.jpg 1024w\" sizes=\"(max-width: 1200px) 100vw, 1200px\" \/><figcaption id=\"caption-attachment-60557\" class=\"wp-caption-text\">Le Festival de l&rsquo;Institut canadien d&rsquo;art vocal se poursuit jusqu&rsquo;au 9 ao\u00fbt. (Photo: Pierre-\u00c9tienne Bergeron)<\/figcaption><\/figure>\n<h2>ICAV: L&rsquo;autre Boh\u00e8me<\/h2>\n<p>L&rsquo;Institut canadien d&rsquo;art vocal pr\u00e9sente cette semaine \u00ab\u00a0l&rsquo;autre\u00a0\u00bb Boh\u00e8me, celle de Leoncavallo, demeur\u00e9e dans l&rsquo;ombre du chef-d&rsquo;oeuvre de Puccini. Avec les stagiaires de l&rsquo;ICAV sous la direction de\u00a0David Rosenmeyer, avec accompagnement au piano. <strong>Le mercredi 7 ao\u00fbt, 19 h 30, salle Claude-Champagne<\/strong>. <a href=\"https:\/\/icav-cvai.ca\/fr\/le-festival\" target=\"_blank\" rel=\"noopener\">D\u00c9TAILS<\/a><\/p>\n<p>Toujours \u00e0 l&rsquo;ICAV, le <strong>concert-gala<\/strong> des stagiaires et professeurs aura lieu <strong>vendredi, 9 ao\u00fbt, \u00e0 19 h 30, aussi \u00e0 la salle Claude-Champagne.<\/strong><\/p>\n<p style=\"text-align: center;\"><img decoding=\"async\" loading=\"lazy\" class=\"aligncenter size-full wp-image-60591\" src=\"https:\/\/www.ludwig-van.com\/montreal\/wp-content\/uploads\/sites\/3\/2019\/08\/Barbier.jpg\" alt=\"\" width=\"960\" height=\"502\" srcset=\"https:\/\/www.ludwig-van.com\/montreal\/wp-content\/uploads\/sites\/3\/2019\/08\/Barbier.jpg 960w, https:\/\/www.ludwig-van.com\/montreal\/wp-content\/uploads\/sites\/3\/2019\/08\/Barbier-300x157.jpg 300w, https:\/\/www.ludwig-van.com\/montreal\/wp-content\/uploads\/sites\/3\/2019\/08\/Barbier-768x402.jpg 768w\" sizes=\"(max-width: 960px) 100vw, 960px\" \/><\/p>\n<h2>Le Barbier de S\u00e9ville<\/h2>\n<p>L&rsquo;organisme Op\u00e9ra dans le parc pr\u00e9sente <em>Il Barbiere di Siviglia<\/em> de Rossini au Parc Jean-Brillant, \u00e0 C\u00f4te-des-Neiges, le 7 ao\u00fbt \u00e0 19 h. Avec Vincent Ranallo, Claudine Ledoux, Thomas McLeay, Dominic Veilleux et plusieurs autres chanteurs d&rsquo;ici. NB que cette production sera aussi pr\u00e9sent\u00e9e au parc Trenholme (NDG) le 14 ao\u00fbt et au Parc Girouard (NDG) le 21 ao\u00fbt. <a href=\"https:\/\/www.facebook.com\/events\/2293732197611189\/\" target=\"_blank\" rel=\"noopener\">D\u00c9TAILS SUR LA PAGE FACEBOOK DE L&rsquo;\u00c9V\u00c9NEMENT.<\/a><\/p>\n<p>&nbsp;<\/p>\n<p style=\"text-align: center;\"><img decoding=\"async\" loading=\"lazy\" class=\"aligncenter size-full wp-image-55323\" src=\"https:\/\/www.ludwig-van.com\/montreal\/wp-content\/uploads\/sites\/3\/2018\/07\/Ahuntsic-en-fugue-au-Parcours-Gouin.jpg\" alt=\"Ahuntsic en fugue au Parcours Gouin\" width=\"1024\" height=\"683\" srcset=\"https:\/\/www.ludwig-van.com\/montreal\/wp-content\/uploads\/sites\/3\/2018\/07\/Ahuntsic-en-fugue-au-Parcours-Gouin.jpg 1024w, https:\/\/www.ludwig-van.com\/montreal\/wp-content\/uploads\/sites\/3\/2018\/07\/Ahuntsic-en-fugue-au-Parcours-Gouin-300x200.jpg 300w, https:\/\/www.ludwig-van.com\/montreal\/wp-content\/uploads\/sites\/3\/2018\/07\/Ahuntsic-en-fugue-au-Parcours-Gouin-768x512.jpg 768w\" sizes=\"(max-width: 1024px) 100vw, 1024px\" \/><\/p>\n<h2>Ahuntsic en fugue: premier concert dimanche<\/h2>\n<p>Le premier concert d&rsquo;Ahuntsic en fugue, qui se d\u00e9roulera cette ann\u00e9e du 11 au 24 ao\u00fbt, aura lieu dimanche, avec l&rsquo;Orchestre des berges d&rsquo;Ahuntsic-Cartierville, un orchestre \u00e9ph\u00e9m\u00e8re qui se r\u00e9unit depuis l&rsquo;\u00e9t\u00e9 dernier seulement pendant le festival. Au programme:\u00a0des oeuvres de Tcha\u00efkovski, Copland, Barber et un hommage \u00e0 Charles Aznavour et \u00e0 la communaut\u00e9 arm\u00e9nienne. Juste avant, on pourra entendre \u00ab\u00a0Carnet de Zillien, musique traditionnelle de l&rsquo;\u00cele de la R\u00e9union\u00a0\u00bb \u00e0 19 h. <strong>Concert de l&rsquo;OBAC: Dimanche, 11 ao\u00fbt, 20 h,\u00a0Parc-nature de l&rsquo;\u00cele-de-la-Visitation pr\u00e8s du Chalet d&rsquo;accueil.\u00a0<\/strong><\/p>\n<p>&nbsp;<\/p>\n<p style=\"text-align: center;\"><img decoding=\"async\" loading=\"lazy\" class=\"aligncenter size-full wp-image-60587\" src=\"https:\/\/www.ludwig-van.com\/montreal\/wp-content\/uploads\/sites\/3\/2019\/08\/Oratoire.jpg\" alt=\"\" width=\"511\" height=\"341\" srcset=\"https:\/\/www.ludwig-van.com\/montreal\/wp-content\/uploads\/sites\/3\/2019\/08\/Oratoire.jpg 511w, https:\/\/www.ludwig-van.com\/montreal\/wp-content\/uploads\/sites\/3\/2019\/08\/Oratoire-300x200.jpg 300w\" sizes=\"(max-width: 511px) 100vw, 511px\" \/><\/p>\n<h2>Concerts ext\u00e9rieurs gratuits \u00e0 l&rsquo;Oratoire<\/h2>\n<p>Les concerts estivaux gratuits \u00ab\u00a0Soleil et musique\u00a0\u00bb de l&rsquo;Oratoire Saint-Joseph reprennent d\u00e8s demain, mercredi 7 ao\u00fbt, avec un concert de bossa nova. Ces concerts gratuits ont lieu en plein air, sur la terrasse de l&rsquo;Oratoire (\u00e0 ne pas confondre avec les concerts gratuits du dimanche apr\u00e8s-midi, \u00e0 l&rsquo;int\u00e9rieur). Ils auront lieu <strong>tous les mercredis, d\u00e8s 19 h, jusqu&rsquo;au 11 septembre.\u00a0<\/strong><\/p>\n<p>&nbsp;<\/p>\n<figure id=\"attachment_48860\" aria-describedby=\"caption-attachment-48860\" style=\"width: 1024px\" class=\"wp-caption aligncenter\"><img decoding=\"async\" loading=\"lazy\" class=\"size-full wp-image-48860\" src=\"https:\/\/www.ludwig-van.com\/montreal\/wp-content\/uploads\/sites\/3\/2017\/10\/Portrait-Alain-Trudel_cr\u00e9dit-Laurence-Poirier_WEB.jpg\" alt=\"Alain Trudel. (Cr\u00e9dit: Laurence Poirier)\" width=\"1024\" height=\"1536\" srcset=\"https:\/\/www.ludwig-van.com\/montreal\/wp-content\/uploads\/sites\/3\/2017\/10\/Portrait-Alain-Trudel_cr\u00e9dit-Laurence-Poirier_WEB.jpg 1024w, https:\/\/www.ludwig-van.com\/montreal\/wp-content\/uploads\/sites\/3\/2017\/10\/Portrait-Alain-Trudel_cr\u00e9dit-Laurence-Poirier_WEB-200x300.jpg 200w, https:\/\/www.ludwig-van.com\/montreal\/wp-content\/uploads\/sites\/3\/2017\/10\/Portrait-Alain-Trudel_cr\u00e9dit-Laurence-Poirier_WEB-768x1152.jpg 768w, https:\/\/www.ludwig-van.com\/montreal\/wp-content\/uploads\/sites\/3\/2017\/10\/Portrait-Alain-Trudel_cr\u00e9dit-Laurence-Poirier_WEB-683x1024.jpg 683w\" sizes=\"(max-width: 1024px) 100vw, 1024px\" \/><figcaption id=\"caption-attachment-48860\" class=\"wp-caption-text\">Alain Trudel. (Cr\u00e9dit: Laurence Poirier)<\/figcaption><\/figure>\n<h2>L&rsquo;Orchestre symphonique de Laval en plein air<\/h2>\n<p>L&rsquo;Orchestre symphonique de Laval, sous la direction d&rsquo;Alain Trudel, s&rsquo;unit au Ch\u0153ur de Laval (direction Dany Wiseman) pour le concert \u00ab\u00a0Un air d&rsquo;\u00e9t\u00e9\u00a0\u00bb, demain soir, avec le pianiste Jean-Philippe Sylvestre comme soliste invit\u00e9. <strong>Le mercredi 7 ao\u00fbt,19 h 30, parc Bernard-Landry (anciennement Parc des prairies).<\/strong> <a href=\"https:\/\/www.osl.qc.ca\/fr\/concerts\/un-air-d\u2019e\u0301te\u0301-0\" target=\"_blank\" rel=\"noopener\">D\u00c9TAILS<\/a><\/p>\n<h2>LIRE AUSSI:<\/h2>\n<p>&nbsp;<\/p>\n<blockquote class=\"wp-embedded-content\" data-secret=\"1HoGh3cNB0\"><p><a href=\"https:\/\/www.ludwig-van.com\/montreal\/2019\/07\/05\/dossier-le-cerveau-et-les-gouts-musicaux-pourquoi-prefere-t-on-certains-types-de-musique\/\">DOSSIER |  Le cerveau et les go\u00fbts musicaux : Pourquoi pr\u00e9f\u00e8re-t-on certains types de musique?<\/a><\/p><\/blockquote>\n<p><iframe class=\"wp-embedded-content\" sandbox=\"allow-scripts\" security=\"restricted\" style=\"position: absolute; clip: rect(1px, 1px, 1px, 1px);\" src=\"https:\/\/www.ludwig-van.com\/montreal\/2019\/07\/05\/dossier-le-cerveau-et-les-gouts-musicaux-pourquoi-prefere-t-on-certains-types-de-musique\/embed\/#?secret=1HoGh3cNB0\" data-secret=\"1HoGh3cNB0\" width=\"600\" height=\"338\" title=\"\u00ab\u00a0DOSSIER |  Le cerveau et les go\u00fbts musicaux : Pourquoi pr\u00e9f\u00e8re-t-on certains types de musique?\u00a0\u00bb &#8212; Ludwig Van Montreal\" frameborder=\"0\" marginwidth=\"0\" marginheight=\"0\" scrolling=\"no\"><\/iframe><\/p>\n<p>&nbsp;<\/p>\n<p>&nbsp;<\/p>\n<p>&nbsp;<\/p>\n","protected":false},"excerpt":{"rendered":"<p>Cette semaine,  de nombreux m\u00e9lomanes attendent \u00e9videmment tous avec impatience la Vir\u00e9e classique de l&rsquo;OSM, dont le coup d&rsquo;envoi sera donn\u00e9 au Parc olympique, mercredi soir. Mais d&rsquo;autres activit\u00e9s musicales se poursuivent un peu partout. Nos suggestions, du 6 au 11 ao\u00fbt.<\/p>\n","protected":false},"author":51,"featured_media":60576,"comment_status":"open","ping_status":"open","sticky":false,"template":"","format":"standard","meta":{"om_disable_all_campaigns":false,"jetpack_post_was_ever_published":false},"categories":[28802,10994],"tags":[23551,2521,2542],"yst_prominent_words":[9878,9863,33249,33221,31316,15880,33250,24479,33247,13759,32994,24478,10716,17173,33246,25633,33227,33224,18156,33210],"acf":[],"jetpack_featured_media_url":"https:\/\/www.ludwig-van.com\/montreal\/wp-content\/uploads\/sites\/3\/2019\/08\/OSM_Symphonie-Vir\u00e9e_Nathalie-Guy-WEB.jpg","jetpack_sharing_enabled":true,"jetpack_shortlink":"https:\/\/wp.me\/p9bdYt-fLb","amp_enabled":true,"_links":{"self":[{"href":"https:\/\/www.ludwig-van.com\/montreal\/wp-json\/wp\/v2\/posts\/60585"}],"collection":[{"href":"https:\/\/www.ludwig-van.com\/montreal\/wp-json\/wp\/v2\/posts"}],"about":[{"href":"https:\/\/www.ludwig-van.com\/montreal\/wp-json\/wp\/v2\/types\/post"}],"author":[{"embeddable":true,"href":"https:\/\/www.ludwig-van.com\/montreal\/wp-json\/wp\/v2\/users\/51"}],"replies":[{"embeddable":true,"href":"https:\/\/www.ludwig-van.com\/montreal\/wp-json\/wp\/v2\/comments?post=60585"}],"version-history":[{"count":5,"href":"https:\/\/www.ludwig-van.com\/montreal\/wp-json\/wp\/v2\/posts\/60585\/revisions"}],"predecessor-version":[{"id":60602,"href":"https:\/\/www.ludwig-van.com\/montreal\/wp-json\/wp\/v2\/posts\/60585\/revisions\/60602"}],"wp:featuredmedia":[{"embeddable":true,"href":"https:\/\/www.ludwig-van.com\/montreal\/wp-json\/wp\/v2\/media\/60576"}],"wp:attachment":[{"href":"https:\/\/www.ludwig-van.com\/montreal\/wp-json\/wp\/v2\/media?parent=60585"}],"wp:term":[{"taxonomy":"category","embeddable":true,"href":"https:\/\/www.ludwig-van.com\/montreal\/wp-json\/wp\/v2\/categories?post=60585"},{"taxonomy":"post_tag","embeddable":true,"href":"https:\/\/www.ludwig-van.com\/montreal\/wp-json\/wp\/v2\/tags?post=60585"},{"taxonomy":"yst_prominent_words","embeddable":true,"href":"https:\/\/www.ludwig-van.com\/montreal\/wp-json\/wp\/v2\/yst_prominent_words?post=60585"}],"curies":[{"name":"wp","href":"https:\/\/api.w.org\/{rel}","templated":true}]}}