{"id":60556,"date":"2019-07-30T09:04:34","date_gmt":"2019-07-30T13:04:34","guid":{"rendered":"https:\/\/www.ludwig-van.com\/montreal\/?p=60556"},"modified":"2019-07-30T14:00:45","modified_gmt":"2019-07-30T18:00:45","slug":"choix-de-redaction-concert-ete-semaine-lyrique","status":"publish","type":"post","link":"https:\/\/www.ludwig-van.com\/montreal\/2019\/07\/30\/choix-de-redaction-concert-ete-semaine-lyrique\/","title":{"rendered":"CHOIX DE LA R\u00c9DACTION  | Concerts d&rsquo;\u00e9t\u00e9: une semaine lyrique avant tout"},"content":{"rendered":"<figure id=\"attachment_60560\" aria-describedby=\"caption-attachment-60560\" style=\"width: 712px\" class=\"wp-caption aligncenter\"><img decoding=\"async\" loading=\"lazy\" class=\"size-full wp-image-60560\" src=\"https:\/\/www.ludwig-van.com\/montreal\/wp-content\/uploads\/sites\/3\/2019\/07\/Choix-r\u00e9daction-30-juillet.jpg\" alt=\"\" width=\"712\" height=\"400\" srcset=\"https:\/\/www.ludwig-van.com\/montreal\/wp-content\/uploads\/sites\/3\/2019\/07\/Choix-r\u00e9daction-30-juillet.jpg 712w, https:\/\/www.ludwig-van.com\/montreal\/wp-content\/uploads\/sites\/3\/2019\/07\/Choix-r\u00e9daction-30-juillet-300x169.jpg 300w\" sizes=\"(max-width: 712px) 100vw, 712px\" \/><figcaption id=\"caption-attachment-60560\" class=\"wp-caption-text\">De gauche \u00e0 droite: collectif9, Dominique Beaus\u00e9jour-Ostiguy, Kent Nagano et des membres de la cohorte 2019 de l&rsquo;ICAV.<\/figcaption><\/figure>\n<p>Une pl\u00e9thore de concerts vous attend encore cette semaine \u00e0 Montr\u00e9al et dans les alentours, musique lyrique en t\u00eate. Tandis que le Festival d&rsquo;op\u00e9ra de Qu\u00e9bec se poursuit dans la capitale, Montr\u00e9al est \u00e9galement choy\u00e9 de ce c\u00f4t\u00e9 avec le Festival de l&rsquo;<a href=\"https:\/\/icav-cvai.ca\/fr\/\" target=\"_blank\" rel=\"noopener\">Institut canadien d&rsquo;art lyrique<\/a>, qui se poursuit jusqu&rsquo;au 9 ao\u00fbt. <strong>Voici nos choix de la r\u00e9daction du 30 juillet au 4 ao\u00fbt 2019.\u00a0<\/strong><\/p>\n<p>&nbsp;<\/p>\n<figure id=\"attachment_60557\" aria-describedby=\"caption-attachment-60557\" style=\"width: 1200px\" class=\"wp-caption aligncenter\"><img decoding=\"async\" loading=\"lazy\" class=\"size-full wp-image-60557\" src=\"https:\/\/www.ludwig-van.com\/montreal\/wp-content\/uploads\/sites\/3\/2019\/07\/ICAV-2019-cr-Pierre-\u00c9tienne-Bergeron-WEB-1.jpg\" alt=\"ICAV 2019\" width=\"1200\" height=\"800\" srcset=\"https:\/\/www.ludwig-van.com\/montreal\/wp-content\/uploads\/sites\/3\/2019\/07\/ICAV-2019-cr-Pierre-\u00c9tienne-Bergeron-WEB-1.jpg 1200w, https:\/\/www.ludwig-van.com\/montreal\/wp-content\/uploads\/sites\/3\/2019\/07\/ICAV-2019-cr-Pierre-\u00c9tienne-Bergeron-WEB-1-300x200.jpg 300w, https:\/\/www.ludwig-van.com\/montreal\/wp-content\/uploads\/sites\/3\/2019\/07\/ICAV-2019-cr-Pierre-\u00c9tienne-Bergeron-WEB-1-768x512.jpg 768w, https:\/\/www.ludwig-van.com\/montreal\/wp-content\/uploads\/sites\/3\/2019\/07\/ICAV-2019-cr-Pierre-\u00c9tienne-Bergeron-WEB-1-1024x683.jpg 1024w\" sizes=\"(max-width: 1200px) 100vw, 1200px\" \/><figcaption id=\"caption-attachment-60557\" class=\"wp-caption-text\">Le Festival de l&rsquo;Institut canadien d&rsquo;art vocal se poursuit jusqu&rsquo;au 9 ao\u00fbt. (Photo: Pierre-\u00c9tienne Bergeron)<\/figcaption><\/figure>\n<h2>Institut canadien d&rsquo;art vocal<\/h2>\n<p>Cette semaine, l&rsquo;Institut canadien d&rsquo;art vocal pr\u00e9sente un cours de ma\u00eetre avec le t\u00e9nor am\u00e9ricain <strong>Matthew Polenzani<\/strong> (31 juillet, 19 h 30) et un r\u00e9cital d&rsquo;airs d&rsquo;<a href=\"https:\/\/www.ludwig-van.com\/montreal\/2019\/07\/16\/icav-2019-les-operas-mozart-connaissez-pas\/\" target=\"_blank\" rel=\"noopener\">op\u00e9ras m\u00e9connus du jeune Mozart<\/a> (2 ao\u00fbt, 19 h 30). Cette ann\u00e9e encore, une cinquantaine de jeunes chanteurs talentueux participent \u00e0 ce stage avec de grands professeurs venus principalement des \u00c9tats-Unis, dont <strong>Joan Dormann.<\/strong> Toutes les activit\u00e9s ont lieu \u00e0 la salle Serge-Garant de la Facult\u00e9 de musique de l&rsquo;Universit\u00e9 de Montr\u00e9al.<\/p>\n<p>Il est \u00e0 noter, pour la semaine prochaine, que l&rsquo;op\u00e9ra <em>La Boh\u00e8me<\/em>, non pas de Puccini, mais celui de Leoncavallo, sera pr\u00e9sent\u00e9, le 7 ao\u00fbt, 19 h 30, \u00e0 la salle Claude-Champagne. Une rare occasion d&rsquo;entendre une oeuvre demeur\u00e9e dans l&rsquo;ombre de celle de Puccini.<\/p>\n<p><a href=\"https:\/\/www.ludwig-van.com\/montreal\/2019\/07\/16\/icav-2019-les-operas-mozart-connaissez-pas\/\" target=\"_blank\" rel=\"noopener\">LIRE NOTRE ARTICLE SUR LES OP\u00c9RAS M\u00c9CONNUS DE MOZART<\/a><\/p>\n<p><a href=\"https:\/\/icav-cvai.ca\/fr\/le-festival\" target=\"_blank\" rel=\"noopener\">VOIR TOUTE LA PROGRAMMATION DE L&rsquo;ICAV<\/a><\/p>\n<p>&nbsp;<\/p>\n<figure id=\"attachment_60558\" aria-describedby=\"caption-attachment-60558\" style=\"width: 966px\" class=\"wp-caption aligncenter\"><img decoding=\"async\" loading=\"lazy\" class=\"size-full wp-image-60558\" src=\"https:\/\/www.ludwig-van.com\/montreal\/wp-content\/uploads\/sites\/3\/2019\/07\/Festival-dop\u00e9ra-de-Qu\u00e9bec.png\" alt=\"Le Festival d'op\u00e9ra de Qu\u00e9bec se poursuit jusqu'au 4 ao\u00fbt. (Image: Festival d'op\u00e9ra de Qu\u00e9bec)\" width=\"966\" height=\"377\" srcset=\"https:\/\/www.ludwig-van.com\/montreal\/wp-content\/uploads\/sites\/3\/2019\/07\/Festival-dop\u00e9ra-de-Qu\u00e9bec.png 966w, https:\/\/www.ludwig-van.com\/montreal\/wp-content\/uploads\/sites\/3\/2019\/07\/Festival-dop\u00e9ra-de-Qu\u00e9bec-300x117.png 300w, https:\/\/www.ludwig-van.com\/montreal\/wp-content\/uploads\/sites\/3\/2019\/07\/Festival-dop\u00e9ra-de-Qu\u00e9bec-768x300.png 768w\" sizes=\"(max-width: 966px) 100vw, 966px\" \/><figcaption id=\"caption-attachment-60558\" class=\"wp-caption-text\">Le Festival d&rsquo;op\u00e9ra de Qu\u00e9bec se poursuit jusqu&rsquo;au 4 ao\u00fbt. (Image: Festival d&rsquo;op\u00e9ra de Qu\u00e9bec)<\/figcaption><\/figure>\n<h2>Festival d&rsquo;op\u00e9ra de Qu\u00e9bec<\/h2>\n<p>Le Festival d&rsquo;op\u00e9ra de Qu\u00e9bec se poursuit jusqu&rsquo;au 4 ao\u00fbt avec sa production principale, <em>Le Vaisseau Fant\u00f4me<\/em>, de Wagner, dans une mise en sc\u00e8ne de Fran\u00e7ois Girard. Il reste encore des billets pour les trois derni\u00e8res repr\u00e9sentations, ce soir. le 1er et le 3 ao\u00fbt. Aussi au programme du festival: Les Noces de Figaro, la Brigade lyrique du Festival, et des Viennoiseries musicales. <a href=\"https:\/\/festivaloperaquebec.com\/\" target=\"_blank\" rel=\"noopener\">D\u00c9TAILS<\/a><\/p>\n<p>&nbsp;<\/p>\n<figure id=\"attachment_54891\" aria-describedby=\"caption-attachment-54891\" style=\"width: 1024px\" class=\"wp-caption aligncenter\"><img decoding=\"async\" loading=\"lazy\" class=\"size-full wp-image-54891\" src=\"https:\/\/www.ludwig-van.com\/montreal\/wp-content\/uploads\/sites\/3\/2018\/06\/collectif9-2017-2-credit-Danylo-Bobyk-Latitude45-refaite.jpg\" alt=\"L'ensemble collectif9 sera sur sc\u00e8ne \u00e0 Orford Musique, samedi soir. (Photo: Danylo Bobyk)\" width=\"1024\" height=\"683\" srcset=\"https:\/\/www.ludwig-van.com\/montreal\/wp-content\/uploads\/sites\/3\/2018\/06\/collectif9-2017-2-credit-Danylo-Bobyk-Latitude45-refaite.jpg 1024w, https:\/\/www.ludwig-van.com\/montreal\/wp-content\/uploads\/sites\/3\/2018\/06\/collectif9-2017-2-credit-Danylo-Bobyk-Latitude45-refaite-300x200.jpg 300w, https:\/\/www.ludwig-van.com\/montreal\/wp-content\/uploads\/sites\/3\/2018\/06\/collectif9-2017-2-credit-Danylo-Bobyk-Latitude45-refaite-768x512.jpg 768w\" sizes=\"(max-width: 1024px) 100vw, 1024px\" \/><figcaption id=\"caption-attachment-54891\" class=\"wp-caption-text\">L&rsquo;ensemble collectif9 sera sur sc\u00e8ne \u00e0 Orford Musique, samedi soir. (Photo: Danylo Bobyk)<\/figcaption><\/figure>\n<h2>Orford Musique<\/h2>\n<p>Le Festival d&rsquo;Orford Musique poursuit ses activit\u00e9s tr\u00e8s vari\u00e9es jusqu&rsquo;au 17 ao\u00fbt, avec des 5 \u00e0 7, des cours de ma\u00eetre, des concerts de la rel\u00e8ve et une programmation palpitante. Cette semaine, le dynamique ensemble \u00e0 cordes <strong>collectif9<\/strong> pr\u00e9sente un concert, le samedi 4, 20 h, \u00e0 la salle Gilles-Lefebvre. <a href=\"http:\/\/www.orford.mu\/concerts-et-evenements\/collectif9\/\" target=\"_blank\" rel=\"noopener\">D\u00c9TAILS <\/a>Le r\u00e9cital Baroque italien, avec la hautbo\u00efste <strong>Louise Pellerin<\/strong>, accompagn\u00e9 d&rsquo;<strong>Olivier Godin<\/strong> \u00e0 l&rsquo;orgue, retient notre attention, le 3 ao\u00fbt, 14 h, \u00e0 l&rsquo;Abbaye de Saint-Benoit-du-Lac. <a href=\"http:\/\/www.orford.mu\/concerts-et-evenements\/baroque-italien\/\" target=\"_blank\" rel=\"noopener\">D\u00c9TAILS.\u00a0<\/a><\/p>\n<p>&nbsp;<\/p>\n<figure id=\"attachment_55410\" aria-describedby=\"caption-attachment-55410\" style=\"width: 1024px\" class=\"wp-caption aligncenter\"><img decoding=\"async\" loading=\"lazy\" class=\"size-full wp-image-55410\" src=\"https:\/\/www.ludwig-van.com\/montreal\/wp-content\/uploads\/sites\/3\/2018\/07\/OSM-Lanaudi\u00e8re-web.jpg\" alt=\"Kent Nagano and the OSM will perform Krzysztof Penderecki\u2019s St. Luke Passion on July 20 at the Salzburg Festival. (Photo: Pure perception)\" width=\"1024\" height=\"682\" srcset=\"https:\/\/www.ludwig-van.com\/montreal\/wp-content\/uploads\/sites\/3\/2018\/07\/OSM-Lanaudi\u00e8re-web.jpg 1024w, https:\/\/www.ludwig-van.com\/montreal\/wp-content\/uploads\/sites\/3\/2018\/07\/OSM-Lanaudi\u00e8re-web-300x200.jpg 300w, https:\/\/www.ludwig-van.com\/montreal\/wp-content\/uploads\/sites\/3\/2018\/07\/OSM-Lanaudi\u00e8re-web-768x512.jpg 768w\" sizes=\"(max-width: 1024px) 100vw, 1024px\" \/><figcaption id=\"caption-attachment-55410\" class=\"wp-caption-text\">Kent Nagano dirigeant l&rsquo;OSM \u00e0 Lanaudi\u00e8re en 2018. (Photo: Pure perception)<\/figcaption><\/figure>\n<h2>Festival de Lanaudi\u00e8re<\/h2>\n<p>Il reste encore trois concerts pour que le Festival de Lanaudi\u00e8re se termine en beaut\u00e9. Vendredi, 2 ao\u00fbt, l&rsquo;Orchestre symphonique de Montr\u00e9al propose un \u00ab\u00a0<a href=\"http:\/\/www2.lanaudiere.org\/fr\/concert\/voyage-en-boheme\/\" target=\"_blank\" rel=\"noopener\">Voyage en Boh\u00e8me<\/a>\u00a0\u00bb avec la violoniste n\u00e9erlandaise <strong>Simone Lamsma<\/strong> (en remplacement de Veronika Eberle, malade) et le Concerto de Brahms, sous la direction de Kent Nagano.<\/p>\n<p>Samedi, 3 ao\u00fbt, 20 h, l&rsquo;OSM retourne au Festival avec la Symphonie no 3 de Mahler et la soprano Karen Cargill et les Petits chanteurs du Mont-Royal, \u00e0 l&rsquo;Amphith\u00e9\u00e2tre Fernand-Lindsay. <a href=\"http:\/\/www2.lanaudiere.org\/fr\/concert\/kent-nagano-et-mahler-en-symbiose\/\" target=\"_blank\" rel=\"noopener\">D\u00c9TAILS <\/a>Finalement, le dimanche 4 ao\u00fbt, les Grands Ballets canadiens seront au Festival pour la premi\u00e8re fois, avec le Stabat Mater de Pergol\u00e8se et la Symphonie no 7 de Beethoven dans des chor\u00e9graphies de\u00a0Uwe Scholz. <a href=\"http:\/\/www2.lanaudiere.org\/fr\/concert\/une-premiere-pour-les-grands-ballets\/\" target=\"_blank\" rel=\"noopener\">D\u00c9TAILS.\u00a0<\/a><\/p>\n<p>&nbsp;<\/p>\n<figure id=\"attachment_54816\" aria-describedby=\"caption-attachment-54816\" style=\"width: 1024px\" class=\"wp-caption aligncenter\"><img decoding=\"async\" loading=\"lazy\" class=\"size-full wp-image-54816\" src=\"https:\/\/www.ludwig-van.com\/montreal\/wp-content\/uploads\/sites\/3\/2018\/06\/Dominique-Beaus\u00e9jour-Ostiguy-cr-Am\u00e9lie-Fortin-web.jpg\" alt=\"Dominique Beaus\u00e9jour-Ostiguy, violoncelliste. (Cr\u00e9dit: Am\u00e9lie Fortin)\" width=\"1024\" height=\"1434\" srcset=\"https:\/\/www.ludwig-van.com\/montreal\/wp-content\/uploads\/sites\/3\/2018\/06\/Dominique-Beaus\u00e9jour-Ostiguy-cr-Am\u00e9lie-Fortin-web.jpg 1024w, https:\/\/www.ludwig-van.com\/montreal\/wp-content\/uploads\/sites\/3\/2018\/06\/Dominique-Beaus\u00e9jour-Ostiguy-cr-Am\u00e9lie-Fortin-web-214x300.jpg 214w, https:\/\/www.ludwig-van.com\/montreal\/wp-content\/uploads\/sites\/3\/2018\/06\/Dominique-Beaus\u00e9jour-Ostiguy-cr-Am\u00e9lie-Fortin-web-768x1076.jpg 768w, https:\/\/www.ludwig-van.com\/montreal\/wp-content\/uploads\/sites\/3\/2018\/06\/Dominique-Beaus\u00e9jour-Ostiguy-cr-Am\u00e9lie-Fortin-web-731x1024.jpg 731w\" sizes=\"(max-width: 1024px) 100vw, 1024px\" \/><figcaption id=\"caption-attachment-54816\" class=\"wp-caption-text\">Dominique Beaus\u00e9jour-Ostiguy, violoncelliste. (Cr\u00e9dit: Am\u00e9lie Fortin)<\/figcaption><\/figure>\n<h2>L&rsquo;Orchestre symphonique de Laval en plein air<\/h2>\n<p>Demain soir, 31 juillet, l&rsquo;Orchestre symphonique de Laval sort jouer dehors avec le Ch\u0153ur de Laval (dir. Dany Wiseman) et le violoncelliste Dominique Beaus\u00e9jour-Ostiguy, laur\u00e9at du Prix d&rsquo;Europe, dans un grand concert sous la direction d&rsquo;Alain Trudel. \u00c7a se passe \u00e0 la Berge aux quatre vents, \u00e0 compter de 19 h 30. <a href=\"https:\/\/www.osl.qc.ca\/fr\/concerts\/un-air-d\u2019e\u0301te\u0301\" target=\"_blank\" rel=\"noopener\">D\u00c9TAILS\u00a0<\/a><\/p>\n<p><strong>Programme:\u00a0<\/strong><\/p>\n<p>Berlioz, La marche hongroise (Ann\u00e9e anniversaire du compositeur)<br \/>\nGrieg, Peer Gynt (extraits)<br \/>\nDvorak, Concerto pour violoncelle (1er mvt) avec le soliste Dominique Beaus\u00e9jour-Ostiguy<br \/>\nJacques H\u00e9tu, Sur les rives du Saint-Maurice<br \/>\nFaur\u00e9, Pavane<br \/>\nMendelssohn, Symphonie no.2 (extraits), Chants de louange<br \/>\nA.Copland, 3 chansons traditionnelles : I bought me a cat, Simple gifts, Ching-a-ring chaw<br \/>\nTcha\u00efkovski, Symphonie no.4 (finale)<\/p>\n<p>&nbsp;<\/p>\n<figure id=\"attachment_59333\" aria-describedby=\"caption-attachment-59333\" style=\"width: 700px\" class=\"wp-caption aligncenter\"><img decoding=\"async\" loading=\"lazy\" class=\"size-full wp-image-59333\" src=\"https:\/\/www.ludwig-van.com\/montreal\/wp-content\/uploads\/sites\/3\/2019\/04\/APMusic-Event-Organ-Intermezzi-credit-Jonathan-Oldengarm-calendrier.jpeg\" alt=\"\" width=\"700\" height=\"519\" srcset=\"https:\/\/www.ludwig-van.com\/montreal\/wp-content\/uploads\/sites\/3\/2019\/04\/APMusic-Event-Organ-Intermezzi-credit-Jonathan-Oldengarm-calendrier.jpeg 700w, https:\/\/www.ludwig-van.com\/montreal\/wp-content\/uploads\/sites\/3\/2019\/04\/APMusic-Event-Organ-Intermezzi-credit-Jonathan-Oldengarm-calendrier-300x222.jpeg 300w\" sizes=\"(max-width: 700px) 100vw, 700px\" \/><figcaption id=\"caption-attachment-59333\" class=\"wp-caption-text\">Photo: Jonathan Oldengarm<\/figcaption><\/figure>\n<h2>R\u00e9cital d&rsquo;orgue \u00e0 St.Andrew &amp; St. Paul<\/h2>\n<p>L&rsquo;organiste montr\u00e9alais Jonathan White pr\u00e9sente un r\u00e9cital \u00e0 l&rsquo;\u00c9glise St. Andrew &amp; St.Paul dans le cadre d&rsquo;une s\u00e9rie de r\u00e9citals gratuits (contribution volontaire sugg\u00e9r\u00e9e) qui ont lieu les jeudi des mois de juillet et ao\u00fbt, \u00e0 12 h15. <a href=\"https:\/\/www.ludwig-van.com\/montreal\/event\/ap-music-intermedes-a-lorgue-jonathan-white\/\" target=\"_blank\" rel=\"noopener\">D\u00c9TAILS<\/a><\/p>\n<p>&nbsp;<\/p>\n<figure id=\"attachment_59920\" aria-describedby=\"caption-attachment-59920\" style=\"width: 1024px\" class=\"wp-caption aligncenter\"><img decoding=\"async\" loading=\"lazy\" class=\"size-full wp-image-59920\" src=\"https:\/\/www.ludwig-van.com\/montreal\/wp-content\/uploads\/sites\/3\/2018\/05\/Zilien-Biret.jpg\" alt=\"Zilien Biret\" width=\"1024\" height=\"748\" srcset=\"https:\/\/www.ludwig-van.com\/montreal\/wp-content\/uploads\/sites\/3\/2018\/05\/Zilien-Biret.jpg 1024w, https:\/\/www.ludwig-van.com\/montreal\/wp-content\/uploads\/sites\/3\/2018\/05\/Zilien-Biret-300x219.jpg 300w, https:\/\/www.ludwig-van.com\/montreal\/wp-content\/uploads\/sites\/3\/2018\/05\/Zilien-Biret-768x561.jpg 768w\" sizes=\"(max-width: 1024px) 100vw, 1024px\" \/><figcaption id=\"caption-attachment-59920\" class=\"wp-caption-text\">Zilien Biret. (Photo: courtoisie)<\/figcaption><\/figure>\n<h2>Musique du monde \u00e0 CAMMAC<\/h2>\n<p>Zazak\u00e8ly est un concert bas\u00e9 sur le maloya, musique traditionnelle de la R\u00e9union. Avec\u00a0tambours et instruments \u00e0 vent, Zilien Biret (R\u00e9union); oud, Nazih Borish (Syrie); riq, Nathaniel Huard (Canada); et accord\u00e9on, Sergiu Popa (Moldavie). Dimanche 4 ao\u00fbt, 11 h, \u00e0 CAMMAC. <a href=\"https:\/\/www.ludwig-van.com\/montreal\/event\/cammac-carnet-de-zilien-zazakely\/\" target=\"_blank\" rel=\"noopener\">D\u00c9TAILS\u00a0<\/a><\/p>\n<h2>LIRE AUSSI:<\/h2>\n<blockquote class=\"wp-embedded-content\" data-secret=\"q49CQtKoLj\"><p><a href=\"https:\/\/www.ludwig-van.com\/montreal\/2019\/07\/16\/icav-2019-les-operas-mozart-connaissez-pas\/\">ICAV 2019 | Ces op\u00e9ras du jeune Mozart que vous ne connaissez pas (ou presque)<\/a><\/p><\/blockquote>\n<p><iframe class=\"wp-embedded-content\" sandbox=\"allow-scripts\" security=\"restricted\" style=\"position: absolute; clip: rect(1px, 1px, 1px, 1px);\" src=\"https:\/\/www.ludwig-van.com\/montreal\/2019\/07\/16\/icav-2019-les-operas-mozart-connaissez-pas\/embed\/#?secret=q49CQtKoLj\" data-secret=\"q49CQtKoLj\" width=\"600\" height=\"338\" title=\"\u00ab\u00a0ICAV 2019 | Ces op\u00e9ras du jeune Mozart que vous ne connaissez pas (ou presque)\u00a0\u00bb &#8212; Ludwig Van Montreal\" frameborder=\"0\" marginwidth=\"0\" marginheight=\"0\" scrolling=\"no\"><\/iframe><\/p>\n<p>&nbsp;<\/p>\n<p>&nbsp;<\/p>\n","protected":false},"excerpt":{"rendered":"<p>Une pl\u00e9thore de concerts vous attend encore cette semaine \u00e0 Montr\u00e9al et dans les alentours, musique lyrique en t\u00eate. Nos choix du 30 juillet au 4 ao\u00fbt. <\/p>\n","protected":false},"author":51,"featured_media":60560,"comment_status":"open","ping_status":"open","sticky":false,"template":"","format":"standard","meta":{"om_disable_all_campaigns":false,"jetpack_post_was_ever_published":false},"categories":[28802,10994],"tags":[15897,24468,24269],"yst_prominent_words":[9878,9863,21509,15880,25071,25084,33191,24479,13955,33202,23558,14251,11891,9877,33203,32994,24478,10716,33201,33198],"acf":[],"jetpack_featured_media_url":"https:\/\/www.ludwig-van.com\/montreal\/wp-content\/uploads\/sites\/3\/2019\/07\/Choix-r\u00e9daction-30-juillet.jpg","jetpack_sharing_enabled":true,"jetpack_shortlink":"https:\/\/wp.me\/p9bdYt-fKI","amp_enabled":true,"_links":{"self":[{"href":"https:\/\/www.ludwig-van.com\/montreal\/wp-json\/wp\/v2\/posts\/60556"}],"collection":[{"href":"https:\/\/www.ludwig-van.com\/montreal\/wp-json\/wp\/v2\/posts"}],"about":[{"href":"https:\/\/www.ludwig-van.com\/montreal\/wp-json\/wp\/v2\/types\/post"}],"author":[{"embeddable":true,"href":"https:\/\/www.ludwig-van.com\/montreal\/wp-json\/wp\/v2\/users\/51"}],"replies":[{"embeddable":true,"href":"https:\/\/www.ludwig-van.com\/montreal\/wp-json\/wp\/v2\/comments?post=60556"}],"version-history":[{"count":3,"href":"https:\/\/www.ludwig-van.com\/montreal\/wp-json\/wp\/v2\/posts\/60556\/revisions"}],"predecessor-version":[{"id":60562,"href":"https:\/\/www.ludwig-van.com\/montreal\/wp-json\/wp\/v2\/posts\/60556\/revisions\/60562"}],"wp:featuredmedia":[{"embeddable":true,"href":"https:\/\/www.ludwig-van.com\/montreal\/wp-json\/wp\/v2\/media\/60560"}],"wp:attachment":[{"href":"https:\/\/www.ludwig-van.com\/montreal\/wp-json\/wp\/v2\/media?parent=60556"}],"wp:term":[{"taxonomy":"category","embeddable":true,"href":"https:\/\/www.ludwig-van.com\/montreal\/wp-json\/wp\/v2\/categories?post=60556"},{"taxonomy":"post_tag","embeddable":true,"href":"https:\/\/www.ludwig-van.com\/montreal\/wp-json\/wp\/v2\/tags?post=60556"},{"taxonomy":"yst_prominent_words","embeddable":true,"href":"https:\/\/www.ludwig-van.com\/montreal\/wp-json\/wp\/v2\/yst_prominent_words?post=60556"}],"curies":[{"name":"wp","href":"https:\/\/api.w.org\/{rel}","templated":true}]}}