{"id":60386,"date":"2019-07-14T15:42:38","date_gmt":"2019-07-14T19:42:38","guid":{"rendered":"https:\/\/www.ludwig-van.com\/montreal\/?p=60386"},"modified":"2019-07-15T07:15:04","modified_gmt":"2019-07-15T11:15:04","slug":"60386","status":"publish","type":"post","link":"https:\/\/www.ludwig-van.com\/montreal\/2019\/07\/14\/60386\/","title":{"rendered":"REVIEW   |  Tenor Spyres flies high at Lanaudi\u00e8re despite the downpour"},"content":{"rendered":"<figure id=\"attachment_60387\" aria-describedby=\"caption-attachment-60387\" style=\"width: 1024px\" class=\"wp-caption aligncenter\"><img decoding=\"async\" loading=\"lazy\" class=\"size-full wp-image-60387\" src=\"https:\/\/www.ludwig-van.com\/montreal\/wp-content\/uploads\/sites\/3\/2019\/07\/Spyres-and-wife-singing-chorus-behind__resized.jpg\" alt=\"\" width=\"1024\" height=\"683\" srcset=\"https:\/\/www.ludwig-van.com\/montreal\/wp-content\/uploads\/sites\/3\/2019\/07\/Spyres-and-wife-singing-chorus-behind__resized.jpg 1024w, https:\/\/www.ludwig-van.com\/montreal\/wp-content\/uploads\/sites\/3\/2019\/07\/Spyres-and-wife-singing-chorus-behind__resized-300x200.jpg 300w, https:\/\/www.ludwig-van.com\/montreal\/wp-content\/uploads\/sites\/3\/2019\/07\/Spyres-and-wife-singing-chorus-behind__resized-768x512.jpg 768w\" sizes=\"(max-width: 1024px) 100vw, 1024px\" \/><figcaption id=\"caption-attachment-60387\" class=\"wp-caption-text\">Le t\u00e9nor am\u00e9ricain Michael Spyres a charm\u00e9 le public malgr\u00e9 les orages hier soir au Festival de Lanaudi\u00e8re. (Cr\u00e9dit : Pure Perception)<\/figcaption><\/figure>\n<p>JOLIETTE \u2013 Hats off to Lanaudi\u00e8re. What other festival in North America could attract a four-figure crowd to an out-of-town venue with a tenor known mostly in Europe singing repertoire that rarely cracked the operatic top 40?<\/p>\n<p>Oh, yes. In a thunderstorm. Such is the loyalty of the Lanaudi\u00e8re fanbase \u2013 as long as vocalists as gifted as Michael Spyres remain part of the schedule.<\/p>\n<p>The program Saturday at the Amphith\u00e9\u00e2tre Fernand-Lindsay was billed as an evening of\u00a0<em>bel canto<\/em>, a term that comprises warm cantilena, stentorian calls to arms and high-altitude acrobatics, not necessary in that order. I cannot recall another recital by a tenor as amply adorned with high notes.<\/p>\n<p>Not that this was all the stocky American had to offer. Even the flourishes on the first word of Rossini\u2019s \u201cVieni fra queste braccia,\u201d a little-known number from\u00a0<em>La gazza ladra<\/em>, suggested a knack for carrying a tune. Tone also was appropriately nuanced. After mellifluously spinning out \u201c\u00d4 blonde C\u00e9r\u00e8s,\u201d an aria from Berlioz\u2019s\u00a0<em>Les Troyens\u00a0<\/em>requiring an effortless high C, Spyres added just the right measure of metal to the same composer\u2019s \u201cNature immense\u201d from\u00a0<em>La damnation de Faust<\/em>.<\/p>\n<p>A little formal in stage manner before intermission, Spyres loosened up in the second half, comporting himself with amusing nonchalance in \u201cMes amis \u00e9coutez l\u2019histoire\u201d from Adolphe Adam\u2019s\u00a0<em>Le postillon de Lonjumeau<\/em>, as if he knew nothing of the fearsome high D that lay in waiting. This note came off well, as did many others. If the Cs at the end of Act IV, Scene I of\u00a0<em>William Tell<\/em>\u00a0sounded close to the red line, this added to the heroic force of the sequence. Sometimes the act of fending off an orchestra and chorus generates its own brand of excitement.<\/p>\n<p>Elsewhere balances were just under the suave baton of\u00a0Corrado Rovaris, the Italian-born music director of Opera Philadelphia. The\u00a0Orchestre du Festival, numbering about 50,\u00a0played three instrumental pieces, including Rossini\u2019s celebrated\u00a0<em>William Tell\u00a0<\/em>Overture. Warm cellos, songful woodwinds and steely brass had their usual invigorating effect. It was a treat to hear Ambroise Thomas\u2019s Overture to\u00a0<em>Raymond<\/em>, a colourful potpourri possibly written with Rossini\u2019s masterpiece in mind.<\/p>\n<p>The Choeur du Festival as prepared by Francis Choini\u00e8re produced hearty shouts of \u201cVengeance\u201d in the\u00a0<em>Tell<\/em>\u00a0excerpt. The women sounded full-bodied in a chorus from Donizetti\u2019s\u00a0<em>Anna Bolena<\/em>.<\/p>\n<figure id=\"attachment_60388\" aria-describedby=\"caption-attachment-60388\" style=\"width: 1800px\" class=\"wp-caption aligncenter\"><img decoding=\"async\" loading=\"lazy\" class=\"size-full wp-image-60388\" src=\"https:\/\/www.ludwig-van.com\/montreal\/wp-content\/uploads\/sites\/3\/2019\/07\/FIL-Spyres-toute-la-sc\u00e8ne-min.jpg\" alt=\"\" width=\"1800\" height=\"1200\" srcset=\"https:\/\/www.ludwig-van.com\/montreal\/wp-content\/uploads\/sites\/3\/2019\/07\/FIL-Spyres-toute-la-sc\u00e8ne-min.jpg 1800w, https:\/\/www.ludwig-van.com\/montreal\/wp-content\/uploads\/sites\/3\/2019\/07\/FIL-Spyres-toute-la-sc\u00e8ne-min-300x200.jpg 300w, https:\/\/www.ludwig-van.com\/montreal\/wp-content\/uploads\/sites\/3\/2019\/07\/FIL-Spyres-toute-la-sc\u00e8ne-min-768x512.jpg 768w, https:\/\/www.ludwig-van.com\/montreal\/wp-content\/uploads\/sites\/3\/2019\/07\/FIL-Spyres-toute-la-sc\u00e8ne-min-1024x683.jpg 1024w\" sizes=\"(max-width: 1800px) 100vw, 1800px\" \/><figcaption id=\"caption-attachment-60388\" class=\"wp-caption-text\">Le Choeur, pr\u00e9par\u00e9 par Francis Choini\u00e8re, et l&rsquo;Orchestre du Festival \u00e9taient sous la direction du chef italien Corrado Rovaris. (Cr\u00e9dit : Pure Perception)<\/figcaption><\/figure>\n<p>But back to Spyres. By the time he finished Don Ramiro\u2019s aria from Rossini\u2019s\u00a0<em>La Cenerentola<\/em>, deep in the second half, we had probably heard enough high Cs. The time was ripe for a more terrestrial number like the \u201cKleinzach\u201d aria from Offenbach\u2019s\u00a0<em>Les Contes d\u2019Hoffmann<\/em>, which was full of fun as the tenor performed it.<\/p>\n<p>Spyres brought along a guest, soprano Tara Stafford, who happens to be his wife. They created the chemistry one might expect in duets from Bellini\u2019s\u00a0<em>La Sonnambula<\/em>\u00a0and the Borodin-saturated Broadway show\u00a0<em>Kismet<\/em>.<\/p>\n<p>The encores were \u201cDein ist mein ganzes Herz\u201d from Leh\u00e1r\u2019s\u00a0<em>Das Land des L\u00e4chelns\u00a0<\/em>and \u201cAh! mes amis, quel jour de f\u00eate\u201d from Donizetti\u2019s\u00a0<em>La fille du r\u00e9giment<\/em>. The tenor crossed himself in jest before the latter number, which is noted for its multiple high Cs. No supernatural intervention was needed.<\/p>\n<p>The concert, dedicated by artistic director Renaud Loranger to the memory of its founder P\u00e8re Fernand Lindsay to mark the tenth anniversary of his passing, made a good impression despite the audio backdrop of rainfall and the occasional intervention of thunderclaps. The opera-loving Lanaudi\u00e8re crowd was enthusiastic from the start. It takes more than a little rain to dampen these spirits.<\/p>\n<p>&nbsp;<\/p>\n<h2>LIRE AUSSI :<\/h2>\n<p>&nbsp;<\/p>\n<blockquote class=\"wp-embedded-content\" data-secret=\"SiorNYwti2\"><p><a href=\"https:\/\/www.ludwig-van.com\/montreal\/2019\/07\/12\/in-memoriam-grand-joseph-rouleau-decede\/\">IN MEMORIAM  |  Le grand Joseph Rouleau est d\u00e9c\u00e9d\u00e9<\/a><\/p><\/blockquote>\n<p><iframe class=\"wp-embedded-content\" sandbox=\"allow-scripts\" security=\"restricted\" style=\"position: absolute; clip: rect(1px, 1px, 1px, 1px);\" src=\"https:\/\/www.ludwig-van.com\/montreal\/2019\/07\/12\/in-memoriam-grand-joseph-rouleau-decede\/embed\/#?secret=SiorNYwti2\" data-secret=\"SiorNYwti2\" width=\"600\" height=\"338\" title=\"\u00ab\u00a0IN MEMORIAM  |  Le grand Joseph Rouleau est d\u00e9c\u00e9d\u00e9\u00a0\u00bb &#8212; Ludwig Van Montreal\" frameborder=\"0\" marginwidth=\"0\" marginheight=\"0\" scrolling=\"no\"><\/iframe><\/p>\n<p>&nbsp;<\/p>\n<p>&nbsp;<\/p>\n<p>&nbsp;<\/p>\n","protected":false},"excerpt":{"rendered":"<p>Notre critique Arthur Kaptainis s&rsquo;est laiss\u00e9 charmer par la voix du t\u00e9nor am\u00e9ricain Michael Spyres au Festival de Lanaudi\u00e8re hier soir.<\/p>\n","protected":false},"author":25,"featured_media":60387,"comment_status":"open","ping_status":"open","sticky":false,"template":"","format":"standard","meta":{"om_disable_all_campaigns":false,"jetpack_post_was_ever_published":false},"categories":[28802,52],"tags":[28789,28773,15897],"yst_prominent_words":[32965,10272,32973,24229,24228,15605,10966,32968,10183,10273,32964,15814,10018,10265,24230,32966,32969,10269,10275,32967],"acf":[],"jetpack_featured_media_url":"https:\/\/www.ludwig-van.com\/montreal\/wp-content\/uploads\/sites\/3\/2019\/07\/Spyres-and-wife-singing-chorus-behind__resized.jpg","jetpack_sharing_enabled":true,"jetpack_shortlink":"https:\/\/wp.me\/s9bdYt-60386","amp_enabled":true,"_links":{"self":[{"href":"https:\/\/www.ludwig-van.com\/montreal\/wp-json\/wp\/v2\/posts\/60386"}],"collection":[{"href":"https:\/\/www.ludwig-van.com\/montreal\/wp-json\/wp\/v2\/posts"}],"about":[{"href":"https:\/\/www.ludwig-van.com\/montreal\/wp-json\/wp\/v2\/types\/post"}],"author":[{"embeddable":true,"href":"https:\/\/www.ludwig-van.com\/montreal\/wp-json\/wp\/v2\/users\/25"}],"replies":[{"embeddable":true,"href":"https:\/\/www.ludwig-van.com\/montreal\/wp-json\/wp\/v2\/comments?post=60386"}],"version-history":[{"count":4,"href":"https:\/\/www.ludwig-van.com\/montreal\/wp-json\/wp\/v2\/posts\/60386\/revisions"}],"predecessor-version":[{"id":60393,"href":"https:\/\/www.ludwig-van.com\/montreal\/wp-json\/wp\/v2\/posts\/60386\/revisions\/60393"}],"wp:featuredmedia":[{"embeddable":true,"href":"https:\/\/www.ludwig-van.com\/montreal\/wp-json\/wp\/v2\/media\/60387"}],"wp:attachment":[{"href":"https:\/\/www.ludwig-van.com\/montreal\/wp-json\/wp\/v2\/media?parent=60386"}],"wp:term":[{"taxonomy":"category","embeddable":true,"href":"https:\/\/www.ludwig-van.com\/montreal\/wp-json\/wp\/v2\/categories?post=60386"},{"taxonomy":"post_tag","embeddable":true,"href":"https:\/\/www.ludwig-van.com\/montreal\/wp-json\/wp\/v2\/tags?post=60386"},{"taxonomy":"yst_prominent_words","embeddable":true,"href":"https:\/\/www.ludwig-van.com\/montreal\/wp-json\/wp\/v2\/yst_prominent_words?post=60386"}],"curies":[{"name":"wp","href":"https:\/\/api.w.org\/{rel}","templated":true}]}}