{"id":60111,"date":"2019-06-25T10:48:13","date_gmt":"2019-06-25T14:48:13","guid":{"rendered":"https:\/\/www.ludwig-van.com\/montreal\/?p=60111"},"modified":"2020-07-27T12:25:25","modified_gmt":"2020-07-27T16:25:25","slug":"liszt-suggestions-decoute-pour-les-journees-pluvieuses","status":"publish","type":"post","link":"https:\/\/www.ludwig-van.com\/montreal\/2019\/06\/25\/liszt-suggestions-decoute-pour-les-journees-pluvieuses\/","title":{"rendered":"LISZT | Suggestions d&rsquo;\u00e9coute pour les journ\u00e9es pluvieuses"},"content":{"rendered":"<figure id=\"attachment_60114\" aria-describedby=\"caption-attachment-60114\" style=\"width: 1024px\" class=\"wp-caption aligncenter\"><img decoding=\"async\" loading=\"lazy\" class=\"size-full wp-image-60114\" src=\"https:\/\/www.ludwig-van.com\/montreal\/wp-content\/uploads\/sites\/3\/2019\/06\/vintage-television__compressed.jpg\" alt=\"\" width=\"1024\" height=\"768\" srcset=\"https:\/\/www.ludwig-van.com\/montreal\/wp-content\/uploads\/sites\/3\/2019\/06\/vintage-television__compressed.jpg 1024w, https:\/\/www.ludwig-van.com\/montreal\/wp-content\/uploads\/sites\/3\/2019\/06\/vintage-television__compressed-300x225.jpg 300w, https:\/\/www.ludwig-van.com\/montreal\/wp-content\/uploads\/sites\/3\/2019\/06\/vintage-television__compressed-768x576.jpg 768w\" sizes=\"(max-width: 1024px) 100vw, 1024px\" \/><figcaption id=\"caption-attachment-60114\" class=\"wp-caption-text\">Une journ\u00e9e de pluie n&rsquo;est pas une journ\u00e9e ennuyeuse, mais une excuse pour se perdre dans la magie du petit \u00e9cran. Nos suggestions d&rsquo;\u00e9coute vous garderont divertis!<\/figcaption><\/figure>\n<p>Une journ\u00e9e pluvieuse n&rsquo;est pas une journ\u00e9e ennuyeuse, mais plut\u00f4t une excuse pour se perdre dans la magie du petit \u00e9cran (d&rsquo;ordinateur). Bien s\u00fbr, vous pourriez recommencer \u00e0 \u00e9couter votre s\u00e9rie pr\u00e9f\u00e9r\u00e9e depuis le d\u00e9but, mais il y a une telle richesse de documents musicaux \u00e0 d\u00e9couvrir : biographies, documentaires, reconstitutions, ballets et op\u00e9ras film\u00e9s, etc. Voici quelques choix pour guider vos d\u00e9couvertes.<\/p>\n<p>&nbsp;<\/p>\n<h2>MONTR\u00c9AL<\/h2>\n<p>Quel bonheur d&rsquo;avoir acc\u00e8s aux enregistrements de Tou.tv pour voir et revoir les r\u00e9alisations suivantes!<\/p>\n<p><a href=\"https:\/\/ici.tou.tv\/montreal-symphonique\">Montr\u00e9al symphonique<\/a> : Trois orchestres, un ch\u0153ur immense, une fourchette d&rsquo;artistes l\u00e9gendaires et les orchestrations magistrales de <strong>Simon Leclerc<\/strong>. Un grand moment des c\u00e9l\u00e9brations du 375e anniversaire de la ville de Montr\u00e9al.<\/p>\n<p><a href=\"https:\/\/ici.tou.tv\/ensemble\">Ensemble<\/a> : Le documentaire de <strong>Jean-Nicolas Orhon<\/strong> fait entrer l&rsquo;auditeur dans l&rsquo;intimit\u00e9 de l&rsquo;<strong>Orchestre M\u00e9tropolitain<\/strong> et nous fait revivre, entre autres, la f\u00e9brilit\u00e9 de la tourn\u00e9e europ\u00e9enne de l&rsquo;orchestre.<\/p>\n<p>&nbsp;<\/p>\n<h2>CLASSIQUES \u00ab\u00a0VINTAGE\u00a0\u00bb<\/h2>\n<p>Les plus jeunes auditeurs seront peut-\u00eatre rebut\u00e9s par les costumes et d\u00e9cors pass\u00e9s, mais ces transpositions film\u00e9es d&rsquo;op\u00e9ras sont de tels classiques dans leur genre que je vous en recommande malgr\u00e9 tout le visionnement. En m\u00e9moire du r\u00e9alisateur italien <strong>Franco Zeffirelli<\/strong>, revoyez sa Traviata de 1983, avec un s\u00e9duisant\u00a0<strong>Placido Domingo,\u00a0<\/strong>et<strong> Anna Moffo <\/strong>dans le r\u00f4le de Violetta. Tout comme La Fl\u00fbte enchant\u00e9e de Bergman ci-haut, il s&rsquo;agit d&rsquo;une r\u00e9elle transposition pour le m\u00e9dium du cin\u00e9ma, et non d&rsquo;une version film\u00e9e d&rsquo;un op\u00e9ra sur sc\u00e8ne.<\/p>\n<p>&nbsp;<\/p>\n<div class=\"jetpack-video-wrapper\"><span class=\"embed-youtube\" style=\"text-align:center; display: block;\"><iframe loading=\"lazy\" class=\"youtube-player\" width=\"640\" height=\"360\" src=\"https:\/\/www.youtube.com\/embed\/tog9KGlPW4Q?version=3&#038;rel=1&#038;showsearch=0&#038;showinfo=1&#038;iv_load_policy=1&#038;fs=1&#038;hl=fr-FR&#038;autohide=2&#038;wmode=transparent\" allowfullscreen=\"true\" style=\"border:0;\" sandbox=\"allow-scripts allow-same-origin allow-popups allow-presentation\"><\/iframe><\/span><\/div>\n<p>&nbsp;<\/p>\n<h2>APPROFONDIR LES OEUVRES MUSICALES<\/h2>\n<p>J&rsquo;esp\u00e8re que vous \u00eates abonn\u00e9s depuis longtemps aux services de la <a href=\"http:\/\/www.banq.qc.ca\/accueil\/\" target=\"_blank\" rel=\"noopener noreferrer\">Biblioth\u00e8que et Archives nationales<\/a>. Sinon, je vous rappelle que c&rsquo;est gratuit pour tous les habitants de la province et que cela donne acc\u00e8s \u00e0 des ressources en ligne tr\u00e8s int\u00e9ressantes, dont la <em>Naxos Video Library<\/em>. Celle-ci compte, parmi d&rsquo;autres richesses, les documentaires de la s\u00e9rie <strong>Keeping score\u00a0<\/strong>avec le chef Michael Tilson Thomas et l&rsquo;orchestre de San Francisco. Les diff\u00e9rents \u00e9pisodes se penchent sur la <em>Symphonie Eroica<\/em> de Beethoven, la <em>Symphonie fantastique<\/em> de Berlioz, le ballet <em>Appalachian Spring<\/em> de Copland, <em>Le Sacre du printemps<\/em> de Stravinsky, la Cinqui\u00e8me symphonie de Chostakovitch, et d&rsquo;autres encore.<\/p>\n<p>Parlant de la Symphonie Eroica, il existe un film de la BBC reconstituant du mieux possible, selon les informations \u00e0 notre disposition, le soir de la cr\u00e9ation de cette symphonie au palais du Baron Lobkowitz, m\u00e9c\u00e8ne du compositeur :<\/p>\n<div class=\"jetpack-video-wrapper\"><span class=\"embed-youtube\" style=\"text-align:center; display: block;\"><iframe loading=\"lazy\" class=\"youtube-player\" width=\"640\" height=\"360\" src=\"https:\/\/www.youtube.com\/embed\/UtA7m3viB70?version=3&#038;rel=1&#038;showsearch=0&#038;showinfo=1&#038;iv_load_policy=1&#038;fs=1&#038;hl=fr-FR&#038;autohide=2&#038;wmode=transparent\" allowfullscreen=\"true\" style=\"border:0;\" sandbox=\"allow-scripts allow-same-origin allow-popups allow-presentation\"><\/iframe><\/span><\/div>\n<p>&nbsp;<\/p>\n<p>&nbsp;<\/p>\n<h2>CHEFS L\u00c9GENDAIRES<\/h2>\n<p>Un seul nom: Carlos Kleiber. Une l\u00e9gende, peut-\u00eatre LA l\u00e9gende. Un chef absolument sans pareil &#8211; doubl\u00e9 malheureusement d&rsquo;un personnage par moment ex\u00e9crable. Attrapez tout ce que vous pouvez trouver de ce chef qui a laiss\u00e9 peu de traces, mais dont chaque projet d&rsquo;enregistrement est devenu une r\u00e9f\u00e9rence. N&rsquo;oubliez pas d&rsquo;activer les sous-titres pour ce documentaire comportant plusieurs entrevues en allemand :<\/p>\n<div class=\"jetpack-video-wrapper\"><span class=\"embed-youtube\" style=\"text-align:center; display: block;\"><iframe loading=\"lazy\" class=\"youtube-player\" width=\"640\" height=\"360\" src=\"https:\/\/www.youtube.com\/embed\/Ta8Tqjn7Suo?version=3&#038;rel=1&#038;showsearch=0&#038;showinfo=1&#038;iv_load_policy=1&#038;fs=1&#038;hl=fr-FR&#038;autohide=2&#038;wmode=transparent\" allowfullscreen=\"true\" style=\"border:0;\" sandbox=\"allow-scripts allow-same-origin allow-popups allow-presentation\"><\/iframe><\/span><\/div>\n<p>&nbsp;<\/p>\n<p>Au contraire de Kleiber, <strong>Leonard Bernstein<\/strong> a laiss\u00e9, lui, plusieurs enregistrements. Impossible de tous les passer. Ses Young People&rsquo;s Concerts sont \u00e9videmment des incontournables, encore aujourd&rsquo;hui, et ont r\u00e9volutionn\u00e9 la fa\u00e7on de vulgariser la musique. Je ne vous en mets qu&rsquo;un ici, celui au sujet de Gustav Mahler, que Bernstein a contribu\u00e9 \u00e0 faire aimer du public (et des orchestres, incluant celui de Vienne!) :<\/p>\n<div class=\"jetpack-video-wrapper\"><span class=\"embed-youtube\" style=\"text-align:center; display: block;\"><iframe loading=\"lazy\" class=\"youtube-player\" width=\"640\" height=\"360\" src=\"https:\/\/www.youtube.com\/embed\/CJeRlfibzcs?version=3&#038;rel=1&#038;showsearch=0&#038;showinfo=1&#038;iv_load_policy=1&#038;fs=1&#038;hl=fr-FR&#038;autohide=2&#038;wmode=transparent\" allowfullscreen=\"true\" style=\"border:0;\" sandbox=\"allow-scripts allow-same-origin allow-popups allow-presentation\"><\/iframe><\/span><\/div>\n<p>&nbsp;<\/p>\n<h2>BRISER DES ILLUSIONS<\/h2>\n<p>Vous avez accept\u00e9 il y a longtemps que le P\u00e8re No\u00ebl n\u2019existe pas, mais\u2026croyez-vous encore \u00e0 la version de la famille von Trapp pr\u00e9sent\u00e9e dans The Sound of Music? Ce documentaire rectifie les faits, incluant des entrevues avec les membres alors encore vivants de la famille :<\/p>\n<div class=\"jetpack-video-wrapper\"><span class=\"embed-youtube\" style=\"text-align:center; display: block;\"><iframe loading=\"lazy\" class=\"youtube-player\" width=\"640\" height=\"360\" src=\"https:\/\/www.youtube.com\/embed\/7q9UVRQ5gZ4?version=3&#038;rel=1&#038;showsearch=0&#038;showinfo=1&#038;iv_load_policy=1&#038;fs=1&#038;hl=fr-FR&#038;autohide=2&#038;wmode=transparent\" allowfullscreen=\"true\" style=\"border:0;\" sandbox=\"allow-scripts allow-same-origin allow-popups allow-presentation\"><\/iframe><\/span><\/div>\n<h2><\/h2>\n<p>&nbsp;<\/p>\n<h2>BALLET<\/h2>\n<p>Ce n&rsquo;est pas un ballet traditionnel parmi les grands classiques que je vous propose, mais la chor\u00e9graphie ludique et color\u00e9e de l&rsquo;histoire d&rsquo;Alice au pays des merveilles cr\u00e9\u00e9e il y a quelques ann\u00e9es par le Royal Ballet de Londres. Il s&rsquo;agit ici seulement d&rsquo;un extrait en r\u00e9p\u00e9tition, car je n&rsquo;ai pas trouv\u00e9 d&rsquo;enregistrement complet, mais cela permet, par exemple, de comparer les prestations de deux interpr\u00e8tes d&rsquo;un m\u00eame personnage :<\/p>\n<div class=\"jetpack-video-wrapper\"><span class=\"embed-youtube\" style=\"text-align:center; display: block;\"><iframe loading=\"lazy\" class=\"youtube-player\" width=\"640\" height=\"360\" src=\"https:\/\/www.youtube.com\/embed\/KqjWNhmd6Hw?version=3&#038;rel=1&#038;showsearch=0&#038;showinfo=1&#038;iv_load_policy=1&#038;fs=1&#038;hl=fr-FR&#038;autohide=2&#038;wmode=transparent\" allowfullscreen=\"true\" style=\"border:0;\" sandbox=\"allow-scripts allow-same-origin allow-popups allow-presentation\"><\/iframe><\/span><\/div>\n<p>&nbsp;<\/p>\n<p>&nbsp;<\/p>\n<h2>LIRE AUSSI:<\/h2>\n<p>&nbsp;<\/p>\n<blockquote class=\"wp-embedded-content\" data-secret=\"wQUPUxqEKe\"><p><a href=\"https:\/\/www.ludwig-van.com\/montreal\/2019\/06\/19\/liszts-les-10-pieces-de-musique-classique-triste\/\">LISZTS | Musique classique triste : Top-10 des pi\u00e8ces les plus d\u00e9chirantes<\/a><\/p><\/blockquote>\n<p><iframe class=\"wp-embedded-content\" sandbox=\"allow-scripts\" security=\"restricted\" style=\"position: absolute; clip: rect(1px, 1px, 1px, 1px);\" title=\"\u00ab\u00a0LISZTS | Musique classique triste : Top-10 des pi\u00e8ces les plus d\u00e9chirantes\u00a0\u00bb &#8212; Ludwig Van Montreal\" src=\"https:\/\/www.ludwig-van.com\/montreal\/2019\/06\/19\/liszts-les-10-pieces-de-musique-classique-triste\/embed\/#?secret=wQUPUxqEKe\" data-secret=\"wQUPUxqEKe\" width=\"600\" height=\"338\" frameborder=\"0\" marginwidth=\"0\" marginheight=\"0\" scrolling=\"no\"><\/iframe><\/p>\n<p>&nbsp;<\/p>\n<p>&nbsp;<\/p>\n<p>&nbsp;<\/p>\n<p>&nbsp;<\/p>\n","protected":false},"excerpt":{"rendered":"<p>Quoi faire quand il pleut? \u00c9couter des vid\u00e9os sur la musique! Voyez nos suggestions d&rsquo;\u00e9coute: documentaires, biographies, versions film\u00e9es d&rsquo;op\u00e9ra.<\/p>\n","protected":false},"author":55,"featured_media":60114,"comment_status":"open","ping_status":"open","sticky":false,"template":"","format":"standard","meta":{"om_disable_all_campaigns":false,"jetpack_post_was_ever_published":false},"categories":[28802,5797],"tags":[28789,17291,32401],"yst_prominent_words":[32395,22361,10006,14223,26470,32396,14095,32405,12977,25014,7438,32407,32403,7694,32406,32402,32404,11030,10109,32397],"acf":[],"jetpack_featured_media_url":"https:\/\/www.ludwig-van.com\/montreal\/wp-content\/uploads\/sites\/3\/2019\/06\/vintage-television__compressed.jpg","jetpack_sharing_enabled":true,"jetpack_shortlink":"https:\/\/wp.me\/p9bdYt-fDx","amp_enabled":true,"_links":{"self":[{"href":"https:\/\/www.ludwig-van.com\/montreal\/wp-json\/wp\/v2\/posts\/60111"}],"collection":[{"href":"https:\/\/www.ludwig-van.com\/montreal\/wp-json\/wp\/v2\/posts"}],"about":[{"href":"https:\/\/www.ludwig-van.com\/montreal\/wp-json\/wp\/v2\/types\/post"}],"author":[{"embeddable":true,"href":"https:\/\/www.ludwig-van.com\/montreal\/wp-json\/wp\/v2\/users\/55"}],"replies":[{"embeddable":true,"href":"https:\/\/www.ludwig-van.com\/montreal\/wp-json\/wp\/v2\/comments?post=60111"}],"version-history":[{"count":7,"href":"https:\/\/www.ludwig-van.com\/montreal\/wp-json\/wp\/v2\/posts\/60111\/revisions"}],"predecessor-version":[{"id":64828,"href":"https:\/\/www.ludwig-van.com\/montreal\/wp-json\/wp\/v2\/posts\/60111\/revisions\/64828"}],"wp:featuredmedia":[{"embeddable":true,"href":"https:\/\/www.ludwig-van.com\/montreal\/wp-json\/wp\/v2\/media\/60114"}],"wp:attachment":[{"href":"https:\/\/www.ludwig-van.com\/montreal\/wp-json\/wp\/v2\/media?parent=60111"}],"wp:term":[{"taxonomy":"category","embeddable":true,"href":"https:\/\/www.ludwig-van.com\/montreal\/wp-json\/wp\/v2\/categories?post=60111"},{"taxonomy":"post_tag","embeddable":true,"href":"https:\/\/www.ludwig-van.com\/montreal\/wp-json\/wp\/v2\/tags?post=60111"},{"taxonomy":"yst_prominent_words","embeddable":true,"href":"https:\/\/www.ludwig-van.com\/montreal\/wp-json\/wp\/v2\/yst_prominent_words?post=60111"}],"curies":[{"name":"wp","href":"https:\/\/api.w.org\/{rel}","templated":true}]}}