{"id":60029,"date":"2019-06-20T10:13:44","date_gmt":"2019-06-20T14:13:44","guid":{"rendered":"https:\/\/www.ludwig-van.com\/montreal\/?p=60029"},"modified":"2019-06-20T13:32:41","modified_gmt":"2019-06-20T17:32:41","slug":"dossier-necouterons-plus-de-musique-dix-ans-selon-magnat-de-technologie","status":"publish","type":"post","link":"https:\/\/www.ludwig-van.com\/montreal\/2019\/06\/20\/dossier-necouterons-plus-de-musique-dix-ans-selon-magnat-de-technologie\/","title":{"rendered":"DOSSIER | Nous n&rsquo;\u00e9couterons plus de musique dans dix ans, selon un magnat de la technologie"},"content":{"rendered":"<figure id=\"attachment_60036\" aria-describedby=\"caption-attachment-60036\" style=\"width: 1024px\" class=\"wp-caption aligncenter\"><img decoding=\"async\" loading=\"lazy\" class=\"wp-image-60036 size-full\" src=\"https:\/\/www.ludwig-van.com\/montreal\/wp-content\/uploads\/sites\/3\/2019\/06\/Vinod-Khosla-1024x536.jpg\" alt=\"\" width=\"1024\" height=\"536\" srcset=\"https:\/\/www.ludwig-van.com\/montreal\/wp-content\/uploads\/sites\/3\/2019\/06\/Vinod-Khosla-1024x536.jpg 1024w, https:\/\/www.ludwig-van.com\/montreal\/wp-content\/uploads\/sites\/3\/2019\/06\/Vinod-Khosla-1024x536-300x157.jpg 300w, https:\/\/www.ludwig-van.com\/montreal\/wp-content\/uploads\/sites\/3\/2019\/06\/Vinod-Khosla-1024x536-768x402.jpg 768w\" sizes=\"(max-width: 1024px) 100vw, 1024px\" \/><figcaption id=\"caption-attachment-60036\" class=\"wp-caption-text\">Vinod Khosla, fondateur de Khosla Ventures, pr\u00e9dit que la technologie de l&rsquo;intelligence artificielle va remplacer les compositeurs humains. (Photo: JD Lasica\/Flickr)<\/figcaption><\/figure>\n<p>\u00ab\u00a0Je crois r\u00e9ellement que dans dix ans, vous n&rsquo;\u00e9couterez plus de musique.\u201d<\/p>\n<p>Voil\u00e0 l&rsquo;opinion exprim\u00e9e par l&rsquo;investisseur en capital-risque et magnat de la technologie Vinod Khosla, lors d&rsquo;une conversation au coin du feu lors de la deuxi\u00e8me Super Session annuelle de <em>Creative Destruction Lab<\/em> \u00e0 Toronto en juin 2019.<\/p>\n<p>C&rsquo;est l\u00e0 une affirmation choquante pour tout m\u00e9lomane, mais qu&rsquo;est-ce que cela signifie exactement?<\/p>\n<p>Selon Khosla, la musique que nous connaissons sera remplac\u00e9e par ce qu&rsquo;il appelle des \u00ab\u00a0\u00e9quivalents de chansons sur mesure\u00a0\u00bb (<em>custom song equivalence<\/em>), c&rsquo;est-\u00e0-dire des paysages sonores con\u00e7us sur mesure en accord avec la structure individuelle de notre cerveau, avec nos pr\u00e9f\u00e9rences et avec nos besoins \u00e9motifs. Ces \u00e9quivalents sur mesures seront g\u00e9n\u00e9r\u00e9s automatiquement par des intelligences artificielles qui nous conna\u00eetront mieux que nous ne nous connaissons nous-m\u00eames.<\/p>\n<figure id=\"attachment_60042\" aria-describedby=\"caption-attachment-60042\" style=\"width: 1024px\" class=\"wp-caption aligncenter\"><img decoding=\"async\" loading=\"lazy\" class=\"size-full wp-image-60042\" src=\"https:\/\/www.ludwig-van.com\/montreal\/wp-content\/uploads\/sites\/3\/2019\/06\/artificial-intelligence-codes-developing-compressed.jpg\" alt=\"\" width=\"1024\" height=\"683\" srcset=\"https:\/\/www.ludwig-van.com\/montreal\/wp-content\/uploads\/sites\/3\/2019\/06\/artificial-intelligence-codes-developing-compressed.jpg 1024w, https:\/\/www.ludwig-van.com\/montreal\/wp-content\/uploads\/sites\/3\/2019\/06\/artificial-intelligence-codes-developing-compressed-300x200.jpg 300w, https:\/\/www.ludwig-van.com\/montreal\/wp-content\/uploads\/sites\/3\/2019\/06\/artificial-intelligence-codes-developing-compressed-768x512.jpg 768w\" sizes=\"(max-width: 1024px) 100vw, 1024px\" \/><figcaption id=\"caption-attachment-60042\" class=\"wp-caption-text\">Votre musique pr\u00e9f\u00e9r\u00e9e sera-t-elle g\u00e9n\u00e9r\u00e9e par une suite de code informatique?<\/figcaption><\/figure>\n<p>Les fondements de cette r\u00e9volution musicale g\u00e9n\u00e9r\u00e9e par l&rsquo;IA sont d\u00e9j\u00e0 en train d&rsquo;\u00eatre pos\u00e9s, dit Khosla. Dans sa pr\u00e9sentation, il souligne qu&rsquo;une des tendances les plus r\u00e9centes en webdiffusion de musique est d&rsquo;organiser les pistes musicales non par genre ou par artiste, mais par atmosph\u00e8re, ce qui est conforme \u00e0 de r\u00e9centes recherches se penchant sur les liens entre les pr\u00e9f\u00e9rences musicales et la structure du cerveau.<\/p>\n<p>Il existe d\u00e9j\u00e0 un certain nombre de nouvelles compagnies avides de profiter du d\u00e9veloppement de la musique par intelligence artificielle, et pr\u00eates \u00e0 combler les trous dans une \u00e8re de medias num\u00e9riques riches en vid\u00e9os, mais pauvres en liquidit\u00e9s.\u00a0Ces medias clament qu&rsquo;ils n&rsquo;ont pas d&rsquo;argent pour payer des compositrices et compositeurs humains, ainsi de plus en plus de publicit\u00e9s, de jeux vid\u00e9o et d&rsquo;autres applications vont utiliser de la musique \u00e9crite par une machine. Chez les services de diffusion comme Spotify, la motivation \u00e0 promouvoir des pistes g\u00e9n\u00e9r\u00e9es par des machines est inh\u00e9rente \u00e0 la nature du service puisque les marges de profit deviennent plus grandes sans restrictions de permis et de frais \u00e0 payer aux artistes.<\/p>\n<p>Aujourd&rsquo;hui, le marketing de la musique classique se fait souvent en faisant la promotion de ses vertus calmantes, ce qui risque de la rendre particuli\u00e8rement vuln\u00e9rable \u00e0 \u00eatre remplac\u00e9e par des alternatives g\u00e9n\u00e9r\u00e9es par des IA, surtout si l&rsquo;on ajoute la musique de film \u00e0 l&rsquo;\u00e9quation.<\/p>\n<p>Khosla entrevoit la cr\u00e9ation de listes de lecture sp\u00e9cifiques \u00e0 l&rsquo;individu, rempla\u00e7ant le mod\u00e8le actuel de l&rsquo;industrie musicale, ax\u00e9 sur les artistes. La Super Session du\u00a0<em>Creative Destruction Lab <\/em>repr\u00e9sente le point culminant d&rsquo;un programme con\u00e7u pour les nouvelles compagnies technologiques. Leur deuxi\u00e8me showcase annuel s&rsquo;est tenu \u00e0 la Rotman School of Management de l&rsquo;Universit\u00e9 de Toronto en juin 2019. En plus de Khosla, la rencontre pr\u00e9sentait d&rsquo;autres conf\u00e9renciers, dont l&rsquo;astronaute et premier commandant canadien de la Station spatiale internationale Chris Hadfield.<\/p>\n<h2>Que dit la science?<\/h2>\n<p>Khosla est un investisseur en capital-risque milliardaire, un ing\u00e9nieur de formation. Co-fondateur de Sun Microsystems, il a fond\u00e9 sa compagnie Khosla Ventures, bas\u00e9e \u00e0 Silicon Valley, et a \u00e9t\u00e9 nomm\u00e9 parmi les 400 personnes les plus riches par le magazine Forbes en 2014.<\/p>\n<p>Mais, saisit-il r\u00e9ellement la nature de la musique ? La science elle-m\u00eame semble indiquer que non, du moins pas enti\u00e8rement.<\/p>\n<p>Il est vrai qu&rsquo;il y a des situations o\u00f9 la musique sert d&rsquo;\u00e9chappatoire au monde qui nous entoure, ce dont peuvent t\u00e9moigner une grande partie des usagers du transport en commun. Mais m\u00eame si la majorit\u00e9 des gens \u00e9coutent maintenant leur musique \u00e0 travers des \u00e9couteurs, il est important de souligner que l&rsquo;exp\u00e9rience musicale peut \u00eatre v\u00e9hicul\u00e9e par diff\u00e9rents moyens, comportant des implications vari\u00e9es.<\/p>\n<p><span class=\"embed-youtube\"><iframe loading=\"lazy\" class=\"youtube-player\" src=\"https:\/\/www.youtube.com\/embed\/HAfLCTRuh7U?version=3&amp;rel=1&amp;fs=1&amp;autohide=2&amp;showsearch=0&amp;showinfo=1&amp;iv_load_policy=1&amp;wmode=transparent\" width=\"640\" height=\"390\" allowfullscreen=\"allowfullscreen\" data-mce-fragment=\"1\"><\/iframe><\/span><\/p>\n<p>Exemple d&rsquo;une trame sonore de film g\u00e9n\u00e9r\u00e9e par une intelligence artificielle de la compagnie Aiva Technologies<\/p>\n<p>Une \u00e9tude men\u00e9e par des chercheurs de l\u2019Universit\u00e9 Paul Val\u00e9ry de Montpellier, en France, s&rsquo;est pench\u00e9e sur l&rsquo;exp\u00e9rience des auditeurs en concert, un sujet que la science n&rsquo;a abord\u00e9 que relativement r\u00e9cemment. La valeur sociale de l&rsquo;exp\u00e9rience commune du concert en direct a \u00e9t\u00e9 document\u00e9e par plus d&rsquo;une telle \u00e9tude, et les b\u00e9n\u00e9fices sont perceptibles que vous alliez au concert fr\u00e9quemment ou pas. Des communaut\u00e9s \u00e0 court et \u00e0 long terme se forment autour de l&rsquo;exp\u00e9rience partag\u00e9e du concert, et l&rsquo;interaction sociale est tout aussi importante que les pr\u00e9f\u00e9rences esth\u00e9tiques.<\/p>\n<p>Une \u00e9tude \u00e9largie sur les impacts interculturels de la musique au cours de l&rsquo;histoire de l&rsquo;humanit\u00e9 a \u00e9t\u00e9 publi\u00e9e par des chercheurs des d\u00e9partements de psychologie de la <em>University of Toronto Mississauga<\/em>, entre autres, en 2015. Cette \u00e9tude soulevait le manque de perspectives culturelles sur la musique dans la communaut\u00e9 de recherche, l&#8217;emphase ayant \u00e9t\u00e9 mis sur l&rsquo;exp\u00e9rience d&rsquo;auditeurs solitaires et sur les effets au niveau nerveux. La signification de la musique s&rsquo;\u00e9tend bien au-del\u00e0 de ces domaines.<\/p>\n<p>La publication souligne que la musique est une exp\u00e9rience universelle, mais que ce ne sont pas toutes les cultures qui la s\u00e9parent de la danse ou d&rsquo;autres activit\u00e9s. La musique est li\u00e9e aux rituels, religieux ou autres, et rattach\u00e9e \u00e0 la vie quotidienne. La recherche d\u00e9montre que les b\u00e9b\u00e9s r\u00e9agissent mieux \u00e0 la voix chant\u00e9e de leur m\u00e8re qu&rsquo;\u00e0 sa voix parl\u00e9e.<\/p>\n<p>M\u00eame quand on l&rsquo;\u00e9coute seul, la musique comporte un facteur social. Des \u00e9tudes sur des \u00e9tudiants en musique d\u00e9montrent que m\u00eame quand ils jouent de leur instrument seuls, les instrumentistes ont tendance \u00e0 imaginer un auditoire. Quand elle est \u00e9cout\u00e9e individuellement, exp\u00e9rience fr\u00e9quente dans notre monde occidental moderne de lecteurs num\u00e9riques et d&rsquo;\u00e9couteurs, la musique \u00e9voque des souvenirs pour l&rsquo;auditeur et reste tiss\u00e9e dans un contexte social. La musique contribue \u00e0 la coh\u00e9sion sociale et aux valeurs communautaires.<\/p>\n<h2><strong>La musique d\u00e9veloppe l&#8217;empathie<\/strong><\/h2>\n<p>Simplement en l&rsquo;\u00e9coutant, la musique rehausse notre capacit\u00e9 \u00e0 communier avec les autres. Dans un article publi\u00e9 en 2013, un psychologue de la musique de la <em>Freie Universit\u00e4t<\/em> de Berlin d\u00e9crit les diff\u00e9rentes fa\u00e7ons par lesquelles la musique am\u00e9liore notre capacit\u00e9 \u00e0 connecter les uns avec les autres ainsi que celles par lesquelles elle am\u00e9liore les contacts sociaux et la coop\u00e9ration. Au niveau nerveux, \u00e9couter de la musique active des sections de notre cerveau lie\u00e9s \u00e0 l&#8217;empathie. Et que la nature du compositeur &#8211; humain ou machine &#8211; fait une diff\u00e9rence.<\/p>\n<p>Une \u00e9tude a compar\u00e9 les r\u00e9actions de participants tandis qu&rsquo;ils \u00e9coutaient une pi\u00e8ce de musique. Les auditeurs d&rsquo;un premier groupe ont \u00e9t\u00e9 avis\u00e9s que la musique avait \u00e9t\u00e9 compos\u00e9e par une personne humaine et ceux de l&rsquo;autre groupe qu&rsquo;elle avait \u00e9t\u00e9 g\u00e9n\u00e9r\u00e9e par un ordinateur, bien qu&rsquo;il se soit agi en fait de la m\u00eame pi\u00e8ce de musique. Chez les participants croyant que la musique avait \u00e9t\u00e9 compos\u00e9e par une personne humaine, le cortex c\u00e9r\u00e9bral associ\u00e9 avec l&#8217;empathie et d&rsquo;autres qualit\u00e9s s&rsquo;allumait. Chez ceux croyant que la musique avait \u00e9t\u00e9 g\u00e9n\u00e9r\u00e9e par une machine, ce m\u00eame cortex restait inactif. L&rsquo;auditeur prend en consid\u00e9ration non seulement le son, mais aussi son sens, ainsi que l&rsquo;intention du compositeur.<\/p>\n<figure id=\"attachment_60038\" aria-describedby=\"caption-attachment-60038\" style=\"width: 1024px\" class=\"wp-caption aligncenter\"><img decoding=\"async\" loading=\"lazy\" class=\"size-full wp-image-60038\" src=\"https:\/\/www.ludwig-van.com\/montreal\/wp-content\/uploads\/sites\/3\/2019\/06\/adorable-childhood-children-resized.jpg\" alt=\"\" width=\"1024\" height=\"683\" srcset=\"https:\/\/www.ludwig-van.com\/montreal\/wp-content\/uploads\/sites\/3\/2019\/06\/adorable-childhood-children-resized.jpg 1024w, https:\/\/www.ludwig-van.com\/montreal\/wp-content\/uploads\/sites\/3\/2019\/06\/adorable-childhood-children-resized-300x200.jpg 300w, https:\/\/www.ludwig-van.com\/montreal\/wp-content\/uploads\/sites\/3\/2019\/06\/adorable-childhood-children-resized-768x512.jpg 768w\" sizes=\"(max-width: 1024px) 100vw, 1024px\" \/><figcaption id=\"caption-attachment-60038\" class=\"wp-caption-text\">Une \u00e9tude a d\u00e9montr\u00e9 que l&rsquo;\u00e9coute de la musique pour accompagner le jeu des enfants am\u00e9liore leur capacit\u00e9 d&#8217;empathie.<\/figcaption><\/figure>\n<p>Une autre \u00e9tude semble appuyer ces r\u00e9sultats. Faite aupr\u00e8s d&rsquo;enfants \u00e0 l&rsquo;\u00e9cole primaire, cette \u00e9tude s\u00e9parait ceux-ci en trois groupes. Pour une heure par semaine pendant toute l&rsquo;ann\u00e9e scolaire, un premier groupe a \u00e9t\u00e9 expos\u00e9 \u00e0 des jeux musicaux avec d&rsquo;autres enfants, un deuxi\u00e8me a particip\u00e9 \u00e0 des jeux, mais sans musique, et les enfants du troisi\u00e8me groupe sont rest\u00e9s libres de faire ce qu&rsquo;ils voulaient. \u00c0 la fin de l&rsquo;ann\u00e9e, la mesure d&#8217;empathie des enfants du premier groupe s&rsquo;\u00e9tait am\u00e9lior\u00e9e de fa\u00e7on significative.<\/p>\n<p>L&rsquo;implication de ces r\u00e9sultats pour notre sujet est que la musique g\u00e9n\u00e9r\u00e9e par une intelligence artificielle r\u00e9pondrait aux besoins et aux pr\u00e9f\u00e9rences d&rsquo;un individu, mais n&rsquo;apporterait pas les b\u00e9n\u00e9fices sociaux associ\u00e9s \u00e0 la musique compos\u00e9e par des humains, isolant encore plus l&rsquo;auditeur.<\/p>\n<p>Quand les premiers Homo sapiens ont migr\u00e9 vers le nord au-del\u00e0 de la M\u00e9diterran\u00e9e jusqu&rsquo;en Europe il y a quelque 40 000 ans, ces chasseurs-cueilleurs ont amen\u00e9 des fl\u00fbtes et des tambours avec eux. S\u00fbrement que, compte tenu des difficult\u00e9s quotidiennes de leur vie, ils auraient pu utiliser leur temps \u00e0 des t\u00e2ches plus vitales que de sculpter des fl\u00fbtes \u00e0 partir d&rsquo;os de cygnes. Pourtant, ils ont choisi de cr\u00e9er de la musique, qu&rsquo;ils ont sans doute partager avec leur communaut\u00e9.<\/p>\n<p>Il y a des choses qu&rsquo;un \u00e9quivalent de chanson, m\u00eame sur mesure, ne remplacera jamais.<\/p>\n<p><em><strong>Cet article a d&rsquo;abord \u00e9t\u00e9 publi\u00e9 en anglais sur<\/strong> <a href=\"https:\/\/www.ludwig-van.com\/toronto\/2019\/06\/15\/feature-tech-mogul-predicts-people-will-no-longer-listen-to-music-in-10-years\/\" target=\"_blank\" rel=\"noopener\">Ludwig van Toronto<\/a>. <strong>Traduction de B\u00e9atrice Cadrin.<\/strong><\/em><\/p>\n<p>&nbsp;<\/p>\n<h2>LIRE AUSSI :<\/h2>\n<p>&nbsp;<\/p>\n<blockquote class=\"wp-embedded-content\" data-secret=\"Z7OaBPUmNa\"><p><a href=\"https:\/\/www.ludwig-van.com\/montreal\/2019\/05\/08\/mois-des-cordes-devenir-luthier-en-2019-entre-tradition-et-modernite\/\">MOIS DES CORDES  | Devenir luthier en 2019 : entre tradition et modernit\u00e9<\/a><\/p><\/blockquote>\n<p><iframe class=\"wp-embedded-content\" sandbox=\"allow-scripts\" security=\"restricted\" style=\"position: absolute; clip: rect(1px, 1px, 1px, 1px);\" src=\"https:\/\/www.ludwig-van.com\/montreal\/2019\/05\/08\/mois-des-cordes-devenir-luthier-en-2019-entre-tradition-et-modernite\/embed\/#?secret=Z7OaBPUmNa\" data-secret=\"Z7OaBPUmNa\" width=\"600\" height=\"338\" title=\"\u00ab\u00a0MOIS DES CORDES  | Devenir luthier en 2019 : entre tradition et modernit\u00e9\u00a0\u00bb &#8212; Ludwig Van Montreal\" frameborder=\"0\" marginwidth=\"0\" marginheight=\"0\" scrolling=\"no\"><\/iframe><\/p>\n<p>&nbsp;<\/p>\n","protected":false},"excerpt":{"rendered":"<p>\u00ab\u00a0Je crois r\u00e9ellement que dans dix ans, vous n&rsquo;\u00e9couterez plus de musique.\u201d &#8211; Vinod Khosla<\/p>\n","protected":false},"author":64,"featured_media":60036,"comment_status":"open","ping_status":"open","sticky":false,"template":"","format":"standard","meta":{"om_disable_all_campaigns":false,"jetpack_post_was_ever_published":false},"categories":[28802,11009],"tags":[28789,32267,32272,32268],"yst_prominent_words":[32271,32254,32237,14127,32255,32261,32263,32236,32230,32256,25368,32260,32270,9811,32257,32262,32259,32253,32238,32269],"acf":[],"jetpack_featured_media_url":"https:\/\/www.ludwig-van.com\/montreal\/wp-content\/uploads\/sites\/3\/2019\/06\/Vinod-Khosla-1024x536.jpg","jetpack_sharing_enabled":true,"jetpack_shortlink":"https:\/\/wp.me\/p9bdYt-fCd","amp_enabled":true,"_links":{"self":[{"href":"https:\/\/www.ludwig-van.com\/montreal\/wp-json\/wp\/v2\/posts\/60029"}],"collection":[{"href":"https:\/\/www.ludwig-van.com\/montreal\/wp-json\/wp\/v2\/posts"}],"about":[{"href":"https:\/\/www.ludwig-van.com\/montreal\/wp-json\/wp\/v2\/types\/post"}],"author":[{"embeddable":true,"href":"https:\/\/www.ludwig-van.com\/montreal\/wp-json\/wp\/v2\/users\/64"}],"replies":[{"embeddable":true,"href":"https:\/\/www.ludwig-van.com\/montreal\/wp-json\/wp\/v2\/comments?post=60029"}],"version-history":[{"count":9,"href":"https:\/\/www.ludwig-van.com\/montreal\/wp-json\/wp\/v2\/posts\/60029\/revisions"}],"predecessor-version":[{"id":60049,"href":"https:\/\/www.ludwig-van.com\/montreal\/wp-json\/wp\/v2\/posts\/60029\/revisions\/60049"}],"wp:featuredmedia":[{"embeddable":true,"href":"https:\/\/www.ludwig-van.com\/montreal\/wp-json\/wp\/v2\/media\/60036"}],"wp:attachment":[{"href":"https:\/\/www.ludwig-van.com\/montreal\/wp-json\/wp\/v2\/media?parent=60029"}],"wp:term":[{"taxonomy":"category","embeddable":true,"href":"https:\/\/www.ludwig-van.com\/montreal\/wp-json\/wp\/v2\/categories?post=60029"},{"taxonomy":"post_tag","embeddable":true,"href":"https:\/\/www.ludwig-van.com\/montreal\/wp-json\/wp\/v2\/tags?post=60029"},{"taxonomy":"yst_prominent_words","embeddable":true,"href":"https:\/\/www.ludwig-van.com\/montreal\/wp-json\/wp\/v2\/yst_prominent_words?post=60029"}],"curies":[{"name":"wp","href":"https:\/\/api.w.org\/{rel}","templated":true}]}}