{"id":59931,"date":"2019-06-17T12:21:50","date_gmt":"2019-06-17T16:21:50","guid":{"rendered":"https:\/\/www.ludwig-van.com\/montreal\/?p=59931"},"modified":"2019-08-21T14:43:30","modified_gmt":"2019-08-21T18:43:30","slug":"choix-de-redaction-de-montreal-baroque-a-fantasia-passant-francofoliess","status":"publish","type":"post","link":"https:\/\/www.ludwig-van.com\/montreal\/2019\/06\/17\/choix-de-redaction-de-montreal-baroque-a-fantasia-passant-francofoliess\/","title":{"rendered":"CHOIX DE LA R\u00c9DACTION | De Montr\u00e9al baroque \u00e0 Fantasia en passant par les Francofolies : vari\u00e9t\u00e9 et nonchalance au menu!"},"content":{"rendered":"<p><img decoding=\"async\" loading=\"lazy\" class=\"aligncenter size-full wp-image-54895\" src=\"https:\/\/www.ludwig-van.com\/montreal\/wp-content\/uploads\/sites\/3\/2018\/06\/ensemble-caprice-church-hr-refaite.jpg\" alt=\"\" width=\"1024\" height=\"683\" srcset=\"https:\/\/www.ludwig-van.com\/montreal\/wp-content\/uploads\/sites\/3\/2018\/06\/ensemble-caprice-church-hr-refaite.jpg 1024w, https:\/\/www.ludwig-van.com\/montreal\/wp-content\/uploads\/sites\/3\/2018\/06\/ensemble-caprice-church-hr-refaite-300x200.jpg 300w, https:\/\/www.ludwig-van.com\/montreal\/wp-content\/uploads\/sites\/3\/2018\/06\/ensemble-caprice-church-hr-refaite-768x512.jpg 768w\" sizes=\"(max-width: 1024px) 100vw, 1024px\" \/><\/p>\n<p>La saison officielle est termin\u00e9e, les festivals d&rsquo;\u00e9t\u00e9 ne sont pas encore commenc\u00e9s&#8230;et pourtant, cette semaine encore, plusieurs occasions sont offertes au m\u00e9lomane curieux de d\u00e9couvrir ou de red\u00e9couvrir des musiques de toutes les \u00e9poques et de tous les styles.<\/p>\n<h2><strong>Ensemble Caprice\u00a0: Sprezzatura Venezia<\/strong><\/h2>\n<p>La <em>sprezzatura<\/em> est l\u2019art de la nonchalance \u00e9tudi\u00e9e, prenant soin de camoufler le travail et les efforts mis \u00e0 produire quelque chose. C\u2019est aussi le th\u00e8me des trois journ\u00e9es d\u2019activit\u00e9s du Festival Montr\u00e9al Baroque de cette ann\u00e9e, qui a lieu du 20 au 23 juin \u00e0 l\u2019\u00c9glise Madonna della Difesa. Plusieurs activit\u00e9s gratuites ont aussi lieu \u00e0 des lieux ext\u00e9rieurs. Pour ce concert consacr\u00e9 \u00e0 des \u0153uvres pour solistes, ch\u0153ur et orchestre de Vivaldi et Heinichen, l\u2019Ensemble Caprice re\u00e7oit les Tenet Vocal Artists des \u00c9tats-Unis et l\u2019Ensemble vocal Arts-Qu\u00e9bec. Jeudi, 20 juin 2019, 19h,\u00a0\u00c9glise Madonna della Difesa. <a href=\"https:\/\/www.ludwig-van.com\/montreal\/event\/ensemble-caprice-sprezzatura-veneziana\/\" target=\"_blank\" rel=\"noopener\">D\u00c9TAILS<\/a>.<\/p>\n<p><a href=\"http:\/\/www.montrealbaroque.com\/index.php?vMenu=335&amp;vOptions=liste|concerts\" target=\"_blank\" rel=\"noopener\">VOIR LA PROGRAMMATION COMPL\u00c8TE DU FESTIVAL<\/a>.<\/p>\n<h2><strong>D\u2019Amour et d\u2019Offenbach<\/strong><\/h2>\n<p>Afin de souligner le 200<sup>e<\/sup> anniversaire de naissance du ma\u00eetre de l\u2019op\u00e9rette, les Productions Belle Lurette pr\u00e9sentent un concert hommage \u00e0 Offenbach au cours duquel le public entendra les airs les plus c\u00e9l\u00e8bres et des d\u00e9couvertes rest\u00e9es dans l\u2019ombre. Douze chanteurs solistes seront accompagn\u00e9s du Ch\u0153ur du Th\u00e9\u00e2tre lyrique de la Mont\u00e9r\u00e9gie. Jeudi 20 juin, 19h30, Maison des arts de Laval. <a href=\"http:\/\/bellelurette.org\/programmation.html\" target=\"_blank\" rel=\"noopener\">D\u00c9TAILS<\/a>.<\/p>\n<p><img decoding=\"async\" loading=\"lazy\" class=\"aligncenter size-full wp-image-59933\" src=\"https:\/\/www.ludwig-van.com\/montreal\/wp-content\/uploads\/sites\/3\/2019\/06\/pierre-lapointe-pink_vignette-289x300.jpg\" alt=\"\" width=\"289\" height=\"300\" \/><\/p>\n<h2><strong>Pierre Lapointe et l\u2019OM\u00a0: La science du c\u0153ur symphonique<\/strong><\/h2>\n<p>En 2017, Pierre Lapointe enchantait une fois de plus avec son album La science du c\u0153ur, lequel a donn\u00e9 naissance \u00e0 ce concert symphonique pr\u00e9sent\u00e9 dans le cadre des Francofolies. En plus de pi\u00e8ces extraites de ce plus r\u00e9cent album, nous aurons le bonheur d\u2019y r\u00e9entendre des classiques de Pierre Lapointe. L\u2019Orchestre M\u00e9tropolitain sera sous la direction de David Martin. Jeudi 20 et vendredi 21 juin, 20h, Maison symphonique. <a href=\"https:\/\/orchestremetropolitain.com\/fr\/concerts\/saison-estivale-2019\/\" target=\"_blank\" rel=\"noopener\">D\u00c9TAILS<\/a>.<\/p>\n<h2><strong>Cello di Rosa<\/strong><\/h2>\n<p>La Cath\u00e9drale Christ Church ouvre ses portes aux m\u00e9lomanes souhaitant vivre un moment de tranquillit\u00e9. Le duo Cello di Rosa, constitu\u00e9 du compositeur italien Enzi di Rosa au piano et de la violoncelliste Kendra Grittani, annonce un moment m\u00e9ditatif rempli d&rsquo;une musique se situant entre le classique et la musique de film. 22 juin, 16h30, Cath\u00e9drale Christ Church. Contribution volontaire. <a href=\"https:\/\/www.oasismusicale.ca\/calendrier\" target=\"_blank\" rel=\"noopener\">D\u00c9TAILS<\/a>.<\/p>\n<h2><strong>Amore e Guerra II<\/strong><\/h2>\n<p>Les Tenet Vocal Artists, que nous avons mentionn\u00e9s plus haut pour leur pr\u00e9sence au concert de l\u2019Ensemble Caprice, poursuivent leur participation au Festival Montr\u00e9al Baroque par ce concert de madrigaux de Monteverdi. Se joindront \u00e0 eux le Studio de musique ancienne de Montr\u00e9al, Davide Monti (Italie), David Greenberg, Maria Cleary (Irlande), Antoine Malette-Ch\u00e9nier, Michel Angers et le Consort des Voix humaines. Samedi 22 juin, 17h, \u00c9glise Madonna della Difesa. <a href=\"http:\/\/www.montrealbaroque.com\/index.php?vMenu=335|375\" target=\"_blank\" rel=\"noopener\">D\u00c9TAILS<\/a>.<\/p>\n<figure id=\"attachment_57101\" aria-describedby=\"caption-attachment-57101\" style=\"width: 1024px\" class=\"wp-caption aligncenter\"><img decoding=\"async\" loading=\"lazy\" class=\"size-full wp-image-57101\" src=\"https:\/\/www.ludwig-van.com\/montreal\/wp-content\/uploads\/sites\/3\/2018\/10\/GFNGroup-Francis-Choiniere-cr-Tam-Lan-Truong.jpg\" alt=\"\" width=\"1024\" height=\"683\" srcset=\"https:\/\/www.ludwig-van.com\/montreal\/wp-content\/uploads\/sites\/3\/2018\/10\/GFNGroup-Francis-Choiniere-cr-Tam-Lan-Truong.jpg 1024w, https:\/\/www.ludwig-van.com\/montreal\/wp-content\/uploads\/sites\/3\/2018\/10\/GFNGroup-Francis-Choiniere-cr-Tam-Lan-Truong-300x200.jpg 300w, https:\/\/www.ludwig-van.com\/montreal\/wp-content\/uploads\/sites\/3\/2018\/10\/GFNGroup-Francis-Choiniere-cr-Tam-Lan-Truong-768x512.jpg 768w\" sizes=\"(max-width: 1024px) 100vw, 1024px\" \/><figcaption id=\"caption-attachment-57101\" class=\"wp-caption-text\">Gabriel Felcarek-Hope, Francis Choini\u00e8re et Nicholas Choini\u00e8re, fondateurs de GFN Productions. (Photo : Tam Lan Truong)<\/figcaption><\/figure>\n<h2><strong>Fantasia<\/strong><\/h2>\n<p>Lors de la parution en 1940 du premier et intemporel film <em>Fantasia<\/em> de Disney, la trame sonore avait \u00e9t\u00e9 enregistr\u00e9e avec les technologies les plus avanc\u00e9es pour l\u2019\u00e9poque, en faisant la premi\u00e8re \u00e0 \u00eatre produite en st\u00e9r\u00e9o. Cette semaine, Fantasia re\u00e7oit plut\u00f4t le traitement \u00ab <em>old school<\/em>\u00a0\u00bb, paradoxalement tr\u00e8s en vogue de nos jours (nous sommes loin de nous en plaindre!)\u00a0: l\u2019Orchestre FILMharmonique et le chef Alain Trudel interpr\u00e9teront en temps r\u00e9el des pi\u00e8ces symphoniques extraites des films \u00ab\u00a0Fantasia\u00a0\u00bb et \u00ab\u00a0Fantasia 2000\u00a0\u00bb tandis qu\u2019\u00e0 l\u2019\u00e9cran, Mickey perdra encore une fois le contr\u00f4le de son balai ensorcel\u00e9, de charmantes ballerines hippopotames danseront sur pointe et Donald sauvera les animaux du d\u00e9luge (j&rsquo;esp\u00e8re qu&rsquo;on ne vous a rien divulg\u00e2ch\u00e9!). Samedi 22 juin, 19h30 et dimanche 23 juin, 14h, Salle Wildrid-Pelletier. <a href=\"https:\/\/placedesarts.com\/fr\/evenement\/fantasia-en-concert\" target=\"_blank\" rel=\"noopener\">D\u00c9TAILS<\/a>.<\/p>\n<p><a href=\"https:\/\/www.ludwig-van.com\/montreal\/2018\/10\/23\/nouvelle-trois-jeunes-audacieux-obtiennent-les-droits-pour-le-seigneur-des-anneaux-en-cine-concert\/\" target=\"_blank\" rel=\"noopener\">LIRE AUSSI NOTRE ENTRETIEN AVEC LES JEUNES PRODUCTEURS DU SPECTACLE<\/a><\/p>\n<h2><strong>Oratoire Saint-Joseph\u00a0: S\u00e9rie La Folia<\/strong><\/h2>\n<p>La S\u00e9rie La Folia de l\u2019Oratoire Saint-Joseph souligne la f\u00eate nationale du Qu\u00e9bec en pr\u00e9sentant ce dimanche un programme d\u2019improvisations musicales sur des chants du Qu\u00e9bec, avec l\u2019organiste Jean-Luc Thilien et le baryton Pierre Rancourt. Contribution volontaire. Dimanche 23 juin, 15h30, Oratoire Saint-Joseph. <a href=\"https:\/\/www.ludwig-van.com\/montreal\/event\/oratoire-saint-joseph-concerts-dimanche-folia\/2019-06-23\/\" target=\"_blank\" rel=\"noopener\">D\u00c9TAILS<\/a>.<\/p>\n<p><img decoding=\"async\" loading=\"lazy\" class=\"aligncenter size-full wp-image-59932\" src=\"https:\/\/www.ludwig-van.com\/montreal\/wp-content\/uploads\/sites\/3\/2019\/06\/FMB_Web_banner-compressed-02-min.jpg\" alt=\"\" width=\"2048\" height=\"1147\" srcset=\"https:\/\/www.ludwig-van.com\/montreal\/wp-content\/uploads\/sites\/3\/2019\/06\/FMB_Web_banner-compressed-02-min.jpg 2048w, https:\/\/www.ludwig-van.com\/montreal\/wp-content\/uploads\/sites\/3\/2019\/06\/FMB_Web_banner-compressed-02-min-300x168.jpg 300w, https:\/\/www.ludwig-van.com\/montreal\/wp-content\/uploads\/sites\/3\/2019\/06\/FMB_Web_banner-compressed-02-min-768x430.jpg 768w, https:\/\/www.ludwig-van.com\/montreal\/wp-content\/uploads\/sites\/3\/2019\/06\/FMB_Web_banner-compressed-02-min-1024x574.jpg 1024w\" sizes=\"(max-width: 2048px) 100vw, 2048px\" \/><\/p>\n<h2><strong><em>Il Cortegiano\u00a0\u00a0<\/em><\/strong><strong><em>\u00a0<\/em><\/strong><\/h2>\n<p>Pour les m\u00e9lomanes ayant d\u00e9velopp\u00e9 le go\u00fbt de ma\u00eetriser eux-m\u00eames la <em>sprezzatura<\/em>, les ensembles Alkemia, Fl\u00fbte Alors!, la Bande Montr\u00e9al baroque, et les Jardins chor\u00e9graphiques, avec l\u2019aide du com\u00e9dien Renaud Paradis, promettent de nous l\u2019enseigner \u00e0 travers les recommandations du Livre du courtisan de Baldassare Castiglione, publi\u00e9 en 1528. Dimanche 23 juin, 17h, Ch\u00e2teau Saint-Denis. <a href=\"http:\/\/www.montrealbaroque.com\/index.php?vMenu=335|375\" target=\"_blank\" rel=\"noopener\">D\u00c9TAILS<\/a>.<\/p>\n<p>&nbsp;<\/p>\n<h2>LIRE AUSSI :<\/h2>\n<p>&nbsp;<\/p>\n<blockquote class=\"wp-embedded-content\" data-secret=\"nDEGf2wsTY\"><p><a href=\"https:\/\/www.ludwig-van.com\/montreal\/2019\/05\/08\/mois-des-cordes-devenir-luthier-en-2019-entre-tradition-et-modernite\/\">MOIS DES CORDES  | Devenir luthier en 2019 : entre tradition et modernit\u00e9<\/a><\/p><\/blockquote>\n<p><iframe class=\"wp-embedded-content\" sandbox=\"allow-scripts\" security=\"restricted\" style=\"position: absolute; clip: rect(1px, 1px, 1px, 1px);\" src=\"https:\/\/www.ludwig-van.com\/montreal\/2019\/05\/08\/mois-des-cordes-devenir-luthier-en-2019-entre-tradition-et-modernite\/embed\/#?secret=nDEGf2wsTY\" data-secret=\"nDEGf2wsTY\" width=\"600\" height=\"338\" title=\"\u00ab\u00a0MOIS DES CORDES  | Devenir luthier en 2019 : entre tradition et modernit\u00e9\u00a0\u00bb &#8212; Ludwig Van Montreal\" frameborder=\"0\" marginwidth=\"0\" marginheight=\"0\" scrolling=\"no\"><\/iframe><\/p>\n<p>&nbsp;<\/p>\n<p>&nbsp;<\/p>\n<p>&nbsp;<\/p>\n<p>&nbsp;<\/p>\n","protected":false},"excerpt":{"rendered":"<p>Vous aimez le baroque, l&rsquo;op\u00e9rette, la chanson qu\u00e9b\u00e9coise, la musique au cin\u00e9ma, la musique m\u00e9ditative? Pas de probl\u00e8me, on a toutes les recommandations qu&rsquo;il vous faut!<\/p>\n","protected":false},"author":55,"featured_media":57017,"comment_status":"open","ping_status":"open","sticky":false,"template":"","format":"standard","meta":{"om_disable_all_campaigns":false,"jetpack_post_was_ever_published":false},"categories":[28802,10994],"tags":[28789,32044,11882,32041,32043,2047,32040,32042,4765,32046,2521,22121,32047,32045],"yst_prominent_words":[21255,14078,32027,32031,32039,32032,32029,32025,32022,32037,23707,26015,32026,32030,32023,32038,23697,22115,32028,32024],"acf":[],"jetpack_featured_media_url":"https:\/\/www.ludwig-van.com\/montreal\/wp-content\/uploads\/sites\/3\/2018\/04\/PIERRE_LAPOINTE_PRESSE-0467_FINALE_CrC\u0327ditJohn-Londono_2019-4-10_11.jpg","jetpack_sharing_enabled":true,"jetpack_shortlink":"https:\/\/wp.me\/p9bdYt-fAD","amp_enabled":true,"_links":{"self":[{"href":"https:\/\/www.ludwig-van.com\/montreal\/wp-json\/wp\/v2\/posts\/59931"}],"collection":[{"href":"https:\/\/www.ludwig-van.com\/montreal\/wp-json\/wp\/v2\/posts"}],"about":[{"href":"https:\/\/www.ludwig-van.com\/montreal\/wp-json\/wp\/v2\/types\/post"}],"author":[{"embeddable":true,"href":"https:\/\/www.ludwig-van.com\/montreal\/wp-json\/wp\/v2\/users\/55"}],"replies":[{"embeddable":true,"href":"https:\/\/www.ludwig-van.com\/montreal\/wp-json\/wp\/v2\/comments?post=59931"}],"version-history":[{"count":10,"href":"https:\/\/www.ludwig-van.com\/montreal\/wp-json\/wp\/v2\/posts\/59931\/revisions"}],"predecessor-version":[{"id":60728,"href":"https:\/\/www.ludwig-van.com\/montreal\/wp-json\/wp\/v2\/posts\/59931\/revisions\/60728"}],"wp:featuredmedia":[{"embeddable":true,"href":"https:\/\/www.ludwig-van.com\/montreal\/wp-json\/wp\/v2\/media\/57017"}],"wp:attachment":[{"href":"https:\/\/www.ludwig-van.com\/montreal\/wp-json\/wp\/v2\/media?parent=59931"}],"wp:term":[{"taxonomy":"category","embeddable":true,"href":"https:\/\/www.ludwig-van.com\/montreal\/wp-json\/wp\/v2\/categories?post=59931"},{"taxonomy":"post_tag","embeddable":true,"href":"https:\/\/www.ludwig-van.com\/montreal\/wp-json\/wp\/v2\/tags?post=59931"},{"taxonomy":"yst_prominent_words","embeddable":true,"href":"https:\/\/www.ludwig-van.com\/montreal\/wp-json\/wp\/v2\/yst_prominent_words?post=59931"}],"curies":[{"name":"wp","href":"https:\/\/api.w.org\/{rel}","templated":true}]}}