{"id":59876,"date":"2019-06-10T14:57:36","date_gmt":"2019-06-10T18:57:36","guid":{"rendered":"https:\/\/www.ludwig-van.com\/montreal\/?p=59876"},"modified":"2019-10-05T00:16:31","modified_gmt":"2019-10-05T04:16:31","slug":"choix-de-redaction-cinq-evenements-classiques-importants-a-noter-a-agenda-cette-semaine","status":"publish","type":"post","link":"https:\/\/www.ludwig-van.com\/montreal\/2019\/06\/10\/choix-de-redaction-cinq-evenements-classiques-importants-a-noter-a-agenda-cette-semaine\/","title":{"rendered":"CHOIX DE LA R\u00c9DACTION  | Les \u00e9v\u00e9nements classiques importants \u00e0 noter \u00e0 votre agenda cette semaine"},"content":{"rendered":"<figure id=\"attachment_51567\" aria-describedby=\"caption-attachment-51567\" style=\"width: 896px\" class=\"wp-caption aligncenter\"><img decoding=\"async\" loading=\"lazy\" class=\"size-full wp-image-51567\" src=\"https:\/\/www.ludwig-van.com\/montreal\/wp-content\/uploads\/sites\/3\/2018\/02\/beethoven-1024x576-ok.jpg\" alt=\"L'\u00e9v\u00e9nement Beethoven 32 se d\u00e9roulera \u00e0 la salle Georges-Codling du March\u00e9 des Arts Desjardins, \u00e0 Sorel-Tracy.\" width=\"896\" height=\"504\" srcset=\"https:\/\/www.ludwig-van.com\/montreal\/wp-content\/uploads\/sites\/3\/2018\/02\/beethoven-1024x576-ok.jpg 896w, https:\/\/www.ludwig-van.com\/montreal\/wp-content\/uploads\/sites\/3\/2018\/02\/beethoven-1024x576-ok-300x169.jpg 300w, https:\/\/www.ludwig-van.com\/montreal\/wp-content\/uploads\/sites\/3\/2018\/02\/beethoven-1024x576-ok-768x432.jpg 768w\" sizes=\"(max-width: 896px) 100vw, 896px\" \/><figcaption id=\"caption-attachment-51567\" class=\"wp-caption-text\">Le Festival de musique de chambre de Montr\u00e9al se d\u00e9roule cette ann\u00e9e sous le th\u00e8me \u00ab\u00a0Beethoven chez nous\u00a0\u00bb.<\/figcaption><\/figure>\n<p>La musique classique ne prend jamais de vacances. La preuve: cette semaine, vous avez encore l&#8217;embarras du choix parmi une foule d&rsquo;activit\u00e9s. Voici nos suggestions de la semaine, du 10 au 16 juin.<\/p>\n<h2>Festival de musique de chambre de Montr\u00e9al: nos choix<\/h2>\n<p><strong>L&rsquo;int\u00e9grale des Sonates pour piano et violon de Beethoven par James Ehnes<\/strong> est un \u00e9v\u00e9nement \u00e0 ne pas manquer. Il les jouera en compagnie du pianiste Andrew Armstrong, du 13 au 15 juin \u00e0 la salle Bourgie. <a href=\"http:\/\/festivalmontreal.org\/james-ehnes-2019?language=fr_FR\" target=\"_blank\" rel=\"noopener\">D\u00c9TAILS ET BILLETS<\/a><\/p>\n<p><a href=\"https:\/\/www.ludwig-van.com\/montreal\/2019\/06\/07\/sous-la-loupe-les-sonates-pour-violon-et-piano-de-beethoven-selon-james-ehnes\/\" target=\"_blank\" rel=\"noopener\">LIRE NOTRE ENTRETIEN AVEC JAMES EHNES<\/a><\/p>\n<p><strong>\u00ab Tcha\u00efkovski, je vous aime \u00bb \u2013 Hommage \u00e0 Albert Millaire<\/strong><\/p>\n<p>Le com\u00e9dien et metteur en sc\u00e8ne qu\u00e9b\u00e9cois Albert Millaire (1935-2018) fera l\u2019objet d\u2019un hommage lors du concert de cl\u00f4ture du Festival. \u00ab Tcha\u00efkovski, je vous aime \u00bb donnera l\u2019occasion de r\u00e9entendre un texte que le Festival avait command\u00e9 \u00e0 Albert Millaire en 2011. Cette reconstitution d\u2019extraits de la correspondance entre Tcha\u00efkovski et sa m\u00e9c\u00e8ne Nadezhda von Meck est une synth\u00e8se de mots et de musique pr\u00e9sent\u00e9e en fran\u00e7ais et en anglais par les com\u00e9diens qu\u00e9b\u00e9cois tels que Jean Marchand, Monique Miller, Fr\u00e9d\u00e9ric Millaire Zouvi et St\u00e9phanie Germain. Les jeunes laur\u00e9ats du Concours 2018 de la Banque d\u2019instruments de musique du Conseil des arts du Canada, sous la direction du violoniste canadien Martin Beaver joueront le Concerto pour quatre violons de Vivaldi, la <em>Grosse Fuge<\/em> de Beethoven et la <em>S\u00e9r\u00e9nade pour cordes<\/em> de Tcha\u00efkovski.\u00a0<strong>Dimanche 16 juin, 15 h 30 Salle Bourgie <\/strong><a href=\"http:\/\/festivalmontreal.org\/event-display\/event:70\/-Tchakovski-je-vous-aime--Hommage--Albert-Millaire\" target=\"_blank\" rel=\"noopener\">D\u00c9TAILS ET BILLETS<\/a><\/p>\n<p><strong>Les Symphonies de Beethoven au piano<\/strong><\/p>\n<p>Le Festival pr\u00e9sente une int\u00e9grale des symphonies de Beethoven&#8230;au piano, dans les transcriptions de Franz Liszt, par diff\u00e9rents pianistes (Alexander Ullman, Jocelyn Lai, Carlos Avila, Richard Raymond, Wonny Song et David Jalbert), en trois concerts, du 12 au 15 juin, 17 h, salle Bourgie. <a href=\"http:\/\/festivalmontreal.org\/beethoven-liszt\" target=\"_blank\" rel=\"noopener\">D\u00c9TAILS ET BILLETS<\/a><\/p>\n<p><strong>Concerts gratuits: jeunes artistes BMO<\/strong><\/p>\n<p>Du 11 au 15 juin, \u00e0 midi, des r\u00e9citals gratuits avec \u00ab\u00a0les meilleurs artistes classiques de moins de 30 ans\u00a0\u00bb. On pourra entendre Bruno Tobon (violoncelle), Alexander Ullman (piano), Amy Hillis (violon), Christine Bouey (violon),\u00a0Carissa Klopoushak (violon), Cameron Crozman (violoncelle) et\u00a0Byungchan Lee (violon). Du 11 au 15 juin, midi, salle Bourgie. <a href=\"http:\/\/festivalmontreal.org\/activitsgratuites\" target=\"_blank\" rel=\"noopener\">D\u00c9TAILS ET BILLETS<\/a><\/p>\n<p><a href=\"http:\/\/festivalmontreal.org\/\" target=\"_blank\" rel=\"noopener\">VOIR TOUTE LA PROGRAMMATION DU FESTIVAL DE MUSIQUE DE CHAMBRE DE MONTR\u00c9AL<\/a><\/p>\n<p>&nbsp;<\/p>\n<figure id=\"attachment_48759\" aria-describedby=\"caption-attachment-48759\" style=\"width: 1024px\" class=\"wp-caption aligncenter\"><img decoding=\"async\" loading=\"lazy\" class=\"size-full wp-image-48759\" src=\"https:\/\/www.ludwig-van.com\/montreal\/wp-content\/uploads\/sites\/3\/2017\/10\/Stephane_Tetreault_credit_Luc_Robitaille_web.jpg\" alt=\"St\u00e9phane T\u00e9treault, violoncelliste. (Cr\u00e9dit: Luc Robitaille)\" width=\"1024\" height=\"769\" srcset=\"https:\/\/www.ludwig-van.com\/montreal\/wp-content\/uploads\/sites\/3\/2017\/10\/Stephane_Tetreault_credit_Luc_Robitaille_web.jpg 1024w, https:\/\/www.ludwig-van.com\/montreal\/wp-content\/uploads\/sites\/3\/2017\/10\/Stephane_Tetreault_credit_Luc_Robitaille_web-300x225.jpg 300w, https:\/\/www.ludwig-van.com\/montreal\/wp-content\/uploads\/sites\/3\/2017\/10\/Stephane_Tetreault_credit_Luc_Robitaille_web-768x577.jpg 768w\" sizes=\"(max-width: 1024px) 100vw, 1024px\" \/><figcaption id=\"caption-attachment-48759\" class=\"wp-caption-text\">St\u00e9phane T\u00e9treault, violoncelliste. (Cr\u00e9dit: Luc Robitaille)<\/figcaption><\/figure>\n<h2>Le Festival Classica se poursuit<\/h2>\n<p>Le Festival Classica poursuit ses activit\u00e9s jusqu&rsquo;au 16 juin. Cette semaine aura lieu le 3e r\u00e9cital-concours de m\u00e9lodies fran\u00e7aises, qui offrira cette ann\u00e9e aux laur\u00e9ats 40 000 $ en bourses. C&rsquo;est une occasion d&rsquo;entendre la cr\u00e8me des chanteurs, avec 10 demi-finalistes. Le 14 juin, 19 h, et le 16 juin, 16 h, Paroisse catholique de Saint-Lambert. <a href=\"https:\/\/www.facebook.com\/events\/2255738144660434\/\" target=\"_blank\" rel=\"noopener\">VOIR LA PAGE FACEBOOK DE L&rsquo;\u00c9V\u00c9NEMENT.\u00a0<\/a><\/p>\n<p><strong>L&rsquo;OM au Festival<\/strong><\/p>\n<p>Demain soir, l&rsquo;Orchestre M\u00e9tropolitain, sous la direction d&rsquo;Alain Trudel, re\u00e7oit le violoncelliste St\u00e9phane T\u00e9treault et le pianiste Jean-Philippe Sylvestre. Au programme, des \u0153uvres de Berlioz, Jacques Offenbach et Albert Roussel, ainsi que le Concerto pour piano no 2 du compositeur qu\u00e9b\u00e9cois Jacques H\u00e9tu. Mardi 11 juin, 19 h, Paroisse Our Lady of the Annunciation,\u00a01020, boul. Laird, Ville de Mont-Royal. <a href=\"https:\/\/app.beavertix.com\/fr\/billetterie\/achat-de-billet\/1034\/3912\/WEB\/MXQ\" target=\"_blank\" rel=\"noopener\">D\u00c9TAILS ET BILLETS<\/a><\/p>\n<p><a href=\"https:\/\/www.festivalclassica.com\/programme\" target=\"_blank\" rel=\"noopener\">VOIR TOUTE LA PROGRAMMATION DU FESTIVAL CLASSICA<\/a><\/p>\n<p>&nbsp;<\/p>\n<figure id=\"attachment_54935\" aria-describedby=\"caption-attachment-54935\" style=\"width: 1024px\" class=\"wp-caption aligncenter\"><img decoding=\"async\" loading=\"lazy\" class=\"size-full wp-image-54935\" src=\"https:\/\/www.ludwig-van.com\/montreal\/wp-content\/uploads\/sites\/3\/2018\/06\/NEM_Lorraine_Vaillancourt_CREDIT_Bernard-Pre\u0301fontaine-refaite.jpg\" alt=\"Lorraine Vaillancourt. (Cr\u00e9dit: Bernard Pr\u00e9fontaine).\" width=\"1024\" height=\"683\" srcset=\"https:\/\/www.ludwig-van.com\/montreal\/wp-content\/uploads\/sites\/3\/2018\/06\/NEM_Lorraine_Vaillancourt_CREDIT_Bernard-Pre\u0301fontaine-refaite.jpg 1024w, https:\/\/www.ludwig-van.com\/montreal\/wp-content\/uploads\/sites\/3\/2018\/06\/NEM_Lorraine_Vaillancourt_CREDIT_Bernard-Pre\u0301fontaine-refaite-300x200.jpg 300w, https:\/\/www.ludwig-van.com\/montreal\/wp-content\/uploads\/sites\/3\/2018\/06\/NEM_Lorraine_Vaillancourt_CREDIT_Bernard-Pre\u0301fontaine-refaite-768x512.jpg 768w\" sizes=\"(max-width: 1024px) 100vw, 1024px\" \/><figcaption id=\"caption-attachment-54935\" class=\"wp-caption-text\">Lorraine Vaillancourt. (Cr\u00e9dit: Bernard Pr\u00e9fontaine).<\/figcaption><\/figure>\n<h2>Maestro Tango au NEM<\/h2>\n<p><em>Maestro Tango<\/em>, le nouveau conte musical du talentueux <strong>Denis Plante<\/strong> est pr\u00e9sent\u00e9e par le Nouvel Ensemble Moderne, mercredi soir. Une fable qui se d\u00e9roule dans l&rsquo;univers du tango argentin. Il s&rsquo;agit d&rsquo;un spectacle b\u00e9n\u00e9fice pour le NEM. <strong>Mercredi 12 juin, 19 h 30, salle Claude-Champagne<\/strong>. <a href=\"https:\/\/www.ludwig-van.com\/montreal\/event\/nem-spectacle-benefice-2019\/\" target=\"_blank\" rel=\"noopener\">D\u00c9TAILS<\/a><\/p>\n<p>lI est \u00e0 noter que Denis Plante jouera \u00e9galement ce dimanche, \u00e0 l&rsquo;<strong>Oratoire Saint-Joseph-du-Mont-Royal,<\/strong> avec Vincent Boucher \u00e0 l&rsquo;orgue, \u00e0 15 h 30.<\/p>\n<p>&nbsp;<\/p>\n<figure id=\"attachment_55010\" aria-describedby=\"caption-attachment-55010\" style=\"width: 1024px\" class=\"wp-caption aligncenter\"><img decoding=\"async\" loading=\"lazy\" class=\"size-full wp-image-55010\" src=\"https:\/\/www.ludwig-van.com\/montreal\/wp-content\/uploads\/sites\/3\/2018\/06\/enfant-musicoth\u00e9rapie.jpg\" alt=\"Gr\u00e2ce \u00e0 la musique, l'enfant reprend le contr\u00f4le et la maitrise de lui-m\u00eame dans cet univers qu\u2019il c\u00f4toie quotidiennement et qui peut \u00eatre tr\u00e8s anxiog\u00e8ne et m\u00eame douloureux. (Photo: banque d'images)\" width=\"1024\" height=\"682\" srcset=\"https:\/\/www.ludwig-van.com\/montreal\/wp-content\/uploads\/sites\/3\/2018\/06\/enfant-musicoth\u00e9rapie.jpg 1024w, https:\/\/www.ludwig-van.com\/montreal\/wp-content\/uploads\/sites\/3\/2018\/06\/enfant-musicoth\u00e9rapie-300x200.jpg 300w, https:\/\/www.ludwig-van.com\/montreal\/wp-content\/uploads\/sites\/3\/2018\/06\/enfant-musicoth\u00e9rapie-768x512.jpg 768w\" sizes=\"(max-width: 1024px) 100vw, 1024px\" \/><figcaption id=\"caption-attachment-55010\" class=\"wp-caption-text\">(Photo: banque d&rsquo;images)<\/figcaption><\/figure>\n<h2>Pour l&rsquo;amour des enfants<\/h2>\n<p>L&rsquo;Orchestre symphonique de Laval pr\u00e9sente le concert <em>Pour l&rsquo;amour des enfants<\/em> au b\u00e9n\u00e9fice du CHU Sainte-Justine, avec plusieurs ch\u0153urs r\u00e9unis. Sous la direction de Sylvain Cook. Au programme: <em>Carmina Burana<\/em>. <strong>Le 15 juin, 20 h, \u00e9glise Saint-Jean-Baptiste. <\/strong><a href=\"https:\/\/www.ludwig-van.com\/montreal\/event\/orchestre-symphonique-de-laval-lamour-enfants\/\" target=\"_blank\" rel=\"noopener\">D\u00c9TAILS<\/a><\/p>\n<p>&nbsp;<\/p>\n<h2>LIRE AUSSI:<\/h2>\n<blockquote class=\"wp-embedded-content\" data-secret=\"1RuMh2bdod\"><p><a href=\"https:\/\/www.ludwig-van.com\/montreal\/2018\/06\/25\/dossiers-musicotherapie-a-sainte-justine-rendre-maladie-plus-supportable\/\">DOSSIERS | Musicoth\u00e9rapie \u00e0 Sainte-Justine: rendre la maladie plus supportable<\/a><\/p><\/blockquote>\n<p><iframe class=\"wp-embedded-content\" sandbox=\"allow-scripts\" security=\"restricted\" style=\"position: absolute; clip: rect(1px, 1px, 1px, 1px);\" src=\"https:\/\/www.ludwig-van.com\/montreal\/2018\/06\/25\/dossiers-musicotherapie-a-sainte-justine-rendre-maladie-plus-supportable\/embed\/#?secret=1RuMh2bdod\" data-secret=\"1RuMh2bdod\" width=\"600\" height=\"338\" title=\"\u00ab\u00a0DOSSIERS | Musicoth\u00e9rapie \u00e0 Sainte-Justine: rendre la maladie plus supportable\u00a0\u00bb &#8212; Ludwig Van Montreal\" frameborder=\"0\" marginwidth=\"0\" marginheight=\"0\" scrolling=\"no\"><\/iframe><\/p>\n<p>&nbsp;<\/p>\n<p>&nbsp;<\/p>\n<p>&nbsp;<\/p>\n","protected":false},"excerpt":{"rendered":"<p>La musique classique ne prend jamais de vacances. La preuve: cette semaine, vous avez encore l&#8217;embarras du choix parmi une foule d&rsquo;activit\u00e9s. Voici nos suggestions de la semaine, du 10 au 16 juin. Festival de musique de chambre de Montr\u00e9al: nos choix L&rsquo;int\u00e9grale des Sonates pour piano et violon de Beethoven par James Ehnes est [&hellip;]<\/p>\n","protected":false},"author":51,"featured_media":59878,"comment_status":"open","ping_status":"open","sticky":false,"template":"","format":"standard","meta":{"om_disable_all_campaigns":false,"jetpack_post_was_ever_published":false},"categories":[28802,10994],"tags":[19920,21189,2521,13571],"yst_prominent_words":[30902,19985,21184,21135,13705,29168,31965,21188,26052,21187,21185,9877,13123,19913,12698,21186,9956,21568,31964,24917],"acf":[],"jetpack_featured_media_url":"https:\/\/www.ludwig-van.com\/montreal\/wp-content\/uploads\/sites\/3\/2019\/06\/Beethoven-cover-WEB.jpg","jetpack_sharing_enabled":true,"jetpack_shortlink":"https:\/\/wp.me\/p9bdYt-fzK","amp_enabled":true,"_links":{"self":[{"href":"https:\/\/www.ludwig-van.com\/montreal\/wp-json\/wp\/v2\/posts\/59876"}],"collection":[{"href":"https:\/\/www.ludwig-van.com\/montreal\/wp-json\/wp\/v2\/posts"}],"about":[{"href":"https:\/\/www.ludwig-van.com\/montreal\/wp-json\/wp\/v2\/types\/post"}],"author":[{"embeddable":true,"href":"https:\/\/www.ludwig-van.com\/montreal\/wp-json\/wp\/v2\/users\/51"}],"replies":[{"embeddable":true,"href":"https:\/\/www.ludwig-van.com\/montreal\/wp-json\/wp\/v2\/comments?post=59876"}],"version-history":[{"count":3,"href":"https:\/\/www.ludwig-van.com\/montreal\/wp-json\/wp\/v2\/posts\/59876\/revisions"}],"predecessor-version":[{"id":59880,"href":"https:\/\/www.ludwig-van.com\/montreal\/wp-json\/wp\/v2\/posts\/59876\/revisions\/59880"}],"wp:featuredmedia":[{"embeddable":true,"href":"https:\/\/www.ludwig-van.com\/montreal\/wp-json\/wp\/v2\/media\/59878"}],"wp:attachment":[{"href":"https:\/\/www.ludwig-van.com\/montreal\/wp-json\/wp\/v2\/media?parent=59876"}],"wp:term":[{"taxonomy":"category","embeddable":true,"href":"https:\/\/www.ludwig-van.com\/montreal\/wp-json\/wp\/v2\/categories?post=59876"},{"taxonomy":"post_tag","embeddable":true,"href":"https:\/\/www.ludwig-van.com\/montreal\/wp-json\/wp\/v2\/tags?post=59876"},{"taxonomy":"yst_prominent_words","embeddable":true,"href":"https:\/\/www.ludwig-van.com\/montreal\/wp-json\/wp\/v2\/yst_prominent_words?post=59876"}],"curies":[{"name":"wp","href":"https:\/\/api.w.org\/{rel}","templated":true}]}}