{"id":59819,"date":"2019-06-03T13:29:15","date_gmt":"2019-06-03T17:29:15","guid":{"rendered":"https:\/\/www.ludwig-van.com\/montreal\/?p=59819"},"modified":"2019-06-03T13:31:03","modified_gmt":"2019-06-03T17:31:03","slug":"choix-de-la-redaction-x-concerts-pour-garder-la-musique-classique-dans-sa-vie-en-ce-debut-dete","status":"publish","type":"post","link":"https:\/\/www.ludwig-van.com\/montreal\/2019\/06\/03\/choix-de-la-redaction-x-concerts-pour-garder-la-musique-classique-dans-sa-vie-en-ce-debut-dete\/","title":{"rendered":"CHOIX DE LA R\u00c9DACTION  | Huit concerts pour garder la musique classique dans nos vies en ce d\u00e9but d&rsquo;\u00e9t\u00e9"},"content":{"rendered":"<figure id=\"attachment_59823\" aria-describedby=\"caption-attachment-59823\" style=\"width: 712px\" class=\"wp-caption aligncenter\"><img decoding=\"async\" loading=\"lazy\" class=\"size-full wp-image-59823\" src=\"https:\/\/www.ludwig-van.com\/montreal\/wp-content\/uploads\/sites\/3\/2019\/06\/Choix-r\u00e9daction-8-avril-2-1.jpg\" alt=\"\" width=\"712\" height=\"400\" srcset=\"https:\/\/www.ludwig-van.com\/montreal\/wp-content\/uploads\/sites\/3\/2019\/06\/Choix-r\u00e9daction-8-avril-2-1.jpg 712w, https:\/\/www.ludwig-van.com\/montreal\/wp-content\/uploads\/sites\/3\/2019\/06\/Choix-r\u00e9daction-8-avril-2-1-300x169.jpg 300w\" sizes=\"(max-width: 712px) 100vw, 712px\" \/><figcaption id=\"caption-attachment-59823\" class=\"wp-caption-text\">De gauche \u00e0 droite: Alexander Shelley, Dmitry Sitkovetsky, Dominique Labelle, Gregory Charles.<\/figcaption><\/figure>\n<p>La musique classique ne fait pas rel\u00e2che cette semaine: bien au contraire! Le <strong>Festival de musique de chambre de Montr\u00e9al<\/strong> commence vendredi, tandis que le <strong>Festival Classica<\/strong> et le <strong>Concours musical international<\/strong> se poursuivent. Soulignons \u00e9galement la pr\u00e9sence de Vincent Dugois, l&rsquo;un des organistes titulaires de Notre-Dame de Paris, \u00e0 l&rsquo;Oratoire Saint-Joseph. <strong>Voici nos choix pour une semaine musicale bien remplie, du 3 au 9 juin 2019.<\/strong><\/p>\n<p>&nbsp;<\/p>\n<figure id=\"attachment_59822\" aria-describedby=\"caption-attachment-59822\" style=\"width: 1024px\" class=\"wp-caption aligncenter\"><img decoding=\"async\" loading=\"lazy\" class=\"size-full wp-image-59822\" src=\"https:\/\/www.ludwig-van.com\/montreal\/wp-content\/uploads\/sites\/3\/2019\/06\/Dmitry-Sitkovetsky-WEB.jpg\" alt=\"Dmitry Sitkovetsky\" width=\"1024\" height=\"1033\" srcset=\"https:\/\/www.ludwig-van.com\/montreal\/wp-content\/uploads\/sites\/3\/2019\/06\/Dmitry-Sitkovetsky-WEB.jpg 1024w, https:\/\/www.ludwig-van.com\/montreal\/wp-content\/uploads\/sites\/3\/2019\/06\/Dmitry-Sitkovetsky-WEB-150x150.jpg 150w, https:\/\/www.ludwig-van.com\/montreal\/wp-content\/uploads\/sites\/3\/2019\/06\/Dmitry-Sitkovetsky-WEB-297x300.jpg 297w, https:\/\/www.ludwig-van.com\/montreal\/wp-content\/uploads\/sites\/3\/2019\/06\/Dmitry-Sitkovetsky-WEB-768x775.jpg 768w, https:\/\/www.ludwig-van.com\/montreal\/wp-content\/uploads\/sites\/3\/2019\/06\/Dmitry-Sitkovetsky-WEB-1015x1024.jpg 1015w\" sizes=\"(max-width: 1024px) 100vw, 1024px\" \/><figcaption id=\"caption-attachment-59822\" class=\"wp-caption-text\">Le violoniste Dmitry Sitkovetsky est l&rsquo;auteur de la transcription pour trio \u00e0 cordes des Variations Goldberg. (Photo: courtoisie)<\/figcaption><\/figure>\n<h2>CMIM: <em>Bach tout Bach<\/em> et la grande finale en deux soirs<\/h2>\n<p>La Maison symphonique sera monopolis\u00e9e trois soirs de suite par le <a href=\"https:\/\/concoursmontreal.ca\/fr\/nos-concours\/violon\/finale\/\" target=\"_blank\" rel=\"noopener\">Concours musical international de Montr\u00e9al<\/a>, cette semaine.<\/p>\n<h3><strong>Bach tout Bach<\/strong><\/h3>\n<p>Oeuvre-culte par excellence, les Variations Goldberg de Jean-S\u00e9bastien Bach sont ici interpr\u00e9t\u00e9es dans une version pour trio \u00e0 cordes avec nul autre que <strong>Dmitry\u00a0 Sitkovetsky<\/strong>, auteur de la transcription pour trio \u00e0 cordes, en compagnie de l\u2019altiste <strong>Kim Kashkashian<\/strong> et du violoncelliste <strong>Matt Haimovitz<\/strong>. La violoniste japonaise <strong>Ayana Tsuji<\/strong>, grande laur\u00e9ate du CMIM en 2016, participera \u00e9galement \u00e0 la soir\u00e9e. <strong>Ce soir, 3 juin, 19 h 30, Maison symphonique. <\/strong><a href=\"https:\/\/placedesarts.com\/fr\/evenement\/bach-tout-bach-fondation-concours-musical-international-de-montr\u00e9al\" target=\"_blank\" rel=\"noopener\">BILLETS\u00a0<\/a><\/p>\n<h3>Finale 1: Bartok, Sibelius et Chostakovitch<\/h3>\n<p>Si vous aimez les concertos pour violon qui ont du caract\u00e8re, vous serez g\u00e2t\u00e9s en cette premi\u00e8re soir\u00e9e de finale du CMIM, avec les concertos de Bartok (le 2e), Sibelius et Chostakovitch (le 1er). Les finalistes\u00a0<strong>Elli Choi<\/strong> (\u00c9tats-Unis),\u00a0<strong>Christine Lim<\/strong> (\u00c9tats-Unis\/Cor\u00e9e du Sud) et\u00a0<strong>Hao Zhou<\/strong> (\u00c9tats-Unis) vont les feront entendre avec l&rsquo;Orchestre symphonique de Montr\u00e9al sous la direction de l&rsquo;excellent chef <strong>Alexander Shelley. Mardi 4 juin, 19 h 30, Maison symphonique. <\/strong><a href=\"https:\/\/placedesarts.com\/fr\/evenement\/finale-1-concours-musical-international-de-montr\u00e9al\" target=\"_blank\" rel=\"noopener\">BILLETS<\/a><\/p>\n<h3>Finale 2: Prokofiev, Sibelius et Brahms<\/h3>\n<p>Les v\u00e9ritables passionn\u00e9s de violon qui assistent aux deux concerts de la finale pourront ici comparer deux interpr\u00e9tation du Concerto de Sibelius, puisqu&rsquo;il est de nouveau pr\u00e9sent\u00e9 par un finaliste. Mercredi soir, on pourra aussi entendre le Concerto no 2 de Prokofiev et celui de Brahms. Avec\u00a0<strong>Anna Lee<\/strong> (\u00c9tats-Unis\/Cor\u00e9e du Sud),\u00a0<strong>Fumika Mohri<\/strong> (Japon\/Allemagne) et\u00a0<strong>Johanna Pichlmair<\/strong> (Autriche). <strong>Mercredi 5 juin, 19 h 30, Maison symphonique.\u00a0<\/strong><a href=\"https:\/\/placedesarts.com\/fr\/evenement\/finale-2-concours-musical-international-de-montr\u00e9al\" target=\"_blank\" rel=\"noopener\">BILLETS<\/a><\/p>\n<p><strong>Vous voulez savoir de quel bois ces violonistes se chauffent? Lisez les excellents compte-rendus de notre collaboratrice, B\u00e9atrice Cadrin.<\/strong><\/p>\n<p><a href=\"https:\/\/www.ludwig-van.com\/montreal\/2019\/06\/02\/cmim-demi-finale-compte-rendu-dune-premiere-journee-palpitante-a-salle-bourgie\/\" target=\"_blank\" rel=\"noopener\">LIRE LE COMPTE-RENDU DE LA PREMI\u00c8RE DEMI-FINALE<\/a><\/p>\n<p><a href=\"https:\/\/www.ludwig-van.com\/montreal\/2019\/06\/03\/cmim-journee-de-recitals-epoustouflants-demi-finale-cmim-annonce-finalistes\/\" target=\"_blank\" rel=\"noopener\">LIRE COMPTE-RENDU DE LA SECONDE DEMI-FINALE<\/a><\/p>\n<p>&nbsp;<\/p>\n<p>&nbsp;<\/p>\n<figure id=\"attachment_56881\" aria-describedby=\"caption-attachment-56881\" style=\"width: 1024px\" class=\"wp-caption aligncenter\"><img decoding=\"async\" loading=\"lazy\" class=\"size-full wp-image-56881\" src=\"https:\/\/www.ludwig-van.com\/montreal\/wp-content\/uploads\/sites\/3\/2018\/04\/gregory-charles-c-Orford.jpg\" alt=\"Gregory Charles\" width=\"1024\" height=\"560\" srcset=\"https:\/\/www.ludwig-van.com\/montreal\/wp-content\/uploads\/sites\/3\/2018\/04\/gregory-charles-c-Orford.jpg 1024w, https:\/\/www.ludwig-van.com\/montreal\/wp-content\/uploads\/sites\/3\/2018\/04\/gregory-charles-c-Orford-300x164.jpg 300w, https:\/\/www.ludwig-van.com\/montreal\/wp-content\/uploads\/sites\/3\/2018\/04\/gregory-charles-c-Orford-768x420.jpg 768w\" sizes=\"(max-width: 1024px) 100vw, 1024px\" \/><figcaption id=\"caption-attachment-56881\" class=\"wp-caption-text\">Gregory Charles propose son nouveau spectacle solo \u00ab\u00a0L&rsquo;Air du temps\u00a0\u00bb en premi\u00e8re montr\u00e9alaise ce vendredi, 7 juin. (Photo: courtoisie)<\/figcaption><\/figure>\n<h2>FMCM: Gregory Charles et <em>L&rsquo;Air du temps<\/em><\/h2>\n<p><strong>Gregory Charles<\/strong> ouvre le <a href=\"http:\/\/festivalmontreal.org\/\" target=\"_blank\" rel=\"noopener\">Festival de musique de chambre de Montr\u00e9al <\/a>avec son nouveau spectacle solo intitul\u00e9 <a href=\"http:\/\/festivalmontreal.org\/event-display\/event:58\/THE-PHENOMENAL-GREGORY-CHARLES--LAIR-DU-TEMPS--?language=fr_FR\" target=\"_blank\" rel=\"noopener\">\u00ab\u00a0L&rsquo;Air du temps\u00a0\u00bb <\/a>en premi\u00e8re montr\u00e9alaise, qui \u00ab\u00a0propose un retour bilingue sur les 250 derni\u00e8res ann\u00e9es de la musique occidentale, du Baroque au hip-hop et de la R\u00e9volution fran\u00e7aise \u00e0 la r\u00e9volution num\u00e9rique.\u00a0\u00bb <strong>Vendredi 7 juin, 20 h, salle Pollack.<\/strong> <a href=\"http:\/\/festivalmontreal.org\/event-display\/event:58\/THE-PHENOMENAL-GREGORY-CHARLES--LAIR-DU-TEMPS--?language=fr_FR\" target=\"_blank\" rel=\"noopener\">D\u00c9TAILS<\/a><\/p>\n<p>&nbsp;<\/p>\n<figure id=\"attachment_47861\" aria-describedby=\"caption-attachment-47861\" style=\"width: 1024px\" class=\"wp-caption aligncenter\"><img decoding=\"async\" loading=\"lazy\" class=\"size-full wp-image-47861\" src=\"https:\/\/www.ludwig-van.com\/montreal\/wp-content\/uploads\/sites\/3\/2017\/09\/Oratoire-soire\u0301e-_Samuel-Martin-1.jpg\" alt=\"Petits chanteurs pour un concert traditionnel de No\u00ebl. (Cr\u00e9dit photo: Samuel Martin)\" width=\"1024\" height=\"678\" srcset=\"https:\/\/www.ludwig-van.com\/montreal\/wp-content\/uploads\/sites\/3\/2017\/09\/Oratoire-soire\u0301e-_Samuel-Martin-1.jpg 1024w, https:\/\/www.ludwig-van.com\/montreal\/wp-content\/uploads\/sites\/3\/2017\/09\/Oratoire-soire\u0301e-_Samuel-Martin-1-300x199.jpg 300w, https:\/\/www.ludwig-van.com\/montreal\/wp-content\/uploads\/sites\/3\/2017\/09\/Oratoire-soire\u0301e-_Samuel-Martin-1-768x509.jpg 768w\" sizes=\"(max-width: 1024px) 100vw, 1024px\" \/><figcaption id=\"caption-attachment-47861\" class=\"wp-caption-text\">Oratoire Saint-Joseph (Cr\u00e9dit : Samuel Martin)<\/figcaption><\/figure>\n<h2>Vincent Dubois, organiste de Notre-Dame-de-Paris<\/h2>\n<p>Dimanche, l&rsquo;Oratoire accueillera l&rsquo;organiste <strong>Vincent Dubois<\/strong>, l&rsquo;un des trois titulaires des orgues de la Cath\u00e9drale Notre-Dame de Paris, et l&rsquo;accord\u00e9oniste <strong>Marie-Andr\u00e9e Joerger<\/strong> dans un programme consacr\u00e9 \u00e0 des oeuvres de Faur\u00e9, Galliano, Escaich et Piazzolla. Dimanche 9 juin prochain \u00e0 15 h 30, Oratoire Saint-Joseph-du-Mont-Royal. Entr\u00e9e libre, contribution volontaire. Programme:<\/p>\n<p>Gabriel Faur\u00e9 Suite Dolly, op. 56<br \/>\n(1845-1924)<\/p>\n<p>Richard Galliano Opale Concerto<br \/>\n(1950*)<\/p>\n<p>Thierry Escaich Pr\u00e9lude et Fugue pour accord\u00e9on solo<br \/>\n(1965*)<\/p>\n<p>Astor Piazzolla La muerte del Angel<br \/>\n(1921-1992)<\/p>\n<p>Vincent Dubois, orgue<br \/>\nMarie-Andr\u00e9e Joerger, accord\u00e9on<\/p>\n<p>&nbsp;<\/p>\n<figure id=\"attachment_56270\" aria-describedby=\"caption-attachment-56270\" style=\"width: 1024px\" class=\"wp-caption aligncenter\"><img decoding=\"async\" loading=\"lazy\" class=\"size-full wp-image-56270\" src=\"https:\/\/www.ludwig-van.com\/montreal\/wp-content\/uploads\/sites\/3\/2017\/09\/MCO-Franc\u0327ois-Dompierre.jpg\" alt=\"Franc\u0327ois Dompierre\" width=\"1024\" height=\"731\" srcset=\"https:\/\/www.ludwig-van.com\/montreal\/wp-content\/uploads\/sites\/3\/2017\/09\/MCO-Franc\u0327ois-Dompierre.jpg 1024w, https:\/\/www.ludwig-van.com\/montreal\/wp-content\/uploads\/sites\/3\/2017\/09\/MCO-Franc\u0327ois-Dompierre-300x214.jpg 300w, https:\/\/www.ludwig-van.com\/montreal\/wp-content\/uploads\/sites\/3\/2017\/09\/MCO-Franc\u0327ois-Dompierre-768x548.jpg 768w\" sizes=\"(max-width: 1024px) 100vw, 1024px\" \/><figcaption id=\"caption-attachment-56270\" class=\"wp-caption-text\">Fran\u00e7ois Dompierre, compositeur (Photo: courtoisie)<\/figcaption><\/figure>\n<h2>Festival Classica: encore plusieurs concerts cette semaine<\/h2>\n<p>Le <a href=\"https:\/\/www.festivalclassica.com\/programme\" target=\"_blank\" rel=\"noopener\">Festival Classica <\/a>se poursuit jusqu&rsquo;au 16 juin sous le th\u00e8me \u00ab\u00a0De Berlioz aux Bee Gees\u00a0\u00bb. Cette semaine, encore sept concerts sont pr\u00e9vus.<\/p>\n<p><strong>Nos recommandations:\u00a0<\/strong><\/p>\n<p>Les <em>Requiem<\/em> de Faur\u00e9 et de Durufl\u00e9 avec La Petite Bande de Montr\u00e9al. <strong>Mardi 4 juin, 19 h, \u00e9glise Sainte-Famille, Boucherville <\/strong><a href=\"https:\/\/www.festivalclassica.com\/programme\" target=\"_blank\" rel=\"noopener\">D\u00c9TAILS<\/a><\/p>\n<p><em>Dompierre en cin\u00e9mascope<\/em>, avec <strong>Fran\u00e7ois Dompierre<\/strong> et l&rsquo;Orchestre classique de Montr\u00e9al. Pianiste invit\u00e9e: Louise Bessette. Ce programme tr\u00e8s agr\u00e9able mettant en valeur la musique de Fran\u00e7ois Dompierre avait \u00e9t\u00e9 pr\u00e9sent\u00e9 \u00e0 la salle Bourgie l&rsquo;automne dernier. <a href=\"https:\/\/www.ludwig-van.com\/montreal\/2018\/09\/24\/critique-orchestre-de-chambre-mcgill-visage-humain-de-musique\/\" target=\"_blank\" rel=\"noopener\">LIRE NOTRE CRITIQUE<\/a>.\u00a0 <strong>Jeudi 6 juin, 19 h, Paroisse St-Constant. <\/strong><a href=\"https:\/\/www.festivalclassica.com\/programme\" target=\"_blank\" rel=\"noopener\">D\u00c9TAILS<\/a><\/p>\n<p><a href=\"https:\/\/www.festivalclassica.com\/programme\" target=\"_blank\" rel=\"noopener\">VOIR TOUS LES CONCERTS DE CLASSICA CETTE SEMAINE.\u00a0<\/a><\/p>\n<p>&nbsp;<\/p>\n<figure id=\"attachment_50828\" aria-describedby=\"caption-attachment-50828\" style=\"width: 1024px\" class=\"wp-caption aligncenter\"><img decoding=\"async\" loading=\"lazy\" class=\"size-full wp-image-50828\" src=\"https:\/\/www.ludwig-van.com\/montreal\/wp-content\/uploads\/sites\/3\/2018\/01\/LaBelle-Dominique-photo-Lino-Alvarez-full.jpg\" alt=\"Dominique LaBelle\" width=\"1024\" height=\"1542\" srcset=\"https:\/\/www.ludwig-van.com\/montreal\/wp-content\/uploads\/sites\/3\/2018\/01\/LaBelle-Dominique-photo-Lino-Alvarez-full.jpg 1024w, https:\/\/www.ludwig-van.com\/montreal\/wp-content\/uploads\/sites\/3\/2018\/01\/LaBelle-Dominique-photo-Lino-Alvarez-full-199x300.jpg 199w, https:\/\/www.ludwig-van.com\/montreal\/wp-content\/uploads\/sites\/3\/2018\/01\/LaBelle-Dominique-photo-Lino-Alvarez-full-768x1157.jpg 768w, https:\/\/www.ludwig-van.com\/montreal\/wp-content\/uploads\/sites\/3\/2018\/01\/LaBelle-Dominique-photo-Lino-Alvarez-full-680x1024.jpg 680w\" sizes=\"(max-width: 1024px) 100vw, 1024px\" \/><figcaption id=\"caption-attachment-50828\" class=\"wp-caption-text\">Dominique Labelle, soprano. (Cr\u00e9dit: Lino Alvarez)<\/figcaption><\/figure>\n<h2>Amour sans retour &#8211; Autour de la fl\u00fbte<\/h2>\n<p><a href=\"https:\/\/www.ludwig-van.com\/montreal\/directory\/autour-de-flute\/\" target=\"_blank\" rel=\"noopener\">Autour de la fl\u00fbte<\/a> pr\u00e9sente <em>Amour sans retour<\/em>, un programme Schubert avec la soprano montr\u00e9alaise Dominique Labelle, Mika Putterman \u00e0 la fl\u00fbte et Jory Vinikour au pianoforte. <strong>Mercredi 5 juin, 19 h, Chapelle historique du Bon-Pasteur<\/strong>. <a href=\"https:\/\/www.ludwig-van.com\/montreal\/event\/autour-de-flute-amour-retour\/\" target=\"_blank\" rel=\"noopener\">D\u00c9TAILS<\/a><\/p>\n<h2>LIRE AUSSI:<\/h2>\n<blockquote class=\"wp-embedded-content\" data-secret=\"ZlviwIB9me\"><p><a href=\"https:\/\/www.ludwig-van.com\/montreal\/2019\/06\/03\/cmim-journee-de-recitals-epoustouflants-demi-finale-cmim-annonce-finalistes\/\">CMIM  | Autre journ\u00e9e de r\u00e9citals \u00e9poustouflants en demi-finale du CMIM et annonce des finalistes<\/a><\/p><\/blockquote>\n<p><iframe class=\"wp-embedded-content\" sandbox=\"allow-scripts\" security=\"restricted\" style=\"position: absolute; clip: rect(1px, 1px, 1px, 1px);\" src=\"https:\/\/www.ludwig-van.com\/montreal\/2019\/06\/03\/cmim-journee-de-recitals-epoustouflants-demi-finale-cmim-annonce-finalistes\/embed\/#?secret=ZlviwIB9me\" data-secret=\"ZlviwIB9me\" width=\"600\" height=\"338\" title=\"\u00ab\u00a0CMIM  | Autre journ\u00e9e de r\u00e9citals \u00e9poustouflants en demi-finale du CMIM et annonce des finalistes\u00a0\u00bb &#8212; Ludwig Van Montreal\" frameborder=\"0\" marginwidth=\"0\" marginheight=\"0\" scrolling=\"no\"><\/iframe><\/p>\n<p>&nbsp;<\/p>\n<p>&nbsp;<\/p>\n<p>&nbsp;<\/p>\n<p>&nbsp;<\/p>\n<p>&nbsp;<\/p>\n","protected":false},"excerpt":{"rendered":"<p>La musique classique ne fait pas rel\u00e2che cette semaine: bien au contraire! Le Festival de musique de chambre de Montr\u00e9al commence vendredi, tandis que le Festival Classica et le Concours musical international se poursuivent. Soulignons \u00e9galement la pr\u00e9sence de Vincent Dugois, l&rsquo;un des organistes titulaires de Notre-Dame de Paris, \u00e0 l&rsquo;Oratoire Saint-Joseph. Voici nos choix pour une semaine musicale bien remplie, du 3 au 9 juin 2019.<\/p>\n","protected":false},"author":51,"featured_media":59823,"comment_status":"open","ping_status":"open","sticky":false,"template":"","format":"standard","meta":{"om_disable_all_campaigns":false,"jetpack_post_was_ever_published":false},"categories":[28802,10994,1],"tags":[28789,4839],"yst_prominent_words":[9878,9863,16845,18022,11450,31859,31855,31862,11449,11448,31858,19914,19913,22709,31857,31851,31854,31853,31861,31860],"acf":[],"jetpack_featured_media_url":"https:\/\/www.ludwig-van.com\/montreal\/wp-content\/uploads\/sites\/3\/2019\/06\/Choix-r\u00e9daction-8-avril-2-1.jpg","jetpack_sharing_enabled":true,"jetpack_shortlink":"https:\/\/wp.me\/p9bdYt-fyP","amp_enabled":true,"_links":{"self":[{"href":"https:\/\/www.ludwig-van.com\/montreal\/wp-json\/wp\/v2\/posts\/59819"}],"collection":[{"href":"https:\/\/www.ludwig-van.com\/montreal\/wp-json\/wp\/v2\/posts"}],"about":[{"href":"https:\/\/www.ludwig-van.com\/montreal\/wp-json\/wp\/v2\/types\/post"}],"author":[{"embeddable":true,"href":"https:\/\/www.ludwig-van.com\/montreal\/wp-json\/wp\/v2\/users\/51"}],"replies":[{"embeddable":true,"href":"https:\/\/www.ludwig-van.com\/montreal\/wp-json\/wp\/v2\/comments?post=59819"}],"version-history":[{"count":6,"href":"https:\/\/www.ludwig-van.com\/montreal\/wp-json\/wp\/v2\/posts\/59819\/revisions"}],"predecessor-version":[{"id":59828,"href":"https:\/\/www.ludwig-van.com\/montreal\/wp-json\/wp\/v2\/posts\/59819\/revisions\/59828"}],"wp:featuredmedia":[{"embeddable":true,"href":"https:\/\/www.ludwig-van.com\/montreal\/wp-json\/wp\/v2\/media\/59823"}],"wp:attachment":[{"href":"https:\/\/www.ludwig-van.com\/montreal\/wp-json\/wp\/v2\/media?parent=59819"}],"wp:term":[{"taxonomy":"category","embeddable":true,"href":"https:\/\/www.ludwig-van.com\/montreal\/wp-json\/wp\/v2\/categories?post=59819"},{"taxonomy":"post_tag","embeddable":true,"href":"https:\/\/www.ludwig-van.com\/montreal\/wp-json\/wp\/v2\/tags?post=59819"},{"taxonomy":"yst_prominent_words","embeddable":true,"href":"https:\/\/www.ludwig-van.com\/montreal\/wp-json\/wp\/v2\/yst_prominent_words?post=59819"}],"curies":[{"name":"wp","href":"https:\/\/api.w.org\/{rel}","templated":true}]}}