{"id":59806,"date":"2019-06-02T10:50:07","date_gmt":"2019-06-02T14:50:07","guid":{"rendered":"https:\/\/www.ludwig-van.com\/montreal\/?p=59806"},"modified":"2019-06-02T10:50:07","modified_gmt":"2019-06-02T14:50:07","slug":"cmim-demi-finale-compte-rendu-dune-premiere-journee-palpitante-a-salle-bourgie","status":"publish","type":"post","link":"https:\/\/www.ludwig-van.com\/montreal\/2019\/06\/02\/cmim-demi-finale-compte-rendu-dune-premiere-journee-palpitante-a-salle-bourgie\/","title":{"rendered":"CMIM | Demi-finale: compte-rendu d&rsquo;une premi\u00e8re journ\u00e9e palpitante \u00e0 la salle Bourgie"},"content":{"rendered":"<figure id=\"attachment_59807\" aria-describedby=\"caption-attachment-59807\" style=\"width: 1020px\" class=\"wp-caption aligncenter\"><img decoding=\"async\" loading=\"lazy\" class=\"size-full wp-image-59807\" src=\"https:\/\/www.ludwig-van.com\/montreal\/wp-content\/uploads\/sites\/3\/2019\/06\/Leonard-Fu-CMIM-WEB.jpg\" alt=\"\" width=\"1020\" height=\"565\" srcset=\"https:\/\/www.ludwig-van.com\/montreal\/wp-content\/uploads\/sites\/3\/2019\/06\/Leonard-Fu-CMIM-WEB.jpg 1020w, https:\/\/www.ludwig-van.com\/montreal\/wp-content\/uploads\/sites\/3\/2019\/06\/Leonard-Fu-CMIM-WEB-300x166.jpg 300w, https:\/\/www.ludwig-van.com\/montreal\/wp-content\/uploads\/sites\/3\/2019\/06\/Leonard-Fu-CMIM-WEB-768x425.jpg 768w\" sizes=\"(max-width: 1020px) 100vw, 1020px\" \/><figcaption id=\"caption-attachment-59807\" class=\"wp-caption-text\">13 : 18 Hochformat<\/figcaption><\/figure>\n<p>Encore une grosse journ\u00e9e samedi au <a href=\"https:\/\/concoursmontreal.ca\/fr\/nos-concerts-et-evenements\/programmation\/\" target=\"_blank\" rel=\"noopener\">Concours musical international de Montr\u00e9al<\/a>, alors que nous entendions six des douze candidats retenus en demi-finale. Pour cette deuxi\u00e8me \u00e9preuve, les candidats doivent pr\u00e9senter un r\u00e9cital d\u2019une heure, jumel\u00e9s en blocs de deux heures.<\/p>\n<p>La journ\u00e9e a commenc\u00e9 avec <strong>Leonard Fu<\/strong>, que je n\u2019avais pas eu la chance d\u2019entendre en premi\u00e8re ronde. J\u2019en avais cependant \u00e9cout\u00e9 un extrait en ligne qui m\u2019avait fait impression favorable. Celle-ci ne s\u2019est pas d\u00e9mentie en personne : il joue avec une intelligence sensible et raffin\u00e9e, appuy\u00e9e sur un contr\u00f4le technique presque sans faille. Je suis particuli\u00e8rement impressionn\u00e9e par sa fa\u00e7on de doser les doubles-cordes, prenant soin de faire ressortir la note la plus importante. Un peu curieusement, ce sont les deux Romances de Schumann qui m\u2019ont marqu\u00e9e, par la noble d\u00e9licatesse avec laquelle il les a transmises.<\/p>\n<p>La candidate suivante, Youjin Lee, a commenc\u00e9 par la sonate de Janacek, ce qui contribuait \u00e0 mettre en lumi\u00e8re la diff\u00e9rence d\u2019attitude entre son intensit\u00e9 passionn\u00e9e et l\u2019\u00e9l\u00e9gance pos\u00e9e de Fu, qui l\u2019avait pr\u00e9c\u00e9d\u00e9e dans la m\u00eame \u0153uvre. Cette intensit\u00e9 \u00e9tait par moments pouss\u00e9e trop loin, r\u00e9sultant en un son un peu aigre dans l\u2019aigu et forc\u00e9 sur les graves. Elle a sembl\u00e9 gagner en aisance au fur et \u00e0 mesure de sa prestation, livrant un Divertimento de Stravinsky dans lequel elle prenait plaisir \u00e0 faire ressortir les aspects burlesques.<\/p>\n<h2>APR\u00c8S-MIDI<\/h2>\n<p>Toute jeune, Elli Choi surprend par la maturit\u00e9 de son jeu. Un archet ample et libre lui permet de passer de sonorit\u00e9s incisives dans une sonate de Schubert au son diaphane appropri\u00e9 dans celle de Faur\u00e9. Malheureusement, cela ne lui permettait pas toujours de bien se d\u00e9marquer du piano, qui \u00e9tait un peu trop fort : il aurait \u00e9t\u00e9 souhaitable \u00e0 mon avis de n\u2019ouvrir le couvercle qu\u2019avec la petite queue plut\u00f4t qu\u2019au complet. Elle a conclu sa prestation par une \u0153uvre solo, une suite de variations virtuoses sur le chant irlandais \u00ab The Last Rose of Summer \u00bb, qu\u2019elle a jou\u00e9e avec aplomb.<\/p>\n<p>De la prestation de Christine Lim, je retiens la Deuxi\u00e8me Sonate de Prokofiev, qui lui convenait particuli\u00e8rement bien. En d\u00e9but de programme, elle avait pr\u00e9sent\u00e9 une sonate de Mozart bien rendue, mais qui ne se d\u00e9marquait pas au niveau de l\u2019interpr\u00e9tation.<\/p>\n<h2>SOIR\u00c9E<\/h2>\n<p>Apr\u00e8s autant de musique, ma concentration commen\u00e7ait \u00e0 vaciller : heureusement, les candidats de la soir\u00e9e allaient s\u2019occuper de la raviver.<\/p>\n<p>Le Chinois Lun Li a une commande admirable de toutes les possibilit\u00e9s de l\u2019archet, et s\u2019en sert avec un sens musical ravissant. Je salue son utilisation du flautando dans la sonate de Debussy, permettant d\u2019offrir une interpr\u00e9tation renouvel\u00e9e de cette \u0153uvre entendue d\u00e9j\u00e0 quelques fois au cours de la journ\u00e9e. Sa prestation avait commenc\u00e9 par les Quatre pi\u00e8ces, opus 7 de Webern, qu\u2019il a encha\u00een\u00e9es sans interruption avec la Sonate de Mozart en mi mineur, un choix intrigant. Dans l\u2019ensemble, Li a livr\u00e9 une prestation remarquable, et je ne douterais pas de le voir avancer en finale, ne serait-ce de quelques mini-accrocs \u00e0 peine perceptibles.<\/p>\n<p>Hao Zhou, dernier candidat de la journ\u00e9e, a transport\u00e9 l\u2019auditrice fatigu\u00e9e que j\u2019\u00e9tais par des moments de grande musique. Cela a commenc\u00e9 \u00e0 se faire sentir dans le deuxi\u00e8me mouvement de la sonate en la majeur de Mozart, par une phrase ou deux qui se d\u00e9tachent des autres. De tels moments de gr\u00e2ce se sont multipli\u00e9s dans la sonate de Franck, surtout dans le troisi\u00e8me mouvement, d\u2019une grande beaut\u00e9. Sa faiblesse se situe malheureusement dans un son souvent forc\u00e9, \u00e9teignant les vibrations naturelles du violon.<\/p>\n<h2>STAND ALONE<\/h2>\n<p>Apr\u00e8s avoir entendu six prestations de l\u2019\u0153uvre canadienne impos\u00e9e, une cr\u00e9ation, je ne peux que relever \u00e0 quel point elles \u00e9taient toutes diff\u00e9rentes. Impossible pour moi de dire laquelle \u00e9tait la plus juste, la mieux interpr\u00e9t\u00e9e. L\u2019\u0153uvre elle-m\u00eame s\u2019\u00e9coute bien et est \u00e9crite dans un langage idiomatique pour l\u2019instrument. J\u2019aurai des commentaires plus profonds \u00e0 vous livrer \u00e0 son sujet apr\u00e8s l\u2019\u00e9preuve d\u2019aujourd\u2019hui, qui me permettra de l\u2019entendre de nouveau\u2026six fois.<\/p>\n<h2>LIRE AUSSI:<\/h2>\n<blockquote class=\"wp-embedded-content\" data-secret=\"GK352dk4eH\"><p><a href=\"https:\/\/www.ludwig-van.com\/montreal\/2019\/05\/24\/cmim-guide-pratique-ne-rien-manquer-concours-musical-international-de-montreal-violon-2019\/\">CMIM   |  Guide pratique pour ne rien manquer au Concours musical international de Montr\u00e9al &#8211; Violon 2019<\/a><\/p><\/blockquote>\n<p><iframe class=\"wp-embedded-content\" sandbox=\"allow-scripts\" security=\"restricted\" style=\"position: absolute; clip: rect(1px, 1px, 1px, 1px);\" src=\"https:\/\/www.ludwig-van.com\/montreal\/2019\/05\/24\/cmim-guide-pratique-ne-rien-manquer-concours-musical-international-de-montreal-violon-2019\/embed\/#?secret=GK352dk4eH\" data-secret=\"GK352dk4eH\" width=\"600\" height=\"338\" title=\"\u00ab\u00a0CMIM   |  Guide pratique pour ne rien manquer au Concours musical international de Montr\u00e9al &#8211; Violon 2019\u00a0\u00bb &#8212; Ludwig Van Montreal\" frameborder=\"0\" marginwidth=\"0\" marginheight=\"0\" scrolling=\"no\"><\/iframe><\/p>\n<p>&nbsp;<\/p>\n","protected":false},"excerpt":{"rendered":"<p>Encore une grosse journ\u00e9e samedi au Concours musical international de Montr\u00e9al, alors que nous entendions six des douze candidats retenus en demi-finale. Pour cette deuxi\u00e8me \u00e9preuve, les candidats doivent pr\u00e9senter un r\u00e9cital d\u2019une heure, jumel\u00e9s en blocs de deux heures.<\/p>\n","protected":false},"author":55,"featured_media":59807,"comment_status":"open","ping_status":"open","sticky":false,"template":"","format":"standard","meta":{"om_disable_all_campaigns":false,"jetpack_post_was_ever_published":false},"categories":[28802,52],"tags":[28789,4839],"yst_prominent_words":[10980,19377,20911,14641,31795,31797,11153,31799,31798,10638,11275,7859,6735,9811,12828,17920,31796,11685,10059,31794],"acf":[],"jetpack_featured_media_url":"https:\/\/www.ludwig-van.com\/montreal\/wp-content\/uploads\/sites\/3\/2019\/06\/Leonard-Fu-CMIM-WEB.jpg","jetpack_sharing_enabled":true,"jetpack_shortlink":"https:\/\/wp.me\/p9bdYt-fyC","amp_enabled":true,"_links":{"self":[{"href":"https:\/\/www.ludwig-van.com\/montreal\/wp-json\/wp\/v2\/posts\/59806"}],"collection":[{"href":"https:\/\/www.ludwig-van.com\/montreal\/wp-json\/wp\/v2\/posts"}],"about":[{"href":"https:\/\/www.ludwig-van.com\/montreal\/wp-json\/wp\/v2\/types\/post"}],"author":[{"embeddable":true,"href":"https:\/\/www.ludwig-van.com\/montreal\/wp-json\/wp\/v2\/users\/55"}],"replies":[{"embeddable":true,"href":"https:\/\/www.ludwig-van.com\/montreal\/wp-json\/wp\/v2\/comments?post=59806"}],"version-history":[{"count":3,"href":"https:\/\/www.ludwig-van.com\/montreal\/wp-json\/wp\/v2\/posts\/59806\/revisions"}],"predecessor-version":[{"id":59810,"href":"https:\/\/www.ludwig-van.com\/montreal\/wp-json\/wp\/v2\/posts\/59806\/revisions\/59810"}],"wp:featuredmedia":[{"embeddable":true,"href":"https:\/\/www.ludwig-van.com\/montreal\/wp-json\/wp\/v2\/media\/59807"}],"wp:attachment":[{"href":"https:\/\/www.ludwig-van.com\/montreal\/wp-json\/wp\/v2\/media?parent=59806"}],"wp:term":[{"taxonomy":"category","embeddable":true,"href":"https:\/\/www.ludwig-van.com\/montreal\/wp-json\/wp\/v2\/categories?post=59806"},{"taxonomy":"post_tag","embeddable":true,"href":"https:\/\/www.ludwig-van.com\/montreal\/wp-json\/wp\/v2\/tags?post=59806"},{"taxonomy":"yst_prominent_words","embeddable":true,"href":"https:\/\/www.ludwig-van.com\/montreal\/wp-json\/wp\/v2\/yst_prominent_words?post=59806"}],"curies":[{"name":"wp","href":"https:\/\/api.w.org\/{rel}","templated":true}]}}