{"id":59774,"date":"2019-05-27T18:16:42","date_gmt":"2019-05-27T22:16:42","guid":{"rendered":"https:\/\/www.ludwig-van.com\/montreal\/?p=59774"},"modified":"2019-05-27T18:16:42","modified_gmt":"2019-05-27T22:16:42","slug":"choix-de-redaction-cmim-festival-classica-nos-suggestions-grosse-semaine-de-musique-classique","status":"publish","type":"post","link":"https:\/\/www.ludwig-van.com\/montreal\/2019\/05\/27\/choix-de-redaction-cmim-festival-classica-nos-suggestions-grosse-semaine-de-musique-classique\/","title":{"rendered":"CHOIX DE LA R\u00c9DACTION  | CMIM, Festival Classica et les autres: nos suggestions pour une grosse, grosse semaine de musique classique!"},"content":{"rendered":"<figure id=\"attachment_59458\" aria-describedby=\"caption-attachment-59458\" style=\"width: 900px\" class=\"wp-caption aligncenter\"><img decoding=\"async\" loading=\"lazy\" class=\"size-full wp-image-59458\" src=\"https:\/\/www.ludwig-van.com\/montreal\/wp-content\/uploads\/sites\/3\/2019\/04\/Classica-stage.jpg\" alt=\"Classica\" width=\"900\" height=\"600\" srcset=\"https:\/\/www.ludwig-van.com\/montreal\/wp-content\/uploads\/sites\/3\/2019\/04\/Classica-stage.jpg 900w, https:\/\/www.ludwig-van.com\/montreal\/wp-content\/uploads\/sites\/3\/2019\/04\/Classica-stage-300x200.jpg 300w, https:\/\/www.ludwig-van.com\/montreal\/wp-content\/uploads\/sites\/3\/2019\/04\/Classica-stage-768x512.jpg 768w\" sizes=\"(max-width: 900px) 100vw, 900px\" \/><figcaption id=\"caption-attachment-59458\" class=\"wp-caption-text\">Chaque \u00e9t\u00e9, l&rsquo;\u00e9v\u00e9nement rock symphonique de Classica attire une foule importante. (Photo: courtoisie de Classica)<\/figcaption><\/figure>\n<p>Cette semaine, il y aura \u00e9norm\u00e9ment d&rsquo;action dans le merveilleux monde de la musique classique avec un nombre sans doute record d&rsquo;\u00e9v\u00e9nements en m\u00eame temps. Tandis que le <a href=\"https:\/\/concoursmontreal.ca\/fr\/\" target=\"_blank\" rel=\"noopener\">Concours musical international de Montr\u00e9al<\/a> battra son plein, le <a href=\"https:\/\/www.festivalclassica.com\/\" target=\"_blank\" rel=\"noopener\">Festival Classica<\/a> tournera aussi \u00e0 plein r\u00e9gime. Sans compter qu&rsquo;en dehors de ces \u00e9v\u00e9nements majeurs, une foule d&rsquo;autres concerts sont \u00e9videmment pr\u00e9vus. Voici nos suggestions <strong>du 27 mai au 2 juin.\u00a0<\/strong><\/p>\n<p>&nbsp;<\/p>\n<figure id=\"attachment_59242\" aria-describedby=\"caption-attachment-59242\" style=\"width: 1024px\" class=\"wp-caption aligncenter\"><img decoding=\"async\" loading=\"lazy\" class=\"size-full wp-image-59242\" src=\"https:\/\/www.ludwig-van.com\/montreal\/wp-content\/uploads\/sites\/3\/2019\/03\/emrik-revermann-WEB.jpg\" alt=\"Emrik Revermann, 10 ans, participera \u00e0 la vitrine Mini Violini du CMIM. (Photo: courtoisie du CMIM)\" width=\"1024\" height=\"682\" srcset=\"https:\/\/www.ludwig-van.com\/montreal\/wp-content\/uploads\/sites\/3\/2019\/03\/emrik-revermann-WEB.jpg 1024w, https:\/\/www.ludwig-van.com\/montreal\/wp-content\/uploads\/sites\/3\/2019\/03\/emrik-revermann-WEB-300x200.jpg 300w, https:\/\/www.ludwig-van.com\/montreal\/wp-content\/uploads\/sites\/3\/2019\/03\/emrik-revermann-WEB-768x512.jpg 768w\" sizes=\"(max-width: 1024px) 100vw, 1024px\" \/><figcaption id=\"caption-attachment-59242\" class=\"wp-caption-text\">Emrik Revermann, 10 ans, participera \u00e0 la vitrine Mini Violini du CMIM. (Photo: courtoisie du CMIM)<\/figcaption><\/figure>\n<h2>CMIM: suivez notre guide<\/h2>\n<p>Le <a href=\"https:\/\/concoursmontreal.ca\/fr\/\" target=\"_blank\" rel=\"noopener\">Concours musical international de Montr\u00e9al <\/a>se d\u00e9roule \u00e0 partir d&rsquo;aujourd&rsquo;hui, jusqu&rsquo;au 5 juin. On pourra entendre les <a href=\"https:\/\/concoursmontreal.ca\/fr\/mini-violini\/\" target=\"_blank\" rel=\"noopener\">Mini Violin<\/a>i, des jeunes surdou\u00e9s de 10 \u00e0 14 ans sp\u00e9cialement invit\u00e9s pour l&rsquo;occasion, ce soir (27 mai) et demain soir (28 mai), salle Bourgie; les <a href=\"https:\/\/concoursmontreal.ca\/fr\/nos-concours\/violon\/premiere-epreuve\/\" target=\"_blank\" rel=\"noopener\">\u00e9preuves du premier tour \u00e0 la salle Bourgie<\/a> les 29 et 30 mai, et les cours de ma\u00eetre avec Pavel Vernikov et Pierre Amoyal, les 28 et 31 mai. Le 31, deux documentaires seront projet\u00e9s au cin\u00e9ma du Mus\u00e9e des beaux-arts. Pour \u00eatre certain de ne rien manquer du CMIM, <a href=\"https:\/\/www.ludwig-van.com\/montreal\/2019\/05\/24\/cmim-guide-pratique-ne-rien-manquer-concours-musical-international-de-montreal-violon-2019\/\" target=\"_blank\" rel=\"noopener\">consultez notre guide. <\/a>Notre collaboratrice, <a href=\"https:\/\/www.ludwig-van.com\/montreal\/author\/beatricecadrin\/\" target=\"_blank\" rel=\"noopener\">B\u00e9atrice Cadrin<\/a>, elle-m\u00eame altiste et professeure de violon, couvrira les \u00e9preuves du concours. Lisez ses comptes-rendus quotidiens sur <strong>Ludwig van Montr\u00e9al!!!\u00a0<\/strong><\/p>\n<p>&nbsp;<\/p>\n<figure id=\"attachment_58768\" aria-describedby=\"caption-attachment-58768\" style=\"width: 1024px\" class=\"wp-caption aligncenter\"><img decoding=\"async\" loading=\"lazy\" class=\"size-full wp-image-58768\" src=\"https:\/\/www.ludwig-van.com\/montreal\/wp-content\/uploads\/sites\/3\/2019\/02\/Pascal-Amoyel-pianiste.jpg\" alt=\"Pascal Amoyel\" width=\"1024\" height=\"682\" srcset=\"https:\/\/www.ludwig-van.com\/montreal\/wp-content\/uploads\/sites\/3\/2019\/02\/Pascal-Amoyel-pianiste.jpg 1024w, https:\/\/www.ludwig-van.com\/montreal\/wp-content\/uploads\/sites\/3\/2019\/02\/Pascal-Amoyel-pianiste-300x200.jpg 300w, https:\/\/www.ludwig-van.com\/montreal\/wp-content\/uploads\/sites\/3\/2019\/02\/Pascal-Amoyel-pianiste-768x512.jpg 768w\" sizes=\"(max-width: 1024px) 100vw, 1024px\" \/><figcaption id=\"caption-attachment-58768\" class=\"wp-caption-text\">Pascal Amoyel, pianiste, sera au Festival Classica pour son nouveau spectacle, <em>Le Jour o\u00f9 j&rsquo;ai rencontr\u00e9 Franz Liszt<\/em>. (Photo: courtoisie de la salle Bourgie)<\/figcaption><\/figure>\n<h2>Festival Classica: nos recommandations<\/h2>\n<p>Le <a href=\"https:\/\/www.festivalclassica.com\/programme\" target=\"_blank\" rel=\"noopener\">Festival Classica <\/a>entre cette semaine dans sa phase tr\u00e8s intense, avec plus de 40 concerts d&rsquo;ici au 2 juin. \u00c9videmment, il y aura <a href=\"https:\/\/www.ludwig-van.com\/montreal\/2019\/04\/19\/nouvelle-saturday-night-fever-version-rock-symphonique-festival-classica-juin\/\" target=\"_blank\" rel=\"noopener\">Saturday Night Fever<\/a>, et des favoris du public comme Natalie Choquette et Marc Hervieux. On trouvera aussi de nombreuses perles <a href=\"https:\/\/www.festivalclassica.com\/\" target=\"_blank\" rel=\"noopener\">parmi les concerts en salle. <\/a><\/p>\n<h3><strong>Concerts en salle: nos choix\u00a0<\/strong><\/h3>\n<p><em><strong>Tous les matins du monde<\/strong><\/em> &#8211; avec Margaret Little, M\u00e9lisande Corriveau, Sylvain Bergeron et Eric Milnes. La musique du film d&rsquo;Alain Corneau, par les compositeurs Marin Marais,\u00a0Fran\u00e7ois Couperin, Jean-Baptiste Lully, Marin Marais et monsieur de Sainte-Colombe. <strong>Le 31 mai, 19 h 30, Saint-Bruno-de-Montarville.\u00a0<\/strong><\/p>\n<p><strong>L&rsquo;Harmonie des saisons<\/strong> &#8211; <em>Les Cit\u00e9s d&rsquo;Or<\/em>. L&rsquo;excellent ensemble vocal et instrumental, propose un concert con\u00e7u autour des musiques des cit\u00e9s coloniales de l\u2019Am\u00e9rique Centrale et du Sud : Las ciudades de oro (Les Cit\u00e9s d\u2019or). Au programme, des \u0153uvres de la Nouvelle-Espagne aux charmes exotiques en compagnie de cinq chanteurs solistes internationaux invit\u00e9s et d\u2019un groupe\u00a0 d\u2019instrumentistes provenant de la Colombie, du Chili, de Cuba, du Canada et des \u00c9tats-Unis, sous la direction musicale du chef et claveciniste new yorkais Eric Milnes. L&rsquo;enregistrement de ce projet, sur \u00e9tiquette ATMA Classique, s&rsquo;est m\u00e9rit\u00e9 un prix JUNO, musique classique vocale, en 2016. <strong>Le 31 mai, 21 h, St. Lambert United Church.\u00a0<\/strong><\/p>\n<p>&nbsp;<\/p>\n<p>&nbsp;<\/p>\n<div class=\"jetpack-video-wrapper\"><span class=\"embed-youtube\" style=\"text-align:center; display: block;\"><iframe loading=\"lazy\" class=\"youtube-player\" width=\"640\" height=\"360\" src=\"https:\/\/www.youtube.com\/embed\/EaLHh3swA1s?version=3&#038;rel=1&#038;showsearch=0&#038;showinfo=1&#038;iv_load_policy=1&#038;fs=1&#038;hl=fr-FR&#038;autohide=2&#038;wmode=transparent\" allowfullscreen=\"true\" style=\"border:0;\" sandbox=\"allow-scripts allow-same-origin allow-popups allow-presentation\"><\/iframe><\/span><\/div>\n<p>&nbsp;<\/p>\n<p><strong>Pascal Amoyel<\/strong> : <em>Le Jour o\u00f9\u00a0 j&rsquo;ai rencontr\u00e9 Franz Liszt<\/em>. J&rsquo;ai \u00e9t\u00e9 franchement \u00e9pat\u00e9e par le r\u00e9cital th\u00e9\u00e2tral pr\u00e9c\u00e9dent de ce pianiste extraordinaire, qui portait sur son ma\u00eetre, Gyorgy Cziffra. Cette fois, Pascal Amoyel nous parle de Franz Liszt, un rendez-vous plus que prometteur<strong>. Le 1er juin, 14 h, Paroisse catholique de Saint-Lambert<\/strong>. Pascal Amoyel donnera \u00e9galement un r\u00e9cital avec sa conjointe, la violoncelliste <strong>Emmanuelle Bertrand<\/strong>, le 2 juin, 13 h, au m\u00eame endroit.<\/p>\n<p>&nbsp;<\/p>\n<figure id=\"attachment_54797\" aria-describedby=\"caption-attachment-54797\" style=\"width: 667px\" class=\"wp-caption aligncenter\"><img decoding=\"async\" loading=\"lazy\" class=\"size-full wp-image-54797\" src=\"https:\/\/www.ludwig-van.com\/montreal\/wp-content\/uploads\/sites\/3\/2018\/06\/Magali-Simard-Galdes-cr-Brent-Calis.jpg\" alt=\"Magali Simard-Gald\u00e8s (Cr\u00e9dit: Brent Calis)\" width=\"667\" height=\"667\" srcset=\"https:\/\/www.ludwig-van.com\/montreal\/wp-content\/uploads\/sites\/3\/2018\/06\/Magali-Simard-Galdes-cr-Brent-Calis.jpg 667w, https:\/\/www.ludwig-van.com\/montreal\/wp-content\/uploads\/sites\/3\/2018\/06\/Magali-Simard-Galdes-cr-Brent-Calis-150x150.jpg 150w, https:\/\/www.ludwig-van.com\/montreal\/wp-content\/uploads\/sites\/3\/2018\/06\/Magali-Simard-Galdes-cr-Brent-Calis-300x300.jpg 300w\" sizes=\"(max-width: 667px) 100vw, 667px\" \/><figcaption id=\"caption-attachment-54797\" class=\"wp-caption-text\">Magali Simard-Gald\u00e8s (Cr\u00e9dit: Brent Calis)<\/figcaption><\/figure>\n<h3>Concerts gratuits: nos choix<\/h3>\n<p><strong>Op\u00e9rette en folie<\/strong>: les plus beaux airs d&rsquo;Offenbach avec Natalie Choquette, Marie-Jos\u00e9e Lord, Florence Bourget, Magali Simard-Gald\u00e8s, Antonio Figueroa, Gino Quilico, Alexandre Da Costa et Dominic Boulianne. <strong>Vendredi 31 mai, 21 h, Sc\u00e8ne Loto-Qu\u00e9bec, Saint-Lambert.<\/strong><\/p>\n<p><strong>Voces de Espa\u00f1a<\/strong>. Musique espagnole avec Les Rugissants, 12 chanteurs professionnels dirig\u00e9s par Xavier Brossard-M\u00e9nard et accompagn\u00e9s \u00e0 la guitare par Jonathan Barriault. Avec danse flamenco (Myriam Allard) et po\u00e9sie de Lorca. Voil\u00e0 qui promet! <strong>Samedi 1er juin, 13 h 15, Sc\u00e8ne Loto-Qu\u00e9bec, Saint-Lambert.\u00a0<\/strong><\/p>\n<p><a href=\"https:\/\/www.festivalclassica.com\/programme\" target=\"_blank\" rel=\"noopener\">VOIR TOUTE LA PROGRAMMATION DU FESTIVAL CLASSICA<\/a><\/p>\n<p>&nbsp;<\/p>\n<p>&nbsp;<\/p>\n<figure id=\"attachment_54915\" aria-describedby=\"caption-attachment-54915\" style=\"width: 1024px\" class=\"wp-caption aligncenter\"><img decoding=\"async\" loading=\"lazy\" class=\"size-full wp-image-54915\" src=\"https:\/\/www.ludwig-van.com\/montreal\/wp-content\/uploads\/sites\/3\/2018\/06\/Kent-Nagano4-refaite.jpg\" alt=\"\" width=\"1024\" height=\"576\" srcset=\"https:\/\/www.ludwig-van.com\/montreal\/wp-content\/uploads\/sites\/3\/2018\/06\/Kent-Nagano4-refaite.jpg 1024w, https:\/\/www.ludwig-van.com\/montreal\/wp-content\/uploads\/sites\/3\/2018\/06\/Kent-Nagano4-refaite-300x169.jpg 300w, https:\/\/www.ludwig-van.com\/montreal\/wp-content\/uploads\/sites\/3\/2018\/06\/Kent-Nagano4-refaite-768x432.jpg 768w\" sizes=\"(max-width: 1024px) 100vw, 1024px\" \/><figcaption id=\"caption-attachment-54915\" class=\"wp-caption-text\">Kent Nagano. (Photo: courtoisie de l&rsquo;OSM)<\/figcaption><\/figure>\n<h2>OSM: la Fantastique avec Nagano<\/h2>\n<p>L&rsquo;Orchestre symphonique de Montr\u00e9al pr\u00e9sente un pilier de son r\u00e9pertoire pour cl\u00f4turer sa saison: la Symphonique fantastique de Berlioz, sous la direction de Kent Nagano, suivie de L\u00e9lio ou le retour \u00e0 la vie, du m\u00eame compositeur. Avec Lambert Wilson, com\u00e9dien, Fr\u00e9d\u00e9ric Antoun, t\u00e9nor, et Dominique C\u00f4t\u00e9, baryton. Trois fois plut\u00f4t qu&rsquo;une: <strong>29 mai, 20 h, 31 mai, 20 h, et 1er juin, 20 h, Maison symphonique. <\/strong><a href=\"https:\/\/www.osm.ca\/fr\/concerts\/hector-berlioz-cloture-la-85e-saison-de-losm\/\" target=\"_blank\" rel=\"noopener\">D\u00c9TAILS<\/a><\/p>\n<p>&nbsp;<\/p>\n<figure id=\"attachment_48663\" aria-describedby=\"caption-attachment-48663\" style=\"width: 1024px\" class=\"wp-caption aligncenter\"><img decoding=\"async\" loading=\"lazy\" class=\"size-full wp-image-48663\" src=\"https:\/\/www.ludwig-van.com\/montreal\/wp-content\/uploads\/sites\/3\/2017\/10\/Karina_Gauvin_CR_Michael_Slobodian.jpg\" alt=\"La soprano Karina Gauvin fera partie du concert soulignant le 75e anniversaire du Conservatoire de musique et d'art dramatique du Qu\u00e9bec. (Cr\u00e9dit: Michael Curleigh)\" width=\"1024\" height=\"680\" srcset=\"https:\/\/www.ludwig-van.com\/montreal\/wp-content\/uploads\/sites\/3\/2017\/10\/Karina_Gauvin_CR_Michael_Slobodian.jpg 1024w, https:\/\/www.ludwig-van.com\/montreal\/wp-content\/uploads\/sites\/3\/2017\/10\/Karina_Gauvin_CR_Michael_Slobodian-300x199.jpg 300w, https:\/\/www.ludwig-van.com\/montreal\/wp-content\/uploads\/sites\/3\/2017\/10\/Karina_Gauvin_CR_Michael_Slobodian-768x510.jpg 768w\" sizes=\"(max-width: 1024px) 100vw, 1024px\" \/><figcaption id=\"caption-attachment-48663\" class=\"wp-caption-text\">La soprano Karina Gauvin. (Cr\u00e9dit: Michael Curleigh)<\/figcaption><\/figure>\n<h2>Qu\u00e9bec: Karina Gauvin \u00e0 l&rsquo;OSQ<\/h2>\n<p>La soprano est l&rsquo;invit\u00e9e de l&rsquo;Orchestre symphonique de Qu\u00e9bec sous la direction de Fabien Gabel, <strong>le 29 mai, 20 h, Grand Th\u00e9\u00e2tre de Qu\u00e9bec.<\/strong> Programme:<\/p>\n<p>Fabien Gabel, chef<br \/>\nKarina Gauvin, soprano<br \/>\nCh\u0153ur de l\u2019Orchestre symphonique de Qu\u00e9bec<br \/>\nRavel \u2013 Sh\u00e9h\u00e9razade, ouverture de f\u00e9\u00e9rie<br \/>\nRavel \u2013 Sh\u00e9h\u00e9razade (pour voix et orchestre)<br \/>\nDebussy \u2013 Suite bergamasque, Clair de lune<br \/>\nFaur\u00e9 \u2013 Psaume 136, \u00ab Super flumina Babylonis \u00bb<br \/>\nSchmitt \u2013 Psaume XLVII, opus 38<\/p>\n<p>&nbsp;<\/p>\n<figure id=\"attachment_59597\" aria-describedby=\"caption-attachment-59597\" style=\"width: 660px\" class=\"wp-caption aligncenter\"><img decoding=\"async\" loading=\"lazy\" class=\"size-full wp-image-59597\" src=\"https:\/\/www.ludwig-van.com\/montreal\/wp-content\/uploads\/sites\/3\/2019\/05\/Paramirabo-Calibrating-Friction.jpg\" alt=\"Paramirabo Calibrating Friction\" width=\"660\" height=\"330\" srcset=\"https:\/\/www.ludwig-van.com\/montreal\/wp-content\/uploads\/sites\/3\/2019\/05\/Paramirabo-Calibrating-Friction.jpg 660w, https:\/\/www.ludwig-van.com\/montreal\/wp-content\/uploads\/sites\/3\/2019\/05\/Paramirabo-Calibrating-Friction-300x150.jpg 300w\" sizes=\"(max-width: 660px) 100vw, 660px\" \/><figcaption id=\"caption-attachment-59597\" class=\"wp-caption-text\">Tim Brady, Ben Reimer et Ensemble Paramirabo. (Photos: courtoisie)<\/figcaption><\/figure>\n<h2>Paramirabo au Vivier: guitare \u00e9lectrique et batterie<\/h2>\n<p>Ce concert regroupe des \u0153uvres inspir\u00e9es du metal d\u2019Harry Stafylakis et Nicholas Omiccioli, une \u0153uvre inspir\u00e9e de la musique populaire indie-pop de la sc\u00e8ne new-yorkaise de Missy Mazzoli ainsi qu\u2019une \u0153uvre inspir\u00e9e de la philosophie du cin\u00e9ma d\u2019horreur sign\u00e9e Nicole Liz\u00e9e. L\u2019ensemble a command\u00e9 pour ce projet un double concerto pour guitare \u00e9lectrique et batterie accompagn\u00e9 d\u2019un ensemble Pierrot de Tim Brady et une cr\u00e9ation de la compositrice torontoise Rose Bolton qui fusionne musique traditionnelle et \u00e9lectronique. <strong>Le 30 mai, 20 h, au Vivier (Le Ges\u00f9).<\/strong> <strong>Programme:\u00a0<\/strong><\/p>\n<p>Tim Brady, guitare \u00e9lectrique<br \/>\nBen Reimer, batterie<br \/>\nJennifer Thiessen, alto<br \/>\nEnsemble Paramirabo (Jeffrey Stonehouse, fl\u00fbtes; Victor Alibert, clarinettes; Genevi\u00e8ve Liboiron, violon; Viviana Gosselin, violoncelle; Daniel \u00c1\u00f1ez, piano; David Therrien-Brongo, percussions)<br \/>\nPROGRAMME<br \/>\nNicole Liz\u00e9e, Music for Body-Without-Organs (2011) fl\u00fbte, clarinette, violon, violoncelle et piano Commande: Ensemble Transmission, avec l\u2019aide du CALQ<br \/>\nMissy Mazzoli, Still Life with Avalanches (2008)<br \/>\nRose Bolton, [titre \u00e0 d\u00e9terminer] (2019) (cr\u00e9ation)<br \/>\nTim Brady, Double Concerto (2019) (cr\u00e9ation)<br \/>\nNicholas Omiccioli, Push \/ Pull (2013-15)<br \/>\nHarry Stafylakis, Calibrating Friction (2016)<\/p>\n<p>&nbsp;<\/p>\n<div class=\"jetpack-video-wrapper\"><span class=\"embed-youtube\" style=\"text-align:center; display: block;\"><iframe loading=\"lazy\" class=\"youtube-player\" width=\"640\" height=\"360\" src=\"https:\/\/www.youtube.com\/embed\/GNm7Uu1bKHo?version=3&#038;rel=1&#038;showsearch=0&#038;showinfo=1&#038;iv_load_policy=1&#038;fs=1&#038;hl=fr-FR&#038;autohide=2&#038;wmode=transparent\" allowfullscreen=\"true\" style=\"border:0;\" sandbox=\"allow-scripts allow-same-origin allow-popups allow-presentation\"><\/iframe><\/span><\/div>\n<p>&nbsp;<\/p>\n<h2>Clavecin en concert re\u00e7oit\u00a0Jory Vinikour<\/h2>\n<p>Clavecin en concert re\u00e7oit le claveciniste am\u00e9ricain r\u00e9put\u00e9\u00a0Jory Vinikour. Des oeuvres de Bach, Handel, Rameau et Jacques Duphly sont au programme.\u00a0 <strong>Le 31 mai, 19 h 30, Chapelle historique du Bon-Pasteur.<\/strong> <a href=\"http:\/\/clavecinenconcert.com\/recital-de-clavecin\/\" target=\"_blank\" rel=\"noopener\">D\u00c9TAILS ET BILLETS<\/a><\/p>\n<p>&nbsp;<\/p>\n<figure id=\"attachment_56676\" aria-describedby=\"caption-attachment-56676\" style=\"width: 1024px\" class=\"wp-caption aligncenter\"><img decoding=\"async\" loading=\"lazy\" class=\"size-full wp-image-56676\" src=\"https:\/\/www.ludwig-van.com\/montreal\/wp-content\/uploads\/sites\/3\/2018\/04\/EnsembleScholastica-2018.2.jpg\" alt=\"Ensemble Scholastica\" width=\"1024\" height=\"585\" srcset=\"https:\/\/www.ludwig-van.com\/montreal\/wp-content\/uploads\/sites\/3\/2018\/04\/EnsembleScholastica-2018.2.jpg 1024w, https:\/\/www.ludwig-van.com\/montreal\/wp-content\/uploads\/sites\/3\/2018\/04\/EnsembleScholastica-2018.2-300x171.jpg 300w, https:\/\/www.ludwig-van.com\/montreal\/wp-content\/uploads\/sites\/3\/2018\/04\/EnsembleScholastica-2018.2-768x439.jpg 768w\" sizes=\"(max-width: 1024px) 100vw, 1024px\" \/><figcaption id=\"caption-attachment-56676\" class=\"wp-caption-text\">L&rsquo;Ensemble Scholastica. (Photo: courtoisie)<\/figcaption><\/figure>\n<h2>Ensemble Scholastica: chants sacr\u00e9s perdus et retrouv\u00e9s<\/h2>\n<p>L&rsquo;Ensemble Scholastica f\u00eate ses 10 ans sous la direction de Pascale Duhamel.\u00a0Dans le cadre de ses activit\u00e9s d\u2019enseignement, Pascale Duhamel a dirig\u00e9 les travaux d\u2019un \u00e9tudiant \u2013 Sylvain Margot \u2013 visant \u00e0 retracer le patrimoine de musique m\u00e9di\u00e9vale sacr\u00e9 du comt\u00e9 m\u00e9di\u00e9val de la Haute-Marche (actuellement le d\u00e9partement de la Creuse). Plusieurs chants in\u00e9dits ont \u00e9t\u00e9 mis au jour dans diff\u00e9rents fragments de manuscrits musicaux. Cet \u00e9v\u00e9nement anniversaire consiste donc en la cr\u00e9ation mondiale de cette musique enti\u00e8rement originale datant d\u2019entre le IXe et le XIIe si\u00e8cle. <strong>Le 1er juin, 19 h, Chapelle Notre-Dame de Bon-Secours.<\/strong> <a href=\"https:\/\/www.ludwig-van.com\/montreal\/event\/ensemble-scholastica-saints-inouis\/\" target=\"_blank\" rel=\"noopener\">D\u00c9TAILS\u00a0<\/a><\/p>\n<p>&nbsp;<\/p>\n<figure id=\"attachment_54524\" aria-describedby=\"caption-attachment-54524\" style=\"width: 1024px\" class=\"wp-caption aligncenter\"><img decoding=\"async\" loading=\"lazy\" class=\"size-full wp-image-54524\" src=\"https:\/\/www.ludwig-van.com\/montreal\/wp-content\/uploads\/sites\/3\/2018\/05\/Quatuor-Bozzini-2-Cre\u0301dit-Michael-Slobodian-1.jpg\" alt=\"Quatuor Bozzini\" width=\"1024\" height=\"683\" srcset=\"https:\/\/www.ludwig-van.com\/montreal\/wp-content\/uploads\/sites\/3\/2018\/05\/Quatuor-Bozzini-2-Cre\u0301dit-Michael-Slobodian-1.jpg 1024w, https:\/\/www.ludwig-van.com\/montreal\/wp-content\/uploads\/sites\/3\/2018\/05\/Quatuor-Bozzini-2-Cre\u0301dit-Michael-Slobodian-1-300x200.jpg 300w, https:\/\/www.ludwig-van.com\/montreal\/wp-content\/uploads\/sites\/3\/2018\/05\/Quatuor-Bozzini-2-Cre\u0301dit-Michael-Slobodian-1-768x512.jpg 768w\" sizes=\"(max-width: 1024px) 100vw, 1024px\" \/><figcaption id=\"caption-attachment-54524\" class=\"wp-caption-text\">Le Quatuor Bozzini. (Photo: Michael Slobodian)<\/figcaption><\/figure>\n<h2>Quatuor Bozzini: voyage th\u00e9\u00e2tral<\/h2>\n<p>UBU, compagnie de cr\u00e9ation, r\u00e9unit plus de 25 interpr\u00e8tes, pour r\u00e9inventer l&rsquo;univers de l&rsquo;\u00e9crivaine Marie-Claire Blais dans<em> Soifs Mat\u00e9riaux.<\/em> Une adaptation des romans Soifs, Des chants pour Angel, et Une r\u00e9union pr\u00e8s de la mer. Mise en sc\u00e8ne de St\u00e9pahnie Jasmin et Denis Marleau. Avec Philippe Brault, J\u00e9r\u00f4me Mini\u00e8re et le Quatuor Bozzini.<strong> Le 31 mai et le 1er et 2 juin, 20 h, Espace GO<\/strong>. <a href=\"https:\/\/espacego.com\/saison-2018-2019\/soifs-materiaux-fta\/\" target=\"_blank\" rel=\"noopener\">D\u00c9TAILS.\u00a0<\/a><\/p>\n<p>&nbsp;<\/p>\n<figure id=\"attachment_54937\" aria-describedby=\"caption-attachment-54937\" style=\"width: 1024px\" class=\"wp-caption aligncenter\"><img decoding=\"async\" loading=\"lazy\" class=\"size-full wp-image-54937\" src=\"https:\/\/www.ludwig-van.com\/montreal\/wp-content\/uploads\/sites\/3\/2018\/06\/Orchestre-metropolitain_04_Antoine_Saito_196-refaite.jpg\" alt=\"L'Orchestre M\u00e9tropolitain (OM)\" width=\"1024\" height=\"683\" srcset=\"https:\/\/www.ludwig-van.com\/montreal\/wp-content\/uploads\/sites\/3\/2018\/06\/Orchestre-metropolitain_04_Antoine_Saito_196-refaite.jpg 1024w, https:\/\/www.ludwig-van.com\/montreal\/wp-content\/uploads\/sites\/3\/2018\/06\/Orchestre-metropolitain_04_Antoine_Saito_196-refaite-300x200.jpg 300w, https:\/\/www.ludwig-van.com\/montreal\/wp-content\/uploads\/sites\/3\/2018\/06\/Orchestre-metropolitain_04_Antoine_Saito_196-refaite-768x512.jpg 768w\" sizes=\"(max-width: 1024px) 100vw, 1024px\" \/><figcaption id=\"caption-attachment-54937\" class=\"wp-caption-text\">L&rsquo;Orchestre M\u00e9tropolitain. (Photo: Antoine Saito)<\/figcaption><\/figure>\n<h2>Orchestre M\u00e9tropolitain: Jeremiah<\/h2>\n<p><strong>Yannick N\u00e9zet-S\u00e9guin<\/strong> dirige l&rsquo;<strong>Orchestre M\u00e9tropolitain<\/strong> dans la Symphonie no 1 \u00ab\u00a0Jeremiah\u00a0\u00bb de Bernstein et dans la Symphonie no 2 de Mendelssohn. Avec le Choeur M\u00e9tropolitain, Karina Gauvin, Myriam Leblanc et Andrew Staples. Dimanche 2 juin, 15 h, Maison symphonique. <a href=\"https:\/\/orchestremetropolitain.com\/fr\/concert\/yannick-nezet-seguin-chants-de-louange\/\" target=\"_blank\" rel=\"noopener\">D\u00c9TAILS<\/a><\/p>\n<p>&nbsp;<\/p>\n<p style=\"text-align: center;\"><img decoding=\"async\" loading=\"lazy\" class=\"aligncenter size-full wp-image-59410\" src=\"https:\/\/www.ludwig-van.com\/montreal\/wp-content\/uploads\/sites\/3\/2019\/04\/La-Folia-2019-OSJ.jpeg\" alt=\"Oratoire Saint Joseph Concerts du dimanche La Folia\" width=\"700\" height=\"500\" srcset=\"https:\/\/www.ludwig-van.com\/montreal\/wp-content\/uploads\/sites\/3\/2019\/04\/La-Folia-2019-OSJ.jpeg 700w, https:\/\/www.ludwig-van.com\/montreal\/wp-content\/uploads\/sites\/3\/2019\/04\/La-Folia-2019-OSJ-300x214.jpeg 300w\" sizes=\"(max-width: 700px) 100vw, 700px\" \/><\/p>\n<h2>Oratoire Saint-Joseph: La Folia<\/h2>\n<p>Cette semaine \u00e0 l&rsquo;Oratoire:\u00a02 juin : BlackWatch Pipes &amp; Drums<br \/>\nImprovisations sur des th\u00e8mes de cornemuses. Dimanche, 15 h 30. Entr\u00e9e libre ou contribution volontaire. <a href=\"https:\/\/www.ludwig-van.com\/montreal\/event\/oratoire-saint-joseph-concerts-dimanche-folia\/2019-06-02\/\" target=\"_blank\" rel=\"noopener\">D\u00c9TAILS<\/a><\/p>\n<h2>LIRE AUSSI:<\/h2>\n<blockquote class=\"wp-embedded-content\" data-secret=\"06lGNOJEVP\"><p><a href=\"https:\/\/www.ludwig-van.com\/montreal\/2019\/05\/24\/cmim-guide-pratique-ne-rien-manquer-concours-musical-international-de-montreal-violon-2019\/\">CMIM   |  Guide pratique pour ne rien manquer au Concours musical international de Montr\u00e9al &#8211; Violon 2019<\/a><\/p><\/blockquote>\n<p><iframe class=\"wp-embedded-content\" sandbox=\"allow-scripts\" security=\"restricted\" style=\"position: absolute; clip: rect(1px, 1px, 1px, 1px);\" src=\"https:\/\/www.ludwig-van.com\/montreal\/2019\/05\/24\/cmim-guide-pratique-ne-rien-manquer-concours-musical-international-de-montreal-violon-2019\/embed\/#?secret=06lGNOJEVP\" data-secret=\"06lGNOJEVP\" width=\"600\" height=\"338\" title=\"\u00ab\u00a0CMIM   |  Guide pratique pour ne rien manquer au Concours musical international de Montr\u00e9al &#8211; Violon 2019\u00a0\u00bb &#8212; Ludwig Van Montreal\" frameborder=\"0\" marginwidth=\"0\" marginheight=\"0\" scrolling=\"no\"><\/iframe><\/p>\n<p>&nbsp;<\/p>\n<p>&nbsp;<\/p>\n<p>&nbsp;<\/p>\n<p>&nbsp;<\/p>\n<p>&nbsp;<\/p>\n<p>&nbsp;<\/p>\n<p>&nbsp;<\/p>\n<p>&nbsp;<\/p>\n<p>&nbsp;<\/p>\n<p>&nbsp;<\/p>\n<p>&nbsp;<\/p>\n<p>&nbsp;<\/p>\n<p>&nbsp;<\/p>\n<p>&nbsp;<\/p>\n<p>&nbsp;<\/p>\n<p>&nbsp;<\/p>\n<p>&nbsp;<\/p>\n<p>&nbsp;<\/p>\n<p>&nbsp;<\/p>\n<p>&nbsp;<\/p>\n<p>&nbsp;<\/p>\n<p>&nbsp;<\/p>\n<p>&nbsp;<\/p>\n<p>&nbsp;<\/p>\n<p>&nbsp;<\/p>\n<p>&nbsp;<\/p>\n<p>&nbsp;<\/p>\n<h2>LIRE AUSSI:<\/h2>\n<p>&nbsp;<\/p>\n<blockquote class=\"wp-embedded-content\" data-secret=\"06lGNOJEVP\"><p><a href=\"https:\/\/www.ludwig-van.com\/montreal\/2019\/05\/24\/cmim-guide-pratique-ne-rien-manquer-concours-musical-international-de-montreal-violon-2019\/\">CMIM   |  Guide pratique pour ne rien manquer au Concours musical international de Montr\u00e9al &#8211; Violon 2019<\/a><\/p><\/blockquote>\n<p><iframe class=\"wp-embedded-content\" sandbox=\"allow-scripts\" security=\"restricted\" style=\"position: absolute; clip: rect(1px, 1px, 1px, 1px);\" src=\"https:\/\/www.ludwig-van.com\/montreal\/2019\/05\/24\/cmim-guide-pratique-ne-rien-manquer-concours-musical-international-de-montreal-violon-2019\/embed\/#?secret=06lGNOJEVP\" data-secret=\"06lGNOJEVP\" width=\"600\" height=\"338\" title=\"\u00ab\u00a0CMIM   |  Guide pratique pour ne rien manquer au Concours musical international de Montr\u00e9al &#8211; Violon 2019\u00a0\u00bb &#8212; Ludwig Van Montreal\" frameborder=\"0\" marginwidth=\"0\" marginheight=\"0\" scrolling=\"no\"><\/iframe><\/p>\n<p>&nbsp;<\/p>\n<p>&nbsp;<\/p>\n<p>&nbsp;<\/p>\n<p>&nbsp;<\/p>\n","protected":false},"excerpt":{"rendered":"<p>Cette semaine, il y aura \u00e9norm\u00e9ment d&rsquo;action dans le merveilleux monde de la musique classique avec un nombre sans doute record d&rsquo;\u00e9v\u00e9nements en m\u00eame temps. Tandis que le Concours musical international de Montr\u00e9al battra son plein, le Festival Classica tournera aussi \u00e0 plein r\u00e9gime. Sans compter qu&rsquo;en dehors de ces \u00e9v\u00e9nements majeurs, une foule d&rsquo;autres concerts sont \u00e9videmment pr\u00e9vus. Voici nos suggestions du 27 mai au 2 juin. <\/p>\n","protected":false},"author":51,"featured_media":59458,"comment_status":"open","ping_status":"open","sticky":false,"template":"","format":"standard","meta":{"om_disable_all_campaigns":false,"jetpack_post_was_ever_published":false},"categories":[28802,10994],"tags":[28789,4839,19920,2521,2542],"yst_prominent_words":[22463,10159,31721,22946,31720,31719,31718,31713,10698,10696,12354,31717,25490,20851,18276,18273,22237,10697,14774,31708],"acf":[],"jetpack_featured_media_url":"https:\/\/www.ludwig-van.com\/montreal\/wp-content\/uploads\/sites\/3\/2019\/04\/Classica-stage.jpg","jetpack_sharing_enabled":true,"jetpack_shortlink":"https:\/\/wp.me\/p9bdYt-fy6","amp_enabled":true,"_links":{"self":[{"href":"https:\/\/www.ludwig-van.com\/montreal\/wp-json\/wp\/v2\/posts\/59774"}],"collection":[{"href":"https:\/\/www.ludwig-van.com\/montreal\/wp-json\/wp\/v2\/posts"}],"about":[{"href":"https:\/\/www.ludwig-van.com\/montreal\/wp-json\/wp\/v2\/types\/post"}],"author":[{"embeddable":true,"href":"https:\/\/www.ludwig-van.com\/montreal\/wp-json\/wp\/v2\/users\/51"}],"replies":[{"embeddable":true,"href":"https:\/\/www.ludwig-van.com\/montreal\/wp-json\/wp\/v2\/comments?post=59774"}],"version-history":[{"count":1,"href":"https:\/\/www.ludwig-van.com\/montreal\/wp-json\/wp\/v2\/posts\/59774\/revisions"}],"predecessor-version":[{"id":59775,"href":"https:\/\/www.ludwig-van.com\/montreal\/wp-json\/wp\/v2\/posts\/59774\/revisions\/59775"}],"wp:featuredmedia":[{"embeddable":true,"href":"https:\/\/www.ludwig-van.com\/montreal\/wp-json\/wp\/v2\/media\/59458"}],"wp:attachment":[{"href":"https:\/\/www.ludwig-van.com\/montreal\/wp-json\/wp\/v2\/media?parent=59774"}],"wp:term":[{"taxonomy":"category","embeddable":true,"href":"https:\/\/www.ludwig-van.com\/montreal\/wp-json\/wp\/v2\/categories?post=59774"},{"taxonomy":"post_tag","embeddable":true,"href":"https:\/\/www.ludwig-van.com\/montreal\/wp-json\/wp\/v2\/tags?post=59774"},{"taxonomy":"yst_prominent_words","embeddable":true,"href":"https:\/\/www.ludwig-van.com\/montreal\/wp-json\/wp\/v2\/yst_prominent_words?post=59774"}],"curies":[{"name":"wp","href":"https:\/\/api.w.org\/{rel}","templated":true}]}}