{"id":59736,"date":"2019-05-21T08:18:40","date_gmt":"2019-05-21T12:18:40","guid":{"rendered":"https:\/\/www.ludwig-van.com\/montreal\/?p=59736"},"modified":"2019-05-22T14:02:04","modified_gmt":"2019-05-22T18:02:04","slug":"in-memoriam-patrick-wedd-grand-musicien-a-quitte","status":"publish","type":"post","link":"https:\/\/www.ludwig-van.com\/montreal\/2019\/05\/21\/in-memoriam-patrick-wedd-grand-musicien-a-quitte\/","title":{"rendered":"IN MEMORIAM   |  Patrick Wedd: un grand musicien nous a quitt\u00e9s"},"content":{"rendered":"<figure id=\"attachment_59737\" aria-describedby=\"caption-attachment-59737\" style=\"width: 900px\" class=\"wp-caption aligncenter\"><img decoding=\"async\" loading=\"lazy\" class=\"size-full wp-image-59737\" src=\"https:\/\/www.ludwig-van.com\/montreal\/wp-content\/uploads\/sites\/3\/2019\/05\/Patrick-Wedd-1.jpg\" alt=\"\" width=\"900\" height=\"600\" srcset=\"https:\/\/www.ludwig-van.com\/montreal\/wp-content\/uploads\/sites\/3\/2019\/05\/Patrick-Wedd-1.jpg 900w, https:\/\/www.ludwig-van.com\/montreal\/wp-content\/uploads\/sites\/3\/2019\/05\/Patrick-Wedd-1-300x200.jpg 300w, https:\/\/www.ludwig-van.com\/montreal\/wp-content\/uploads\/sites\/3\/2019\/05\/Patrick-Wedd-1-768x512.jpg 768w\" sizes=\"(max-width: 900px) 100vw, 900px\" \/><figcaption id=\"caption-attachment-59737\" class=\"wp-caption-text\">Patrick Wedd. (Photo: Katrina Bertrand)<\/figcaption><\/figure>\n<p>&nbsp;<\/p>\n<p>La disparition de Patrick Wedd, d\u00e9c\u00e9d\u00e9 samedi dernier des suites d\u2019une courte maladie, laisse la communaut\u00e9 musicale de Montr\u00e9al en deuil d\u2019un grand musicien. Organiste et chef de ch\u0153ur \u00e0 la Cath\u00e9drale Christ Church pendant 25 ans, il avait pris sa retraite de ce poste l\u2019an dernier. Il \u00e9tait cependant rest\u00e9 \u00e0 la t\u00eate du ch\u0153ur Musica Orbium, ensemble qu\u2019il avait fond\u00e9 en 1992, jusqu\u2019\u00e0 ce que sa maladie force l\u2019annulation de leurs concerts pr\u00e9vus \u00e0 la fin avril.<\/p>\n<blockquote><p>Musica Orbium est en deuil : nous avons appris hier le d\u00e9c\u00e8s de notre chef fondateur et directeur artistique, Patrick Wedd. Nous adressons nos plus sinc\u00e8res condol\u00e9ances \u00e0 Rob, \u00e0 leur famille ainsi qu\u2019\u00e0 tous les musiciens et \u00e0 tous les m\u00e9lomanes qui sont profond\u00e9ment affect\u00e9s par cette perte immense.<br \/>\n&#8211; Page Facebook de Musica Orbium<\/p><\/blockquote>\n<p>&nbsp;<\/p>\n<p>N\u00e9 \u00e0 Simcoe en Ontario, Patrick Wedd a \u00e9tudi\u00e9 l\u2019orgue \u00e0 l\u2019Universit\u00e9 de Toronto puis \u00e0 celle de Colombie-Britannique. Il a occup\u00e9 le poste d\u2019organiste et chef de ch\u0153ur \u00e0 une autre cath\u00e9drale Christ Church, celle de Vancouver, jusqu\u2019\u00e0 ce qu\u2019il d\u00e9m\u00e9nage \u00e0 Montr\u00e9al pour assumer la direction artistique des Tudor Singers en 1986. Il a poursuivi ses activit\u00e9s en musique liturgique, d\u2019abord \u00e0 l\u2019\u00e9glise Saint Andrew\u2019s and Saint Paul\u2019s jusqu\u2019en 1991, ann\u00e9e o\u00f9 il passe \u00e0 Saint John the Evangelist, et finalement \u00e0 <a href=\"https:\/\/www.ludwig-van.com\/montreal\/2017\/12\/14\/50360-secret-life-of-instruments-many-sides-of-christ-church-karl-wilhelm-organ\/\" target=\"_blank\" rel=\"noopener\">Christ Church<\/a> en 1996. L\u2019article de l\u2019Encyclop\u00e9die canadienne \u00e0 son sujet loue sa technique prodigieuse \u00e0 l\u2019orgue et son sens du phras\u00e9.<\/p>\n<p>Wedd \u00e9tait un musicien \u00e9clectique, int\u00e9ress\u00e9 par tous les genres de musique, auxquels il se d\u00e9vouait avec le m\u00eame bonheur. J\u2019ai eu le privil\u00e8ge d\u2019\u00eatre initi\u00e9e au jazz vocal sous sa direction au camp musical Cammac, il y a bien des ann\u00e9es. Il avait enregistr\u00e9 sur \u00e9tiquette Naxos un disque de musique pour trombone et orgue avec Alain Trudel tandis que son plus r\u00e9cent enregistrement, sur l\u2019orgue Casavant de l\u2019\u00c9glise Saint-Jean-Baptiste, \u00e9tait d\u00e9vou\u00e9 \u00e0 la musique pour orgue de Healey Willan. Une imagination musicale aussi fertile que la sienne ne pouvait faire autrement que de s\u2019exprimer dans des arrangements et des compositions originales.<\/p>\n<p>La multitude de condol\u00e9ances exprim\u00e9es sur Facebook \u00e9voquent son sens de l\u2019humour, sa fa\u00e7on irr\u00e9sistible de communiquer la musique, son enthousiasme et son immense talent.<\/p>\n<p>Nous offrons nos condol\u00e9ances \u00e0 son conjoint, aux communaut\u00e9s qu\u2019il a servies avec d\u00e9vouement pendant tant d\u2019ann\u00e9es et \u00e0 l\u2019ensemble des choristes et m\u00e9lomanes montr\u00e9alais qui ressentiront sans nul doute son absence.<\/p>\n<h2>LIRE AUSSI:<\/h2>\n<blockquote class=\"wp-embedded-content\" data-secret=\"Rf5RMFVEJ1\"><p><a href=\"https:\/\/www.ludwig-van.com\/montreal\/2017\/12\/14\/50360-secret-life-of-instruments-many-sides-of-christ-church-karl-wilhelm-organ\/\">THE SECRET LIFE OF INSTRUMENTS | The Many Sides of Christ Church&rsquo;s Karl Wilhelm Organ<\/a><\/p><\/blockquote>\n<p><iframe class=\"wp-embedded-content\" sandbox=\"allow-scripts\" security=\"restricted\" style=\"position: absolute; clip: rect(1px, 1px, 1px, 1px);\" src=\"https:\/\/www.ludwig-van.com\/montreal\/2017\/12\/14\/50360-secret-life-of-instruments-many-sides-of-christ-church-karl-wilhelm-organ\/embed\/#?secret=Rf5RMFVEJ1\" data-secret=\"Rf5RMFVEJ1\" width=\"600\" height=\"338\" title=\"\u00ab\u00a0THE SECRET LIFE OF INSTRUMENTS | The Many Sides of Christ Church&rsquo;s Karl Wilhelm Organ\u00a0\u00bb &#8212; Ludwig Van Montreal\" frameborder=\"0\" marginwidth=\"0\" marginheight=\"0\" scrolling=\"no\"><\/iframe><\/p>\n<p>&nbsp;<\/p>\n<p>&nbsp;<\/p>\n","protected":false},"excerpt":{"rendered":"<p>La disparition de Patrick Wedd, d\u00e9c\u00e9d\u00e9 samedi dernier des suites d\u2019une courte maladie, laisse la communaut\u00e9 musicale de Montr\u00e9al en deuil d\u2019un grand musicien.<\/p>\n","protected":false},"author":55,"featured_media":59737,"comment_status":"open","ping_status":"open","sticky":false,"template":"","format":"standard","meta":{"om_disable_all_campaigns":false,"jetpack_post_was_ever_published":false},"categories":[28802,10956,10992],"tags":[19548],"yst_prominent_words":[14080,14078,10006,10445,9934,14084,14079,14037,17149,11254,31606,9942,21024,9811,21026,14081,14092,9841,27414,14093],"acf":[],"jetpack_featured_media_url":"https:\/\/www.ludwig-van.com\/montreal\/wp-content\/uploads\/sites\/3\/2019\/05\/Patrick-Wedd-1.jpg","jetpack_sharing_enabled":true,"jetpack_shortlink":"https:\/\/wp.me\/p9bdYt-fxu","amp_enabled":true,"_links":{"self":[{"href":"https:\/\/www.ludwig-van.com\/montreal\/wp-json\/wp\/v2\/posts\/59736"}],"collection":[{"href":"https:\/\/www.ludwig-van.com\/montreal\/wp-json\/wp\/v2\/posts"}],"about":[{"href":"https:\/\/www.ludwig-van.com\/montreal\/wp-json\/wp\/v2\/types\/post"}],"author":[{"embeddable":true,"href":"https:\/\/www.ludwig-van.com\/montreal\/wp-json\/wp\/v2\/users\/55"}],"replies":[{"embeddable":true,"href":"https:\/\/www.ludwig-van.com\/montreal\/wp-json\/wp\/v2\/comments?post=59736"}],"version-history":[{"count":2,"href":"https:\/\/www.ludwig-van.com\/montreal\/wp-json\/wp\/v2\/posts\/59736\/revisions"}],"predecessor-version":[{"id":59744,"href":"https:\/\/www.ludwig-van.com\/montreal\/wp-json\/wp\/v2\/posts\/59736\/revisions\/59744"}],"wp:featuredmedia":[{"embeddable":true,"href":"https:\/\/www.ludwig-van.com\/montreal\/wp-json\/wp\/v2\/media\/59737"}],"wp:attachment":[{"href":"https:\/\/www.ludwig-van.com\/montreal\/wp-json\/wp\/v2\/media?parent=59736"}],"wp:term":[{"taxonomy":"category","embeddable":true,"href":"https:\/\/www.ludwig-van.com\/montreal\/wp-json\/wp\/v2\/categories?post=59736"},{"taxonomy":"post_tag","embeddable":true,"href":"https:\/\/www.ludwig-van.com\/montreal\/wp-json\/wp\/v2\/tags?post=59736"},{"taxonomy":"yst_prominent_words","embeddable":true,"href":"https:\/\/www.ludwig-van.com\/montreal\/wp-json\/wp\/v2\/yst_prominent_words?post=59736"}],"curies":[{"name":"wp","href":"https:\/\/api.w.org\/{rel}","templated":true}]}}