{"id":59728,"date":"2019-05-20T13:17:08","date_gmt":"2019-05-20T17:17:08","guid":{"rendered":"https:\/\/www.ludwig-van.com\/montreal\/?p=59728"},"modified":"2019-05-20T13:17:08","modified_gmt":"2019-05-20T17:17:08","slug":"choix-de-la-redaction-cinq-concerts-classiques-passionnants-a-entendre-cette-semaine-20-au-26-mai","status":"publish","type":"post","link":"https:\/\/www.ludwig-van.com\/montreal\/2019\/05\/20\/choix-de-la-redaction-cinq-concerts-classiques-passionnants-a-entendre-cette-semaine-20-au-26-mai\/","title":{"rendered":"CHOIX DE LA R\u00c9DACTION  |  Cinq concerts classiques passionnants \u00e0 entendre cette semaine (20 au 26 mai)"},"content":{"rendered":"<figure id=\"attachment_59729\" aria-describedby=\"caption-attachment-59729\" style=\"width: 970px\" class=\"wp-caption aligncenter\"><img decoding=\"async\" loading=\"lazy\" class=\"size-full wp-image-59729\" src=\"https:\/\/www.ludwig-van.com\/montreal\/wp-content\/uploads\/sites\/3\/2019\/05\/Michael-Tilson-Thomas.jpg\" alt=\"\" width=\"970\" height=\"546\" srcset=\"https:\/\/www.ludwig-van.com\/montreal\/wp-content\/uploads\/sites\/3\/2019\/05\/Michael-Tilson-Thomas.jpg 970w, https:\/\/www.ludwig-van.com\/montreal\/wp-content\/uploads\/sites\/3\/2019\/05\/Michael-Tilson-Thomas-300x169.jpg 300w, https:\/\/www.ludwig-van.com\/montreal\/wp-content\/uploads\/sites\/3\/2019\/05\/Michael-Tilson-Thomas-768x432.jpg 768w\" sizes=\"(max-width: 970px) 100vw, 970px\" \/><figcaption id=\"caption-attachment-59729\" class=\"wp-caption-text\">Le chef am\u00e9ricain Michael Tilson Thomas dirigera \u00e0 Montr\u00e9al pour la premi\u00e8re fois cette semaine. (Photo: Art Streiber).<\/figcaption><\/figure>\n<p>La saison classique r\u00e9guli\u00e8re tire doucement \u00e0 sa fin, mais il reste n\u00e9anmoins nombre de bons concerts \u00e0 entendre cette semaine. les principaux \u00e9v\u00e9nements \u00e9tant \u00e9videmment la venue du chef Michael Tilson Thomas \u00e0 l&rsquo;OSM et le r\u00e9cital du pianiste Evgeny Kissin, sans oublier le concert du 35e anniversaire d&rsquo;I Musici de Montr\u00e9al. Voici nos choix de la r\u00e9daction du 20 au 26 mai.<\/p>\n<p>&nbsp;<\/p>\n<h2>Le Choix de la r\u00e9dactrice en chef: Michael Tilson Thomas dirige l&rsquo;OSM.<\/h2>\n<p>Le chef am\u00e9ricain <strong>Michael Tilson Thomas<\/strong> dirigera \u00e0 Montr\u00e9al pour la premi\u00e8re fois, cette semaine. Soliste invit\u00e9: le pianiste <strong>George Li<\/strong>, 2e prix au Concours Tcha\u00efkovski 2015, qui fait aussi ses d\u00e9buts \u00e0 Montr\u00e9al. Au programme de l&rsquo;OSM:<\/p>\n<p>Haydn, Symphonie no 81 en sol majeur, Hob. 81<\/p>\n<p>Liszt, Concerto pour piano no 1 en mi b\u00e9mol majeur, S. 124<\/p>\n<p>Bart\u00f3k, Concerto pour orchestre, Sz. 116<\/p>\n<p><strong>Mercredi 22 et jeudi 23 mai, 20 h, Maison symphonique.<\/strong> <a href=\"https:\/\/www.osm.ca\/fr\/concerts\/michael-tilson-thomas-dirige-pour-la-premiere-fois-montreal\/\" target=\"_blank\" rel=\"noopener\">D\u00c9TAILS.\u00a0<\/a><\/p>\n<p>&nbsp;<\/p>\n<figure id=\"attachment_59698\" aria-describedby=\"caption-attachment-59698\" style=\"width: 1024px\" class=\"wp-caption aligncenter\"><img decoding=\"async\" loading=\"lazy\" class=\"size-full wp-image-59698\" src=\"https:\/\/www.ludwig-van.com\/montreal\/wp-content\/uploads\/sites\/3\/2019\/05\/Voces-Boreales-WEB.jpg\" alt=\"\" width=\"1024\" height=\"682\" srcset=\"https:\/\/www.ludwig-van.com\/montreal\/wp-content\/uploads\/sites\/3\/2019\/05\/Voces-Boreales-WEB.jpg 1024w, https:\/\/www.ludwig-van.com\/montreal\/wp-content\/uploads\/sites\/3\/2019\/05\/Voces-Boreales-WEB-300x200.jpg 300w, https:\/\/www.ludwig-van.com\/montreal\/wp-content\/uploads\/sites\/3\/2019\/05\/Voces-Boreales-WEB-768x512.jpg 768w\" sizes=\"(max-width: 1024px) 100vw, 1024px\" \/><figcaption id=\"caption-attachment-59698\" class=\"wp-caption-text\">Voces Boreales sera en concert au Ges\u00f9 le 21 mai prochain. (Photo: courtoisie)<\/figcaption><\/figure>\n<h2>Voces Boreales: Voix dans l&rsquo;espace<\/h2>\n<p>L&rsquo;ensemble vocal <strong>Voces Boreales<\/strong> pr\u00e9sente le concert \u00ab\u00a0De XL \u00e0 L : 40 voix dans l\u2019espace\u00a0\u00bb soulignant les premi\u00e8res missions sur la lune, avec, exceptionnellement, 40 choristes. Au programme:\u00a0<em>pem in alium<\/em> de Thomas Tallis, <em>Earthrise<\/em> d\u2019Alec Roth, <em>Sanctum est verum lumen<\/em> de Gabriel Jackson et <em>The Astronaut<\/em> de Meredith Monk, en plus d\u2019une cr\u00e9ation de la Montr\u00e9alaise Marie-Claire Saindon. Sous la direction d&rsquo;Andrew Gray. <a href=\"https:\/\/www.ludwig-van.com\/montreal\/2019\/05\/16\/lavant-concert-concert-a-40-voix-souligner-50-ans-mission-apollo-lune\/\" target=\"_blank\" rel=\"noopener\">LIRE NOTRE ARTICLE POUR EN SAVOIR PLUS SUR CE CONCERT<\/a>. <strong>Mardi 21 mai, 19 h 30, au Ges\u00f9.<\/strong> <a href=\"https:\/\/www.ludwig-van.com\/montreal\/event\/voces-boreales-de-xl-a-l-40-voix-lespace\/\" target=\"_blank\" rel=\"noopener\">D\u00c9TAILS.\u00a0<\/a><\/p>\n<p>&nbsp;<\/p>\n<p style=\"text-align: center;\"><img decoding=\"async\" loading=\"lazy\" class=\"aligncenter size-full wp-image-59543\" src=\"https:\/\/www.ludwig-van.com\/montreal\/wp-content\/uploads\/sites\/3\/2019\/05\/JulienChauvin_fpy\u00a9Franck-Juery.jpg\" alt=\"Julien Chauvin\" width=\"1024\" height=\"721\" srcset=\"https:\/\/www.ludwig-van.com\/montreal\/wp-content\/uploads\/sites\/3\/2019\/05\/JulienChauvin_fpy\u00a9Franck-Juery.jpg 1024w, https:\/\/www.ludwig-van.com\/montreal\/wp-content\/uploads\/sites\/3\/2019\/05\/JulienChauvin_fpy\u00a9Franck-Juery-300x211.jpg 300w, https:\/\/www.ludwig-van.com\/montreal\/wp-content\/uploads\/sites\/3\/2019\/05\/JulienChauvin_fpy\u00a9Franck-Juery-768x541.jpg 768w\" sizes=\"(max-width: 1024px) 100vw, 1024px\" \/><\/p>\n<h2>Don Quichotte \u00e0 Paris<\/h2>\n<p>Le violoniste et chef <strong>Julien Chauvin<\/strong> fait ses d\u00e9buts avec <strong>Les Violons du Roy<\/strong> en pr\u00e9sentant un r\u00e9pertoire fran\u00e7ais et allemand. En seconde partie, le com\u00e9dien <strong>Normand Chouinard<\/strong> se joindra \u00e0 lui pour \u00e9voquer la figure de Don Quichotte dont les p\u00e9rip\u00e9ties ont \u00e9t\u00e9 imag\u00e9es par Telemann. Programme:<\/p>\n<p>A. DAUVERGNE<br \/>\nExtraits du Deuxi\u00e8me Concert de simphonies [sic] en fa majeur, op. 3 n\u00b0 2<br \/>\nJ.-M. LECLAIR<br \/>\nConcerto pour violon et orchestre en r\u00e9 mineur, op. 7 n\u00b0 1<br \/>\nJ.J.C. DE MONDONVILLE<br \/>\nSonate en symphonie n\u00b0 1 en sol mineur, d\u2019apr\u00e8s la Sonate pour clavecin et violon, op. 3 n\u00b0 1<br \/>\nJ.B. BACH<br \/>\nOuverture et suite pour violon principal et orchestre en sol mineur<br \/>\nG.P. TELEMANN<br \/>\nOuverture et suite pour cordes en sol majeur, TWV 55 : G 10, \u00ab Burlesque de Quixotte \u00bb*<br \/>\n*Le com\u00e9dien Normand Chouinard lira des extraits de L\u2019Ing\u00e9nieux Hidalgo Don Quichotte de la Manche de Cervant\u00e8s.<\/p>\n<p><strong>Le 23 mai, 14 h, Palais Montcalm, et le 24 mai, 19 h 30, salle Bourgie.<\/strong> <a href=\"https:\/\/www.ludwig-van.com\/montreal\/event\/arte-musica-violons-roy-don-quichotte-a-paris\/\" target=\"_blank\" rel=\"noopener\">D\u00c9TAILS<\/a><\/p>\n<p>&nbsp;<\/p>\n<figure id=\"attachment_57090\" aria-describedby=\"caption-attachment-57090\" style=\"width: 1024px\" class=\"wp-caption aligncenter\"><img decoding=\"async\" loading=\"lazy\" class=\"size-full wp-image-57090\" src=\"https:\/\/www.ludwig-van.com\/montreal\/wp-content\/uploads\/sites\/3\/2017\/09\/Kissin_Evgeny_cProMusica.jpg\" alt=\"Evgeny Kissin\" width=\"1024\" height=\"682\" srcset=\"https:\/\/www.ludwig-van.com\/montreal\/wp-content\/uploads\/sites\/3\/2017\/09\/Kissin_Evgeny_cProMusica.jpg 1024w, https:\/\/www.ludwig-van.com\/montreal\/wp-content\/uploads\/sites\/3\/2017\/09\/Kissin_Evgeny_cProMusica-300x200.jpg 300w, https:\/\/www.ludwig-van.com\/montreal\/wp-content\/uploads\/sites\/3\/2017\/09\/Kissin_Evgeny_cProMusica-768x512.jpg 768w\" sizes=\"(max-width: 1024px) 100vw, 1024px\" \/><figcaption id=\"caption-attachment-57090\" class=\"wp-caption-text\">Evgeny Kissin sera en r\u00e9cital \u00e0 la Maison symphonique ce dimanche, 25 mai, \u00e0 20 h. (Photo: courtoisie de Pro Musica)<\/figcaption><\/figure>\n<h2>Evgeny Kissin en r\u00e9cital<\/h2>\n<p>Au moment d&rsquo;\u00e9crire ces lignes, il restait encore une poign\u00e9e de billets pour le r\u00e9cital d&rsquo;Evgeny Kissin \u00e0 la Maison symphonique, invit\u00e9 par la Soci\u00e9t\u00e9 Pro Musica. Programme:<\/p>\n<p>Chopin, Nocturne en fa mineur, op. 55, no 1<br \/>\nChopin, Nocturne en sol majeur, op. 37, no 2<br \/>\nChopin, Nocturne en mi majeur, op. 62, no 2<br \/>\nSchumann, Sonate pour piano no 3 en fa mineur, op. 14<\/p>\n<p>Debussy, Pr\u00e9ludes, extraits<\/p>\n<p>Scriabine, Sonate no 4 en fa di\u00e8se majeur, op. 30<\/p>\n<p><b>Samedi 25 mai, 20 h, Maison symphonique.<\/b> <a href=\"https:\/\/www.osm.ca\/fr\/concerts\/evgeny-kissin\/\" target=\"_blank\" rel=\"noopener\">D\u00c9TAILS<\/a><\/p>\n<p>&nbsp;<\/p>\n<p style=\"text-align: center;\"><img decoding=\"async\" loading=\"lazy\" class=\"aligncenter size-full wp-image-56642\" src=\"https:\/\/www.ludwig-van.com\/montreal\/wp-content\/uploads\/sites\/3\/2017\/09\/I-Musici-Concert_gala_35e_anniversaire.jpg\" alt=\"\" width=\"1024\" height=\"487\" srcset=\"https:\/\/www.ludwig-van.com\/montreal\/wp-content\/uploads\/sites\/3\/2017\/09\/I-Musici-Concert_gala_35e_anniversaire.jpg 1024w, https:\/\/www.ludwig-van.com\/montreal\/wp-content\/uploads\/sites\/3\/2017\/09\/I-Musici-Concert_gala_35e_anniversaire-300x143.jpg 300w, https:\/\/www.ludwig-van.com\/montreal\/wp-content\/uploads\/sites\/3\/2017\/09\/I-Musici-Concert_gala_35e_anniversaire-768x365.jpg 768w\" sizes=\"(max-width: 1024px) 100vw, 1024px\" \/><\/p>\n<h2>I Musici f\u00eate ses 35 ans!<\/h2>\n<p><strong>I Musici de Montr\u00e9al<\/strong> souligne son 35e anniversaire avec un concert et de nombreux artistes invit\u00e9s: Marianne Fiset, soprano, St\u00e9phane T\u00e9treault, violoncelliste et Charles Richard-Hamelin, pianiste, sous la direction de Jean-Marie Zeitouni. Programme:<\/p>\n<p>F. Mendelssohn, Ouverture, Le songe d\u2019une nuit d\u2019\u00e9t\u00e9, op. 21<br \/>\nW.A. Mozart, Le nozze di Figaro, K. 492, Porgi amor (soprano)<br \/>\nW.A. Mozart, Don Giovanni, air de soprano Batti, batti, o bel Masetto (soprano avec violoncelle obliggato )<br \/>\nW.A. Mozart, Ch\u2019io mi scordi di te, K. 505 (air de concert )<br \/>\nF. Chopin, Andante spianato, op. 22 (piano)<br \/>\nF. Chopin, Grande polonaise brillante, op. 22 (piano et orchestre)<br \/>\nD. Gougeon : cr\u00e9ation pour violoncelle et orchestre<br \/>\nL.v. Beethoven : Symphonie no. 1 en do majeur, op. 21<\/p>\n<h2>LIRE AUSSI:<\/h2>\n<blockquote class=\"wp-embedded-content\" data-secret=\"jk0db2ocpp\"><p><a href=\"https:\/\/www.ludwig-van.com\/montreal\/2019\/05\/19\/lete-musical-festival-de-lanaudiere-2019-les-concerts-incontournables-selon-ludwig-van-montreal\/\">L&rsquo;\u00c9T\u00c9 MUSICAL  |  Festival de Lanaudi\u00e8re 2019 : les concerts incontournables selon Ludwig van Montr\u00e9al<\/a><\/p><\/blockquote>\n<p><iframe class=\"wp-embedded-content\" sandbox=\"allow-scripts\" security=\"restricted\" style=\"position: absolute; clip: rect(1px, 1px, 1px, 1px);\" src=\"https:\/\/www.ludwig-van.com\/montreal\/2019\/05\/19\/lete-musical-festival-de-lanaudiere-2019-les-concerts-incontournables-selon-ludwig-van-montreal\/embed\/#?secret=jk0db2ocpp\" data-secret=\"jk0db2ocpp\" width=\"600\" height=\"338\" title=\"\u00ab\u00a0L&rsquo;\u00c9T\u00c9 MUSICAL  |  Festival de Lanaudi\u00e8re 2019 : les concerts incontournables selon Ludwig van Montr\u00e9al\u00a0\u00bb &#8212; Ludwig Van Montreal\" frameborder=\"0\" marginwidth=\"0\" marginheight=\"0\" scrolling=\"no\"><\/iframe><\/p>\n<p>&nbsp;<\/p>\n<p>&nbsp;<\/p>\n<p>&nbsp;<\/p>\n<p>&nbsp;<\/p>\n","protected":false},"excerpt":{"rendered":"<p>La saison classique r\u00e9guli\u00e8re tire doucement \u00e0 sa fin, mais il reste n\u00e9anmoins nombre de bons concerts \u00e0 entendre cette semaine. les principaux \u00e9v\u00e9nements \u00e9tant \u00e9videmment la venue du chef Michael Tilson Thomas \u00e0 l&rsquo;OSM et le r\u00e9cital du pianiste Evgeny Kissin, sans oublier le concert du 35e anniversaire d&rsquo;I Musici de Montr\u00e9al. Voici nos choix de la r\u00e9daction du 20 au 26 mai. <\/p>\n","protected":false},"author":51,"featured_media":59729,"comment_status":"open","ping_status":"open","sticky":false,"template":"","format":"standard","meta":{"om_disable_all_campaigns":false,"jetpack_post_was_ever_published":false},"categories":[28802,10994],"tags":[28789,4485],"yst_prominent_words":[14976,13981,31594,31592,31590,31586,31591,31589,31584,31583,18273,22237,31605,31604,10057,31581,31593,31598,31595,31597],"acf":[],"jetpack_featured_media_url":"https:\/\/www.ludwig-van.com\/montreal\/wp-content\/uploads\/sites\/3\/2019\/05\/Michael-Tilson-Thomas.jpg","jetpack_sharing_enabled":true,"jetpack_shortlink":"https:\/\/wp.me\/p9bdYt-fxm","amp_enabled":true,"_links":{"self":[{"href":"https:\/\/www.ludwig-van.com\/montreal\/wp-json\/wp\/v2\/posts\/59728"}],"collection":[{"href":"https:\/\/www.ludwig-van.com\/montreal\/wp-json\/wp\/v2\/posts"}],"about":[{"href":"https:\/\/www.ludwig-van.com\/montreal\/wp-json\/wp\/v2\/types\/post"}],"author":[{"embeddable":true,"href":"https:\/\/www.ludwig-van.com\/montreal\/wp-json\/wp\/v2\/users\/51"}],"replies":[{"embeddable":true,"href":"https:\/\/www.ludwig-van.com\/montreal\/wp-json\/wp\/v2\/comments?post=59728"}],"version-history":[{"count":6,"href":"https:\/\/www.ludwig-van.com\/montreal\/wp-json\/wp\/v2\/posts\/59728\/revisions"}],"predecessor-version":[{"id":59735,"href":"https:\/\/www.ludwig-van.com\/montreal\/wp-json\/wp\/v2\/posts\/59728\/revisions\/59735"}],"wp:featuredmedia":[{"embeddable":true,"href":"https:\/\/www.ludwig-van.com\/montreal\/wp-json\/wp\/v2\/media\/59729"}],"wp:attachment":[{"href":"https:\/\/www.ludwig-van.com\/montreal\/wp-json\/wp\/v2\/media?parent=59728"}],"wp:term":[{"taxonomy":"category","embeddable":true,"href":"https:\/\/www.ludwig-van.com\/montreal\/wp-json\/wp\/v2\/categories?post=59728"},{"taxonomy":"post_tag","embeddable":true,"href":"https:\/\/www.ludwig-van.com\/montreal\/wp-json\/wp\/v2\/tags?post=59728"},{"taxonomy":"yst_prominent_words","embeddable":true,"href":"https:\/\/www.ludwig-van.com\/montreal\/wp-json\/wp\/v2\/yst_prominent_words?post=59728"}],"curies":[{"name":"wp","href":"https:\/\/api.w.org\/{rel}","templated":true}]}}