{"id":59457,"date":"2019-04-19T15:52:14","date_gmt":"2019-04-19T19:52:14","guid":{"rendered":"https:\/\/www.ludwig-van.com\/montreal\/?p=59457"},"modified":"2019-04-19T15:52:14","modified_gmt":"2019-04-19T19:52:14","slug":"nouvelle-saturday-night-fever-version-rock-symphonique-festival-classica-juin","status":"publish","type":"post","link":"https:\/\/www.ludwig-van.com\/montreal\/2019\/04\/19\/nouvelle-saturday-night-fever-version-rock-symphonique-festival-classica-juin\/","title":{"rendered":"NOUVELLE | \u00ab\u00a0Saturday Night Fever\u00a0\u00bb en version rock symphonique au Festival Classica en juin"},"content":{"rendered":"<figure id=\"attachment_59458\" aria-describedby=\"caption-attachment-59458\" style=\"width: 900px\" class=\"wp-caption aligncenter\"><img decoding=\"async\" loading=\"lazy\" class=\"size-full wp-image-59458\" src=\"https:\/\/www.ludwig-van.com\/montreal\/wp-content\/uploads\/sites\/3\/2019\/04\/Classica-stage.jpg\" alt=\"Classica\" width=\"900\" height=\"600\" srcset=\"https:\/\/www.ludwig-van.com\/montreal\/wp-content\/uploads\/sites\/3\/2019\/04\/Classica-stage.jpg 900w, https:\/\/www.ludwig-van.com\/montreal\/wp-content\/uploads\/sites\/3\/2019\/04\/Classica-stage-300x200.jpg 300w, https:\/\/www.ludwig-van.com\/montreal\/wp-content\/uploads\/sites\/3\/2019\/04\/Classica-stage-768x512.jpg 768w\" sizes=\"(max-width: 900px) 100vw, 900px\" \/><figcaption id=\"caption-attachment-59458\" class=\"wp-caption-text\">Chaque \u00e9t\u00e9, l&rsquo;\u00e9v\u00e9nement rock symphonique de Classica attire une foule importante. (Photo: courtoisie de Classica)<\/figcaption><\/figure>\n<p>Le <strong>Festival Classica<\/strong>, qui aura lieu cette ann\u00e9e <strong>du 24 mai au 16 juin,<\/strong> annon\u00e7ait hier ses concerts ext\u00e9rieurs. Une version avec orchestre symphonique et ch\u0153ur des chansons de <strong><em>Saturday Night Fever<\/em> <\/strong>sera pr\u00e9sent\u00e9e le 1er juin sur la sc\u00e8ne Loto Qu\u00e9bec, \u00e0 St-Lambert.<\/p>\n<p>Cette ann\u00e9e, le slogan de Classica est \u00ab\u00a0<em><strong>De Berlioz aux Bee Gees<\/strong><\/em>\u00ab\u00a0. Chaque \u00e9t\u00e9, l&rsquo;\u00e9v\u00e9nement rock symphonique de Classica attire une foule importante. Dans le pass\u00e9, on a eu droit, entre autres, \u00e0 des spectacles Thriller, Queen et Rolling Stones.<\/p>\n<p>Cette prestation r\u00e9unira 125 artistes sur sc\u00e8ne, soit l&rsquo;Orchestre symphonique du Conservatoire de la Mont\u00e9r\u00e9gie, Elizabeth Blouin-Brahtwaite et le Ch\u0153ur Classica, sous la direction de Simon Fournier.<\/p>\n<h2>Autres spectacles ext\u00e9rieurs gratuits<\/h2>\n<p>Parmi les autres spectacles de la programmation ext\u00e9rieure de Classica, mentionnons le concert inaugural, Op\u00e9rette en folie, le 31 mai, 21 h, avec Natalie Choquette, Marie-Jos\u00e9e Lord, Florence Bourget, Magali Simard-Gald\u00e8s, Gino Quilico, Alexandre Da Costa, Antonio Figueroa et Dominic Boulianne, qui pr\u00e9senteront les plus airs de Jacques Offenbach, dont on f\u00eate cette ann\u00e9e le 200e anniversaire.<\/p>\n<h2>D&rsquo;autres concerts ext\u00e9rieurs<\/h2>\n<p>Le 1er juin, un atelier de yoga parents-enfants aura lieu avec Katrina Besner. On nous promet \u00ab\u00a0un grand rassemblement yogique o\u00f9 les chants gr\u00e9goriens inciteront au voyage int\u00e9rieur, au recueillement et \u00e0 la spiritualit\u00e9\u00a0\u00bb. Avec l&rsquo;Ensemble Scholastica.<\/p>\n<p>Par ailleurs, les Concerts de la Rel\u00e8ve, pr\u00e9sent\u00e9 pendant toute la dur\u00e9e du Festival, permettront \u00e0 des jeunes de se produire pour la premi\u00e8re fois en public, sur la Sc\u00e8ne Desjardins.<\/p>\n<figure id=\"attachment_48226\" aria-describedby=\"caption-attachment-48226\" style=\"width: 1024px\" class=\"wp-caption aligncenter\"><img decoding=\"async\" loading=\"lazy\" class=\"size-full wp-image-48226\" src=\"https:\/\/www.ludwig-van.com\/montreal\/wp-content\/uploads\/sites\/3\/2017\/09\/Marc_Hervieux.jpg\" alt=\"Marc Hervieux (Cr\u00e9dit: Julien Faug\u00e8re)\" width=\"1024\" height=\"1215\" srcset=\"https:\/\/www.ludwig-van.com\/montreal\/wp-content\/uploads\/sites\/3\/2017\/09\/Marc_Hervieux.jpg 1024w, https:\/\/www.ludwig-van.com\/montreal\/wp-content\/uploads\/sites\/3\/2017\/09\/Marc_Hervieux-253x300.jpg 253w, https:\/\/www.ludwig-van.com\/montreal\/wp-content\/uploads\/sites\/3\/2017\/09\/Marc_Hervieux-768x911.jpg 768w, https:\/\/www.ludwig-van.com\/montreal\/wp-content\/uploads\/sites\/3\/2017\/09\/Marc_Hervieux-863x1024.jpg 863w\" sizes=\"(max-width: 1024px) 100vw, 1024px\" \/><figcaption id=\"caption-attachment-48226\" class=\"wp-caption-text\">Marc Hervieux (Cr\u00e9dit: Julien Faug\u00e8re)<\/figcaption><\/figure>\n<p>En concert de cl\u00f4ture, on pourra entendre le t\u00e9nor <strong>Marc Hervieux<\/strong>, le dimanche 2 juin, \u00e0 16 h 30, en compagnie de cinq musiciens.<\/p>\n<p>D&rsquo;autre part, Classica visitera St-Jean-sur-Richelieu encore une fois cette ann\u00e9e, pour un concert hommage aux Rolling Stones, le 8 juin, au Parc Gerry-Boulet.<\/p>\n<h2>Voix maritime<\/h2>\n<p>Pour la premi\u00e8re fois cette ann\u00e9e, Classica pr\u00e9sentera un concert au\u00a0Parc de la Voie maritime \u00e0 Saint-Lambert. Au programme: hommage \u00e0 Charles Aznavour, Michel Legrand et Gilles Vigneault, en plus d&rsquo;oeuvre classiques du r\u00e9pertoire fran\u00e7ais, de Gounod \u00e0 Massenet. Avec l&rsquo;Orchestre symphonique de Longueuil sous la direction de Marc David. Le samedi 15 juin, 21 h.<\/p>\n<p>&nbsp;<\/p>\n<figure id=\"attachment_58768\" aria-describedby=\"caption-attachment-58768\" style=\"width: 1024px\" class=\"wp-caption aligncenter\"><img decoding=\"async\" loading=\"lazy\" class=\"size-full wp-image-58768\" src=\"https:\/\/www.ludwig-van.com\/montreal\/wp-content\/uploads\/sites\/3\/2019\/02\/Pascal-Amoyel-pianiste.jpg\" alt=\"Pascal Amoyel\" width=\"1024\" height=\"682\" srcset=\"https:\/\/www.ludwig-van.com\/montreal\/wp-content\/uploads\/sites\/3\/2019\/02\/Pascal-Amoyel-pianiste.jpg 1024w, https:\/\/www.ludwig-van.com\/montreal\/wp-content\/uploads\/sites\/3\/2019\/02\/Pascal-Amoyel-pianiste-300x200.jpg 300w, https:\/\/www.ludwig-van.com\/montreal\/wp-content\/uploads\/sites\/3\/2019\/02\/Pascal-Amoyel-pianiste-768x512.jpg 768w\" sizes=\"(max-width: 1024px) 100vw, 1024px\" \/><figcaption id=\"caption-attachment-58768\" class=\"wp-caption-text\">Pascal Amoyel, pianiste. (Photo: courtoisie de la salle Bourgie)<\/figcaption><\/figure>\n<h2>Concerts int\u00e9rieurs<\/h2>\n<p>Les concerts int\u00e9rieurs de Classica, cette ann\u00e9e, permettront d&rsquo;entendre, entre autres, l&rsquo;ensemble Vox Luminosa (24 mai, Basilique Sainte-Anne de Varennes); Alexandre Da Costa dans son spectacle Stradivarius BaRoch (29 mai, paroisse catholique de Saint-Lambert); l&rsquo;extraordinaire Pascal Amoyel dans son nouveau spectacle \u00ab\u00a0Le jour o\u00f9 j&rsquo;ai rencontr\u00e9 Franz Liszt\u00a0\u00bb (1er juin, paroisse catholique de Saint-Lambert), et de nombreux autres artistes.<\/p>\n<p><a href=\"https:\/\/www.festivalclassica.com\/programme\" target=\"_blank\" rel=\"noopener\">POUR D\u00c9COUVRIR LA PROGRAMMATION COMPL\u00c8TE DE CLASSICA<\/a><\/p>\n<h2>LIRE AUSSI:<\/h2>\n<blockquote class=\"wp-embedded-content\" data-secret=\"NGiPFFV6nD\"><p><a href=\"https:\/\/www.ludwig-van.com\/montreal\/2018\/01\/02\/dossier-vous-croyez-etre-incapable-de-chanter-la-science-vous-donne-tort\/\">DOSSIER | Vous croyez \u00eatre incapable de chanter? La science vous donne tort.<\/a><\/p><\/blockquote>\n<p><iframe class=\"wp-embedded-content\" sandbox=\"allow-scripts\" security=\"restricted\" style=\"position: absolute; clip: rect(1px, 1px, 1px, 1px);\" src=\"https:\/\/www.ludwig-van.com\/montreal\/2018\/01\/02\/dossier-vous-croyez-etre-incapable-de-chanter-la-science-vous-donne-tort\/embed\/#?secret=NGiPFFV6nD\" data-secret=\"NGiPFFV6nD\" width=\"600\" height=\"338\" title=\"\u00ab\u00a0DOSSIER | Vous croyez \u00eatre incapable de chanter? La science vous donne tort.\u00a0\u00bb &#8212; Ludwig Van Montreal\" frameborder=\"0\" marginwidth=\"0\" marginheight=\"0\" scrolling=\"no\"><\/iframe><\/p>\n<p>&nbsp;<\/p>\n<p>&nbsp;<\/p>\n<p>&nbsp;<\/p>\n<p>&nbsp;<\/p>\n<p>&nbsp;<\/p>\n","protected":false},"excerpt":{"rendered":"<p>Le Festival Classica, qui aura lieu cette ann\u00e9e du 24 mai au 16 juin, annon\u00e7ait hier ses concerts ext\u00e9rieurs. Une version avec orchestre symphonique et ch\u0153ur des chansons de Saturday Night Fever sera pr\u00e9sent\u00e9e le 1er juin sur la sc\u00e8ne Loto Qu\u00e9bec, \u00e0 St-Lambert. <\/p>\n","protected":false},"author":51,"featured_media":59458,"comment_status":"open","ping_status":"open","sticky":false,"template":"","format":"standard","meta":{"om_disable_all_campaigns":false,"jetpack_post_was_ever_published":false},"categories":[28802,10992],"tags":[19920],"yst_prominent_words":[31105,22417,31095,31094,31121,10172,31090,31093,31092,31096,31083,31088,31084,31120,14774,28535,31086,31085,31089,31087],"acf":[],"jetpack_featured_media_url":"https:\/\/www.ludwig-van.com\/montreal\/wp-content\/uploads\/sites\/3\/2019\/04\/Classica-stage.jpg","jetpack_sharing_enabled":true,"jetpack_shortlink":"https:\/\/wp.me\/p9bdYt-fsZ","amp_enabled":true,"_links":{"self":[{"href":"https:\/\/www.ludwig-van.com\/montreal\/wp-json\/wp\/v2\/posts\/59457"}],"collection":[{"href":"https:\/\/www.ludwig-van.com\/montreal\/wp-json\/wp\/v2\/posts"}],"about":[{"href":"https:\/\/www.ludwig-van.com\/montreal\/wp-json\/wp\/v2\/types\/post"}],"author":[{"embeddable":true,"href":"https:\/\/www.ludwig-van.com\/montreal\/wp-json\/wp\/v2\/users\/51"}],"replies":[{"embeddable":true,"href":"https:\/\/www.ludwig-van.com\/montreal\/wp-json\/wp\/v2\/comments?post=59457"}],"version-history":[{"count":1,"href":"https:\/\/www.ludwig-van.com\/montreal\/wp-json\/wp\/v2\/posts\/59457\/revisions"}],"predecessor-version":[{"id":59459,"href":"https:\/\/www.ludwig-van.com\/montreal\/wp-json\/wp\/v2\/posts\/59457\/revisions\/59459"}],"wp:featuredmedia":[{"embeddable":true,"href":"https:\/\/www.ludwig-van.com\/montreal\/wp-json\/wp\/v2\/media\/59458"}],"wp:attachment":[{"href":"https:\/\/www.ludwig-van.com\/montreal\/wp-json\/wp\/v2\/media?parent=59457"}],"wp:term":[{"taxonomy":"category","embeddable":true,"href":"https:\/\/www.ludwig-van.com\/montreal\/wp-json\/wp\/v2\/categories?post=59457"},{"taxonomy":"post_tag","embeddable":true,"href":"https:\/\/www.ludwig-van.com\/montreal\/wp-json\/wp\/v2\/tags?post=59457"},{"taxonomy":"yst_prominent_words","embeddable":true,"href":"https:\/\/www.ludwig-van.com\/montreal\/wp-json\/wp\/v2\/yst_prominent_words?post=59457"}],"curies":[{"name":"wp","href":"https:\/\/api.w.org\/{rel}","templated":true}]}}