{"id":59368,"date":"2019-04-08T18:20:21","date_gmt":"2019-04-08T22:20:21","guid":{"rendered":"https:\/\/www.ludwig-van.com\/montreal\/?p=59368"},"modified":"2019-10-09T06:18:40","modified_gmt":"2019-10-09T10:18:40","slug":"festivals-2019-festival-de-musique-de-chambre-de-montreal","status":"publish","type":"post","link":"https:\/\/www.ludwig-van.com\/montreal\/2019\/04\/08\/festivals-2019-festival-de-musique-de-chambre-de-montreal\/","title":{"rendered":"FESTIVALS 2019  | Gregory Charles, James Ehnes et Joseph Kaiser au Festival de musique de chambre de Montr\u00e9al"},"content":{"rendered":"<p style=\"text-align: center;\"><img decoding=\"async\" loading=\"lazy\" class=\"aligncenter size-full wp-image-59369\" src=\"https:\/\/www.ludwig-van.com\/montreal\/wp-content\/uploads\/sites\/3\/2019\/04\/FMCM-1.jpg\" alt=\"\" width=\"712\" height=\"400\" srcset=\"https:\/\/www.ludwig-van.com\/montreal\/wp-content\/uploads\/sites\/3\/2019\/04\/FMCM-1.jpg 712w, https:\/\/www.ludwig-van.com\/montreal\/wp-content\/uploads\/sites\/3\/2019\/04\/FMCM-1-300x169.jpg 300w\" sizes=\"(max-width: 712px) 100vw, 712px\" \/><\/p>\n<p>Le <strong>Festival de musique de chambre de Montr\u00e9al <\/strong>vient d&rsquo;annoncer sa saison 2019 sous le th\u00e8me \u00ab\u00a0Beethoven chez nous\u00a0\u00bb, avec 17 \u00e9v\u00e9nements musicaux tr\u00e8s vari\u00e9s. Survol de la programmation du Festival, 24e \u00e9dition qui se d\u00e9roulera cette ann\u00e9e du 7 au 16 juin.<\/p>\n<h2>Gregory Charles en spectacle inaugural<\/h2>\n<p>Pour lancer le Festival, <strong>Gregory Charles<\/strong> pr\u00e9sentera la premi\u00e8re de son nouveau spectacle, <em>L&rsquo;Air du temps<\/em>. L&rsquo;artiste invite le public \u00e0 revivre 250 ans de l&rsquo;histoire de la musique, \u00ab\u00a0du baroque au hip-hop et de la R\u00e9volution fran\u00e7aise \u00e0 la r\u00e9volution num\u00e9rique\u00a0\u00bb. <strong>Le 7 juin, 20 h, salle Pollack.\u00a0<\/strong><a href=\"http:\/\/festivalmontreal.org\/event-display\/event:58\/LE-PHNOMNAL-GREGORY-CHARLES--LAIR-DU-TEMPS--\" target=\"_blank\" rel=\"noopener\">D\u00c9TAILS<\/a><\/p>\n<p>&nbsp;<\/p>\n<div class=\"jetpack-video-wrapper\"><span class=\"embed-youtube\" style=\"text-align:center; display: block;\"><iframe loading=\"lazy\" class=\"youtube-player\" width=\"640\" height=\"360\" src=\"https:\/\/www.youtube.com\/embed\/YndGKNrESiU?version=3&#038;rel=1&#038;showsearch=0&#038;showinfo=1&#038;iv_load_policy=1&#038;fs=1&#038;hl=fr-FR&#038;autohide=2&#038;wmode=transparent\" allowfullscreen=\"true\" style=\"border:0;\" sandbox=\"allow-scripts allow-same-origin allow-popups allow-presentation\"><\/iframe><\/span><\/div>\n<h2>Beethoven, Beethoven, Beethoven<\/h2>\n<p>Pour souligner le 250e anniversaire de naissance de Beethoven (en 2020), <strong>Denis Brott<\/strong>, directeur artistique et fondateur du Festival, a d\u00e9cid\u00e9 de mettre le compositeur \u00e0 l&rsquo;honneur sur trois ann\u00e9es cons\u00e9cutives.<\/p>\n<figure id=\"attachment_59370\" aria-describedby=\"caption-attachment-59370\" style=\"width: 1024px\" class=\"wp-caption aligncenter\"><img decoding=\"async\" loading=\"lazy\" class=\"size-full wp-image-59370\" src=\"https:\/\/www.ludwig-van.com\/montreal\/wp-content\/uploads\/sites\/3\/2019\/04\/James-Ehnes-Nov-2012-c-B-Ealovega-WEB.jpg\" alt=\"\" width=\"1024\" height=\"682\" srcset=\"https:\/\/www.ludwig-van.com\/montreal\/wp-content\/uploads\/sites\/3\/2019\/04\/James-Ehnes-Nov-2012-c-B-Ealovega-WEB.jpg 1024w, https:\/\/www.ludwig-van.com\/montreal\/wp-content\/uploads\/sites\/3\/2019\/04\/James-Ehnes-Nov-2012-c-B-Ealovega-WEB-300x200.jpg 300w, https:\/\/www.ludwig-van.com\/montreal\/wp-content\/uploads\/sites\/3\/2019\/04\/James-Ehnes-Nov-2012-c-B-Ealovega-WEB-768x512.jpg 768w\" sizes=\"(max-width: 1024px) 100vw, 1024px\" \/><figcaption id=\"caption-attachment-59370\" class=\"wp-caption-text\">James Ehnes sera au Festival de musique de chambre de Montr\u00e9al. (Photo: Benjamin Ealovega)<\/p>\n<p><\/figcaption><\/figure>\n<p>Cette ann\u00e9e, on pourra entendre une int\u00e9grale des Sonates pour violon et piano de Beethoven par nul autre que le Canadien <strong>James Ehnes<\/strong>, accompagn\u00e9 du pianiste <strong>Andrew Armstrong<\/strong>. Cette int\u00e9grale se d\u00e9roulera en trois soirs, les <strong>13, 14 et 15 juin, \u00e0 20 h, \u00e0 la salle Bourgie. <\/strong><a href=\"http:\/\/festivalmontreal.org\/james-ehnes-2019\" target=\"_blank\" rel=\"noopener\">D\u00c9TAILS<\/a><\/p>\n<figure id=\"attachment_59372\" aria-describedby=\"caption-attachment-59372\" style=\"width: 1024px\" class=\"wp-caption aligncenter\"><img decoding=\"async\" loading=\"lazy\" class=\"size-full wp-image-59372\" src=\"https:\/\/www.ludwig-van.com\/montreal\/wp-content\/uploads\/sites\/3\/2019\/04\/Wonny-Song-and-David-Jalbert\u00a9Michael-Slobodian-WEB.jpg\" alt=\"\" width=\"1024\" height=\"682\" srcset=\"https:\/\/www.ludwig-van.com\/montreal\/wp-content\/uploads\/sites\/3\/2019\/04\/Wonny-Song-and-David-Jalbert\u00a9Michael-Slobodian-WEB.jpg 1024w, https:\/\/www.ludwig-van.com\/montreal\/wp-content\/uploads\/sites\/3\/2019\/04\/Wonny-Song-and-David-Jalbert\u00a9Michael-Slobodian-WEB-300x200.jpg 300w, https:\/\/www.ludwig-van.com\/montreal\/wp-content\/uploads\/sites\/3\/2019\/04\/Wonny-Song-and-David-Jalbert\u00a9Michael-Slobodian-WEB-768x512.jpg 768w\" sizes=\"(max-width: 1024px) 100vw, 1024px\" \/><figcaption id=\"caption-attachment-59372\" class=\"wp-caption-text\">Wonny Song et David Jalbert participeront au Festival de musique de chambre de Montr\u00e9al. (Photo: Michael Slobodian)<\/figcaption><\/figure>\n<p>On pourra aussi d\u00e9couvrir une int\u00e9grale des symphonies de Beethoven transcrites pour le piano par Franz Liszt. Elles seront interpr\u00e9t\u00e9es en cinq concerts par six pianistes:\u00a0<strong>Alexander Ullman<\/strong>, Premier Prix au Concours international de piano Liszt en 2017, <strong>Jocelyn Lai, Carlos Avila, Richard Raymond<\/strong>, ainsi que <strong>David Jalbert<\/strong> et <strong>Wonny Song<\/strong> en duo dans<br \/>\nla 9e Symphonie. <a href=\"http:\/\/festivalmontreal.org\/beethoven-liszt\" target=\"_blank\" rel=\"noopener\">D\u00c9TAILS<\/a><\/p>\n<p>Ces cinq concerts se d\u00e9rouleront \u00e0 la salle Bourgie <strong>du 11 au 15 juin, \u00e0 17 h, et comprendront un verre de vin gratuit. <\/strong><a href=\"http:\/\/festivalmontreal.org\/beethoven-liszt\" target=\"_blank\" rel=\"noopener\">D\u00c9TAILS<\/a><\/p>\n<h2>Joseph Kaiser deux fois au Festival de musique de chambre de Montr\u00e9al<\/h2>\n<p>L&rsquo;excellent t\u00e9nor canadien <strong>Joseph Kaiser<\/strong>, dont la carri\u00e8re est en plein essor et chante notamment au Metropolitan Opera, offrira deux prestations.\u00a0Le mardi 11 juin \u00e0 20 h, la s\u00e9rie <em>Ma\u00eetres en concert<\/em> permettra d&rsquo; entendre Joseph Kaiser avec <strong>Martin Beaver<\/strong>, autrefois premier violon du Tokyo Quartet, le violoncelliste <strong>Denis Brott<\/strong>, le pianiste isra\u00e9lien <strong>Alon<\/strong><br \/>\n<strong>Goldstein<\/strong>, et le <strong>Quatuor Danel<\/strong>, de France, pour la premi\u00e8re fois au Festival. <strong>L<span style=\"text-align: left; color: #333333; text-transform: none; line-height: inherit; text-indent: 0px; letter-spacing: normal; font-family: -apple-system,BlinkMacSystemFont,'Segoe UI',Roboto,Oxygen-Sans,Ubuntu,Cantarell,'Helvetica Neue',sans-serif; font-size: 16px; font-style: normal; font-variant: normal; text-decoration: none; word-spacing: 0px; display: inline !important; white-space: normal; orphans: 2; float: none; -webkit-text-stroke-width: 0px; background-color: #ffffff;\">e 11<\/span> juin, 20 h, salle Bourgie.\u00a0<\/strong><a href=\"http:\/\/festivalmontreal.org\/event-display\/event:69\/MATRES-EN-CONCERT\" target=\"_blank\" rel=\"noopener\">D\u00c9TAILS<\/a><\/p>\n<p>Le lendemain soir, le programme <em>Viva Voce<\/em> permettra d&rsquo;entendre des oeuvres de Brahms, Respighi, Richard Strauss et Chausson.<\/p>\n<p><strong>Joseph Kaiser<\/strong> chantera alors avec la mezzo-soprano Jeanne Ireland, le violoniste <strong>Martin Beaver<\/strong>, le pianiste <strong>Alexander Ullman<\/strong> et le <strong>Quatuor Danel<\/strong>. <strong>Mercredi 12 juin, 20 h, salle Bourgie.\u00a0<\/strong><a href=\"http:\/\/festivalmontreal.org\/event-display\/event:72\/VIVA-VOCE\" target=\"_blank\" rel=\"noopener\">D\u00c9TAILS<\/a><\/p>\n<p>&nbsp;<\/p>\n<figure id=\"attachment_57097\" aria-describedby=\"caption-attachment-57097\" style=\"width: 1024px\" class=\"wp-caption aligncenter\"><img decoding=\"async\" loading=\"lazy\" class=\"size-full wp-image-57097\" src=\"https:\/\/www.ludwig-van.com\/montreal\/wp-content\/uploads\/sites\/3\/2017\/09\/CameronCrozman5-photo-Red-Rubber-Studio.jpg\" alt=\"Cameron Crozman\" width=\"1024\" height=\"683\" srcset=\"https:\/\/www.ludwig-van.com\/montreal\/wp-content\/uploads\/sites\/3\/2017\/09\/CameronCrozman5-photo-Red-Rubber-Studio.jpg 1024w, https:\/\/www.ludwig-van.com\/montreal\/wp-content\/uploads\/sites\/3\/2017\/09\/CameronCrozman5-photo-Red-Rubber-Studio-300x200.jpg 300w, https:\/\/www.ludwig-van.com\/montreal\/wp-content\/uploads\/sites\/3\/2017\/09\/CameronCrozman5-photo-Red-Rubber-Studio-768x512.jpg 768w\" sizes=\"(max-width: 1024px) 100vw, 1024px\" \/><figcaption id=\"caption-attachment-57097\" class=\"wp-caption-text\">On pourra entendre Cameron Crozman au Festival de musique de chambre de Montr\u00e9al. (Photo: Red Rubber Studio)<\/figcaption><\/figure>\n<h2>Concerts gratuits: jeunes talents<\/h2>\n<p>La s\u00e9rie de concerts-midi gratuits\u00a0<strong>Les Meilleurs Artistes classiques BMO de moins de 30 ans\u00a0<\/strong>permettra d&rsquo;entendre\u00a0le pianiste Alexander Ullman, les violoncellistes Cameron Crozman et Bruno Tobon<br \/>\nainsi que les violonistes Christina Bouey, Byungchan Lee et Emmanuel Vukovich qui joueront Handel, Ravel, Stravinski, Bach et Beethoven. Collation inclue! <strong>Du 11 au 15 juin, salle Bourgie. <\/strong><a href=\"http:\/\/festivalmontreal.org\/activitsgratuites\" target=\"_blank\" rel=\"noopener\">D\u00c9TAILS<\/a><\/p>\n<p>&nbsp;<\/p>\n<figure id=\"attachment_59373\" aria-describedby=\"caption-attachment-59373\" style=\"width: 1024px\" class=\"wp-caption aligncenter\"><img decoding=\"async\" loading=\"lazy\" class=\"size-full wp-image-59373\" src=\"https:\/\/www.ludwig-van.com\/montreal\/wp-content\/uploads\/sites\/3\/2019\/04\/Millaire.Albert.photo-credit-\u0116rick-Labb\u00e9-WEB.jpg\" alt=\"\" width=\"1024\" height=\"1560\" srcset=\"https:\/\/www.ludwig-van.com\/montreal\/wp-content\/uploads\/sites\/3\/2019\/04\/Millaire.Albert.photo-credit-\u0116rick-Labb\u00e9-WEB.jpg 1024w, https:\/\/www.ludwig-van.com\/montreal\/wp-content\/uploads\/sites\/3\/2019\/04\/Millaire.Albert.photo-credit-\u0116rick-Labb\u00e9-WEB-197x300.jpg 197w, https:\/\/www.ludwig-van.com\/montreal\/wp-content\/uploads\/sites\/3\/2019\/04\/Millaire.Albert.photo-credit-\u0116rick-Labb\u00e9-WEB-768x1170.jpg 768w, https:\/\/www.ludwig-van.com\/montreal\/wp-content\/uploads\/sites\/3\/2019\/04\/Millaire.Albert.photo-credit-\u0116rick-Labb\u00e9-WEB-672x1024.jpg 672w\" sizes=\"(max-width: 1024px) 100vw, 1024px\" \/><figcaption id=\"caption-attachment-59373\" class=\"wp-caption-text\">Le Festival de musique de chambre de Montr\u00e9al rendra hommage au com\u00e9dien Albert Millaire. (Photo: Erick Labb\u00e9)<\/figcaption><\/figure>\n<h2>Hommage \u00e0 Albert Millaire<\/h2>\n<p>Le regrett\u00e9 com\u00e9dien <strong>Albert Millaire<\/strong>, d\u00e9c\u00e9d\u00e9 l&rsquo;an dernier, avait \u00e9crit en 2011 un texte bas\u00e9 sur la correspondance de Tcha\u00efkovski avec\u00a0Nadezhda von Meck. Sous le titre \u00ab\u00a0Tcha\u00efkovski, je vous aime!\u00a0\u00bb le spectacle sera pr\u00e9sent\u00e9e en fran\u00e7ais et en anglais par de grands les com\u00e9diens qu\u00e9b\u00e9cois Jean Marchand, Monique Miller, Fr\u00e9d\u00e9ric Millaire Zouvi et St\u00e9phanie Germain. Ce sera aussi l&rsquo;occasion d&rsquo;entendre les jeunes<br \/>\nlaur\u00e9ats du Concours 2018 de la Banque d\u2019instruments de musique du Conseil des arts du Canada, r\u00e9unis sous la direction du violoniste canadien Martin Beaver. <strong>Le 16 juin, 15 h 30, salle Bourgie. <\/strong><a href=\"http:\/\/festivalmontreal.org\/event-display\/event:70\/-Tchakovski-je-vous-aime--Hommage--Albert-Millaire\" target=\"_blank\" rel=\"noopener\">D\u00c9TAILS<\/a><\/p>\n<p><a href=\"http:\/\/festivalmontreal.org\/\" target=\"_blank\" rel=\"noopener\">VOIR LA PROGRAMMATION D\u00c9TAILL\u00c9E DU FESTIVAL<\/a><\/p>\n<h2>LIRE AUSSI:<\/h2>\n<blockquote class=\"wp-embedded-content\" data-secret=\"8YGJmOjMCo\"><p><a href=\"https:\/\/www.ludwig-van.com\/montreal\/2018\/08\/26\/liszt-a-highlight-reel-of-famous-pianists-in-montreals-history\/\">LISZT |\u00a0A highlight reel of famous pianists in Montreal\u2019s history<\/a><\/p><\/blockquote>\n<p><iframe class=\"wp-embedded-content\" sandbox=\"allow-scripts\" security=\"restricted\" style=\"position: absolute; clip: rect(1px, 1px, 1px, 1px);\" src=\"https:\/\/www.ludwig-van.com\/montreal\/2018\/08\/26\/liszt-a-highlight-reel-of-famous-pianists-in-montreals-history\/embed\/#?secret=8YGJmOjMCo\" data-secret=\"8YGJmOjMCo\" width=\"600\" height=\"338\" title=\"\u00ab\u00a0LISZT |\u00a0A highlight reel of famous pianists in Montreal\u2019s history\u00a0\u00bb &#8212; Ludwig Van Montreal\" frameborder=\"0\" marginwidth=\"0\" marginheight=\"0\" scrolling=\"no\"><\/iframe><\/p>\n<p>&nbsp;<\/p>\n<p>&nbsp;<\/p>\n<p>&nbsp;<\/p>\n<p>&nbsp;<\/p>\n<p>&nbsp;<\/p>\n<p>&nbsp;<\/p>\n","protected":false},"excerpt":{"rendered":"<p>Le Festival de musique de chambre de Montr\u00e9al vient d&rsquo;annoncer sa saison 2019 sous le th\u00e8me \u00ab\u00a0Beethoven chez nous\u00a0\u00bb, avec 17 \u00e9v\u00e9nements musicaux tr\u00e8s vari\u00e9s. Survol de la programmation du Festival, 24e \u00e9dition qui se d\u00e9roulera cette ann\u00e9e du 7 au 16 juin. <\/p>\n","protected":false},"author":51,"featured_media":59369,"comment_status":"open","ping_status":"open","sticky":false,"template":"","format":"standard","meta":{"om_disable_all_campaigns":false,"jetpack_post_was_ever_published":false},"categories":[28802,11020,10992],"tags":[28789,21189,1273],"yst_prominent_words":[30902,10159,15692,10261,30904,29168,21188,21187,21185,10259,30905,21174,23472,30900,30886,12698,21186,30901,9956,21568],"acf":[],"jetpack_featured_media_url":"https:\/\/www.ludwig-van.com\/montreal\/wp-content\/uploads\/sites\/3\/2019\/04\/FMCM-1.jpg","jetpack_sharing_enabled":true,"jetpack_shortlink":"https:\/\/wp.me\/p9bdYt-fry","amp_enabled":true,"_links":{"self":[{"href":"https:\/\/www.ludwig-van.com\/montreal\/wp-json\/wp\/v2\/posts\/59368"}],"collection":[{"href":"https:\/\/www.ludwig-van.com\/montreal\/wp-json\/wp\/v2\/posts"}],"about":[{"href":"https:\/\/www.ludwig-van.com\/montreal\/wp-json\/wp\/v2\/types\/post"}],"author":[{"embeddable":true,"href":"https:\/\/www.ludwig-van.com\/montreal\/wp-json\/wp\/v2\/users\/51"}],"replies":[{"embeddable":true,"href":"https:\/\/www.ludwig-van.com\/montreal\/wp-json\/wp\/v2\/comments?post=59368"}],"version-history":[{"count":6,"href":"https:\/\/www.ludwig-van.com\/montreal\/wp-json\/wp\/v2\/posts\/59368\/revisions"}],"predecessor-version":[{"id":62010,"href":"https:\/\/www.ludwig-van.com\/montreal\/wp-json\/wp\/v2\/posts\/59368\/revisions\/62010"}],"wp:featuredmedia":[{"embeddable":true,"href":"https:\/\/www.ludwig-van.com\/montreal\/wp-json\/wp\/v2\/media\/59369"}],"wp:attachment":[{"href":"https:\/\/www.ludwig-van.com\/montreal\/wp-json\/wp\/v2\/media?parent=59368"}],"wp:term":[{"taxonomy":"category","embeddable":true,"href":"https:\/\/www.ludwig-van.com\/montreal\/wp-json\/wp\/v2\/categories?post=59368"},{"taxonomy":"post_tag","embeddable":true,"href":"https:\/\/www.ludwig-van.com\/montreal\/wp-json\/wp\/v2\/tags?post=59368"},{"taxonomy":"yst_prominent_words","embeddable":true,"href":"https:\/\/www.ludwig-van.com\/montreal\/wp-json\/wp\/v2\/yst_prominent_words?post=59368"}],"curies":[{"name":"wp","href":"https:\/\/api.w.org\/{rel}","templated":true}]}}