{"id":59329,"date":"2019-04-08T08:07:36","date_gmt":"2019-04-08T12:07:36","guid":{"rendered":"https:\/\/www.ludwig-van.com\/montreal\/?p=59329"},"modified":"2019-04-08T18:28:26","modified_gmt":"2019-04-08T22:28:26","slug":"choix-de-la-redaction-2","status":"publish","type":"post","link":"https:\/\/www.ludwig-van.com\/montreal\/2019\/04\/08\/choix-de-la-redaction-2\/","title":{"rendered":"CHOIX DE LA R\u00c9DACTION  | Les concerts de musique classique prometteurs \u00e0 entendre \u00e0 Montr\u00e9al cette semaine"},"content":{"rendered":"<figure id=\"attachment_55859\" aria-describedby=\"caption-attachment-55859\" style=\"width: 1024px\" class=\"wp-caption aligncenter\"><img decoding=\"async\" loading=\"lazy\" class=\"size-full wp-image-55859\" src=\"https:\/\/www.ludwig-van.com\/montreal\/wp-content\/uploads\/sites\/3\/2017\/09\/UdeM-10_ConcertOUM_Marie-Nicole_Lemieux_13avril19_900px.jpg\" alt=\"Marie-Nicole Lemieux\" width=\"1024\" height=\"768\" srcset=\"https:\/\/www.ludwig-van.com\/montreal\/wp-content\/uploads\/sites\/3\/2017\/09\/UdeM-10_ConcertOUM_Marie-Nicole_Lemieux_13avril19_900px.jpg 1024w, https:\/\/www.ludwig-van.com\/montreal\/wp-content\/uploads\/sites\/3\/2017\/09\/UdeM-10_ConcertOUM_Marie-Nicole_Lemieux_13avril19_900px-300x225.jpg 300w, https:\/\/www.ludwig-van.com\/montreal\/wp-content\/uploads\/sites\/3\/2017\/09\/UdeM-10_ConcertOUM_Marie-Nicole_Lemieux_13avril19_900px-768x576.jpg 768w\" sizes=\"(max-width: 1024px) 100vw, 1024px\" \/><figcaption id=\"caption-attachment-55859\" class=\"wp-caption-text\">Cette semaine, Marie-Nicole Lemieux est la soliste invit\u00e9 de l&rsquo;OUM dans la Symphonie no 3 de Gustav Mahler. (Photo: courtoisie)<\/figcaption><\/figure>\n<p>Cette semaine, un vent d&rsquo;Europe de l&rsquo;Est souffle sur quelques concerts, le Requiem de Faur\u00e9 est pr\u00e9sent\u00e9 deux fois, la fl\u00fbte se fait entendre ici et l\u00e0 et la fin de saison commence \u00e0 se faire sentir. Voici nos choix de la r\u00e9daction <strong>du 8 au 14 avril 2019.\u00a0<\/strong><\/p>\n<h2>Le Choix de la r\u00e9dactrice en chef:\u00a0 l&rsquo;Orchestre symphonique de l&rsquo;Universit\u00e9 de Montr\u00e9al et Marie-Nicole Lemieux<\/h2>\n<p>Le concert le plus marquant cette semaine est certainement celui soulignant le 25e anniversaire de l&rsquo;OUM, sous la direction de son fondateur, <strong>Jean-Fran\u00e7ois Rivest<\/strong>, avec la magistrale <strong>Marie-Nicole Lemieux<\/strong> dans la Symphonie no 3 de Mahler. <strong>Samedi 13 avril, 19 h 30, salle Claude-Champagne.<\/strong> <a href=\"http:\/\/www.calendrier.umontreal.ca\/musique\/?com=detail&amp;eID=828092\" target=\"_blank\" rel=\"noopener\">D\u00c9TAILS<\/a><\/p>\n<p>&nbsp;<\/p>\n<figure id=\"attachment_54524\" aria-describedby=\"caption-attachment-54524\" style=\"width: 1024px\" class=\"wp-caption aligncenter\"><img decoding=\"async\" loading=\"lazy\" class=\"size-full wp-image-54524\" src=\"https:\/\/www.ludwig-van.com\/montreal\/wp-content\/uploads\/sites\/3\/2018\/05\/Quatuor-Bozzini-2-Cre\u0301dit-Michael-Slobodian-1.jpg\" alt=\"Quatuor Bozzini\" width=\"1024\" height=\"683\" srcset=\"https:\/\/www.ludwig-van.com\/montreal\/wp-content\/uploads\/sites\/3\/2018\/05\/Quatuor-Bozzini-2-Cre\u0301dit-Michael-Slobodian-1.jpg 1024w, https:\/\/www.ludwig-van.com\/montreal\/wp-content\/uploads\/sites\/3\/2018\/05\/Quatuor-Bozzini-2-Cre\u0301dit-Michael-Slobodian-1-300x200.jpg 300w, https:\/\/www.ludwig-van.com\/montreal\/wp-content\/uploads\/sites\/3\/2018\/05\/Quatuor-Bozzini-2-Cre\u0301dit-Michael-Slobodian-1-768x512.jpg 768w\" sizes=\"(max-width: 1024px) 100vw, 1024px\" \/><figcaption id=\"caption-attachment-54524\" class=\"wp-caption-text\">Le Quatuor Bozzini. (Photo: Michael Slobodian)<\/figcaption><\/figure>\n<h2>Quatuor Bozzini: Salon Budapest<\/h2>\n<p>Le Quatuor Bozzini pr\u00e9sente cette semaine Salon Budapest, une s\u00e9rie de concerts sur les compositeurs hongrois: Gy\u00f6rgy Ligeti (<strong>lundi 8 avril 20 h<\/strong>, \u00e0 la Sala Rossa), Gy\u00f6rgy Kurt\u00e1g (<strong>10 avril, 20 h,<\/strong> Chapelle historique du Bon-Pasteur) et Zolt\u00e1n Jeney (<strong>13 avril, 20 h,<\/strong> salle de concert du Conservatoire de musique de Montr\u00e9al. <a href=\"https:\/\/www.quatuorbozzini.ca\/fr\/concerts\/2018\/\" target=\"_blank\" rel=\"noopener\">D\u00c9TAILS<\/a><\/p>\n<p>&nbsp;<\/p>\n<figure id=\"attachment_55745\" aria-describedby=\"caption-attachment-55745\" style=\"width: 700px\" class=\"wp-caption aligncenter\"><img decoding=\"async\" loading=\"lazy\" class=\"size-full wp-image-55745\" src=\"https:\/\/www.ludwig-van.com\/montreal\/wp-content\/uploads\/sites\/3\/2018\/07\/Jordan-souza-c-Brent-Calis-calendrier.jpg\" alt=\"Jordan souza\" width=\"700\" height=\"466\" srcset=\"https:\/\/www.ludwig-van.com\/montreal\/wp-content\/uploads\/sites\/3\/2018\/07\/Jordan-souza-c-Brent-Calis-calendrier.jpg 700w, https:\/\/www.ludwig-van.com\/montreal\/wp-content\/uploads\/sites\/3\/2018\/07\/Jordan-souza-c-Brent-Calis-calendrier-300x200.jpg 300w\" sizes=\"(max-width: 700px) 100vw, 700px\" \/><figcaption id=\"caption-attachment-55745\" class=\"wp-caption-text\">Jordan de Souza, chef d&rsquo;orchestre. (Photo: Brent Calis)<\/figcaption><\/figure>\n<h2>OM: le printemps de Schumann<\/h2>\n<p><strong>Jordan de Souza<\/strong>, l&rsquo;un des meilleurs chefs canadiens de la nouvelle g\u00e9n\u00e9ration, dirige l&rsquo;<strong>Orchestre M\u00e9tropolitain<\/strong> dans la Symphonie no 1 \u00ab\u00a0Printemps\u00a0\u00bb. Aussi au programme: du m\u00eame compositeur, le Concerto pour violoncelle avec Maximilian Hornung. <strong>Le 12 avril, 19 h 30, Maison symphonique, le 11 avril \u00e0 Pierrefonds-Roxboro, le 13 avril \u00e0 Hochelaga-Maisonneuve (complet).<\/strong> <a href=\"https:\/\/orchestremetropolitain.com\/fr\/concert\/le-printemps-de-schumann\/\" target=\"_blank\" rel=\"noopener\">D\u00c9TAILS<\/a><\/p>\n<p>&nbsp;<\/p>\n<figure id=\"attachment_54720\" aria-describedby=\"caption-attachment-54720\" style=\"width: 1024px\" class=\"wp-caption aligncenter\"><img decoding=\"async\" loading=\"lazy\" class=\"size-full wp-image-54720\" src=\"https:\/\/www.ludwig-van.com\/montreal\/wp-content\/uploads\/sites\/3\/2017\/09\/chapellehistorique-21-octobre-Thouin-Zeitouni.jpg\" alt=\"DUO THOUIN \/ ZEITOUNI\" width=\"1024\" height=\"676\" srcset=\"https:\/\/www.ludwig-van.com\/montreal\/wp-content\/uploads\/sites\/3\/2017\/09\/chapellehistorique-21-octobre-Thouin-Zeitouni.jpg 1024w, https:\/\/www.ludwig-van.com\/montreal\/wp-content\/uploads\/sites\/3\/2017\/09\/chapellehistorique-21-octobre-Thouin-Zeitouni-300x198.jpg 300w, https:\/\/www.ludwig-van.com\/montreal\/wp-content\/uploads\/sites\/3\/2017\/09\/chapellehistorique-21-octobre-Thouin-Zeitouni-768x507.jpg 768w\" sizes=\"(max-width: 1024px) 100vw, 1024px\" \/><figcaption id=\"caption-attachment-54720\" class=\"wp-caption-text\">La violoncelliste Anna Burden et l&rsquo;altiste Victor Fournelle-Blain se joindront \u00e0 Olivier Thouin, violoniste (ci-haut \u00e0 gauche) et \u00e0 Fran\u00e7ois Zeitouni (\u00e0 droite), pianiste, pour le concert Tradition de l&rsquo;Europe de l&rsquo;Est. (Photo: courtoisie)<\/figcaption><\/figure>\n<h2>Tradition d&rsquo;Europe de l&rsquo;Est<\/h2>\n<p>Des musiciens de l&rsquo;OSM se r\u00e9unissent pour ce concert de musique de chambre dont le programme regroupe des oeuvres de trois compositeurs marqu\u00e9s par le folklore de leur pays: Smetana, Dohnanhyi et Dvorak. Avec <strong>Olivier Thouin<\/strong> (violon), <strong>Victor Fournelle-Blain<\/strong> (alto), <strong>Anna Burden<\/strong> (violoncelle) et <strong>Fran\u00e7ois Zeitouni<\/strong> (piano). <strong>Vendredi 12 avril, 18 h 30, salle Bourgie.<\/strong> <a href=\"https:\/\/www.mbam.qc.ca\/achats-en-ligne\/concerts\/traditions-de-l-europe-de-l-est\/6222\/\" target=\"_blank\" rel=\"noopener\">D\u00c9TAILS<\/a><\/p>\n<p>&nbsp;<\/p>\n<p style=\"text-align: center;\"><img decoding=\"async\" loading=\"lazy\" class=\"aligncenter size-full wp-image-59271\" src=\"https:\/\/www.ludwig-van.com\/montreal\/wp-content\/uploads\/sites\/3\/2019\/03\/ADLF1819_Au-salon_APRIL.jpg\" alt=\"Autour de la fl\u00fbte \u2013 au salon\" width=\"1024\" height=\"1243\" srcset=\"https:\/\/www.ludwig-van.com\/montreal\/wp-content\/uploads\/sites\/3\/2019\/03\/ADLF1819_Au-salon_APRIL.jpg 1024w, https:\/\/www.ludwig-van.com\/montreal\/wp-content\/uploads\/sites\/3\/2019\/03\/ADLF1819_Au-salon_APRIL-247x300.jpg 247w, https:\/\/www.ludwig-van.com\/montreal\/wp-content\/uploads\/sites\/3\/2019\/03\/ADLF1819_Au-salon_APRIL-768x932.jpg 768w, https:\/\/www.ludwig-van.com\/montreal\/wp-content\/uploads\/sites\/3\/2019\/03\/ADLF1819_Au-salon_APRIL-844x1024.jpg 844w\" sizes=\"(max-width: 1024px) 100vw, 1024px\" \/><\/p>\n<p>&nbsp;<\/p>\n<h2>La fl\u00fbte au salon<\/h2>\n<p>Dans le cadre de la saison de Autour de la fl\u00fbte, la fl\u00fbtiste Mika Putterman invite des amis \u00e0 se joindre \u00e0 elle pour jouer des pi\u00e8ces de\u00a0Beethoven, Chopin, Hummel, Rossini &amp; Szymanowska sur instruments d\u2019\u00e9poque. Avec\u00a0Laura Andriani, violon, David Jacques, guitare romantique, Gili Loftus, pianoforte, et Susie Napper, violoncelle. <strong>Mardi 9 avril, 19 h, Chapelle historique du Bon-Pasteur.\u00a0<\/strong><a href=\"https:\/\/www.ludwig-van.com\/montreal\/event\/autour-de-la-flute-au-salon\/\" target=\"_blank\" rel=\"noopener\">D\u00c9TAILS\u00a0<\/a><\/p>\n<p>&nbsp;<\/p>\n<figure id=\"attachment_57396\" aria-describedby=\"caption-attachment-57396\" style=\"width: 636px\" class=\"wp-caption aligncenter\"><img decoding=\"async\" loading=\"lazy\" class=\"size-full wp-image-57396\" src=\"https:\/\/www.ludwig-van.com\/montreal\/wp-content\/uploads\/sites\/3\/2018\/11\/Fl\u00fbte-Alors-Julien-Faug\u00e8re.jpg\" alt=\"Fl\u00fbte Alors!\" width=\"636\" height=\"480\" srcset=\"https:\/\/www.ludwig-van.com\/montreal\/wp-content\/uploads\/sites\/3\/2018\/11\/Fl\u00fbte-Alors-Julien-Faug\u00e8re.jpg 636w, https:\/\/www.ludwig-van.com\/montreal\/wp-content\/uploads\/sites\/3\/2018\/11\/Fl\u00fbte-Alors-Julien-Faug\u00e8re-300x226.jpg 300w\" sizes=\"(max-width: 636px) 100vw, 636px\" \/><figcaption id=\"caption-attachment-57396\" class=\"wp-caption-text\">Fl\u00fbte Alors! (Photo: Julien Faug\u00e8re)<\/figcaption><\/figure>\n<h2>Fl\u00fbte Alors! aux JMC<\/h2>\n<p>Le dynamique ensemble de fl\u00fbtes \u00e0 bec Fl\u00fbte Alors! propose le dernier concert de sa saison montr\u00e9alaise en collaboration avec les Jeunesses Musicales Canada. Le concept \u00ab\u00a0Juke Box\u00a0\u00bb s&rsquo;annonce comme \u00ab\u00a0un \u00e9v\u00e9nement festif\u00a0alliant \u0153uvres baroques et contemporaines pour quatuor de fu\u0302tes a\u0300 bec choisies par le public\u00a0\u00bb. <strong>Samedi 13 avril, 20 h, salle Joseph-Rouleau des JMC.<\/strong> <a href=\"https:\/\/www.ludwig-van.com\/montreal\/event\/jmc-flute-alors-juke-box\/\" target=\"_blank\" rel=\"noopener\">D\u00c9TAILS<\/a><\/p>\n<h2><\/h2>\n<figure id=\"attachment_59141\" aria-describedby=\"caption-attachment-59141\" style=\"width: 700px\" class=\"wp-caption aligncenter\"><img decoding=\"async\" loading=\"lazy\" class=\"size-full wp-image-59141\" src=\"https:\/\/www.ludwig-van.com\/montreal\/wp-content\/uploads\/sites\/3\/2019\/03\/Ch\u0153ur-de-Laval.jpg\" alt=\"Ch\u0153ur de Laval\" width=\"700\" height=\"402\" srcset=\"https:\/\/www.ludwig-van.com\/montreal\/wp-content\/uploads\/sites\/3\/2019\/03\/Ch\u0153ur-de-Laval.jpg 700w, https:\/\/www.ludwig-van.com\/montreal\/wp-content\/uploads\/sites\/3\/2019\/03\/Ch\u0153ur-de-Laval-300x172.jpg 300w\" sizes=\"(max-width: 700px) 100vw, 700px\" \/><figcaption id=\"caption-attachment-59141\" class=\"wp-caption-text\">Le Ch\u0153ur de Laval. (Photo: courtoisie)<\/figcaption><\/figure>\n<h2>Orchestre symphonique et Ch\u0153ur de Laval: Dubois et Faur\u00e9<\/h2>\n<p>Le Ch\u0153ur de Laval et l&rsquo;<a href=\"https:\/\/www.ludwig-van.com\/montreal\/directory\/orchestre-symphonique-de-laval\/\" target=\"_blank\" rel=\"noopener\">Orchestre symphonique de Laval<\/a> pr\u00e9sentent Les Sept paroles du Christ, de Th\u00e9odore Dubois, et le Requiem de Faur\u00e9. Sous la direction de Dany Wiseman, avec Genevi\u00e8ve Lessard, soprano,<br \/>\nSteve Michaud, t\u00e9nor, et Alexandre Sylvestre, baryton-basse. Samedi 13 avril, 20 h, \u00e9glise Saint-Vincent-de-Paul, Laval. <a href=\"https:\/\/www.ludwig-van.com\/montreal\/event\/orchestre-symphonique-de-laval-dubois-faure\/\" target=\"_blank\" rel=\"noopener\">D\u00c9TAILS.\u00a0<\/a><\/p>\n<p>&nbsp;<\/p>\n<p style=\"text-align: center;\"><img decoding=\"async\" loading=\"lazy\" class=\"aligncenter size-full wp-image-59364\" src=\"https:\/\/www.ludwig-van.com\/montreal\/wp-content\/uploads\/sites\/3\/2019\/04\/Code-dacces-WEB.png\" alt=\"\" width=\"1024\" height=\"425\" srcset=\"https:\/\/www.ludwig-van.com\/montreal\/wp-content\/uploads\/sites\/3\/2019\/04\/Code-dacces-WEB.png 1024w, https:\/\/www.ludwig-van.com\/montreal\/wp-content\/uploads\/sites\/3\/2019\/04\/Code-dacces-WEB-300x125.png 300w, https:\/\/www.ludwig-van.com\/montreal\/wp-content\/uploads\/sites\/3\/2019\/04\/Code-dacces-WEB-768x319.png 768w\" sizes=\"(max-width: 1024px) 100vw, 1024px\" \/><\/p>\n<h2>Code d&rsquo;acc\u00e8s<\/h2>\n<p>Pour sa 13e \u00e9dition de <em>Tentacules<\/em>, Codes d\u2019acc\u00e8s pr\u00e9sente une journ\u00e9e compl\u00e8te de performances, reflet des tendances actuelles en musique nouvelle et contemporaine, lors d\u2019un parcours incluant 13 artistes \u00e9mergent\u00b7es, 5 concerts et 3 installations audiovisuelles. <em>Tentacules<\/em> aura lieu \u00e0 La Sala Rossa et \u00e0 La Vitrola le dimanche 14 avril 2019 \u00e0 partir de 14 h 37. <a href=\"https:\/\/codesdacces.com\/\" target=\"_blank\" rel=\"noopener\">D\u00c9TAILS<\/a><\/p>\n<p>&nbsp;<\/p>\n<p>&nbsp;<\/p>\n<figure id=\"attachment_50894\" aria-describedby=\"caption-attachment-50894\" style=\"width: 1024px\" class=\"wp-caption aligncenter\"><img decoding=\"async\" loading=\"lazy\" class=\"size-full wp-image-50894\" src=\"https:\/\/www.ludwig-van.com\/montreal\/wp-content\/uploads\/sites\/3\/2018\/01\/25-fevrier_David-Jalbert-photo-Michael-Slobodian.jpg\" alt=\"Le pianiste qu\u00e9b\u00e9cois David Jalbert fait partie des artistes qu\u00e9b\u00e9cois qui ont un album en nomination aux prix Junos. (Cr\u00e9dit: Michael Slobodian)\" width=\"1024\" height=\"1036\" srcset=\"https:\/\/www.ludwig-van.com\/montreal\/wp-content\/uploads\/sites\/3\/2018\/01\/25-fevrier_David-Jalbert-photo-Michael-Slobodian.jpg 1024w, https:\/\/www.ludwig-van.com\/montreal\/wp-content\/uploads\/sites\/3\/2018\/01\/25-fevrier_David-Jalbert-photo-Michael-Slobodian-297x300.jpg 297w, https:\/\/www.ludwig-van.com\/montreal\/wp-content\/uploads\/sites\/3\/2018\/01\/25-fevrier_David-Jalbert-photo-Michael-Slobodian-768x777.jpg 768w, https:\/\/www.ludwig-van.com\/montreal\/wp-content\/uploads\/sites\/3\/2018\/01\/25-fevrier_David-Jalbert-photo-Michael-Slobodian-1012x1024.jpg 1012w\" sizes=\"(max-width: 1024px) 100vw, 1024px\" \/><figcaption id=\"caption-attachment-50894\" class=\"wp-caption-text\">Le pianiste David Jalbert (Cr\u00e9dit: Michael Slobodian)<\/figcaption><\/figure>\n<h2>David Jalbert \u00e0 la Chapelle historique<\/h2>\n<p>Dernier concert de cette s\u00e9rie d\u00e9di\u00e9e \u00e0 l\u2019int\u00e9grale des sonates de Prokofiev. Cette semaine, les sonates nos 3, 4, 7 et 9. <strong>Dimanche 14 avril, 15 h, Chapelle historique du Bon-Pasteur.<\/strong> <a href=\"https:\/\/www.ludwig-van.com\/montreal\/event\/chapelle-historique-pasteur-integrale-sonates-de-prokofiev-iii\/\" target=\"_blank\" rel=\"noopener\">D\u00c9TAILS<\/a><\/p>\n<h3>D&rsquo;autres concerts cette semaine:<\/h3>\n<p>Le Quatuor Castalian, 10 avril, 19 h 30, salle Bourgie. <a href=\"https:\/\/www.mbam.qc.ca\/achats-en-ligne\/concerts\/quatuor-castalian\/6229\/\" target=\"_blank\" rel=\"noopener\">D\u00c9TAILS\u00a0<\/a><\/p>\n<p>Marina Thibault et Marie-\u00c8ve Scarfone: concert <em>Elles<\/em>, 11 avril, 19 h 30, Chapelle historique du Bon-Pasteur <a href=\"https:\/\/www.ludwig-van.com\/montreal\/event\/chapelle-historique-bon-pasteur-elles\/\" target=\"_blank\" rel=\"noopener\">D\u00c9TAILS<\/a><\/p>\n<p>Orchestre philharmonique et Ch\u0153ur des m\u00e9lomanes, Requiem de Faur\u00e9 et Les Quatre saisons de Vivaldi, 14 avril, 19 h 30, The Church of St. Andrew and St. Paul (Concert sold-out). <a href=\"https:\/\/www.eventbrite.ca\/e\/vivaldis-four-seasons-faures-requiem-tickets-55368819630?utm_campaign=new_event_email&amp;utm_medium=email&amp;utm_source=eb_email&amp;utm_term=viewmyevent_button\" target=\"_blank\" rel=\"noopener\">D\u00c9TAILS<\/a><\/p>\n<p><a href=\"https:\/\/www.ludwig-van.com\/montreal\/events\/\" target=\"_blank\" rel=\"noopener\">D\u00c9COUVREZ PLUS DE CONCERTS DANS NOTRE CALENDRIER<\/a><\/p>\n<h2>LIRE AUSSI:<\/h2>\n<blockquote class=\"wp-embedded-content\" data-secret=\"Cc8NPE7Gvl\"><p><a href=\"https:\/\/www.ludwig-van.com\/montreal\/2019\/04\/04\/musique-baroque-passion-selon-saint-marc-imaginer-passe\/\">MUSIQUE BAROQUE  | La Passion selon saint Marc : imaginer le pass\u00e9<\/a><\/p><\/blockquote>\n<p><iframe class=\"wp-embedded-content\" sandbox=\"allow-scripts\" security=\"restricted\" style=\"position: absolute; clip: rect(1px, 1px, 1px, 1px);\" src=\"https:\/\/www.ludwig-van.com\/montreal\/2019\/04\/04\/musique-baroque-passion-selon-saint-marc-imaginer-passe\/embed\/#?secret=Cc8NPE7Gvl\" data-secret=\"Cc8NPE7Gvl\" width=\"600\" height=\"338\" title=\"\u00ab\u00a0MUSIQUE BAROQUE  | La Passion selon saint Marc : imaginer le pass\u00e9\u00a0\u00bb &#8212; Ludwig Van Montreal\" frameborder=\"0\" marginwidth=\"0\" marginheight=\"0\" scrolling=\"no\"><\/iframe><\/p>\n<p>&nbsp;<\/p>\n<p>&nbsp;<\/p>\n<p>&nbsp;<\/p>\n","protected":false},"excerpt":{"rendered":"<p>Cette semaine, un vent d&rsquo;Europe de l&rsquo;Est souffle sur quelques concerts, le Requiem de Faur\u00e9 est pr\u00e9sent\u00e9 deux fois, la fl\u00fbte se fait entendre ici et l\u00e0 et la fin de saison commence \u00e0 se faire sentir. Voici nos choix de la r\u00e9daction du 8 au 14 avril 2019. <\/p>\n","protected":false},"author":51,"featured_media":59360,"comment_status":"open","ping_status":"open","sticky":false,"template":"","format":"standard","meta":{"om_disable_all_campaigns":false,"jetpack_post_was_ever_published":false},"categories":[28802,10994],"tags":[28789,19246],"yst_prominent_words":[30871,30870,30874,9863,13120,21053,18277,18275,20734,21050,30875,9792,21883,13123,13119,27602,19636,30869,30873,30872],"acf":[],"jetpack_featured_media_url":"https:\/\/www.ludwig-van.com\/montreal\/wp-content\/uploads\/sites\/3\/2019\/04\/Choix-r\u00e9daction-8-avril-1.jpg","jetpack_sharing_enabled":true,"jetpack_shortlink":"https:\/\/wp.me\/p9bdYt-fqV","amp_enabled":true,"_links":{"self":[{"href":"https:\/\/www.ludwig-van.com\/montreal\/wp-json\/wp\/v2\/posts\/59329"}],"collection":[{"href":"https:\/\/www.ludwig-van.com\/montreal\/wp-json\/wp\/v2\/posts"}],"about":[{"href":"https:\/\/www.ludwig-van.com\/montreal\/wp-json\/wp\/v2\/types\/post"}],"author":[{"embeddable":true,"href":"https:\/\/www.ludwig-van.com\/montreal\/wp-json\/wp\/v2\/users\/51"}],"replies":[{"embeddable":true,"href":"https:\/\/www.ludwig-van.com\/montreal\/wp-json\/wp\/v2\/comments?post=59329"}],"version-history":[{"count":9,"href":"https:\/\/www.ludwig-van.com\/montreal\/wp-json\/wp\/v2\/posts\/59329\/revisions"}],"predecessor-version":[{"id":59377,"href":"https:\/\/www.ludwig-van.com\/montreal\/wp-json\/wp\/v2\/posts\/59329\/revisions\/59377"}],"wp:featuredmedia":[{"embeddable":true,"href":"https:\/\/www.ludwig-van.com\/montreal\/wp-json\/wp\/v2\/media\/59360"}],"wp:attachment":[{"href":"https:\/\/www.ludwig-van.com\/montreal\/wp-json\/wp\/v2\/media?parent=59329"}],"wp:term":[{"taxonomy":"category","embeddable":true,"href":"https:\/\/www.ludwig-van.com\/montreal\/wp-json\/wp\/v2\/categories?post=59329"},{"taxonomy":"post_tag","embeddable":true,"href":"https:\/\/www.ludwig-van.com\/montreal\/wp-json\/wp\/v2\/tags?post=59329"},{"taxonomy":"yst_prominent_words","embeddable":true,"href":"https:\/\/www.ludwig-van.com\/montreal\/wp-json\/wp\/v2\/yst_prominent_words?post=59329"}],"curies":[{"name":"wp","href":"https:\/\/api.w.org\/{rel}","templated":true}]}}